{"id":6644,"date":"2024-11-14T00:42:47","date_gmt":"2024-11-14T03:42:47","guid":{"rendered":"https:\/\/diariodepe.com.br\/cri\/?p=6644"},"modified":"2024-11-14T04:43:55","modified_gmt":"2024-11-14T07:43:55","slug":"brasil-sedia-cerimonia-de-lancamento-da-edicao-em-portugues-do-livro-superar-a-pobreza-e-seminario-sobre-a-governanca-da-china-e-do-brasil","status":"publish","type":"post","link":"https:\/\/diariodepe.com.br\/cri\/2024\/11\/14\/brasil-sedia-cerimonia-de-lancamento-da-edicao-em-portugues-do-livro-superar-a-pobreza-e-seminario-sobre-a-governanca-da-china-e-do-brasil\/","title":{"rendered":"Brasil sedia cerim\u00f4nia de lan\u00e7amento da edi\u00e7\u00e3o em portugu\u00eas do livro &#8220;Superar a Pobreza&#8221; e Semin\u00e1rio sobre a Governan\u00e7a da China e do Brasil"},"content":{"rendered":"<p data-spm-anchor-id=\"0.0.0.i1\">A cerim\u00f4nia de lan\u00e7amento da edi\u00e7\u00e3o em portugu\u00eas do livro &#8220;Superar a Pobreza&#8221; e\u00a0o\u00a0Semin\u00e1rio sobre a Governan\u00e7a da China e do Brasil foram realizados no Rio de Janeiro, Brasil, no dia 12. Cerca de 300 personalidades de todos os setores\u00a0dos dois pa\u00edses\u00a0participaram do evento. Os participantes acreditam que\u00a0os esfor\u00e7os sino-brasileiros\u00a0na\u00a0redu\u00e7\u00e3o e erradica\u00e7\u00e3o da pobreza e no interc\u00e2mbio de experi\u00eancias de governan\u00e7a, assim como na\u00a0explora\u00e7\u00e3o conjunta do caminho do desenvolvimento moderno de acordo com as condi\u00e7\u00f5es nacionais pr\u00f3prias contribuir\u00e3o para que\u00a0Brasil e China\u00a0trabalhem\u00a0juntos para iniciar\u00a0os pr\u00f3ximos \u201c50 anos dourados\u201d das rela\u00e7\u00f5es bilaterais.<\/p>\n<p>Na cerim\u00f4nia de lan\u00e7amento, convidados dos dois pa\u00edses\u00a0participaram juntos da revela\u00e7\u00e3o dos exemplares do livro, com a entrega de exemplares dos interlocutores chineses aos brasileiros.<\/p>\n<p>Os organizadores do evento ressaltaram\u00a0que o livro\u00a0registra as opini\u00f5es do presidente chin\u00eas Xi Jinping sobre erradica\u00e7\u00e3o da pobreza, governan\u00e7a local, reforma e desenvolvimento, e cont\u00e9m pensamentos\u00a0sobre a moderniza\u00e7\u00e3o chinesa, refletindo os\u00a0valores\u00a0da supremacia do povo, o \u00edmpeto\u00a0end\u00f3geno para a reforma e a inova\u00e7\u00e3o, a escolha de um\u00a0caminho independente e o sentimento humano da coopera\u00e7\u00e3o ganha-ganha.\u00a0Eles acreditam\u00a0que a publica\u00e7\u00e3o\u00a0representa\u00a0um novo incentivo em termos de valores\u00a0e inspira\u00e7\u00e3o\u00a0pr\u00e1tica\u00a0para a China e o Brasil\u00a0no fortalecimento dos interc\u00e2mbios e da coopera\u00e7\u00e3o em v\u00e1rios campos, incluindo a supera\u00e7\u00e3o\u00a0da pobreza e a moderniza\u00e7\u00e3o.<\/p>\n<p>O\u00a0secret\u00e1rio-executivo do\u00a0Desenvolvimento, Assist\u00eancia Social, Fam\u00edlia e Combate \u00e0 Fome, Osmar Junior, disse que, h\u00e1 mais de 30 anos, quando o presidente Xi Jinping trabalhava\u00a0em uma \u00e1rea atingida pela pobreza, ele liderou a popula\u00e7\u00e3o local para encontrar uma abordagem de combat\u00ea-la. No livro, o l\u00edder chin\u00eas\u00a0compartilha percep\u00e7\u00f5es profundas sobre governan\u00e7a nacional e desenvolvimento social, ajudando-nos a explorar melhor novas maneiras de eliminar a pobreza e alcan\u00e7ar um desenvolvimento sustent\u00e1vel.<\/p>\n<p>O presidente da Associa\u00e7\u00e3o de Amizade Brasil-China, Henrique da N\u00f3brega, afirmou que a experi\u00eancia da China, como aborda o\u00a0livro, prova que a erradica\u00e7\u00e3o da pobreza s\u00f3 \u00e9 poss\u00edvel com vontade pol\u00edtica inabal\u00e1vel e pr\u00e1tica pol\u00edtica \u00e1rdua. Este trabalho n\u00e3o \u00e9 apenas uma reflex\u00e3o sobre a pr\u00e1tica chinesa de erradica\u00e7\u00e3o da pobreza, mas tamb\u00e9m um apelo \u00e0 a\u00e7\u00e3o para o mundo, incentivando-nos a contribuir mais para a redu\u00e7\u00e3o e a elimina\u00e7\u00e3o da pobreza.<\/p>\n<p>Anteriormente, o livro j\u00e1 havia sido lan\u00e7ado em ingl\u00eas, franc\u00eas, espanhol, cir\u00edlico-mongol, ha\u00fa\u00e7a, sua\u00edli, uzbeque e laosiano, recebendo ampla aceita\u00e7\u00e3o e elogios,\u00a0tanto dos leitores ao redor do mundo,\u00a0quanto da comunidade internacional.<\/p>\n<p>&nbsp;<\/p>\n","protected":false},"excerpt":{"rendered":"<p>A cerim\u00f4nia de lan\u00e7amento da edi\u00e7\u00e3o em portugu\u00eas do livro &#8220;Superar a Pobreza&#8221; e\u00a0o\u00a0Semin\u00e1rio sobre a Governan\u00e7a da China e do Brasil foram realizados no Rio de Janeiro, Brasil, no dia 12. Cerca de 300 personalidades de todos os setores\u00a0dos&#8230;<\/p>\n","protected":false},"author":2,"featured_media":0,"comment_status":"open","ping_status":"open","sticky":false,"template":"","format":"standard","meta":{"footnotes":""},"categories":[8],"tags":[],"class_list":["post-6644","post","type-post","status-publish","format-standard","hentry","category-internacional"],"yoast_head":"<!-- This site is optimized with the Yoast SEO plugin v27.4 - https:\/\/yoast.com\/product\/yoast-seo-wordpress\/ -->\n<title>Brasil sedia cerim\u00f4nia de lan\u00e7amento da edi\u00e7\u00e3o em portugu\u00eas do livro &quot;Superar a Pobreza&quot; e Semin\u00e1rio sobre a Governan\u00e7a da China e do Brasil - CRI e Diario de Pernambuco<\/title>\n<meta name=\"robots\" content=\"index, follow, max-snippet:-1, max-image-preview:large, max-video-preview:-1\" \/>\n<link rel=\"canonical\" href=\"https:\/\/diariodepe.com.br\/cri\/2024\/11\/14\/brasil-sedia-cerimonia-de-lancamento-da-edicao-em-portugues-do-livro-superar-a-pobreza-e-seminario-sobre-a-governanca-da-china-e-do-brasil\/\" \/>\n<meta property=\"og:locale\" content=\"pt_BR\" \/>\n<meta property=\"og:type\" content=\"article\" \/>\n<meta property=\"og:title\" content=\"Brasil sedia cerim\u00f4nia de lan\u00e7amento da edi\u00e7\u00e3o em portugu\u00eas do livro &quot;Superar a Pobreza&quot; e Semin\u00e1rio sobre a Governan\u00e7a da China e do Brasil - CRI e Diario de Pernambuco\" \/>\n<meta property=\"og:description\" content=\"A cerim\u00f4nia de lan\u00e7amento da edi\u00e7\u00e3o em portugu\u00eas do livro &#8220;Superar a Pobreza&#8221; e\u00a0o\u00a0Semin\u00e1rio sobre a Governan\u00e7a da China e do Brasil foram realizados no Rio de Janeiro, Brasil, no dia 12. Cerca de 300 personalidades de todos os setores\u00a0dos...\" \/>\n<meta property=\"og:url\" content=\"https:\/\/diariodepe.com.br\/cri\/2024\/11\/14\/brasil-sedia-cerimonia-de-lancamento-da-edicao-em-portugues-do-livro-superar-a-pobreza-e-seminario-sobre-a-governanca-da-china-e-do-brasil\/\" \/>\n<meta property=\"og:site_name\" content=\"CRI e Diario de Pernambuco\" \/>\n<meta property=\"article:published_time\" content=\"2024-11-14T03:42:47+00:00\" \/>\n<meta property=\"article:modified_time\" content=\"2024-11-14T07:43:55+00:00\" \/>\n<meta name=\"author\" content=\"Ismael Lucas S. Pereira\" \/>\n<meta name=\"twitter:card\" content=\"summary_large_image\" \/>\n<meta name=\"twitter:label1\" content=\"Escrito por\" \/>\n\t<meta name=\"twitter:data1\" content=\"Ismael Lucas S. Pereira\" \/>\n\t<meta name=\"twitter:label2\" content=\"Est. tempo de leitura\" \/>\n\t<meta name=\"twitter:data2\" content=\"3 minutos\" \/>\n<script type=\"application\/ld+json\" class=\"yoast-schema-graph\">{\"@context\":\"https:\\\/\\\/schema.org\",\"@graph\":[{\"@type\":\"Article\",\"@id\":\"https:\\\/\\\/diariodepe.com.br\\\/cri\\\/2024\\\/11\\\/14\\\/brasil-sedia-cerimonia-de-lancamento-da-edicao-em-portugues-do-livro-superar-a-pobreza-e-seminario-sobre-a-governanca-da-china-e-do-brasil\\\/#article\",\"isPartOf\":{\"@id\":\"https:\\\/\\\/diariodepe.com.br\\\/cri\\\/2024\\\/11\\\/14\\\/brasil-sedia-cerimonia-de-lancamento-da-edicao-em-portugues-do-livro-superar-a-pobreza-e-seminario-sobre-a-governanca-da-china-e-do-brasil\\\/\"},\"author\":{\"name\":\"Ismael Lucas S. Pereira\",\"@id\":\"https:\\\/\\\/diariodepe.com.br\\\/cri\\\/#\\\/schema\\\/person\\\/121bb28d84f1a5b1205ef4ce9c2e0c6b\"},\"headline\":\"Brasil sedia cerim\u00f4nia de lan\u00e7amento da edi\u00e7\u00e3o em portugu\u00eas do livro &#8220;Superar a Pobreza&#8221; e Semin\u00e1rio sobre a Governan\u00e7a da China e do Brasil\",\"datePublished\":\"2024-11-14T03:42:47+00:00\",\"dateModified\":\"2024-11-14T07:43:55+00:00\",\"mainEntityOfPage\":{\"@id\":\"https:\\\/\\\/diariodepe.com.br\\\/cri\\\/2024\\\/11\\\/14\\\/brasil-sedia-cerimonia-de-lancamento-da-edicao-em-portugues-do-livro-superar-a-pobreza-e-seminario-sobre-a-governanca-da-china-e-do-brasil\\\/\"},\"wordCount\":506,\"commentCount\":0,\"publisher\":{\"@id\":\"https:\\\/\\\/diariodepe.com.br\\\/cri\\\/#organization\"},\"articleSection\":[\"Internacional\"],\"inLanguage\":\"pt-BR\",\"potentialAction\":[{\"@type\":\"CommentAction\",\"name\":\"Comment\",\"target\":[\"https:\\\/\\\/diariodepe.com.br\\\/cri\\\/2024\\\/11\\\/14\\\/brasil-sedia-cerimonia-de-lancamento-da-edicao-em-portugues-do-livro-superar-a-pobreza-e-seminario-sobre-a-governanca-da-china-e-do-brasil\\\/#respond\"]}]},{\"@type\":\"WebPage\",\"@id\":\"https:\\\/\\\/diariodepe.com.br\\\/cri\\\/2024\\\/11\\\/14\\\/brasil-sedia-cerimonia-de-lancamento-da-edicao-em-portugues-do-livro-superar-a-pobreza-e-seminario-sobre-a-governanca-da-china-e-do-brasil\\\/\",\"url\":\"https:\\\/\\\/diariodepe.com.br\\\/cri\\\/2024\\\/11\\\/14\\\/brasil-sedia-cerimonia-de-lancamento-da-edicao-em-portugues-do-livro-superar-a-pobreza-e-seminario-sobre-a-governanca-da-china-e-do-brasil\\\/\",\"name\":\"Brasil sedia cerim\u00f4nia de lan\u00e7amento da edi\u00e7\u00e3o em portugu\u00eas do livro \\\"Superar a Pobreza\\\" e Semin\u00e1rio sobre a Governan\u00e7a da China e do Brasil - CRI e Diario de Pernambuco\",\"isPartOf\":{\"@id\":\"https:\\\/\\\/diariodepe.com.br\\\/cri\\\/#website\"},\"datePublished\":\"2024-11-14T03:42:47+00:00\",\"dateModified\":\"2024-11-14T07:43:55+00:00\",\"breadcrumb\":{\"@id\":\"https:\\\/\\\/diariodepe.com.br\\\/cri\\\/2024\\\/11\\\/14\\\/brasil-sedia-cerimonia-de-lancamento-da-edicao-em-portugues-do-livro-superar-a-pobreza-e-seminario-sobre-a-governanca-da-china-e-do-brasil\\\/#breadcrumb\"},\"inLanguage\":\"pt-BR\",\"potentialAction\":[{\"@type\":\"ReadAction\",\"target\":[\"https:\\\/\\\/diariodepe.com.br\\\/cri\\\/2024\\\/11\\\/14\\\/brasil-sedia-cerimonia-de-lancamento-da-edicao-em-portugues-do-livro-superar-a-pobreza-e-seminario-sobre-a-governanca-da-china-e-do-brasil\\\/\"]}]},{\"@type\":\"BreadcrumbList\",\"@id\":\"https:\\\/\\\/diariodepe.com.br\\\/cri\\\/2024\\\/11\\\/14\\\/brasil-sedia-cerimonia-de-lancamento-da-edicao-em-portugues-do-livro-superar-a-pobreza-e-seminario-sobre-a-governanca-da-china-e-do-brasil\\\/#breadcrumb\",\"itemListElement\":[{\"@type\":\"ListItem\",\"position\":1,\"name\":\"In\u00edcio\",\"item\":\"https:\\\/\\\/diariodepe.com.br\\\/cri\\\/\"},{\"@type\":\"ListItem\",\"position\":2,\"name\":\"Brasil sedia cerim\u00f4nia de lan\u00e7amento da edi\u00e7\u00e3o em portugu\u00eas do livro &#8220;Superar a Pobreza&#8221; e Semin\u00e1rio sobre a Governan\u00e7a da China e do Brasil\"}]},{\"@type\":\"WebSite\",\"@id\":\"https:\\\/\\\/diariodepe.com.br\\\/cri\\\/#website\",\"url\":\"https:\\\/\\\/diariodepe.com.br\\\/cri\\\/\",\"name\":\"CRI e Diario de Pernambuco\",\"description\":\"R\u00e1dio Internacional da China\",\"publisher\":{\"@id\":\"https:\\\/\\\/diariodepe.com.br\\\/cri\\\/#organization\"},\"potentialAction\":[{\"@type\":\"SearchAction\",\"target\":{\"@type\":\"EntryPoint\",\"urlTemplate\":\"https:\\\/\\\/diariodepe.com.br\\\/cri\\\/?s={search_term_string}\"},\"query-input\":{\"@type\":\"PropertyValueSpecification\",\"valueRequired\":true,\"valueName\":\"search_term_string\"}}],\"inLanguage\":\"pt-BR\"},{\"@type\":\"Organization\",\"@id\":\"https:\\\/\\\/diariodepe.com.br\\\/cri\\\/#organization\",\"name\":\"CRI e Diario de Pernambuco\",\"url\":\"https:\\\/\\\/diariodepe.com.br\\\/cri\\\/\",\"logo\":{\"@type\":\"ImageObject\",\"inLanguage\":\"pt-BR\",\"@id\":\"https:\\\/\\\/diariodepe.com.br\\\/cri\\\/#\\\/schema\\\/logo\\\/image\\\/\",\"url\":\"https:\\\/\\\/diariodepe.com.br\\\/cri\\\/wp-content\\\/uploads\\\/sites\\\/2\\\/2022\\\/12\\\/cropped-Logo.jpg\",\"contentUrl\":\"https:\\\/\\\/diariodepe.com.br\\\/cri\\\/wp-content\\\/uploads\\\/sites\\\/2\\\/2022\\\/12\\\/cropped-Logo.jpg\",\"width\":700,\"height\":59,\"caption\":\"CRI e Diario de Pernambuco\"},\"image\":{\"@id\":\"https:\\\/\\\/diariodepe.com.br\\\/cri\\\/#\\\/schema\\\/logo\\\/image\\\/\"}},{\"@type\":\"Person\",\"@id\":\"https:\\\/\\\/diariodepe.com.br\\\/cri\\\/#\\\/schema\\\/person\\\/121bb28d84f1a5b1205ef4ce9c2e0c6b\",\"name\":\"Ismael Lucas S. Pereira\",\"image\":{\"@type\":\"ImageObject\",\"inLanguage\":\"pt-BR\",\"@id\":\"https:\\\/\\\/secure.gravatar.com\\\/avatar\\\/887a0f3b5a7ceea963a48499fb883ffce6b5037362def025c52c2505b15d63e4?s=96&d=mm&r=g\",\"url\":\"https:\\\/\\\/secure.gravatar.com\\\/avatar\\\/887a0f3b5a7ceea963a48499fb883ffce6b5037362def025c52c2505b15d63e4?s=96&d=mm&r=g\",\"contentUrl\":\"https:\\\/\\\/secure.gravatar.com\\\/avatar\\\/887a0f3b5a7ceea963a48499fb883ffce6b5037362def025c52c2505b15d63e4?s=96&d=mm&r=g\",\"caption\":\"Ismael Lucas S. Pereira\"},\"url\":\"https:\\\/\\\/diariodepe.com.br\\\/cri\\\/author\\\/ismael-lucas\\\/\"}]}<\/script>\n<!-- \/ Yoast SEO plugin. -->","yoast_head_json":{"title":"Brasil sedia cerim\u00f4nia de lan\u00e7amento da edi\u00e7\u00e3o em portugu\u00eas do livro \"Superar a Pobreza\" e Semin\u00e1rio sobre a Governan\u00e7a da China e do Brasil - CRI e Diario de Pernambuco","robots":{"index":"index","follow":"follow","max-snippet":"max-snippet:-1","max-image-preview":"max-image-preview:large","max-video-preview":"max-video-preview:-1"},"canonical":"https:\/\/diariodepe.com.br\/cri\/2024\/11\/14\/brasil-sedia-cerimonia-de-lancamento-da-edicao-em-portugues-do-livro-superar-a-pobreza-e-seminario-sobre-a-governanca-da-china-e-do-brasil\/","og_locale":"pt_BR","og_type":"article","og_title":"Brasil sedia cerim\u00f4nia de lan\u00e7amento da edi\u00e7\u00e3o em portugu\u00eas do livro \"Superar a Pobreza\" e Semin\u00e1rio sobre a Governan\u00e7a da China e do Brasil - CRI e Diario de Pernambuco","og_description":"A cerim\u00f4nia de lan\u00e7amento da edi\u00e7\u00e3o em portugu\u00eas do livro &#8220;Superar a Pobreza&#8221; e\u00a0o\u00a0Semin\u00e1rio sobre a Governan\u00e7a da China e do Brasil foram realizados no Rio de Janeiro, Brasil, no dia 12. Cerca de 300 personalidades de todos os setores\u00a0dos...","og_url":"https:\/\/diariodepe.com.br\/cri\/2024\/11\/14\/brasil-sedia-cerimonia-de-lancamento-da-edicao-em-portugues-do-livro-superar-a-pobreza-e-seminario-sobre-a-governanca-da-china-e-do-brasil\/","og_site_name":"CRI e Diario de Pernambuco","article_published_time":"2024-11-14T03:42:47+00:00","article_modified_time":"2024-11-14T07:43:55+00:00","author":"Ismael Lucas S. Pereira","twitter_card":"summary_large_image","twitter_misc":{"Escrito por":"Ismael Lucas S. Pereira","Est. tempo de leitura":"3 minutos"},"schema":{"@context":"https:\/\/schema.org","@graph":[{"@type":"Article","@id":"https:\/\/diariodepe.com.br\/cri\/2024\/11\/14\/brasil-sedia-cerimonia-de-lancamento-da-edicao-em-portugues-do-livro-superar-a-pobreza-e-seminario-sobre-a-governanca-da-china-e-do-brasil\/#article","isPartOf":{"@id":"https:\/\/diariodepe.com.br\/cri\/2024\/11\/14\/brasil-sedia-cerimonia-de-lancamento-da-edicao-em-portugues-do-livro-superar-a-pobreza-e-seminario-sobre-a-governanca-da-china-e-do-brasil\/"},"author":{"name":"Ismael Lucas S. Pereira","@id":"https:\/\/diariodepe.com.br\/cri\/#\/schema\/person\/121bb28d84f1a5b1205ef4ce9c2e0c6b"},"headline":"Brasil sedia cerim\u00f4nia de lan\u00e7amento da edi\u00e7\u00e3o em portugu\u00eas do livro &#8220;Superar a Pobreza&#8221; e Semin\u00e1rio sobre a Governan\u00e7a da China e do Brasil","datePublished":"2024-11-14T03:42:47+00:00","dateModified":"2024-11-14T07:43:55+00:00","mainEntityOfPage":{"@id":"https:\/\/diariodepe.com.br\/cri\/2024\/11\/14\/brasil-sedia-cerimonia-de-lancamento-da-edicao-em-portugues-do-livro-superar-a-pobreza-e-seminario-sobre-a-governanca-da-china-e-do-brasil\/"},"wordCount":506,"commentCount":0,"publisher":{"@id":"https:\/\/diariodepe.com.br\/cri\/#organization"},"articleSection":["Internacional"],"inLanguage":"pt-BR","potentialAction":[{"@type":"CommentAction","name":"Comment","target":["https:\/\/diariodepe.com.br\/cri\/2024\/11\/14\/brasil-sedia-cerimonia-de-lancamento-da-edicao-em-portugues-do-livro-superar-a-pobreza-e-seminario-sobre-a-governanca-da-china-e-do-brasil\/#respond"]}]},{"@type":"WebPage","@id":"https:\/\/diariodepe.com.br\/cri\/2024\/11\/14\/brasil-sedia-cerimonia-de-lancamento-da-edicao-em-portugues-do-livro-superar-a-pobreza-e-seminario-sobre-a-governanca-da-china-e-do-brasil\/","url":"https:\/\/diariodepe.com.br\/cri\/2024\/11\/14\/brasil-sedia-cerimonia-de-lancamento-da-edicao-em-portugues-do-livro-superar-a-pobreza-e-seminario-sobre-a-governanca-da-china-e-do-brasil\/","name":"Brasil sedia cerim\u00f4nia de lan\u00e7amento da edi\u00e7\u00e3o em portugu\u00eas do livro \"Superar a Pobreza\" e Semin\u00e1rio sobre a Governan\u00e7a da China e do Brasil - CRI e Diario de Pernambuco","isPartOf":{"@id":"https:\/\/diariodepe.com.br\/cri\/#website"},"datePublished":"2024-11-14T03:42:47+00:00","dateModified":"2024-11-14T07:43:55+00:00","breadcrumb":{"@id":"https:\/\/diariodepe.com.br\/cri\/2024\/11\/14\/brasil-sedia-cerimonia-de-lancamento-da-edicao-em-portugues-do-livro-superar-a-pobreza-e-seminario-sobre-a-governanca-da-china-e-do-brasil\/#breadcrumb"},"inLanguage":"pt-BR","potentialAction":[{"@type":"ReadAction","target":["https:\/\/diariodepe.com.br\/cri\/2024\/11\/14\/brasil-sedia-cerimonia-de-lancamento-da-edicao-em-portugues-do-livro-superar-a-pobreza-e-seminario-sobre-a-governanca-da-china-e-do-brasil\/"]}]},{"@type":"BreadcrumbList","@id":"https:\/\/diariodepe.com.br\/cri\/2024\/11\/14\/brasil-sedia-cerimonia-de-lancamento-da-edicao-em-portugues-do-livro-superar-a-pobreza-e-seminario-sobre-a-governanca-da-china-e-do-brasil\/#breadcrumb","itemListElement":[{"@type":"ListItem","position":1,"name":"In\u00edcio","item":"https:\/\/diariodepe.com.br\/cri\/"},{"@type":"ListItem","position":2,"name":"Brasil sedia cerim\u00f4nia de lan\u00e7amento da edi\u00e7\u00e3o em portugu\u00eas do livro &#8220;Superar a Pobreza&#8221; e Semin\u00e1rio sobre a Governan\u00e7a da China e do Brasil"}]},{"@type":"WebSite","@id":"https:\/\/diariodepe.com.br\/cri\/#website","url":"https:\/\/diariodepe.com.br\/cri\/","name":"CRI e Diario de Pernambuco","description":"R\u00e1dio Internacional da China","publisher":{"@id":"https:\/\/diariodepe.com.br\/cri\/#organization"},"potentialAction":[{"@type":"SearchAction","target":{"@type":"EntryPoint","urlTemplate":"https:\/\/diariodepe.com.br\/cri\/?s={search_term_string}"},"query-input":{"@type":"PropertyValueSpecification","valueRequired":true,"valueName":"search_term_string"}}],"inLanguage":"pt-BR"},{"@type":"Organization","@id":"https:\/\/diariodepe.com.br\/cri\/#organization","name":"CRI e Diario de Pernambuco","url":"https:\/\/diariodepe.com.br\/cri\/","logo":{"@type":"ImageObject","inLanguage":"pt-BR","@id":"https:\/\/diariodepe.com.br\/cri\/#\/schema\/logo\/image\/","url":"https:\/\/diariodepe.com.br\/cri\/wp-content\/uploads\/sites\/2\/2022\/12\/cropped-Logo.jpg","contentUrl":"https:\/\/diariodepe.com.br\/cri\/wp-content\/uploads\/sites\/2\/2022\/12\/cropped-Logo.jpg","width":700,"height":59,"caption":"CRI e Diario de Pernambuco"},"image":{"@id":"https:\/\/diariodepe.com.br\/cri\/#\/schema\/logo\/image\/"}},{"@type":"Person","@id":"https:\/\/diariodepe.com.br\/cri\/#\/schema\/person\/121bb28d84f1a5b1205ef4ce9c2e0c6b","name":"Ismael Lucas S. Pereira","image":{"@type":"ImageObject","inLanguage":"pt-BR","@id":"https:\/\/secure.gravatar.com\/avatar\/887a0f3b5a7ceea963a48499fb883ffce6b5037362def025c52c2505b15d63e4?s=96&d=mm&r=g","url":"https:\/\/secure.gravatar.com\/avatar\/887a0f3b5a7ceea963a48499fb883ffce6b5037362def025c52c2505b15d63e4?s=96&d=mm&r=g","contentUrl":"https:\/\/secure.gravatar.com\/avatar\/887a0f3b5a7ceea963a48499fb883ffce6b5037362def025c52c2505b15d63e4?s=96&d=mm&r=g","caption":"Ismael Lucas S. Pereira"},"url":"https:\/\/diariodepe.com.br\/cri\/author\/ismael-lucas\/"}]}},"cc_featured_image_caption":{"caption_text":false,"source_text":false,"source_url":false},"amp_enabled":true,"_links":{"self":[{"href":"https:\/\/diariodepe.com.br\/cri\/wp-json\/wp\/v2\/posts\/6644","targetHints":{"allow":["GET"]}}],"collection":[{"href":"https:\/\/diariodepe.com.br\/cri\/wp-json\/wp\/v2\/posts"}],"about":[{"href":"https:\/\/diariodepe.com.br\/cri\/wp-json\/wp\/v2\/types\/post"}],"author":[{"embeddable":true,"href":"https:\/\/diariodepe.com.br\/cri\/wp-json\/wp\/v2\/users\/2"}],"replies":[{"embeddable":true,"href":"https:\/\/diariodepe.com.br\/cri\/wp-json\/wp\/v2\/comments?post=6644"}],"version-history":[{"count":1,"href":"https:\/\/diariodepe.com.br\/cri\/wp-json\/wp\/v2\/posts\/6644\/revisions"}],"predecessor-version":[{"id":6645,"href":"https:\/\/diariodepe.com.br\/cri\/wp-json\/wp\/v2\/posts\/6644\/revisions\/6645"}],"wp:attachment":[{"href":"https:\/\/diariodepe.com.br\/cri\/wp-json\/wp\/v2\/media?parent=6644"}],"wp:term":[{"taxonomy":"category","embeddable":true,"href":"https:\/\/diariodepe.com.br\/cri\/wp-json\/wp\/v2\/categories?post=6644"},{"taxonomy":"post_tag","embeddable":true,"href":"https:\/\/diariodepe.com.br\/cri\/wp-json\/wp\/v2\/tags?post=6644"}],"curies":[{"name":"wp","href":"https:\/\/api.w.org\/{rel}","templated":true}]}}