{"id":6618,"date":"2024-11-13T00:12:51","date_gmt":"2024-11-13T03:12:51","guid":{"rendered":"https:\/\/diariodepe.com.br\/cri\/?p=6618"},"modified":"2024-11-13T00:12:51","modified_gmt":"2024-11-13T03:12:51","slug":"cabelo-preto-e-branco-protegendo-o-passado-e-o-futuro-de-dunhuang","status":"publish","type":"post","link":"https:\/\/diariodepe.com.br\/cri\/2024\/11\/13\/cabelo-preto-e-branco-protegendo-o-passado-e-o-futuro-de-dunhuang\/","title":{"rendered":"Cabelo preto e branco: protegendo o passado e o futuro de Dunhuang"},"content":{"rendered":"<p style=\"text-align: center;\" data-spm-anchor-id=\"0.0.0.i1\"><figure class=\"wp-block-embed wp-block-embed-youtube is-type-video is-provider-youtube epyt-figure\"><div class=\"wp-block-embed__wrapper\"><div  id=\"_ytid_73405\"  width=\"800\" height=\"450\"  data-origwidth=\"800\" data-origheight=\"450\" data-facadesrc=\"https:\/\/www.youtube.com\/embed\/TdccT9vWrHE?enablejsapi=1&autoplay=0&cc_load_policy=0&cc_lang_pref=&iv_load_policy=1&loop=0&rel=1&fs=1&playsinline=0&autohide=2&theme=dark&color=red&controls=1&disablekb=0&\" class=\"__youtube_prefs__ epyt-facade no-lazyload\" data-epautoplay=\"1\" ><img decoding=\"async\" data-spai-excluded=\"true\" class=\"epyt-facade-poster skip-lazy\" loading=\"lazy\"  alt=\"YouTube player\"  src=\"https:\/\/i.ytimg.com\/vi\/TdccT9vWrHE\/maxresdefault.jpg\"  \/><button class=\"epyt-facade-play\" aria-label=\"Play\"><svg data-no-lazy=\"1\" height=\"100%\" version=\"1.1\" viewBox=\"0 0 68 48\" width=\"100%\"><path class=\"ytp-large-play-button-bg\" d=\"M66.52,7.74c-0.78-2.93-2.49-5.41-5.42-6.19C55.79,.13,34,0,34,0S12.21,.13,6.9,1.55 C3.97,2.33,2.27,4.81,1.48,7.74C0.06,13.05,0,24,0,24s0.06,10.95,1.48,16.26c0.78,2.93,2.49,5.41,5.42,6.19 C12.21,47.87,34,48,34,48s21.79-0.13,27.1-1.55c2.93-0.78,4.64-3.26,5.42-6.19C67.94,34.95,68,24,68,24S67.94,13.05,66.52,7.74z\" fill=\"#f00\"><\/path><path d=\"M 45,24 27,14 27,34\" fill=\"#fff\"><\/path><\/svg><\/button><\/div><\/div><\/figure><\/p>\n<p data-spm-anchor-id=\"0.0.0.i1\">A terceira temporada do programa Cl\u00e1ssicos Citados por Xi Jinping em portugu\u00eas apresenta uma sele\u00e7\u00e3o cuidadosa de frases cl\u00e1ssicas antigas que o presidente Xi Jinping citou em discursos, artigos e conversas e foca em temas como comunidade com um futuro partilhado para a humanidade, heran\u00e7a cultural e inova\u00e7\u00e3o, preserva\u00e7\u00e3o da biodiversidade, interc\u00e2mbios e aprendizagem m\u00fatua entre as civiliza\u00e7\u00f5es, mostrando de forma brilhante a not\u00e1vel sabedoria pol\u00edtica, os profundos sentimentos humanistas e as amplas vis\u00f5es hist\u00f3ricas e mundiais do presidente Xi Jinping, e retratando ao p\u00fablico as ra\u00edzes culturais da moderniza\u00e7\u00e3o chinesa.<\/p>\n<p>A cidade de Dunhuang, na prov\u00edncia de Gansu, noroeste da China, foi o ponto de encontro de quatro civiliza\u00e7\u00f5es ao longo da antiga Rota da Seda. As Grutas de Mogao, em Dunhuang, possuem 735 cavernas e mais de 45 mil metros quadrados de murais. Sua preserva\u00e7\u00e3o foi poss\u00edvel gra\u00e7as \u00e0 dedica\u00e7\u00e3o e \u00e0 prote\u00e7\u00e3o de in\u00fameros guardi\u00f5es ao longo de gera\u00e7\u00f5es.<\/p>\n<p>O t\u00e9cnico Fan Zaixuan se dedica \u00e0 restaura\u00e7\u00e3o dos murais das Grutas de Mogao h\u00e1 mais de 40 anos. Desde sua chegada a Dunhuang na noite de 31 de mar\u00e7o de 1981, ele aprendeu habilidades transmitidas por gera\u00e7\u00f5es mais antigas de trabalhadores na preserva\u00e7\u00e3o das Grutas de Mogao, como Li Yunhe, que agora tem mais de 90 anos.<\/p>\n<p>Agora, Fan Zaixuan ensina seus alunos. Dai Chuan, nascido na d\u00e9cada de 1990, j\u00e1 trabalha na prote\u00e7\u00e3o de murais da Academia de Dunhuang h\u00e1 mais de uma d\u00e9cada. Ele espera que jovens como Dai Chuan continuem com a responsabilidade de proteger as Grutas de Mogao pelos pr\u00f3ximos mil anos.<\/p>\n<p>Como diz um antigo ditado chin\u00eas: \u201cTodas as coisas no mundo t\u00eam suas regras de sobreviv\u00eancia e desenvolvimento, mas elas sabem como manter suas ra\u00edzes.\u201d A China valoriza o patrim\u00f4nio hist\u00f3rico e cultural deixado por seus ancestrais. Devido a esse profundo senso hist\u00f3rico, a civiliza\u00e7\u00e3o chinesa cresceu e floresceu.<\/p>\n","protected":false},"excerpt":{"rendered":"<p>A terceira temporada do programa Cl\u00e1ssicos Citados por Xi Jinping em portugu\u00eas apresenta uma sele\u00e7\u00e3o cuidadosa de frases cl\u00e1ssicas antigas que o presidente Xi Jinping citou em discursos, artigos e conversas e foca em temas como comunidade com um futuro&#8230;<\/p>\n","protected":false},"author":2,"featured_media":0,"comment_status":"open","ping_status":"open","sticky":false,"template":"","format":"standard","meta":{"footnotes":""},"categories":[11],"tags":[],"class_list":["post-6618","post","type-post","status-publish","format-standard","hentry","category-videos"],"yoast_head":"<!-- This site is optimized with the Yoast SEO plugin v27.4 - https:\/\/yoast.com\/product\/yoast-seo-wordpress\/ -->\n<title>Cabelo preto e branco: protegendo o passado e o futuro de Dunhuang - CRI e Diario de Pernambuco<\/title>\n<meta name=\"robots\" content=\"index, follow, max-snippet:-1, max-image-preview:large, max-video-preview:-1\" \/>\n<link rel=\"canonical\" href=\"https:\/\/diariodepe.com.br\/cri\/2024\/11\/13\/cabelo-preto-e-branco-protegendo-o-passado-e-o-futuro-de-dunhuang\/\" \/>\n<meta property=\"og:locale\" content=\"pt_BR\" \/>\n<meta property=\"og:type\" content=\"article\" \/>\n<meta property=\"og:title\" content=\"Cabelo preto e branco: protegendo o passado e o futuro de Dunhuang - CRI e Diario de Pernambuco\" \/>\n<meta property=\"og:description\" content=\"A terceira temporada do programa Cl\u00e1ssicos Citados por Xi Jinping em portugu\u00eas apresenta uma sele\u00e7\u00e3o cuidadosa de frases cl\u00e1ssicas antigas que o presidente Xi Jinping citou em discursos, artigos e conversas e foca em temas como comunidade com um futuro...\" \/>\n<meta property=\"og:url\" content=\"https:\/\/diariodepe.com.br\/cri\/2024\/11\/13\/cabelo-preto-e-branco-protegendo-o-passado-e-o-futuro-de-dunhuang\/\" \/>\n<meta property=\"og:site_name\" content=\"CRI e Diario de Pernambuco\" \/>\n<meta property=\"article:published_time\" content=\"2024-11-13T03:12:51+00:00\" \/>\n<meta name=\"author\" content=\"Ismael Lucas S. Pereira\" \/>\n<meta name=\"twitter:card\" content=\"summary_large_image\" \/>\n<meta name=\"twitter:label1\" content=\"Escrito por\" \/>\n\t<meta name=\"twitter:data1\" content=\"Ismael Lucas S. Pereira\" \/>\n\t<meta name=\"twitter:label2\" content=\"Est. tempo de leitura\" \/>\n\t<meta name=\"twitter:data2\" content=\"2 minutos\" \/>\n<script type=\"application\/ld+json\" class=\"yoast-schema-graph\">{\"@context\":\"https:\\\/\\\/schema.org\",\"@graph\":[{\"@type\":\"Article\",\"@id\":\"https:\\\/\\\/diariodepe.com.br\\\/cri\\\/2024\\\/11\\\/13\\\/cabelo-preto-e-branco-protegendo-o-passado-e-o-futuro-de-dunhuang\\\/#article\",\"isPartOf\":{\"@id\":\"https:\\\/\\\/diariodepe.com.br\\\/cri\\\/2024\\\/11\\\/13\\\/cabelo-preto-e-branco-protegendo-o-passado-e-o-futuro-de-dunhuang\\\/\"},\"author\":{\"name\":\"Ismael Lucas S. Pereira\",\"@id\":\"https:\\\/\\\/diariodepe.com.br\\\/cri\\\/#\\\/schema\\\/person\\\/121bb28d84f1a5b1205ef4ce9c2e0c6b\"},\"headline\":\"Cabelo preto e branco: protegendo o passado e o futuro de Dunhuang\",\"datePublished\":\"2024-11-13T03:12:51+00:00\",\"mainEntityOfPage\":{\"@id\":\"https:\\\/\\\/diariodepe.com.br\\\/cri\\\/2024\\\/11\\\/13\\\/cabelo-preto-e-branco-protegendo-o-passado-e-o-futuro-de-dunhuang\\\/\"},\"wordCount\":364,\"commentCount\":0,\"publisher\":{\"@id\":\"https:\\\/\\\/diariodepe.com.br\\\/cri\\\/#organization\"},\"articleSection\":[\"V\u00eddeos\"],\"inLanguage\":\"pt-BR\",\"potentialAction\":[{\"@type\":\"CommentAction\",\"name\":\"Comment\",\"target\":[\"https:\\\/\\\/diariodepe.com.br\\\/cri\\\/2024\\\/11\\\/13\\\/cabelo-preto-e-branco-protegendo-o-passado-e-o-futuro-de-dunhuang\\\/#respond\"]}]},{\"@type\":\"WebPage\",\"@id\":\"https:\\\/\\\/diariodepe.com.br\\\/cri\\\/2024\\\/11\\\/13\\\/cabelo-preto-e-branco-protegendo-o-passado-e-o-futuro-de-dunhuang\\\/\",\"url\":\"https:\\\/\\\/diariodepe.com.br\\\/cri\\\/2024\\\/11\\\/13\\\/cabelo-preto-e-branco-protegendo-o-passado-e-o-futuro-de-dunhuang\\\/\",\"name\":\"Cabelo preto e branco: protegendo o passado e o futuro de Dunhuang - CRI e Diario de Pernambuco\",\"isPartOf\":{\"@id\":\"https:\\\/\\\/diariodepe.com.br\\\/cri\\\/#website\"},\"datePublished\":\"2024-11-13T03:12:51+00:00\",\"breadcrumb\":{\"@id\":\"https:\\\/\\\/diariodepe.com.br\\\/cri\\\/2024\\\/11\\\/13\\\/cabelo-preto-e-branco-protegendo-o-passado-e-o-futuro-de-dunhuang\\\/#breadcrumb\"},\"inLanguage\":\"pt-BR\",\"potentialAction\":[{\"@type\":\"ReadAction\",\"target\":[\"https:\\\/\\\/diariodepe.com.br\\\/cri\\\/2024\\\/11\\\/13\\\/cabelo-preto-e-branco-protegendo-o-passado-e-o-futuro-de-dunhuang\\\/\"]}]},{\"@type\":\"BreadcrumbList\",\"@id\":\"https:\\\/\\\/diariodepe.com.br\\\/cri\\\/2024\\\/11\\\/13\\\/cabelo-preto-e-branco-protegendo-o-passado-e-o-futuro-de-dunhuang\\\/#breadcrumb\",\"itemListElement\":[{\"@type\":\"ListItem\",\"position\":1,\"name\":\"In\u00edcio\",\"item\":\"https:\\\/\\\/diariodepe.com.br\\\/cri\\\/\"},{\"@type\":\"ListItem\",\"position\":2,\"name\":\"Cabelo preto e branco: protegendo o passado e o futuro de Dunhuang\"}]},{\"@type\":\"WebSite\",\"@id\":\"https:\\\/\\\/diariodepe.com.br\\\/cri\\\/#website\",\"url\":\"https:\\\/\\\/diariodepe.com.br\\\/cri\\\/\",\"name\":\"CRI e Diario de Pernambuco\",\"description\":\"R\u00e1dio Internacional da China\",\"publisher\":{\"@id\":\"https:\\\/\\\/diariodepe.com.br\\\/cri\\\/#organization\"},\"potentialAction\":[{\"@type\":\"SearchAction\",\"target\":{\"@type\":\"EntryPoint\",\"urlTemplate\":\"https:\\\/\\\/diariodepe.com.br\\\/cri\\\/?s={search_term_string}\"},\"query-input\":{\"@type\":\"PropertyValueSpecification\",\"valueRequired\":true,\"valueName\":\"search_term_string\"}}],\"inLanguage\":\"pt-BR\"},{\"@type\":\"Organization\",\"@id\":\"https:\\\/\\\/diariodepe.com.br\\\/cri\\\/#organization\",\"name\":\"CRI e Diario de Pernambuco\",\"url\":\"https:\\\/\\\/diariodepe.com.br\\\/cri\\\/\",\"logo\":{\"@type\":\"ImageObject\",\"inLanguage\":\"pt-BR\",\"@id\":\"https:\\\/\\\/diariodepe.com.br\\\/cri\\\/#\\\/schema\\\/logo\\\/image\\\/\",\"url\":\"https:\\\/\\\/diariodepe.com.br\\\/cri\\\/wp-content\\\/uploads\\\/sites\\\/2\\\/2022\\\/12\\\/cropped-Logo.jpg\",\"contentUrl\":\"https:\\\/\\\/diariodepe.com.br\\\/cri\\\/wp-content\\\/uploads\\\/sites\\\/2\\\/2022\\\/12\\\/cropped-Logo.jpg\",\"width\":700,\"height\":59,\"caption\":\"CRI e Diario de Pernambuco\"},\"image\":{\"@id\":\"https:\\\/\\\/diariodepe.com.br\\\/cri\\\/#\\\/schema\\\/logo\\\/image\\\/\"}},{\"@type\":\"Person\",\"@id\":\"https:\\\/\\\/diariodepe.com.br\\\/cri\\\/#\\\/schema\\\/person\\\/121bb28d84f1a5b1205ef4ce9c2e0c6b\",\"name\":\"Ismael Lucas S. Pereira\",\"image\":{\"@type\":\"ImageObject\",\"inLanguage\":\"pt-BR\",\"@id\":\"https:\\\/\\\/secure.gravatar.com\\\/avatar\\\/887a0f3b5a7ceea963a48499fb883ffce6b5037362def025c52c2505b15d63e4?s=96&d=mm&r=g\",\"url\":\"https:\\\/\\\/secure.gravatar.com\\\/avatar\\\/887a0f3b5a7ceea963a48499fb883ffce6b5037362def025c52c2505b15d63e4?s=96&d=mm&r=g\",\"contentUrl\":\"https:\\\/\\\/secure.gravatar.com\\\/avatar\\\/887a0f3b5a7ceea963a48499fb883ffce6b5037362def025c52c2505b15d63e4?s=96&d=mm&r=g\",\"caption\":\"Ismael Lucas S. Pereira\"},\"url\":\"https:\\\/\\\/diariodepe.com.br\\\/cri\\\/author\\\/ismael-lucas\\\/\"}]}<\/script>\n<!-- \/ Yoast SEO plugin. -->","yoast_head_json":{"title":"Cabelo preto e branco: protegendo o passado e o futuro de Dunhuang - CRI e Diario de Pernambuco","robots":{"index":"index","follow":"follow","max-snippet":"max-snippet:-1","max-image-preview":"max-image-preview:large","max-video-preview":"max-video-preview:-1"},"canonical":"https:\/\/diariodepe.com.br\/cri\/2024\/11\/13\/cabelo-preto-e-branco-protegendo-o-passado-e-o-futuro-de-dunhuang\/","og_locale":"pt_BR","og_type":"article","og_title":"Cabelo preto e branco: protegendo o passado e o futuro de Dunhuang - CRI e Diario de Pernambuco","og_description":"A terceira temporada do programa Cl\u00e1ssicos Citados por Xi Jinping em portugu\u00eas apresenta uma sele\u00e7\u00e3o cuidadosa de frases cl\u00e1ssicas antigas que o presidente Xi Jinping citou em discursos, artigos e conversas e foca em temas como comunidade com um futuro...","og_url":"https:\/\/diariodepe.com.br\/cri\/2024\/11\/13\/cabelo-preto-e-branco-protegendo-o-passado-e-o-futuro-de-dunhuang\/","og_site_name":"CRI e Diario de Pernambuco","article_published_time":"2024-11-13T03:12:51+00:00","author":"Ismael Lucas S. Pereira","twitter_card":"summary_large_image","twitter_misc":{"Escrito por":"Ismael Lucas S. Pereira","Est. tempo de leitura":"2 minutos"},"schema":{"@context":"https:\/\/schema.org","@graph":[{"@type":"Article","@id":"https:\/\/diariodepe.com.br\/cri\/2024\/11\/13\/cabelo-preto-e-branco-protegendo-o-passado-e-o-futuro-de-dunhuang\/#article","isPartOf":{"@id":"https:\/\/diariodepe.com.br\/cri\/2024\/11\/13\/cabelo-preto-e-branco-protegendo-o-passado-e-o-futuro-de-dunhuang\/"},"author":{"name":"Ismael Lucas S. Pereira","@id":"https:\/\/diariodepe.com.br\/cri\/#\/schema\/person\/121bb28d84f1a5b1205ef4ce9c2e0c6b"},"headline":"Cabelo preto e branco: protegendo o passado e o futuro de Dunhuang","datePublished":"2024-11-13T03:12:51+00:00","mainEntityOfPage":{"@id":"https:\/\/diariodepe.com.br\/cri\/2024\/11\/13\/cabelo-preto-e-branco-protegendo-o-passado-e-o-futuro-de-dunhuang\/"},"wordCount":364,"commentCount":0,"publisher":{"@id":"https:\/\/diariodepe.com.br\/cri\/#organization"},"articleSection":["V\u00eddeos"],"inLanguage":"pt-BR","potentialAction":[{"@type":"CommentAction","name":"Comment","target":["https:\/\/diariodepe.com.br\/cri\/2024\/11\/13\/cabelo-preto-e-branco-protegendo-o-passado-e-o-futuro-de-dunhuang\/#respond"]}]},{"@type":"WebPage","@id":"https:\/\/diariodepe.com.br\/cri\/2024\/11\/13\/cabelo-preto-e-branco-protegendo-o-passado-e-o-futuro-de-dunhuang\/","url":"https:\/\/diariodepe.com.br\/cri\/2024\/11\/13\/cabelo-preto-e-branco-protegendo-o-passado-e-o-futuro-de-dunhuang\/","name":"Cabelo preto e branco: protegendo o passado e o futuro de Dunhuang - CRI e Diario de Pernambuco","isPartOf":{"@id":"https:\/\/diariodepe.com.br\/cri\/#website"},"datePublished":"2024-11-13T03:12:51+00:00","breadcrumb":{"@id":"https:\/\/diariodepe.com.br\/cri\/2024\/11\/13\/cabelo-preto-e-branco-protegendo-o-passado-e-o-futuro-de-dunhuang\/#breadcrumb"},"inLanguage":"pt-BR","potentialAction":[{"@type":"ReadAction","target":["https:\/\/diariodepe.com.br\/cri\/2024\/11\/13\/cabelo-preto-e-branco-protegendo-o-passado-e-o-futuro-de-dunhuang\/"]}]},{"@type":"BreadcrumbList","@id":"https:\/\/diariodepe.com.br\/cri\/2024\/11\/13\/cabelo-preto-e-branco-protegendo-o-passado-e-o-futuro-de-dunhuang\/#breadcrumb","itemListElement":[{"@type":"ListItem","position":1,"name":"In\u00edcio","item":"https:\/\/diariodepe.com.br\/cri\/"},{"@type":"ListItem","position":2,"name":"Cabelo preto e branco: protegendo o passado e o futuro de Dunhuang"}]},{"@type":"WebSite","@id":"https:\/\/diariodepe.com.br\/cri\/#website","url":"https:\/\/diariodepe.com.br\/cri\/","name":"CRI e Diario de Pernambuco","description":"R\u00e1dio Internacional da China","publisher":{"@id":"https:\/\/diariodepe.com.br\/cri\/#organization"},"potentialAction":[{"@type":"SearchAction","target":{"@type":"EntryPoint","urlTemplate":"https:\/\/diariodepe.com.br\/cri\/?s={search_term_string}"},"query-input":{"@type":"PropertyValueSpecification","valueRequired":true,"valueName":"search_term_string"}}],"inLanguage":"pt-BR"},{"@type":"Organization","@id":"https:\/\/diariodepe.com.br\/cri\/#organization","name":"CRI e Diario de Pernambuco","url":"https:\/\/diariodepe.com.br\/cri\/","logo":{"@type":"ImageObject","inLanguage":"pt-BR","@id":"https:\/\/diariodepe.com.br\/cri\/#\/schema\/logo\/image\/","url":"https:\/\/diariodepe.com.br\/cri\/wp-content\/uploads\/sites\/2\/2022\/12\/cropped-Logo.jpg","contentUrl":"https:\/\/diariodepe.com.br\/cri\/wp-content\/uploads\/sites\/2\/2022\/12\/cropped-Logo.jpg","width":700,"height":59,"caption":"CRI e Diario de Pernambuco"},"image":{"@id":"https:\/\/diariodepe.com.br\/cri\/#\/schema\/logo\/image\/"}},{"@type":"Person","@id":"https:\/\/diariodepe.com.br\/cri\/#\/schema\/person\/121bb28d84f1a5b1205ef4ce9c2e0c6b","name":"Ismael Lucas S. Pereira","image":{"@type":"ImageObject","inLanguage":"pt-BR","@id":"https:\/\/secure.gravatar.com\/avatar\/887a0f3b5a7ceea963a48499fb883ffce6b5037362def025c52c2505b15d63e4?s=96&d=mm&r=g","url":"https:\/\/secure.gravatar.com\/avatar\/887a0f3b5a7ceea963a48499fb883ffce6b5037362def025c52c2505b15d63e4?s=96&d=mm&r=g","contentUrl":"https:\/\/secure.gravatar.com\/avatar\/887a0f3b5a7ceea963a48499fb883ffce6b5037362def025c52c2505b15d63e4?s=96&d=mm&r=g","caption":"Ismael Lucas S. Pereira"},"url":"https:\/\/diariodepe.com.br\/cri\/author\/ismael-lucas\/"}]}},"cc_featured_image_caption":{"caption_text":false,"source_text":false,"source_url":false},"amp_enabled":true,"_links":{"self":[{"href":"https:\/\/diariodepe.com.br\/cri\/wp-json\/wp\/v2\/posts\/6618","targetHints":{"allow":["GET"]}}],"collection":[{"href":"https:\/\/diariodepe.com.br\/cri\/wp-json\/wp\/v2\/posts"}],"about":[{"href":"https:\/\/diariodepe.com.br\/cri\/wp-json\/wp\/v2\/types\/post"}],"author":[{"embeddable":true,"href":"https:\/\/diariodepe.com.br\/cri\/wp-json\/wp\/v2\/users\/2"}],"replies":[{"embeddable":true,"href":"https:\/\/diariodepe.com.br\/cri\/wp-json\/wp\/v2\/comments?post=6618"}],"version-history":[{"count":1,"href":"https:\/\/diariodepe.com.br\/cri\/wp-json\/wp\/v2\/posts\/6618\/revisions"}],"predecessor-version":[{"id":6619,"href":"https:\/\/diariodepe.com.br\/cri\/wp-json\/wp\/v2\/posts\/6618\/revisions\/6619"}],"wp:attachment":[{"href":"https:\/\/diariodepe.com.br\/cri\/wp-json\/wp\/v2\/media?parent=6618"}],"wp:term":[{"taxonomy":"category","embeddable":true,"href":"https:\/\/diariodepe.com.br\/cri\/wp-json\/wp\/v2\/categories?post=6618"},{"taxonomy":"post_tag","embeddable":true,"href":"https:\/\/diariodepe.com.br\/cri\/wp-json\/wp\/v2\/tags?post=6618"}],"curies":[{"name":"wp","href":"https:\/\/api.w.org\/{rel}","templated":true}]}}