{"id":6609,"date":"2024-11-12T23:23:04","date_gmt":"2024-11-13T02:23:04","guid":{"rendered":"https:\/\/diariodepe.com.br\/cri\/?p=6609"},"modified":"2024-11-12T23:41:10","modified_gmt":"2024-11-13T02:41:10","slug":"proxima-cupula-de-cooperacao-economica-da-asia-pacifico-no-peru","status":"publish","type":"post","link":"https:\/\/diariodepe.com.br\/cri\/2024\/11\/12\/proxima-cupula-de-cooperacao-economica-da-asia-pacifico-no-peru\/","title":{"rendered":"Pr\u00f3xima C\u00fapula de Coopera\u00e7\u00e3o Econ\u00f4mica da \u00c1sia-Pac\u00edfico no Peru"},"content":{"rendered":"<p class=\"photo_img_20190808\"><img decoding=\"async\" src=\"https:\/\/p1crires.cri.cn\/photoworkspace\/cri\/contentimg\/2024\/11\/12\/2024111214501182174.jpg\" alt=\"\" data-spm-anchor-id=\"0.0.0.i1\" \/><\/p>\n<p>A Apec \u00e9 o principal f\u00f3rum econ\u00f4mico da \u00c1sia-Pac\u00edfico. Seu objetivo declarado \u00e9 apoiar o crescimento econ\u00f4mico sustent\u00e1vel e a prosperidade na regi\u00e3o. Trata-se de um esfor\u00e7o diplom\u00e1tico conjunto para formar uma comunidade din\u00e2mica e harmoniosa, defendendo o com\u00e9rcio e o investimento livres e abertos, promovendo e acelerando a integra\u00e7\u00e3o econ\u00f4mica regional e encorajando a coopera\u00e7\u00e3o econ\u00f4mica e t\u00e9cnica, com iniciativas que transformem objetivos de pol\u00edticas em resultados concretos e acordos em benef\u00edcios tang\u00edveis.<\/p>\n<p>A Apec foi criada em 1989, quando 12 pa\u00edses da \u00c1sia-Pac\u00edfico se reuniram para estabelec\u00ea-la. Os membros fundadores foram Austr\u00e1lia, Brunei, Canad\u00e1, Indon\u00e9sia, Jap\u00e3o, Coreia do Sul, Mal\u00e1sia, Nova Zel\u00e2ndia, Filipinas, Singapura, Tail\u00e2ndia e Estados Unidos. A Rep\u00fablica Popular da China, Hong Kong (atualmente uma Regi\u00e3o Administrativa Especial da China) e Taiwan da China aderiram em 1991. O M\u00e9xico e a Papua-Nova Guin\u00e9, em 1993. O Chile aderiu em 1994. E, em 1998, o Peru, a R\u00fassia e o Vietn\u00e3 se juntaram, elevando o n\u00famero total de membros para 21 pa\u00edses.<\/p>\n<p>Desta vez, a 31\u00aa reuni\u00e3o de c\u00fapula da Apec ser\u00e1 realizada no Peru de 13 a 15 de novembro. O pa\u00eds sediar\u00e1 a c\u00fapula pela terceira vez, tendo sediado anteriormente em 2008 e 2016. O tema da edi\u00e7\u00e3o desse ano \u00e9 &#8220;Empoderar, Incluir e Crescer.&#8221; A reuni\u00e3o se concentrar\u00e1 na dimens\u00e3o social do crescimento econ\u00f4mico e desenvolvimento e incluir\u00e1 ao todo mais de 160 reuni\u00f5es paralelas em cinco cidades peruanas.<\/p>\n<p>As prioridades para a pr\u00f3xima Reuni\u00e3o de C\u00fapula da Apec incluem: i) com\u00e9rcio e investimento para crescimento inclusivo e interconectado, com foco em pol\u00edticas comerciais abertas e inclusivas que facilitem o crescimento econ\u00f4mico em diversos setores, garantindo sustentabilidade no longo prazo; ii) inova\u00e7\u00e3o e digitaliza\u00e7\u00e3o para promover a transi\u00e7\u00e3o para uma economia formal e global, por meio de plataformas e ferramentas digitais, e iii) crescimento sustent\u00e1vel para o desenvolvimento resiliente, o que envolve transi\u00e7\u00f5es energ\u00e9ticas, descarboniza\u00e7\u00e3o de atividades econ\u00f4micas e aumento da seguran\u00e7a alimentar para fomentar a resili\u00eancia diante das mudan\u00e7as clim\u00e1ticas e outros desafios globais e regionais.<\/p>\n<p>Este ano, com a c\u00fapula da Apec na Am\u00e9rica do Sul, uma janela se abre para consolidar alian\u00e7as estrat\u00e9gicas e estabelecer di\u00e1logos efetivos sobre com\u00e9rcio, inova\u00e7\u00e3o e desenvolvimento sustent\u00e1vel. O fortalecimento dos la\u00e7os com os pa\u00edses da \u00c1sia-Pac\u00edfico permitir\u00e1 ao Peru e outros pa\u00edses latino-americanos expandir oportunidades de exporta\u00e7\u00e3o e atrair maiores investimentos, o que resultar\u00e1 em benef\u00edcios para setores-chave de suas economias e supera\u00e7\u00e3o de tend\u00eancias de estagna\u00e7\u00e3o econ\u00f4mica.<\/p>\n<p>A prop\u00f3sito, a realiza\u00e7\u00e3o da C\u00fapula da Apec em Lima \u00e9 realizada no momento em que um novo porto de US$ 3,5 bilh\u00f5es, constru\u00eddo pela China em Chancay no Peru, est\u00e1 prestes a se tornar uma porta de integra\u00e7\u00e3o do Brasil \u2013 a maior economia da Am\u00e9rica do Sul \u2013 com a \u00c1sia-Pac\u00edfico, com potencial de alavancar suas exporta\u00e7\u00f5es. Por ali, devem escoar rumo \u00e0 \u00c1sia desde materiais para a transi\u00e7\u00e3o energ\u00e9tica, como l\u00edtio, a alimentos e produtos manufaturados. Ao mesmo tempo, o megaprojeto bilion\u00e1rio deve encurtar em um ter\u00e7o o tempo m\u00e9dio que a produ\u00e7\u00e3o brasileira leva para chegar \u00e0 \u00c1sia. A iniciativa chinesa em prol da integra\u00e7\u00e3o entre a Am\u00e9rica do Sul e a \u00c1sia tem despertado o interesse de empresas brasileiras e estrangeiras, pois tem o potencial de gerar novos neg\u00f3cios. Mas para tirar proveito disso, o Brasil precisar\u00e1 ampliar sua parceria com a China para melhorar sua infraestrutura de transporte ferrovi\u00e1rio.<\/p>\n<p>As 21 economias da Apec respondem por 62% da produ\u00e7\u00e3o mundial, 48% do com\u00e9rcio de bens e servi\u00e7os e 38% da popula\u00e7\u00e3o do planeta. Este ano, a regi\u00e3o da \u00c1sia-Pac\u00edfico deve manter um crescimento econ\u00f4mico est\u00e1vel, demonstrando resili\u00eancia diante da incerteza e dos desafios cont\u00ednuos. De acordo com a \u00faltima atualiza\u00e7\u00e3o, o PIB da regi\u00e3o deve crescer 3,5% em 2024, praticamente mantendo a taxa de crescimento observada em 2023. No entanto, uma ligeira desacelera\u00e7\u00e3o \u00e9 antecipada para 2025, com o crescimento que dever\u00e1 diminuir para 3,1%, mas ainda acima das proje\u00e7\u00f5es anteriores de 2,9%.<\/p>\n<p>Em seus 35 anos de exist\u00eancia, a Apec tem contribu\u00eddo para a redu\u00e7\u00e3o de tarifas e outras barreiras ao com\u00e9rcio na \u00c1sia-Pac\u00edfico, levando \u00e0 expans\u00e3o do crescimento e do com\u00e9rcio inter-regional. Apesar da C\u00fapula da Apec se desenrolar num quadro global de dificuldades econ\u00f4micas, a abertura continuada da China para os demais pa\u00edses da \u00c1sia-Pac\u00edfico \u00e9 um fato auspicioso. A recentemente conclu\u00edda 136\u00aa Feira de Importa\u00e7\u00e3o e Exporta\u00e7\u00e3o da China, realizada na prov\u00edncia de Cant\u00e3o (Guangdong) \u00e9 uma demonstra\u00e7\u00e3o do papel proativo do pa\u00eds na manuten\u00e7\u00e3o de oportunidades de amplia\u00e7\u00e3o do com\u00e9rcio para na\u00e7\u00f5es da \u00c1sia-Pac\u00edfico e do resto do mundo e de importante rea\u00e7\u00e3o ao protecionismo. Espera-se que esta pr\u00f3xima C\u00fapula da Apec contribua positivamente para superar desconfian\u00e7as m\u00fatuas, dirimir diverg\u00eancias e propor iniciativas concretas a favor do livre com\u00e9rcio e do fortalecimento das cadeias globais de valor no espa\u00e7o da \u00c1sia-Pac\u00edfico.<\/p>\n<p>Por Jos\u00e9 Nelson Bessa Maia, economista brasileiro, mestre em Economia e doutor em Rela\u00e7\u00f5es Internacionais pela Universidade de Bras\u00edlia (UnB) e pesquisador independente das rela\u00e7\u00f5es China-Brasil, China-Pa\u00edses Lus\u00f3fonos e China-Am\u00e9rica Latina.<\/p>\n<p>&nbsp;<\/p>\n<p>&nbsp;<\/p>\n<p>&nbsp;<\/p>\n","protected":false},"excerpt":{"rendered":"<p>A Apec \u00e9 o principal f\u00f3rum econ\u00f4mico da \u00c1sia-Pac\u00edfico. Seu objetivo declarado \u00e9 apoiar o crescimento econ\u00f4mico sustent\u00e1vel e a prosperidade na regi\u00e3o. Trata-se de um esfor\u00e7o diplom\u00e1tico conjunto para formar uma comunidade din\u00e2mica e harmoniosa, defendendo o com\u00e9rcio e&#8230;<\/p>\n","protected":false},"author":2,"featured_media":0,"comment_status":"open","ping_status":"open","sticky":false,"template":"","format":"standard","meta":{"footnotes":""},"categories":[7],"tags":[],"class_list":["post-6609","post","type-post","status-publish","format-standard","hentry","category-visao"],"yoast_head":"<!-- This site is optimized with the Yoast SEO plugin v27.4 - https:\/\/yoast.com\/product\/yoast-seo-wordpress\/ -->\n<title>Pr\u00f3xima C\u00fapula de Coopera\u00e7\u00e3o Econ\u00f4mica da \u00c1sia-Pac\u00edfico no Peru - CRI e Diario de Pernambuco<\/title>\n<meta name=\"robots\" content=\"index, follow, max-snippet:-1, max-image-preview:large, max-video-preview:-1\" \/>\n<link rel=\"canonical\" href=\"https:\/\/diariodepe.com.br\/cri\/2024\/11\/12\/proxima-cupula-de-cooperacao-economica-da-asia-pacifico-no-peru\/\" \/>\n<meta property=\"og:locale\" content=\"pt_BR\" \/>\n<meta property=\"og:type\" content=\"article\" \/>\n<meta property=\"og:title\" content=\"Pr\u00f3xima C\u00fapula de Coopera\u00e7\u00e3o Econ\u00f4mica da \u00c1sia-Pac\u00edfico no Peru - CRI e Diario de Pernambuco\" \/>\n<meta property=\"og:description\" content=\"A Apec \u00e9 o principal f\u00f3rum econ\u00f4mico da \u00c1sia-Pac\u00edfico. Seu objetivo declarado \u00e9 apoiar o crescimento econ\u00f4mico sustent\u00e1vel e a prosperidade na regi\u00e3o. Trata-se de um esfor\u00e7o diplom\u00e1tico conjunto para formar uma comunidade din\u00e2mica e harmoniosa, defendendo o com\u00e9rcio e...\" \/>\n<meta property=\"og:url\" content=\"https:\/\/diariodepe.com.br\/cri\/2024\/11\/12\/proxima-cupula-de-cooperacao-economica-da-asia-pacifico-no-peru\/\" \/>\n<meta property=\"og:site_name\" content=\"CRI e Diario de Pernambuco\" \/>\n<meta property=\"article:published_time\" content=\"2024-11-13T02:23:04+00:00\" \/>\n<meta property=\"article:modified_time\" content=\"2024-11-13T02:41:10+00:00\" \/>\n<meta property=\"og:image\" content=\"https:\/\/p1crires.cri.cn\/photoworkspace\/cri\/contentimg\/2024\/11\/12\/2024111214501182174.jpg\" \/>\n<meta name=\"author\" content=\"Ismael Lucas S. Pereira\" \/>\n<meta name=\"twitter:card\" content=\"summary_large_image\" \/>\n<meta name=\"twitter:label1\" content=\"Escrito por\" \/>\n\t<meta name=\"twitter:data1\" content=\"Ismael Lucas S. Pereira\" \/>\n\t<meta name=\"twitter:label2\" content=\"Est. tempo de leitura\" \/>\n\t<meta name=\"twitter:data2\" content=\"5 minutos\" \/>\n<script type=\"application\/ld+json\" class=\"yoast-schema-graph\">{\"@context\":\"https:\\\/\\\/schema.org\",\"@graph\":[{\"@type\":\"Article\",\"@id\":\"https:\\\/\\\/diariodepe.com.br\\\/cri\\\/2024\\\/11\\\/12\\\/proxima-cupula-de-cooperacao-economica-da-asia-pacifico-no-peru\\\/#article\",\"isPartOf\":{\"@id\":\"https:\\\/\\\/diariodepe.com.br\\\/cri\\\/2024\\\/11\\\/12\\\/proxima-cupula-de-cooperacao-economica-da-asia-pacifico-no-peru\\\/\"},\"author\":{\"name\":\"Ismael Lucas S. Pereira\",\"@id\":\"https:\\\/\\\/diariodepe.com.br\\\/cri\\\/#\\\/schema\\\/person\\\/121bb28d84f1a5b1205ef4ce9c2e0c6b\"},\"headline\":\"Pr\u00f3xima C\u00fapula de Coopera\u00e7\u00e3o Econ\u00f4mica da \u00c1sia-Pac\u00edfico no Peru\",\"datePublished\":\"2024-11-13T02:23:04+00:00\",\"dateModified\":\"2024-11-13T02:41:10+00:00\",\"mainEntityOfPage\":{\"@id\":\"https:\\\/\\\/diariodepe.com.br\\\/cri\\\/2024\\\/11\\\/12\\\/proxima-cupula-de-cooperacao-economica-da-asia-pacifico-no-peru\\\/\"},\"wordCount\":955,\"commentCount\":0,\"publisher\":{\"@id\":\"https:\\\/\\\/diariodepe.com.br\\\/cri\\\/#organization\"},\"image\":{\"@id\":\"https:\\\/\\\/diariodepe.com.br\\\/cri\\\/2024\\\/11\\\/12\\\/proxima-cupula-de-cooperacao-economica-da-asia-pacifico-no-peru\\\/#primaryimage\"},\"thumbnailUrl\":\"https:\\\/\\\/p1crires.cri.cn\\\/photoworkspace\\\/cri\\\/contentimg\\\/2024\\\/11\\\/12\\\/2024111214501182174.jpg\",\"articleSection\":[\"Vis\u00e3o\"],\"inLanguage\":\"pt-BR\",\"potentialAction\":[{\"@type\":\"CommentAction\",\"name\":\"Comment\",\"target\":[\"https:\\\/\\\/diariodepe.com.br\\\/cri\\\/2024\\\/11\\\/12\\\/proxima-cupula-de-cooperacao-economica-da-asia-pacifico-no-peru\\\/#respond\"]}]},{\"@type\":\"WebPage\",\"@id\":\"https:\\\/\\\/diariodepe.com.br\\\/cri\\\/2024\\\/11\\\/12\\\/proxima-cupula-de-cooperacao-economica-da-asia-pacifico-no-peru\\\/\",\"url\":\"https:\\\/\\\/diariodepe.com.br\\\/cri\\\/2024\\\/11\\\/12\\\/proxima-cupula-de-cooperacao-economica-da-asia-pacifico-no-peru\\\/\",\"name\":\"Pr\u00f3xima C\u00fapula de Coopera\u00e7\u00e3o Econ\u00f4mica da \u00c1sia-Pac\u00edfico no Peru - CRI e Diario de Pernambuco\",\"isPartOf\":{\"@id\":\"https:\\\/\\\/diariodepe.com.br\\\/cri\\\/#website\"},\"primaryImageOfPage\":{\"@id\":\"https:\\\/\\\/diariodepe.com.br\\\/cri\\\/2024\\\/11\\\/12\\\/proxima-cupula-de-cooperacao-economica-da-asia-pacifico-no-peru\\\/#primaryimage\"},\"image\":{\"@id\":\"https:\\\/\\\/diariodepe.com.br\\\/cri\\\/2024\\\/11\\\/12\\\/proxima-cupula-de-cooperacao-economica-da-asia-pacifico-no-peru\\\/#primaryimage\"},\"thumbnailUrl\":\"https:\\\/\\\/p1crires.cri.cn\\\/photoworkspace\\\/cri\\\/contentimg\\\/2024\\\/11\\\/12\\\/2024111214501182174.jpg\",\"datePublished\":\"2024-11-13T02:23:04+00:00\",\"dateModified\":\"2024-11-13T02:41:10+00:00\",\"breadcrumb\":{\"@id\":\"https:\\\/\\\/diariodepe.com.br\\\/cri\\\/2024\\\/11\\\/12\\\/proxima-cupula-de-cooperacao-economica-da-asia-pacifico-no-peru\\\/#breadcrumb\"},\"inLanguage\":\"pt-BR\",\"potentialAction\":[{\"@type\":\"ReadAction\",\"target\":[\"https:\\\/\\\/diariodepe.com.br\\\/cri\\\/2024\\\/11\\\/12\\\/proxima-cupula-de-cooperacao-economica-da-asia-pacifico-no-peru\\\/\"]}]},{\"@type\":\"ImageObject\",\"inLanguage\":\"pt-BR\",\"@id\":\"https:\\\/\\\/diariodepe.com.br\\\/cri\\\/2024\\\/11\\\/12\\\/proxima-cupula-de-cooperacao-economica-da-asia-pacifico-no-peru\\\/#primaryimage\",\"url\":\"https:\\\/\\\/p1crires.cri.cn\\\/photoworkspace\\\/cri\\\/contentimg\\\/2024\\\/11\\\/12\\\/2024111214501182174.jpg\",\"contentUrl\":\"https:\\\/\\\/p1crires.cri.cn\\\/photoworkspace\\\/cri\\\/contentimg\\\/2024\\\/11\\\/12\\\/2024111214501182174.jpg\"},{\"@type\":\"BreadcrumbList\",\"@id\":\"https:\\\/\\\/diariodepe.com.br\\\/cri\\\/2024\\\/11\\\/12\\\/proxima-cupula-de-cooperacao-economica-da-asia-pacifico-no-peru\\\/#breadcrumb\",\"itemListElement\":[{\"@type\":\"ListItem\",\"position\":1,\"name\":\"In\u00edcio\",\"item\":\"https:\\\/\\\/diariodepe.com.br\\\/cri\\\/\"},{\"@type\":\"ListItem\",\"position\":2,\"name\":\"Pr\u00f3xima C\u00fapula de Coopera\u00e7\u00e3o Econ\u00f4mica da \u00c1sia-Pac\u00edfico no Peru\"}]},{\"@type\":\"WebSite\",\"@id\":\"https:\\\/\\\/diariodepe.com.br\\\/cri\\\/#website\",\"url\":\"https:\\\/\\\/diariodepe.com.br\\\/cri\\\/\",\"name\":\"CRI e Diario de Pernambuco\",\"description\":\"R\u00e1dio Internacional da China\",\"publisher\":{\"@id\":\"https:\\\/\\\/diariodepe.com.br\\\/cri\\\/#organization\"},\"potentialAction\":[{\"@type\":\"SearchAction\",\"target\":{\"@type\":\"EntryPoint\",\"urlTemplate\":\"https:\\\/\\\/diariodepe.com.br\\\/cri\\\/?s={search_term_string}\"},\"query-input\":{\"@type\":\"PropertyValueSpecification\",\"valueRequired\":true,\"valueName\":\"search_term_string\"}}],\"inLanguage\":\"pt-BR\"},{\"@type\":\"Organization\",\"@id\":\"https:\\\/\\\/diariodepe.com.br\\\/cri\\\/#organization\",\"name\":\"CRI e Diario de Pernambuco\",\"url\":\"https:\\\/\\\/diariodepe.com.br\\\/cri\\\/\",\"logo\":{\"@type\":\"ImageObject\",\"inLanguage\":\"pt-BR\",\"@id\":\"https:\\\/\\\/diariodepe.com.br\\\/cri\\\/#\\\/schema\\\/logo\\\/image\\\/\",\"url\":\"https:\\\/\\\/diariodepe.com.br\\\/cri\\\/wp-content\\\/uploads\\\/sites\\\/2\\\/2022\\\/12\\\/cropped-Logo.jpg\",\"contentUrl\":\"https:\\\/\\\/diariodepe.com.br\\\/cri\\\/wp-content\\\/uploads\\\/sites\\\/2\\\/2022\\\/12\\\/cropped-Logo.jpg\",\"width\":700,\"height\":59,\"caption\":\"CRI e Diario de Pernambuco\"},\"image\":{\"@id\":\"https:\\\/\\\/diariodepe.com.br\\\/cri\\\/#\\\/schema\\\/logo\\\/image\\\/\"}},{\"@type\":\"Person\",\"@id\":\"https:\\\/\\\/diariodepe.com.br\\\/cri\\\/#\\\/schema\\\/person\\\/121bb28d84f1a5b1205ef4ce9c2e0c6b\",\"name\":\"Ismael Lucas S. Pereira\",\"image\":{\"@type\":\"ImageObject\",\"inLanguage\":\"pt-BR\",\"@id\":\"https:\\\/\\\/secure.gravatar.com\\\/avatar\\\/887a0f3b5a7ceea963a48499fb883ffce6b5037362def025c52c2505b15d63e4?s=96&d=mm&r=g\",\"url\":\"https:\\\/\\\/secure.gravatar.com\\\/avatar\\\/887a0f3b5a7ceea963a48499fb883ffce6b5037362def025c52c2505b15d63e4?s=96&d=mm&r=g\",\"contentUrl\":\"https:\\\/\\\/secure.gravatar.com\\\/avatar\\\/887a0f3b5a7ceea963a48499fb883ffce6b5037362def025c52c2505b15d63e4?s=96&d=mm&r=g\",\"caption\":\"Ismael Lucas S. Pereira\"},\"url\":\"https:\\\/\\\/diariodepe.com.br\\\/cri\\\/author\\\/ismael-lucas\\\/\"}]}<\/script>\n<!-- \/ Yoast SEO plugin. -->","yoast_head_json":{"title":"Pr\u00f3xima C\u00fapula de Coopera\u00e7\u00e3o Econ\u00f4mica da \u00c1sia-Pac\u00edfico no Peru - CRI e Diario de Pernambuco","robots":{"index":"index","follow":"follow","max-snippet":"max-snippet:-1","max-image-preview":"max-image-preview:large","max-video-preview":"max-video-preview:-1"},"canonical":"https:\/\/diariodepe.com.br\/cri\/2024\/11\/12\/proxima-cupula-de-cooperacao-economica-da-asia-pacifico-no-peru\/","og_locale":"pt_BR","og_type":"article","og_title":"Pr\u00f3xima C\u00fapula de Coopera\u00e7\u00e3o Econ\u00f4mica da \u00c1sia-Pac\u00edfico no Peru - CRI e Diario de Pernambuco","og_description":"A Apec \u00e9 o principal f\u00f3rum econ\u00f4mico da \u00c1sia-Pac\u00edfico. Seu objetivo declarado \u00e9 apoiar o crescimento econ\u00f4mico sustent\u00e1vel e a prosperidade na regi\u00e3o. Trata-se de um esfor\u00e7o diplom\u00e1tico conjunto para formar uma comunidade din\u00e2mica e harmoniosa, defendendo o com\u00e9rcio e...","og_url":"https:\/\/diariodepe.com.br\/cri\/2024\/11\/12\/proxima-cupula-de-cooperacao-economica-da-asia-pacifico-no-peru\/","og_site_name":"CRI e Diario de Pernambuco","article_published_time":"2024-11-13T02:23:04+00:00","article_modified_time":"2024-11-13T02:41:10+00:00","og_image":[{"url":"https:\/\/p1crires.cri.cn\/photoworkspace\/cri\/contentimg\/2024\/11\/12\/2024111214501182174.jpg","type":"","width":"","height":""}],"author":"Ismael Lucas S. Pereira","twitter_card":"summary_large_image","twitter_misc":{"Escrito por":"Ismael Lucas S. Pereira","Est. tempo de leitura":"5 minutos"},"schema":{"@context":"https:\/\/schema.org","@graph":[{"@type":"Article","@id":"https:\/\/diariodepe.com.br\/cri\/2024\/11\/12\/proxima-cupula-de-cooperacao-economica-da-asia-pacifico-no-peru\/#article","isPartOf":{"@id":"https:\/\/diariodepe.com.br\/cri\/2024\/11\/12\/proxima-cupula-de-cooperacao-economica-da-asia-pacifico-no-peru\/"},"author":{"name":"Ismael Lucas S. Pereira","@id":"https:\/\/diariodepe.com.br\/cri\/#\/schema\/person\/121bb28d84f1a5b1205ef4ce9c2e0c6b"},"headline":"Pr\u00f3xima C\u00fapula de Coopera\u00e7\u00e3o Econ\u00f4mica da \u00c1sia-Pac\u00edfico no Peru","datePublished":"2024-11-13T02:23:04+00:00","dateModified":"2024-11-13T02:41:10+00:00","mainEntityOfPage":{"@id":"https:\/\/diariodepe.com.br\/cri\/2024\/11\/12\/proxima-cupula-de-cooperacao-economica-da-asia-pacifico-no-peru\/"},"wordCount":955,"commentCount":0,"publisher":{"@id":"https:\/\/diariodepe.com.br\/cri\/#organization"},"image":{"@id":"https:\/\/diariodepe.com.br\/cri\/2024\/11\/12\/proxima-cupula-de-cooperacao-economica-da-asia-pacifico-no-peru\/#primaryimage"},"thumbnailUrl":"https:\/\/p1crires.cri.cn\/photoworkspace\/cri\/contentimg\/2024\/11\/12\/2024111214501182174.jpg","articleSection":["Vis\u00e3o"],"inLanguage":"pt-BR","potentialAction":[{"@type":"CommentAction","name":"Comment","target":["https:\/\/diariodepe.com.br\/cri\/2024\/11\/12\/proxima-cupula-de-cooperacao-economica-da-asia-pacifico-no-peru\/#respond"]}]},{"@type":"WebPage","@id":"https:\/\/diariodepe.com.br\/cri\/2024\/11\/12\/proxima-cupula-de-cooperacao-economica-da-asia-pacifico-no-peru\/","url":"https:\/\/diariodepe.com.br\/cri\/2024\/11\/12\/proxima-cupula-de-cooperacao-economica-da-asia-pacifico-no-peru\/","name":"Pr\u00f3xima C\u00fapula de Coopera\u00e7\u00e3o Econ\u00f4mica da \u00c1sia-Pac\u00edfico no Peru - CRI e Diario de Pernambuco","isPartOf":{"@id":"https:\/\/diariodepe.com.br\/cri\/#website"},"primaryImageOfPage":{"@id":"https:\/\/diariodepe.com.br\/cri\/2024\/11\/12\/proxima-cupula-de-cooperacao-economica-da-asia-pacifico-no-peru\/#primaryimage"},"image":{"@id":"https:\/\/diariodepe.com.br\/cri\/2024\/11\/12\/proxima-cupula-de-cooperacao-economica-da-asia-pacifico-no-peru\/#primaryimage"},"thumbnailUrl":"https:\/\/p1crires.cri.cn\/photoworkspace\/cri\/contentimg\/2024\/11\/12\/2024111214501182174.jpg","datePublished":"2024-11-13T02:23:04+00:00","dateModified":"2024-11-13T02:41:10+00:00","breadcrumb":{"@id":"https:\/\/diariodepe.com.br\/cri\/2024\/11\/12\/proxima-cupula-de-cooperacao-economica-da-asia-pacifico-no-peru\/#breadcrumb"},"inLanguage":"pt-BR","potentialAction":[{"@type":"ReadAction","target":["https:\/\/diariodepe.com.br\/cri\/2024\/11\/12\/proxima-cupula-de-cooperacao-economica-da-asia-pacifico-no-peru\/"]}]},{"@type":"ImageObject","inLanguage":"pt-BR","@id":"https:\/\/diariodepe.com.br\/cri\/2024\/11\/12\/proxima-cupula-de-cooperacao-economica-da-asia-pacifico-no-peru\/#primaryimage","url":"https:\/\/p1crires.cri.cn\/photoworkspace\/cri\/contentimg\/2024\/11\/12\/2024111214501182174.jpg","contentUrl":"https:\/\/p1crires.cri.cn\/photoworkspace\/cri\/contentimg\/2024\/11\/12\/2024111214501182174.jpg"},{"@type":"BreadcrumbList","@id":"https:\/\/diariodepe.com.br\/cri\/2024\/11\/12\/proxima-cupula-de-cooperacao-economica-da-asia-pacifico-no-peru\/#breadcrumb","itemListElement":[{"@type":"ListItem","position":1,"name":"In\u00edcio","item":"https:\/\/diariodepe.com.br\/cri\/"},{"@type":"ListItem","position":2,"name":"Pr\u00f3xima C\u00fapula de Coopera\u00e7\u00e3o Econ\u00f4mica da \u00c1sia-Pac\u00edfico no Peru"}]},{"@type":"WebSite","@id":"https:\/\/diariodepe.com.br\/cri\/#website","url":"https:\/\/diariodepe.com.br\/cri\/","name":"CRI e Diario de Pernambuco","description":"R\u00e1dio Internacional da China","publisher":{"@id":"https:\/\/diariodepe.com.br\/cri\/#organization"},"potentialAction":[{"@type":"SearchAction","target":{"@type":"EntryPoint","urlTemplate":"https:\/\/diariodepe.com.br\/cri\/?s={search_term_string}"},"query-input":{"@type":"PropertyValueSpecification","valueRequired":true,"valueName":"search_term_string"}}],"inLanguage":"pt-BR"},{"@type":"Organization","@id":"https:\/\/diariodepe.com.br\/cri\/#organization","name":"CRI e Diario de Pernambuco","url":"https:\/\/diariodepe.com.br\/cri\/","logo":{"@type":"ImageObject","inLanguage":"pt-BR","@id":"https:\/\/diariodepe.com.br\/cri\/#\/schema\/logo\/image\/","url":"https:\/\/diariodepe.com.br\/cri\/wp-content\/uploads\/sites\/2\/2022\/12\/cropped-Logo.jpg","contentUrl":"https:\/\/diariodepe.com.br\/cri\/wp-content\/uploads\/sites\/2\/2022\/12\/cropped-Logo.jpg","width":700,"height":59,"caption":"CRI e Diario de Pernambuco"},"image":{"@id":"https:\/\/diariodepe.com.br\/cri\/#\/schema\/logo\/image\/"}},{"@type":"Person","@id":"https:\/\/diariodepe.com.br\/cri\/#\/schema\/person\/121bb28d84f1a5b1205ef4ce9c2e0c6b","name":"Ismael Lucas S. Pereira","image":{"@type":"ImageObject","inLanguage":"pt-BR","@id":"https:\/\/secure.gravatar.com\/avatar\/887a0f3b5a7ceea963a48499fb883ffce6b5037362def025c52c2505b15d63e4?s=96&d=mm&r=g","url":"https:\/\/secure.gravatar.com\/avatar\/887a0f3b5a7ceea963a48499fb883ffce6b5037362def025c52c2505b15d63e4?s=96&d=mm&r=g","contentUrl":"https:\/\/secure.gravatar.com\/avatar\/887a0f3b5a7ceea963a48499fb883ffce6b5037362def025c52c2505b15d63e4?s=96&d=mm&r=g","caption":"Ismael Lucas S. Pereira"},"url":"https:\/\/diariodepe.com.br\/cri\/author\/ismael-lucas\/"}]}},"cc_featured_image_caption":{"caption_text":false,"source_text":false,"source_url":false},"amp_enabled":true,"_links":{"self":[{"href":"https:\/\/diariodepe.com.br\/cri\/wp-json\/wp\/v2\/posts\/6609","targetHints":{"allow":["GET"]}}],"collection":[{"href":"https:\/\/diariodepe.com.br\/cri\/wp-json\/wp\/v2\/posts"}],"about":[{"href":"https:\/\/diariodepe.com.br\/cri\/wp-json\/wp\/v2\/types\/post"}],"author":[{"embeddable":true,"href":"https:\/\/diariodepe.com.br\/cri\/wp-json\/wp\/v2\/users\/2"}],"replies":[{"embeddable":true,"href":"https:\/\/diariodepe.com.br\/cri\/wp-json\/wp\/v2\/comments?post=6609"}],"version-history":[{"count":3,"href":"https:\/\/diariodepe.com.br\/cri\/wp-json\/wp\/v2\/posts\/6609\/revisions"}],"predecessor-version":[{"id":6614,"href":"https:\/\/diariodepe.com.br\/cri\/wp-json\/wp\/v2\/posts\/6609\/revisions\/6614"}],"wp:attachment":[{"href":"https:\/\/diariodepe.com.br\/cri\/wp-json\/wp\/v2\/media?parent=6609"}],"wp:term":[{"taxonomy":"category","embeddable":true,"href":"https:\/\/diariodepe.com.br\/cri\/wp-json\/wp\/v2\/categories?post=6609"},{"taxonomy":"post_tag","embeddable":true,"href":"https:\/\/diariodepe.com.br\/cri\/wp-json\/wp\/v2\/tags?post=6609"}],"curies":[{"name":"wp","href":"https:\/\/api.w.org\/{rel}","templated":true}]}}