{"id":6592,"date":"2024-11-08T04:17:26","date_gmt":"2024-11-08T07:17:26","guid":{"rendered":"https:\/\/diariodepe.com.br\/cri\/?p=6592"},"modified":"2024-11-08T04:17:26","modified_gmt":"2024-11-08T07:17:26","slug":"novos-e-velhos-amigos-dos-paises-de-lingua-portuguesa-reunem-se-na-ciie","status":"publish","type":"post","link":"https:\/\/diariodepe.com.br\/cri\/2024\/11\/08\/novos-e-velhos-amigos-dos-paises-de-lingua-portuguesa-reunem-se-na-ciie\/","title":{"rendered":"Novos e velhos amigos dos pa\u00edses de l\u00edngua portuguesa re\u00fanem-se na CIIE"},"content":{"rendered":"<p>Na 7\u00aa edi\u00e7\u00e3o da Exposi\u00e7\u00e3o Internacional de Importa\u00e7\u00e3o da China (CIIE, na sigla em ingl\u00eas), muitos \u201cnovos e velhos amigos\u201d dos pa\u00edses de l\u00edngua portuguesa est\u00e3o presentes! Vamos juntos conferir quem encontramos por aqui!<\/p>\n<p><iframe title=\"Novos e velhos amigos dos pa\u00edses de l\u00edngua portuguesa re\u00fanem-se na CIIE\" width=\"640\" height=\"360\" src=\"https:\/\/www.youtube.com\/embed\/zgx69uQ7gZE?feature=oembed\" frameborder=\"0\" allow=\"accelerometer; autoplay; clipboard-write; encrypted-media; gyroscope; picture-in-picture; web-share\" referrerpolicy=\"strict-origin-when-cross-origin\" allowfullscreen><\/iframe><\/p>\n","protected":false},"excerpt":{"rendered":"<p>Na 7\u00aa edi\u00e7\u00e3o da Exposi\u00e7\u00e3o Internacional de Importa\u00e7\u00e3o da China (CIIE, na sigla em ingl\u00eas), muitos \u201cnovos e velhos amigos\u201d dos pa\u00edses de l\u00edngua portuguesa est\u00e3o presentes! Vamos juntos conferir quem encontramos por aqui!<\/p>\n","protected":false},"author":2,"featured_media":0,"comment_status":"open","ping_status":"open","sticky":false,"template":"","format":"standard","meta":{"footnotes":""},"categories":[11],"tags":[],"class_list":["post-6592","post","type-post","status-publish","format-standard","hentry","category-videos"],"yoast_head":"<!-- This site is optimized with the Yoast SEO plugin v27.4 - https:\/\/yoast.com\/product\/yoast-seo-wordpress\/ -->\n<title>Novos e velhos amigos dos pa\u00edses de l\u00edngua portuguesa re\u00fanem-se na CIIE - CRI e Diario de Pernambuco<\/title>\n<meta name=\"robots\" content=\"index, follow, max-snippet:-1, max-image-preview:large, max-video-preview:-1\" \/>\n<link rel=\"canonical\" href=\"https:\/\/diariodepe.com.br\/cri\/2024\/11\/08\/novos-e-velhos-amigos-dos-paises-de-lingua-portuguesa-reunem-se-na-ciie\/\" \/>\n<meta property=\"og:locale\" content=\"pt_BR\" \/>\n<meta property=\"og:type\" content=\"article\" \/>\n<meta property=\"og:title\" content=\"Novos e velhos amigos dos pa\u00edses de l\u00edngua portuguesa re\u00fanem-se na CIIE - CRI e Diario de Pernambuco\" \/>\n<meta property=\"og:description\" content=\"Na 7\u00aa edi\u00e7\u00e3o da Exposi\u00e7\u00e3o Internacional de Importa\u00e7\u00e3o da China (CIIE, na sigla em ingl\u00eas), muitos \u201cnovos e velhos amigos\u201d dos pa\u00edses de l\u00edngua portuguesa est\u00e3o presentes! Vamos juntos conferir quem encontramos por aqui!\" \/>\n<meta property=\"og:url\" content=\"https:\/\/diariodepe.com.br\/cri\/2024\/11\/08\/novos-e-velhos-amigos-dos-paises-de-lingua-portuguesa-reunem-se-na-ciie\/\" \/>\n<meta property=\"og:site_name\" content=\"CRI e Diario de Pernambuco\" \/>\n<meta property=\"article:published_time\" content=\"2024-11-08T07:17:26+00:00\" \/>\n<meta name=\"author\" content=\"Ismael Lucas S. Pereira\" \/>\n<meta name=\"twitter:card\" content=\"summary_large_image\" \/>\n<meta name=\"twitter:label1\" content=\"Escrito por\" \/>\n\t<meta name=\"twitter:data1\" content=\"Ismael Lucas S. Pereira\" \/>\n\t<meta name=\"twitter:label2\" content=\"Est. tempo de leitura\" \/>\n\t<meta name=\"twitter:data2\" content=\"1 minuto\" \/>\n<script type=\"application\/ld+json\" class=\"yoast-schema-graph\">{\"@context\":\"https:\\\/\\\/schema.org\",\"@graph\":[{\"@type\":\"Article\",\"@id\":\"https:\\\/\\\/diariodepe.com.br\\\/cri\\\/2024\\\/11\\\/08\\\/novos-e-velhos-amigos-dos-paises-de-lingua-portuguesa-reunem-se-na-ciie\\\/#article\",\"isPartOf\":{\"@id\":\"https:\\\/\\\/diariodepe.com.br\\\/cri\\\/2024\\\/11\\\/08\\\/novos-e-velhos-amigos-dos-paises-de-lingua-portuguesa-reunem-se-na-ciie\\\/\"},\"author\":{\"name\":\"Ismael Lucas S. Pereira\",\"@id\":\"https:\\\/\\\/diariodepe.com.br\\\/cri\\\/#\\\/schema\\\/person\\\/121bb28d84f1a5b1205ef4ce9c2e0c6b\"},\"headline\":\"Novos e velhos amigos dos pa\u00edses de l\u00edngua portuguesa re\u00fanem-se na CIIE\",\"datePublished\":\"2024-11-08T07:17:26+00:00\",\"mainEntityOfPage\":{\"@id\":\"https:\\\/\\\/diariodepe.com.br\\\/cri\\\/2024\\\/11\\\/08\\\/novos-e-velhos-amigos-dos-paises-de-lingua-portuguesa-reunem-se-na-ciie\\\/\"},\"wordCount\":66,\"commentCount\":0,\"publisher\":{\"@id\":\"https:\\\/\\\/diariodepe.com.br\\\/cri\\\/#organization\"},\"articleSection\":[\"V\u00eddeos\"],\"inLanguage\":\"pt-BR\",\"potentialAction\":[{\"@type\":\"CommentAction\",\"name\":\"Comment\",\"target\":[\"https:\\\/\\\/diariodepe.com.br\\\/cri\\\/2024\\\/11\\\/08\\\/novos-e-velhos-amigos-dos-paises-de-lingua-portuguesa-reunem-se-na-ciie\\\/#respond\"]}]},{\"@type\":\"WebPage\",\"@id\":\"https:\\\/\\\/diariodepe.com.br\\\/cri\\\/2024\\\/11\\\/08\\\/novos-e-velhos-amigos-dos-paises-de-lingua-portuguesa-reunem-se-na-ciie\\\/\",\"url\":\"https:\\\/\\\/diariodepe.com.br\\\/cri\\\/2024\\\/11\\\/08\\\/novos-e-velhos-amigos-dos-paises-de-lingua-portuguesa-reunem-se-na-ciie\\\/\",\"name\":\"Novos e velhos amigos dos pa\u00edses de l\u00edngua portuguesa re\u00fanem-se na CIIE - CRI e Diario de Pernambuco\",\"isPartOf\":{\"@id\":\"https:\\\/\\\/diariodepe.com.br\\\/cri\\\/#website\"},\"datePublished\":\"2024-11-08T07:17:26+00:00\",\"breadcrumb\":{\"@id\":\"https:\\\/\\\/diariodepe.com.br\\\/cri\\\/2024\\\/11\\\/08\\\/novos-e-velhos-amigos-dos-paises-de-lingua-portuguesa-reunem-se-na-ciie\\\/#breadcrumb\"},\"inLanguage\":\"pt-BR\",\"potentialAction\":[{\"@type\":\"ReadAction\",\"target\":[\"https:\\\/\\\/diariodepe.com.br\\\/cri\\\/2024\\\/11\\\/08\\\/novos-e-velhos-amigos-dos-paises-de-lingua-portuguesa-reunem-se-na-ciie\\\/\"]}]},{\"@type\":\"BreadcrumbList\",\"@id\":\"https:\\\/\\\/diariodepe.com.br\\\/cri\\\/2024\\\/11\\\/08\\\/novos-e-velhos-amigos-dos-paises-de-lingua-portuguesa-reunem-se-na-ciie\\\/#breadcrumb\",\"itemListElement\":[{\"@type\":\"ListItem\",\"position\":1,\"name\":\"In\u00edcio\",\"item\":\"https:\\\/\\\/diariodepe.com.br\\\/cri\\\/\"},{\"@type\":\"ListItem\",\"position\":2,\"name\":\"Novos e velhos amigos dos pa\u00edses de l\u00edngua portuguesa re\u00fanem-se na CIIE\"}]},{\"@type\":\"WebSite\",\"@id\":\"https:\\\/\\\/diariodepe.com.br\\\/cri\\\/#website\",\"url\":\"https:\\\/\\\/diariodepe.com.br\\\/cri\\\/\",\"name\":\"CRI e Diario de Pernambuco\",\"description\":\"R\u00e1dio Internacional da China\",\"publisher\":{\"@id\":\"https:\\\/\\\/diariodepe.com.br\\\/cri\\\/#organization\"},\"potentialAction\":[{\"@type\":\"SearchAction\",\"target\":{\"@type\":\"EntryPoint\",\"urlTemplate\":\"https:\\\/\\\/diariodepe.com.br\\\/cri\\\/?s={search_term_string}\"},\"query-input\":{\"@type\":\"PropertyValueSpecification\",\"valueRequired\":true,\"valueName\":\"search_term_string\"}}],\"inLanguage\":\"pt-BR\"},{\"@type\":\"Organization\",\"@id\":\"https:\\\/\\\/diariodepe.com.br\\\/cri\\\/#organization\",\"name\":\"CRI e Diario de Pernambuco\",\"url\":\"https:\\\/\\\/diariodepe.com.br\\\/cri\\\/\",\"logo\":{\"@type\":\"ImageObject\",\"inLanguage\":\"pt-BR\",\"@id\":\"https:\\\/\\\/diariodepe.com.br\\\/cri\\\/#\\\/schema\\\/logo\\\/image\\\/\",\"url\":\"https:\\\/\\\/diariodepe.com.br\\\/cri\\\/wp-content\\\/uploads\\\/sites\\\/2\\\/2022\\\/12\\\/cropped-Logo.jpg\",\"contentUrl\":\"https:\\\/\\\/diariodepe.com.br\\\/cri\\\/wp-content\\\/uploads\\\/sites\\\/2\\\/2022\\\/12\\\/cropped-Logo.jpg\",\"width\":700,\"height\":59,\"caption\":\"CRI e Diario de Pernambuco\"},\"image\":{\"@id\":\"https:\\\/\\\/diariodepe.com.br\\\/cri\\\/#\\\/schema\\\/logo\\\/image\\\/\"}},{\"@type\":\"Person\",\"@id\":\"https:\\\/\\\/diariodepe.com.br\\\/cri\\\/#\\\/schema\\\/person\\\/121bb28d84f1a5b1205ef4ce9c2e0c6b\",\"name\":\"Ismael Lucas S. Pereira\",\"image\":{\"@type\":\"ImageObject\",\"inLanguage\":\"pt-BR\",\"@id\":\"https:\\\/\\\/secure.gravatar.com\\\/avatar\\\/887a0f3b5a7ceea963a48499fb883ffce6b5037362def025c52c2505b15d63e4?s=96&d=mm&r=g\",\"url\":\"https:\\\/\\\/secure.gravatar.com\\\/avatar\\\/887a0f3b5a7ceea963a48499fb883ffce6b5037362def025c52c2505b15d63e4?s=96&d=mm&r=g\",\"contentUrl\":\"https:\\\/\\\/secure.gravatar.com\\\/avatar\\\/887a0f3b5a7ceea963a48499fb883ffce6b5037362def025c52c2505b15d63e4?s=96&d=mm&r=g\",\"caption\":\"Ismael Lucas S. Pereira\"},\"url\":\"https:\\\/\\\/diariodepe.com.br\\\/cri\\\/author\\\/ismael-lucas\\\/\"}]}<\/script>\n<!-- \/ Yoast SEO plugin. -->","yoast_head_json":{"title":"Novos e velhos amigos dos pa\u00edses de l\u00edngua portuguesa re\u00fanem-se na CIIE - CRI e Diario de Pernambuco","robots":{"index":"index","follow":"follow","max-snippet":"max-snippet:-1","max-image-preview":"max-image-preview:large","max-video-preview":"max-video-preview:-1"},"canonical":"https:\/\/diariodepe.com.br\/cri\/2024\/11\/08\/novos-e-velhos-amigos-dos-paises-de-lingua-portuguesa-reunem-se-na-ciie\/","og_locale":"pt_BR","og_type":"article","og_title":"Novos e velhos amigos dos pa\u00edses de l\u00edngua portuguesa re\u00fanem-se na CIIE - CRI e Diario de Pernambuco","og_description":"Na 7\u00aa edi\u00e7\u00e3o da Exposi\u00e7\u00e3o Internacional de Importa\u00e7\u00e3o da China (CIIE, na sigla em ingl\u00eas), muitos \u201cnovos e velhos amigos\u201d dos pa\u00edses de l\u00edngua portuguesa est\u00e3o presentes! Vamos juntos conferir quem encontramos por aqui!","og_url":"https:\/\/diariodepe.com.br\/cri\/2024\/11\/08\/novos-e-velhos-amigos-dos-paises-de-lingua-portuguesa-reunem-se-na-ciie\/","og_site_name":"CRI e Diario de Pernambuco","article_published_time":"2024-11-08T07:17:26+00:00","author":"Ismael Lucas S. Pereira","twitter_card":"summary_large_image","twitter_misc":{"Escrito por":"Ismael Lucas S. Pereira","Est. tempo de leitura":"1 minuto"},"schema":{"@context":"https:\/\/schema.org","@graph":[{"@type":"Article","@id":"https:\/\/diariodepe.com.br\/cri\/2024\/11\/08\/novos-e-velhos-amigos-dos-paises-de-lingua-portuguesa-reunem-se-na-ciie\/#article","isPartOf":{"@id":"https:\/\/diariodepe.com.br\/cri\/2024\/11\/08\/novos-e-velhos-amigos-dos-paises-de-lingua-portuguesa-reunem-se-na-ciie\/"},"author":{"name":"Ismael Lucas S. Pereira","@id":"https:\/\/diariodepe.com.br\/cri\/#\/schema\/person\/121bb28d84f1a5b1205ef4ce9c2e0c6b"},"headline":"Novos e velhos amigos dos pa\u00edses de l\u00edngua portuguesa re\u00fanem-se na CIIE","datePublished":"2024-11-08T07:17:26+00:00","mainEntityOfPage":{"@id":"https:\/\/diariodepe.com.br\/cri\/2024\/11\/08\/novos-e-velhos-amigos-dos-paises-de-lingua-portuguesa-reunem-se-na-ciie\/"},"wordCount":66,"commentCount":0,"publisher":{"@id":"https:\/\/diariodepe.com.br\/cri\/#organization"},"articleSection":["V\u00eddeos"],"inLanguage":"pt-BR","potentialAction":[{"@type":"CommentAction","name":"Comment","target":["https:\/\/diariodepe.com.br\/cri\/2024\/11\/08\/novos-e-velhos-amigos-dos-paises-de-lingua-portuguesa-reunem-se-na-ciie\/#respond"]}]},{"@type":"WebPage","@id":"https:\/\/diariodepe.com.br\/cri\/2024\/11\/08\/novos-e-velhos-amigos-dos-paises-de-lingua-portuguesa-reunem-se-na-ciie\/","url":"https:\/\/diariodepe.com.br\/cri\/2024\/11\/08\/novos-e-velhos-amigos-dos-paises-de-lingua-portuguesa-reunem-se-na-ciie\/","name":"Novos e velhos amigos dos pa\u00edses de l\u00edngua portuguesa re\u00fanem-se na CIIE - CRI e Diario de Pernambuco","isPartOf":{"@id":"https:\/\/diariodepe.com.br\/cri\/#website"},"datePublished":"2024-11-08T07:17:26+00:00","breadcrumb":{"@id":"https:\/\/diariodepe.com.br\/cri\/2024\/11\/08\/novos-e-velhos-amigos-dos-paises-de-lingua-portuguesa-reunem-se-na-ciie\/#breadcrumb"},"inLanguage":"pt-BR","potentialAction":[{"@type":"ReadAction","target":["https:\/\/diariodepe.com.br\/cri\/2024\/11\/08\/novos-e-velhos-amigos-dos-paises-de-lingua-portuguesa-reunem-se-na-ciie\/"]}]},{"@type":"BreadcrumbList","@id":"https:\/\/diariodepe.com.br\/cri\/2024\/11\/08\/novos-e-velhos-amigos-dos-paises-de-lingua-portuguesa-reunem-se-na-ciie\/#breadcrumb","itemListElement":[{"@type":"ListItem","position":1,"name":"In\u00edcio","item":"https:\/\/diariodepe.com.br\/cri\/"},{"@type":"ListItem","position":2,"name":"Novos e velhos amigos dos pa\u00edses de l\u00edngua portuguesa re\u00fanem-se na CIIE"}]},{"@type":"WebSite","@id":"https:\/\/diariodepe.com.br\/cri\/#website","url":"https:\/\/diariodepe.com.br\/cri\/","name":"CRI e Diario de Pernambuco","description":"R\u00e1dio Internacional da China","publisher":{"@id":"https:\/\/diariodepe.com.br\/cri\/#organization"},"potentialAction":[{"@type":"SearchAction","target":{"@type":"EntryPoint","urlTemplate":"https:\/\/diariodepe.com.br\/cri\/?s={search_term_string}"},"query-input":{"@type":"PropertyValueSpecification","valueRequired":true,"valueName":"search_term_string"}}],"inLanguage":"pt-BR"},{"@type":"Organization","@id":"https:\/\/diariodepe.com.br\/cri\/#organization","name":"CRI e Diario de Pernambuco","url":"https:\/\/diariodepe.com.br\/cri\/","logo":{"@type":"ImageObject","inLanguage":"pt-BR","@id":"https:\/\/diariodepe.com.br\/cri\/#\/schema\/logo\/image\/","url":"https:\/\/diariodepe.com.br\/cri\/wp-content\/uploads\/sites\/2\/2022\/12\/cropped-Logo.jpg","contentUrl":"https:\/\/diariodepe.com.br\/cri\/wp-content\/uploads\/sites\/2\/2022\/12\/cropped-Logo.jpg","width":700,"height":59,"caption":"CRI e Diario de Pernambuco"},"image":{"@id":"https:\/\/diariodepe.com.br\/cri\/#\/schema\/logo\/image\/"}},{"@type":"Person","@id":"https:\/\/diariodepe.com.br\/cri\/#\/schema\/person\/121bb28d84f1a5b1205ef4ce9c2e0c6b","name":"Ismael Lucas S. Pereira","image":{"@type":"ImageObject","inLanguage":"pt-BR","@id":"https:\/\/secure.gravatar.com\/avatar\/887a0f3b5a7ceea963a48499fb883ffce6b5037362def025c52c2505b15d63e4?s=96&d=mm&r=g","url":"https:\/\/secure.gravatar.com\/avatar\/887a0f3b5a7ceea963a48499fb883ffce6b5037362def025c52c2505b15d63e4?s=96&d=mm&r=g","contentUrl":"https:\/\/secure.gravatar.com\/avatar\/887a0f3b5a7ceea963a48499fb883ffce6b5037362def025c52c2505b15d63e4?s=96&d=mm&r=g","caption":"Ismael Lucas S. Pereira"},"url":"https:\/\/diariodepe.com.br\/cri\/author\/ismael-lucas\/"}]}},"cc_featured_image_caption":{"caption_text":false,"source_text":false,"source_url":false},"amp_enabled":true,"_links":{"self":[{"href":"https:\/\/diariodepe.com.br\/cri\/wp-json\/wp\/v2\/posts\/6592","targetHints":{"allow":["GET"]}}],"collection":[{"href":"https:\/\/diariodepe.com.br\/cri\/wp-json\/wp\/v2\/posts"}],"about":[{"href":"https:\/\/diariodepe.com.br\/cri\/wp-json\/wp\/v2\/types\/post"}],"author":[{"embeddable":true,"href":"https:\/\/diariodepe.com.br\/cri\/wp-json\/wp\/v2\/users\/2"}],"replies":[{"embeddable":true,"href":"https:\/\/diariodepe.com.br\/cri\/wp-json\/wp\/v2\/comments?post=6592"}],"version-history":[{"count":1,"href":"https:\/\/diariodepe.com.br\/cri\/wp-json\/wp\/v2\/posts\/6592\/revisions"}],"predecessor-version":[{"id":6593,"href":"https:\/\/diariodepe.com.br\/cri\/wp-json\/wp\/v2\/posts\/6592\/revisions\/6593"}],"wp:attachment":[{"href":"https:\/\/diariodepe.com.br\/cri\/wp-json\/wp\/v2\/media?parent=6592"}],"wp:term":[{"taxonomy":"category","embeddable":true,"href":"https:\/\/diariodepe.com.br\/cri\/wp-json\/wp\/v2\/categories?post=6592"},{"taxonomy":"post_tag","embeddable":true,"href":"https:\/\/diariodepe.com.br\/cri\/wp-json\/wp\/v2\/tags?post=6592"}],"curies":[{"name":"wp","href":"https:\/\/api.w.org\/{rel}","templated":true}]}}