{"id":6571,"date":"2024-11-06T04:26:06","date_gmt":"2024-11-06T07:26:06","guid":{"rendered":"https:\/\/diariodepe.com.br\/cri\/?p=6571"},"modified":"2024-11-06T04:26:06","modified_gmt":"2024-11-06T07:26:06","slug":"primeiro-ministro-chines-promete-maior-abertura-para-empresas-de-capital-estrangeiro","status":"publish","type":"post","link":"https:\/\/diariodepe.com.br\/cri\/2024\/11\/06\/primeiro-ministro-chines-promete-maior-abertura-para-empresas-de-capital-estrangeiro\/","title":{"rendered":"Primeiro-ministro chin\u00eas promete maior abertura para empresas de capital estrangeiro"},"content":{"rendered":"<p class=\"photo_img_20190808\"><img decoding=\"async\" src=\"https:\/\/p3crires.cri.cn\/photoworkspace\/cri\/contentimg\/2024\/11\/06\/2024110610221814469.jpeg\" alt=\"\" width=\"1000\" \/><\/p>\n<p>O primeiro-ministro chin\u00eas, Li Qiang, disse na segunda-feira que a China abrir\u00e1 mais suas portas para o mundo exterior, independentemente de como o ambiente internacional se transforme.<\/p>\n<p>Li fez as observa\u00e7\u00f5es durante uma reuni\u00e3o com expositores e compradores selecionados que participaram da 7\u00aa Exposi\u00e7\u00e3o Internacional de Importa\u00e7\u00e3o da China (CIIE), incluindo Synopsys, General Electric Company, MSD e China FAW Group Co., Ltd.<\/p>\n<p>As empresas de capital estrangeiro presentes na reuni\u00e3o expressaram otimismo em rela\u00e7\u00e3o ao mercado chin\u00eas, dizendo que v\u00e3o aprofundar sua presen\u00e7a e aumentar o investimento no pa\u00eds.<\/p>\n<p>Apesar da lenta recupera\u00e7\u00e3o econ\u00f4mica global, as opera\u00e7\u00f5es econ\u00f4micas gerais da China permaneceram est\u00e1veis e tiveram progresso, disse Li, enfatizando que o mercado chin\u00eas continua sendo uma das melhores op\u00e7\u00f5es para as empresas globais.<\/p>\n<p>A China continuar\u00e1 a facilitar o acesso ao mercado e a promover a expans\u00e3o ordenada da abertura em setores como telecomunica\u00e7\u00f5es, educa\u00e7\u00e3o, cultura e assist\u00eancia m\u00e9dica, disse o primeiro-ministro.<\/p>\n<p>Ele se comprometeu a melhorar ainda mais o ambiente de neg\u00f3cios e oferecer oportunidades iguais de acesso a fatores produtivos, licenciamento de qualifica\u00e7\u00e3o e participa\u00e7\u00e3o em compras governamentais, entre outras \u00e1reas.<\/p>\n<p>Li expressou a esperan\u00e7a de que a China se torne n\u00e3o apenas um destino de exporta\u00e7\u00e3o para empresas estrangeiras, mas tamb\u00e9m uma terra de investimento e empreendedorismo, facilitando la\u00e7os mais estreitos entre a China e o mercado global.<\/p>\n<p>Ele observou sua expectativa de que os empres\u00e1rios chineses e estrangeiros continuem a apoiar firmemente a globaliza\u00e7\u00e3o econ\u00f4mica, trabalhem juntos para promover o avan\u00e7o tecnol\u00f3gico e a moderniza\u00e7\u00e3o industrial e promovam novos motores de crescimento para a economia mundial.<\/p>\n","protected":false},"excerpt":{"rendered":"<p>O primeiro-ministro chin\u00eas, Li Qiang, disse na segunda-feira que a China abrir\u00e1 mais suas portas para o mundo exterior, independentemente de como o ambiente internacional se transforme. Li fez as observa\u00e7\u00f5es durante uma reuni\u00e3o com expositores e compradores selecionados que&#8230;<\/p>\n","protected":false},"author":2,"featured_media":0,"comment_status":"open","ping_status":"open","sticky":false,"template":"","format":"standard","meta":{"footnotes":""},"categories":[3],"tags":[],"class_list":["post-6571","post","type-post","status-publish","format-standard","hentry","category-china"],"yoast_head":"<!-- This site is optimized with the Yoast SEO plugin v27.4 - https:\/\/yoast.com\/product\/yoast-seo-wordpress\/ -->\n<title>Primeiro-ministro chin\u00eas promete maior abertura para empresas de capital estrangeiro - CRI e Diario de Pernambuco<\/title>\n<meta name=\"robots\" content=\"index, follow, max-snippet:-1, max-image-preview:large, max-video-preview:-1\" \/>\n<link rel=\"canonical\" href=\"https:\/\/diariodepe.com.br\/cri\/2024\/11\/06\/primeiro-ministro-chines-promete-maior-abertura-para-empresas-de-capital-estrangeiro\/\" \/>\n<meta property=\"og:locale\" content=\"pt_BR\" \/>\n<meta property=\"og:type\" content=\"article\" \/>\n<meta property=\"og:title\" content=\"Primeiro-ministro chin\u00eas promete maior abertura para empresas de capital estrangeiro - CRI e Diario de Pernambuco\" \/>\n<meta property=\"og:description\" content=\"O primeiro-ministro chin\u00eas, Li Qiang, disse na segunda-feira que a China abrir\u00e1 mais suas portas para o mundo exterior, independentemente de como o ambiente internacional se transforme. Li fez as observa\u00e7\u00f5es durante uma reuni\u00e3o com expositores e compradores selecionados que...\" \/>\n<meta property=\"og:url\" content=\"https:\/\/diariodepe.com.br\/cri\/2024\/11\/06\/primeiro-ministro-chines-promete-maior-abertura-para-empresas-de-capital-estrangeiro\/\" \/>\n<meta property=\"og:site_name\" content=\"CRI e Diario de Pernambuco\" \/>\n<meta property=\"article:published_time\" content=\"2024-11-06T07:26:06+00:00\" \/>\n<meta property=\"og:image\" content=\"https:\/\/p3crires.cri.cn\/photoworkspace\/cri\/contentimg\/2024\/11\/06\/2024110610221814469.jpeg\" \/>\n<meta name=\"author\" content=\"Ismael Lucas S. Pereira\" \/>\n<meta name=\"twitter:card\" content=\"summary_large_image\" \/>\n<meta name=\"twitter:label1\" content=\"Escrito por\" \/>\n\t<meta name=\"twitter:data1\" content=\"Ismael Lucas S. Pereira\" \/>\n<script type=\"application\/ld+json\" class=\"yoast-schema-graph\">{\"@context\":\"https:\\\/\\\/schema.org\",\"@graph\":[{\"@type\":\"Article\",\"@id\":\"https:\\\/\\\/diariodepe.com.br\\\/cri\\\/2024\\\/11\\\/06\\\/primeiro-ministro-chines-promete-maior-abertura-para-empresas-de-capital-estrangeiro\\\/#article\",\"isPartOf\":{\"@id\":\"https:\\\/\\\/diariodepe.com.br\\\/cri\\\/2024\\\/11\\\/06\\\/primeiro-ministro-chines-promete-maior-abertura-para-empresas-de-capital-estrangeiro\\\/\"},\"author\":{\"name\":\"Ismael Lucas S. Pereira\",\"@id\":\"https:\\\/\\\/diariodepe.com.br\\\/cri\\\/#\\\/schema\\\/person\\\/121bb28d84f1a5b1205ef4ce9c2e0c6b\"},\"headline\":\"Primeiro-ministro chin\u00eas promete maior abertura para empresas de capital estrangeiro\",\"datePublished\":\"2024-11-06T07:26:06+00:00\",\"mainEntityOfPage\":{\"@id\":\"https:\\\/\\\/diariodepe.com.br\\\/cri\\\/2024\\\/11\\\/06\\\/primeiro-ministro-chines-promete-maior-abertura-para-empresas-de-capital-estrangeiro\\\/\"},\"wordCount\":307,\"commentCount\":0,\"publisher\":{\"@id\":\"https:\\\/\\\/diariodepe.com.br\\\/cri\\\/#organization\"},\"image\":{\"@id\":\"https:\\\/\\\/diariodepe.com.br\\\/cri\\\/2024\\\/11\\\/06\\\/primeiro-ministro-chines-promete-maior-abertura-para-empresas-de-capital-estrangeiro\\\/#primaryimage\"},\"thumbnailUrl\":\"https:\\\/\\\/p3crires.cri.cn\\\/photoworkspace\\\/cri\\\/contentimg\\\/2024\\\/11\\\/06\\\/2024110610221814469.jpeg\",\"articleSection\":[\"China\"],\"inLanguage\":\"pt-BR\",\"potentialAction\":[{\"@type\":\"CommentAction\",\"name\":\"Comment\",\"target\":[\"https:\\\/\\\/diariodepe.com.br\\\/cri\\\/2024\\\/11\\\/06\\\/primeiro-ministro-chines-promete-maior-abertura-para-empresas-de-capital-estrangeiro\\\/#respond\"]}]},{\"@type\":\"WebPage\",\"@id\":\"https:\\\/\\\/diariodepe.com.br\\\/cri\\\/2024\\\/11\\\/06\\\/primeiro-ministro-chines-promete-maior-abertura-para-empresas-de-capital-estrangeiro\\\/\",\"url\":\"https:\\\/\\\/diariodepe.com.br\\\/cri\\\/2024\\\/11\\\/06\\\/primeiro-ministro-chines-promete-maior-abertura-para-empresas-de-capital-estrangeiro\\\/\",\"name\":\"Primeiro-ministro chin\u00eas promete maior abertura para empresas de capital estrangeiro - CRI e Diario de Pernambuco\",\"isPartOf\":{\"@id\":\"https:\\\/\\\/diariodepe.com.br\\\/cri\\\/#website\"},\"primaryImageOfPage\":{\"@id\":\"https:\\\/\\\/diariodepe.com.br\\\/cri\\\/2024\\\/11\\\/06\\\/primeiro-ministro-chines-promete-maior-abertura-para-empresas-de-capital-estrangeiro\\\/#primaryimage\"},\"image\":{\"@id\":\"https:\\\/\\\/diariodepe.com.br\\\/cri\\\/2024\\\/11\\\/06\\\/primeiro-ministro-chines-promete-maior-abertura-para-empresas-de-capital-estrangeiro\\\/#primaryimage\"},\"thumbnailUrl\":\"https:\\\/\\\/p3crires.cri.cn\\\/photoworkspace\\\/cri\\\/contentimg\\\/2024\\\/11\\\/06\\\/2024110610221814469.jpeg\",\"datePublished\":\"2024-11-06T07:26:06+00:00\",\"breadcrumb\":{\"@id\":\"https:\\\/\\\/diariodepe.com.br\\\/cri\\\/2024\\\/11\\\/06\\\/primeiro-ministro-chines-promete-maior-abertura-para-empresas-de-capital-estrangeiro\\\/#breadcrumb\"},\"inLanguage\":\"pt-BR\",\"potentialAction\":[{\"@type\":\"ReadAction\",\"target\":[\"https:\\\/\\\/diariodepe.com.br\\\/cri\\\/2024\\\/11\\\/06\\\/primeiro-ministro-chines-promete-maior-abertura-para-empresas-de-capital-estrangeiro\\\/\"]}]},{\"@type\":\"ImageObject\",\"inLanguage\":\"pt-BR\",\"@id\":\"https:\\\/\\\/diariodepe.com.br\\\/cri\\\/2024\\\/11\\\/06\\\/primeiro-ministro-chines-promete-maior-abertura-para-empresas-de-capital-estrangeiro\\\/#primaryimage\",\"url\":\"https:\\\/\\\/p3crires.cri.cn\\\/photoworkspace\\\/cri\\\/contentimg\\\/2024\\\/11\\\/06\\\/2024110610221814469.jpeg\",\"contentUrl\":\"https:\\\/\\\/p3crires.cri.cn\\\/photoworkspace\\\/cri\\\/contentimg\\\/2024\\\/11\\\/06\\\/2024110610221814469.jpeg\"},{\"@type\":\"BreadcrumbList\",\"@id\":\"https:\\\/\\\/diariodepe.com.br\\\/cri\\\/2024\\\/11\\\/06\\\/primeiro-ministro-chines-promete-maior-abertura-para-empresas-de-capital-estrangeiro\\\/#breadcrumb\",\"itemListElement\":[{\"@type\":\"ListItem\",\"position\":1,\"name\":\"In\u00edcio\",\"item\":\"https:\\\/\\\/diariodepe.com.br\\\/cri\\\/\"},{\"@type\":\"ListItem\",\"position\":2,\"name\":\"Primeiro-ministro chin\u00eas promete maior abertura para empresas de capital estrangeiro\"}]},{\"@type\":\"WebSite\",\"@id\":\"https:\\\/\\\/diariodepe.com.br\\\/cri\\\/#website\",\"url\":\"https:\\\/\\\/diariodepe.com.br\\\/cri\\\/\",\"name\":\"CRI e Diario de Pernambuco\",\"description\":\"R\u00e1dio Internacional da China\",\"publisher\":{\"@id\":\"https:\\\/\\\/diariodepe.com.br\\\/cri\\\/#organization\"},\"potentialAction\":[{\"@type\":\"SearchAction\",\"target\":{\"@type\":\"EntryPoint\",\"urlTemplate\":\"https:\\\/\\\/diariodepe.com.br\\\/cri\\\/?s={search_term_string}\"},\"query-input\":{\"@type\":\"PropertyValueSpecification\",\"valueRequired\":true,\"valueName\":\"search_term_string\"}}],\"inLanguage\":\"pt-BR\"},{\"@type\":\"Organization\",\"@id\":\"https:\\\/\\\/diariodepe.com.br\\\/cri\\\/#organization\",\"name\":\"CRI e Diario de Pernambuco\",\"url\":\"https:\\\/\\\/diariodepe.com.br\\\/cri\\\/\",\"logo\":{\"@type\":\"ImageObject\",\"inLanguage\":\"pt-BR\",\"@id\":\"https:\\\/\\\/diariodepe.com.br\\\/cri\\\/#\\\/schema\\\/logo\\\/image\\\/\",\"url\":\"https:\\\/\\\/diariodepe.com.br\\\/cri\\\/wp-content\\\/uploads\\\/sites\\\/2\\\/2022\\\/12\\\/cropped-Logo.jpg\",\"contentUrl\":\"https:\\\/\\\/diariodepe.com.br\\\/cri\\\/wp-content\\\/uploads\\\/sites\\\/2\\\/2022\\\/12\\\/cropped-Logo.jpg\",\"width\":700,\"height\":59,\"caption\":\"CRI e Diario de Pernambuco\"},\"image\":{\"@id\":\"https:\\\/\\\/diariodepe.com.br\\\/cri\\\/#\\\/schema\\\/logo\\\/image\\\/\"}},{\"@type\":\"Person\",\"@id\":\"https:\\\/\\\/diariodepe.com.br\\\/cri\\\/#\\\/schema\\\/person\\\/121bb28d84f1a5b1205ef4ce9c2e0c6b\",\"name\":\"Ismael Lucas S. Pereira\",\"image\":{\"@type\":\"ImageObject\",\"inLanguage\":\"pt-BR\",\"@id\":\"https:\\\/\\\/secure.gravatar.com\\\/avatar\\\/887a0f3b5a7ceea963a48499fb883ffce6b5037362def025c52c2505b15d63e4?s=96&d=mm&r=g\",\"url\":\"https:\\\/\\\/secure.gravatar.com\\\/avatar\\\/887a0f3b5a7ceea963a48499fb883ffce6b5037362def025c52c2505b15d63e4?s=96&d=mm&r=g\",\"contentUrl\":\"https:\\\/\\\/secure.gravatar.com\\\/avatar\\\/887a0f3b5a7ceea963a48499fb883ffce6b5037362def025c52c2505b15d63e4?s=96&d=mm&r=g\",\"caption\":\"Ismael Lucas S. Pereira\"},\"url\":\"https:\\\/\\\/diariodepe.com.br\\\/cri\\\/author\\\/ismael-lucas\\\/\"}]}<\/script>\n<!-- \/ Yoast SEO plugin. -->","yoast_head_json":{"title":"Primeiro-ministro chin\u00eas promete maior abertura para empresas de capital estrangeiro - CRI e Diario de Pernambuco","robots":{"index":"index","follow":"follow","max-snippet":"max-snippet:-1","max-image-preview":"max-image-preview:large","max-video-preview":"max-video-preview:-1"},"canonical":"https:\/\/diariodepe.com.br\/cri\/2024\/11\/06\/primeiro-ministro-chines-promete-maior-abertura-para-empresas-de-capital-estrangeiro\/","og_locale":"pt_BR","og_type":"article","og_title":"Primeiro-ministro chin\u00eas promete maior abertura para empresas de capital estrangeiro - CRI e Diario de Pernambuco","og_description":"O primeiro-ministro chin\u00eas, Li Qiang, disse na segunda-feira que a China abrir\u00e1 mais suas portas para o mundo exterior, independentemente de como o ambiente internacional se transforme. Li fez as observa\u00e7\u00f5es durante uma reuni\u00e3o com expositores e compradores selecionados que...","og_url":"https:\/\/diariodepe.com.br\/cri\/2024\/11\/06\/primeiro-ministro-chines-promete-maior-abertura-para-empresas-de-capital-estrangeiro\/","og_site_name":"CRI e Diario de Pernambuco","article_published_time":"2024-11-06T07:26:06+00:00","og_image":[{"url":"https:\/\/p3crires.cri.cn\/photoworkspace\/cri\/contentimg\/2024\/11\/06\/2024110610221814469.jpeg","type":"","width":"","height":""}],"author":"Ismael Lucas S. Pereira","twitter_card":"summary_large_image","twitter_misc":{"Escrito por":"Ismael Lucas S. Pereira"},"schema":{"@context":"https:\/\/schema.org","@graph":[{"@type":"Article","@id":"https:\/\/diariodepe.com.br\/cri\/2024\/11\/06\/primeiro-ministro-chines-promete-maior-abertura-para-empresas-de-capital-estrangeiro\/#article","isPartOf":{"@id":"https:\/\/diariodepe.com.br\/cri\/2024\/11\/06\/primeiro-ministro-chines-promete-maior-abertura-para-empresas-de-capital-estrangeiro\/"},"author":{"name":"Ismael Lucas S. Pereira","@id":"https:\/\/diariodepe.com.br\/cri\/#\/schema\/person\/121bb28d84f1a5b1205ef4ce9c2e0c6b"},"headline":"Primeiro-ministro chin\u00eas promete maior abertura para empresas de capital estrangeiro","datePublished":"2024-11-06T07:26:06+00:00","mainEntityOfPage":{"@id":"https:\/\/diariodepe.com.br\/cri\/2024\/11\/06\/primeiro-ministro-chines-promete-maior-abertura-para-empresas-de-capital-estrangeiro\/"},"wordCount":307,"commentCount":0,"publisher":{"@id":"https:\/\/diariodepe.com.br\/cri\/#organization"},"image":{"@id":"https:\/\/diariodepe.com.br\/cri\/2024\/11\/06\/primeiro-ministro-chines-promete-maior-abertura-para-empresas-de-capital-estrangeiro\/#primaryimage"},"thumbnailUrl":"https:\/\/p3crires.cri.cn\/photoworkspace\/cri\/contentimg\/2024\/11\/06\/2024110610221814469.jpeg","articleSection":["China"],"inLanguage":"pt-BR","potentialAction":[{"@type":"CommentAction","name":"Comment","target":["https:\/\/diariodepe.com.br\/cri\/2024\/11\/06\/primeiro-ministro-chines-promete-maior-abertura-para-empresas-de-capital-estrangeiro\/#respond"]}]},{"@type":"WebPage","@id":"https:\/\/diariodepe.com.br\/cri\/2024\/11\/06\/primeiro-ministro-chines-promete-maior-abertura-para-empresas-de-capital-estrangeiro\/","url":"https:\/\/diariodepe.com.br\/cri\/2024\/11\/06\/primeiro-ministro-chines-promete-maior-abertura-para-empresas-de-capital-estrangeiro\/","name":"Primeiro-ministro chin\u00eas promete maior abertura para empresas de capital estrangeiro - CRI e Diario de Pernambuco","isPartOf":{"@id":"https:\/\/diariodepe.com.br\/cri\/#website"},"primaryImageOfPage":{"@id":"https:\/\/diariodepe.com.br\/cri\/2024\/11\/06\/primeiro-ministro-chines-promete-maior-abertura-para-empresas-de-capital-estrangeiro\/#primaryimage"},"image":{"@id":"https:\/\/diariodepe.com.br\/cri\/2024\/11\/06\/primeiro-ministro-chines-promete-maior-abertura-para-empresas-de-capital-estrangeiro\/#primaryimage"},"thumbnailUrl":"https:\/\/p3crires.cri.cn\/photoworkspace\/cri\/contentimg\/2024\/11\/06\/2024110610221814469.jpeg","datePublished":"2024-11-06T07:26:06+00:00","breadcrumb":{"@id":"https:\/\/diariodepe.com.br\/cri\/2024\/11\/06\/primeiro-ministro-chines-promete-maior-abertura-para-empresas-de-capital-estrangeiro\/#breadcrumb"},"inLanguage":"pt-BR","potentialAction":[{"@type":"ReadAction","target":["https:\/\/diariodepe.com.br\/cri\/2024\/11\/06\/primeiro-ministro-chines-promete-maior-abertura-para-empresas-de-capital-estrangeiro\/"]}]},{"@type":"ImageObject","inLanguage":"pt-BR","@id":"https:\/\/diariodepe.com.br\/cri\/2024\/11\/06\/primeiro-ministro-chines-promete-maior-abertura-para-empresas-de-capital-estrangeiro\/#primaryimage","url":"https:\/\/p3crires.cri.cn\/photoworkspace\/cri\/contentimg\/2024\/11\/06\/2024110610221814469.jpeg","contentUrl":"https:\/\/p3crires.cri.cn\/photoworkspace\/cri\/contentimg\/2024\/11\/06\/2024110610221814469.jpeg"},{"@type":"BreadcrumbList","@id":"https:\/\/diariodepe.com.br\/cri\/2024\/11\/06\/primeiro-ministro-chines-promete-maior-abertura-para-empresas-de-capital-estrangeiro\/#breadcrumb","itemListElement":[{"@type":"ListItem","position":1,"name":"In\u00edcio","item":"https:\/\/diariodepe.com.br\/cri\/"},{"@type":"ListItem","position":2,"name":"Primeiro-ministro chin\u00eas promete maior abertura para empresas de capital estrangeiro"}]},{"@type":"WebSite","@id":"https:\/\/diariodepe.com.br\/cri\/#website","url":"https:\/\/diariodepe.com.br\/cri\/","name":"CRI e Diario de Pernambuco","description":"R\u00e1dio Internacional da China","publisher":{"@id":"https:\/\/diariodepe.com.br\/cri\/#organization"},"potentialAction":[{"@type":"SearchAction","target":{"@type":"EntryPoint","urlTemplate":"https:\/\/diariodepe.com.br\/cri\/?s={search_term_string}"},"query-input":{"@type":"PropertyValueSpecification","valueRequired":true,"valueName":"search_term_string"}}],"inLanguage":"pt-BR"},{"@type":"Organization","@id":"https:\/\/diariodepe.com.br\/cri\/#organization","name":"CRI e Diario de Pernambuco","url":"https:\/\/diariodepe.com.br\/cri\/","logo":{"@type":"ImageObject","inLanguage":"pt-BR","@id":"https:\/\/diariodepe.com.br\/cri\/#\/schema\/logo\/image\/","url":"https:\/\/diariodepe.com.br\/cri\/wp-content\/uploads\/sites\/2\/2022\/12\/cropped-Logo.jpg","contentUrl":"https:\/\/diariodepe.com.br\/cri\/wp-content\/uploads\/sites\/2\/2022\/12\/cropped-Logo.jpg","width":700,"height":59,"caption":"CRI e Diario de Pernambuco"},"image":{"@id":"https:\/\/diariodepe.com.br\/cri\/#\/schema\/logo\/image\/"}},{"@type":"Person","@id":"https:\/\/diariodepe.com.br\/cri\/#\/schema\/person\/121bb28d84f1a5b1205ef4ce9c2e0c6b","name":"Ismael Lucas S. Pereira","image":{"@type":"ImageObject","inLanguage":"pt-BR","@id":"https:\/\/secure.gravatar.com\/avatar\/887a0f3b5a7ceea963a48499fb883ffce6b5037362def025c52c2505b15d63e4?s=96&d=mm&r=g","url":"https:\/\/secure.gravatar.com\/avatar\/887a0f3b5a7ceea963a48499fb883ffce6b5037362def025c52c2505b15d63e4?s=96&d=mm&r=g","contentUrl":"https:\/\/secure.gravatar.com\/avatar\/887a0f3b5a7ceea963a48499fb883ffce6b5037362def025c52c2505b15d63e4?s=96&d=mm&r=g","caption":"Ismael Lucas S. Pereira"},"url":"https:\/\/diariodepe.com.br\/cri\/author\/ismael-lucas\/"}]}},"cc_featured_image_caption":{"caption_text":false,"source_text":false,"source_url":false},"amp_enabled":true,"_links":{"self":[{"href":"https:\/\/diariodepe.com.br\/cri\/wp-json\/wp\/v2\/posts\/6571","targetHints":{"allow":["GET"]}}],"collection":[{"href":"https:\/\/diariodepe.com.br\/cri\/wp-json\/wp\/v2\/posts"}],"about":[{"href":"https:\/\/diariodepe.com.br\/cri\/wp-json\/wp\/v2\/types\/post"}],"author":[{"embeddable":true,"href":"https:\/\/diariodepe.com.br\/cri\/wp-json\/wp\/v2\/users\/2"}],"replies":[{"embeddable":true,"href":"https:\/\/diariodepe.com.br\/cri\/wp-json\/wp\/v2\/comments?post=6571"}],"version-history":[{"count":1,"href":"https:\/\/diariodepe.com.br\/cri\/wp-json\/wp\/v2\/posts\/6571\/revisions"}],"predecessor-version":[{"id":6572,"href":"https:\/\/diariodepe.com.br\/cri\/wp-json\/wp\/v2\/posts\/6571\/revisions\/6572"}],"wp:attachment":[{"href":"https:\/\/diariodepe.com.br\/cri\/wp-json\/wp\/v2\/media?parent=6571"}],"wp:term":[{"taxonomy":"category","embeddable":true,"href":"https:\/\/diariodepe.com.br\/cri\/wp-json\/wp\/v2\/categories?post=6571"},{"taxonomy":"post_tag","embeddable":true,"href":"https:\/\/diariodepe.com.br\/cri\/wp-json\/wp\/v2\/tags?post=6571"}],"curies":[{"name":"wp","href":"https:\/\/api.w.org\/{rel}","templated":true}]}}