{"id":6567,"date":"2024-11-04T04:56:52","date_gmt":"2024-11-04T07:56:52","guid":{"rendered":"https:\/\/diariodepe.com.br\/cri\/?p=6567"},"modified":"2024-11-04T04:56:52","modified_gmt":"2024-11-04T07:56:52","slug":"alto-funcionario-chines-promete-promover-lacos-com-italia","status":"publish","type":"post","link":"https:\/\/diariodepe.com.br\/cri\/2024\/11\/04\/alto-funcionario-chines-promete-promover-lacos-com-italia\/","title":{"rendered":"Alto funcion\u00e1rio chin\u00eas promete promover la\u00e7os com It\u00e1lia"},"content":{"rendered":"<p data-spm-anchor-id=\"0.0.0.i1\">O alto funcion\u00e1rio chin\u00eas Li Xi se reuniu com l\u00edderes italianos nesta semana para aprofundar os la\u00e7os estrat\u00e9gicos, marcando o 20\u00ba\u00a0anivers\u00e1rio da parceria estrat\u00e9gica abrangente China-It\u00e1lia e promovendo a coopera\u00e7\u00e3o em \u00e1reas como energia verde e tecnologia digital.<\/p>\n<p>Li, membro do Comit\u00ea Permanente do Bir\u00f4 Pol\u00edtico do Comit\u00ea Central do Partido Comunista da China (PCCh) e secret\u00e1rio da Comiss\u00e3o Central de Inspe\u00e7\u00e3o Disciplinar do PCCh, reuniu-se com o presidente do Senado da It\u00e1lia, Ignazio La Russa, e com o vice-primeiro-ministro e ministro das Rela\u00e7\u00f5es Exteriores, Antonio Tajani, em Roma, durante sua visita de quarta a s\u00e1bado, a convite do Senado italiano.<\/p>\n<p>Durante as reuni\u00f5es, Li destacou os la\u00e7os duradouros entre a China e a It\u00e1lia e pediu aos dois lados que implementem o consenso alcan\u00e7ado pelo presidente chin\u00eas, Xi Jinping, e pela primeira-ministra italiana, Giorgia Meloni, em julho.<\/p>\n<p>Li enfatizou a coopera\u00e7\u00e3o por meio do &#8220;Plano de A\u00e7\u00e3o China-It\u00e1lia&#8221;, que visa aumentar a confian\u00e7a pol\u00edtica e a colabora\u00e7\u00e3o nos setores existentes e emergentes, como energia verde, economia digital e intelig\u00eancia artificial. Ele tamb\u00e9m destacou a import\u00e2ncia de melhorar os interc\u00e2mbios entre pessoas e a coordena\u00e7\u00e3o multilateral em arenas multilaterais como as Na\u00e7\u00f5es Unidas e o Grupo dos 20 (G20) para elevar as rela\u00e7\u00f5es China-It\u00e1lia.<\/p>\n<p>A China e a Europa compartilham amplos interesses comuns na defesa do multilateralismo, no combate \u00e0s mudan\u00e7as clim\u00e1ticas e na promo\u00e7\u00e3o da recupera\u00e7\u00e3o econ\u00f4mica global, disse Li, observando que a China defende a resolu\u00e7\u00e3o das quest\u00f5es econ\u00f4micas e comerciais relevantes por meio de consultas baseadas em princ\u00edpios pragm\u00e1ticos e equilibrados.<\/p>\n<p>Ele pediu ao lado italiano que veja as rela\u00e7\u00f5es econ\u00f4micas e comerciais China-Europa &#8220;com uma atitude aberta e uma perspectiva de longo prazo&#8221; e desempenhe um papel construtivo nas consultas e negocia\u00e7\u00f5es China-Europa.<\/p>\n<p>A China est\u00e1 disposta a trabalhar em conjunto com a It\u00e1lia e outros pa\u00edses europeus para promover o desenvolvimento saud\u00e1vel e est\u00e1vel das rela\u00e7\u00f5es China-Europa, observou ele.<\/p>\n<p>Li tamb\u00e9m elogiou os sucessos da campanha anticorrup\u00e7\u00e3o da China, que refor\u00e7ou a confian\u00e7a do p\u00fablico no Partido. A China continuar\u00e1 a buscar uma abordagem \u00fanica para o combate \u00e0 corrup\u00e7\u00e3o, alavancando os pontos fortes institucionais e legais para criar um sistema em que os funcion\u00e1rios p\u00fablicos &#8220;n\u00e3o ousam, n\u00e3o podem e n\u00e3o querem se envolver em corrup\u00e7\u00e3o&#8221;, alcan\u00e7ando uma governan\u00e7a preventiva e abrangente, disse ele.<\/p>\n<p>A China est\u00e1 comprometida em compartilhar insights de governan\u00e7a e melhorar a coopera\u00e7\u00e3o anticorrup\u00e7\u00e3o com outros pa\u00edses, incluindo a It\u00e1lia, observou Li.<\/p>\n<p>La Russa falou muito bem da amizade hist\u00f3rica entre a It\u00e1lia e a China, elogiando as conquistas do PCCh na constru\u00e7\u00e3o do Partido e na moderniza\u00e7\u00e3o da China, afirmando a prontid\u00e3o da It\u00e1lia para melhorar os interc\u00e2mbios entre os \u00f3rg\u00e3os legislativos e partidos pol\u00edticos.<\/p>\n<p>Tajani enfatizou o papel da China como um parceiro econ\u00f4mico vital, observando que a It\u00e1lia espera fortalecer os interc\u00e2mbios econ\u00f4micos e comerciais com a China, promovendo um relacionamento equilibrado e mutuamente ben\u00e9fico. Ele reiterou o compromisso da It\u00e1lia com pol\u00edticas econ\u00f4micas abertas e de trabalhar ativamente para resolver os atritos comerciais entre a Europa e a China por meio de negocia\u00e7\u00f5es.<\/p>\n<p>A It\u00e1lia tamb\u00e9m procura trabalhar com a China para promover a paz e a estabilidade globais em meio aos desafios de hoje, observou ele.<\/p>\n<p>Durante sua visita, Li tamb\u00e9m viajou a Veneza para participar de um evento de interc\u00e2mbio cultural intitulado &#8220;Seja um Marco Polo contempor\u00e2neo, construa uma nova ponte de amizade&#8221;, marcando os 700 anos da morte de Marco Polo.<\/p>\n","protected":false},"excerpt":{"rendered":"<p>O alto funcion\u00e1rio chin\u00eas Li Xi se reuniu com l\u00edderes italianos nesta semana para aprofundar os la\u00e7os estrat\u00e9gicos, marcando o 20\u00ba\u00a0anivers\u00e1rio da parceria estrat\u00e9gica abrangente China-It\u00e1lia e promovendo a coopera\u00e7\u00e3o em \u00e1reas como energia verde e tecnologia digital. Li, membro&#8230;<\/p>\n","protected":false},"author":2,"featured_media":0,"comment_status":"open","ping_status":"open","sticky":false,"template":"","format":"standard","meta":{"footnotes":""},"categories":[8],"tags":[],"class_list":["post-6567","post","type-post","status-publish","format-standard","hentry","category-internacional"],"yoast_head":"<!-- This site is optimized with the Yoast SEO plugin v27.4 - https:\/\/yoast.com\/product\/yoast-seo-wordpress\/ -->\n<title>Alto funcion\u00e1rio chin\u00eas promete promover la\u00e7os com It\u00e1lia - CRI e Diario de Pernambuco<\/title>\n<meta name=\"robots\" content=\"index, follow, max-snippet:-1, max-image-preview:large, max-video-preview:-1\" \/>\n<link rel=\"canonical\" href=\"https:\/\/diariodepe.com.br\/cri\/2024\/11\/04\/alto-funcionario-chines-promete-promover-lacos-com-italia\/\" \/>\n<meta property=\"og:locale\" content=\"pt_BR\" \/>\n<meta property=\"og:type\" content=\"article\" \/>\n<meta property=\"og:title\" content=\"Alto funcion\u00e1rio chin\u00eas promete promover la\u00e7os com It\u00e1lia - CRI e Diario de Pernambuco\" \/>\n<meta property=\"og:description\" content=\"O alto funcion\u00e1rio chin\u00eas Li Xi se reuniu com l\u00edderes italianos nesta semana para aprofundar os la\u00e7os estrat\u00e9gicos, marcando o 20\u00ba\u00a0anivers\u00e1rio da parceria estrat\u00e9gica abrangente China-It\u00e1lia e promovendo a coopera\u00e7\u00e3o em \u00e1reas como energia verde e tecnologia digital. Li, membro...\" \/>\n<meta property=\"og:url\" content=\"https:\/\/diariodepe.com.br\/cri\/2024\/11\/04\/alto-funcionario-chines-promete-promover-lacos-com-italia\/\" \/>\n<meta property=\"og:site_name\" content=\"CRI e Diario de Pernambuco\" \/>\n<meta property=\"article:published_time\" content=\"2024-11-04T07:56:52+00:00\" \/>\n<meta name=\"author\" content=\"Ismael Lucas S. Pereira\" \/>\n<meta name=\"twitter:card\" content=\"summary_large_image\" \/>\n<meta name=\"twitter:label1\" content=\"Escrito por\" \/>\n\t<meta name=\"twitter:data1\" content=\"Ismael Lucas S. Pereira\" \/>\n\t<meta name=\"twitter:label2\" content=\"Est. tempo de leitura\" \/>\n\t<meta name=\"twitter:data2\" content=\"4 minutos\" \/>\n<script type=\"application\/ld+json\" class=\"yoast-schema-graph\">{\"@context\":\"https:\\\/\\\/schema.org\",\"@graph\":[{\"@type\":\"Article\",\"@id\":\"https:\\\/\\\/diariodepe.com.br\\\/cri\\\/2024\\\/11\\\/04\\\/alto-funcionario-chines-promete-promover-lacos-com-italia\\\/#article\",\"isPartOf\":{\"@id\":\"https:\\\/\\\/diariodepe.com.br\\\/cri\\\/2024\\\/11\\\/04\\\/alto-funcionario-chines-promete-promover-lacos-com-italia\\\/\"},\"author\":{\"name\":\"Ismael Lucas S. Pereira\",\"@id\":\"https:\\\/\\\/diariodepe.com.br\\\/cri\\\/#\\\/schema\\\/person\\\/121bb28d84f1a5b1205ef4ce9c2e0c6b\"},\"headline\":\"Alto funcion\u00e1rio chin\u00eas promete promover la\u00e7os com It\u00e1lia\",\"datePublished\":\"2024-11-04T07:56:52+00:00\",\"mainEntityOfPage\":{\"@id\":\"https:\\\/\\\/diariodepe.com.br\\\/cri\\\/2024\\\/11\\\/04\\\/alto-funcionario-chines-promete-promover-lacos-com-italia\\\/\"},\"wordCount\":672,\"commentCount\":0,\"publisher\":{\"@id\":\"https:\\\/\\\/diariodepe.com.br\\\/cri\\\/#organization\"},\"articleSection\":[\"Internacional\"],\"inLanguage\":\"pt-BR\",\"potentialAction\":[{\"@type\":\"CommentAction\",\"name\":\"Comment\",\"target\":[\"https:\\\/\\\/diariodepe.com.br\\\/cri\\\/2024\\\/11\\\/04\\\/alto-funcionario-chines-promete-promover-lacos-com-italia\\\/#respond\"]}]},{\"@type\":\"WebPage\",\"@id\":\"https:\\\/\\\/diariodepe.com.br\\\/cri\\\/2024\\\/11\\\/04\\\/alto-funcionario-chines-promete-promover-lacos-com-italia\\\/\",\"url\":\"https:\\\/\\\/diariodepe.com.br\\\/cri\\\/2024\\\/11\\\/04\\\/alto-funcionario-chines-promete-promover-lacos-com-italia\\\/\",\"name\":\"Alto funcion\u00e1rio chin\u00eas promete promover la\u00e7os com It\u00e1lia - CRI e Diario de Pernambuco\",\"isPartOf\":{\"@id\":\"https:\\\/\\\/diariodepe.com.br\\\/cri\\\/#website\"},\"datePublished\":\"2024-11-04T07:56:52+00:00\",\"breadcrumb\":{\"@id\":\"https:\\\/\\\/diariodepe.com.br\\\/cri\\\/2024\\\/11\\\/04\\\/alto-funcionario-chines-promete-promover-lacos-com-italia\\\/#breadcrumb\"},\"inLanguage\":\"pt-BR\",\"potentialAction\":[{\"@type\":\"ReadAction\",\"target\":[\"https:\\\/\\\/diariodepe.com.br\\\/cri\\\/2024\\\/11\\\/04\\\/alto-funcionario-chines-promete-promover-lacos-com-italia\\\/\"]}]},{\"@type\":\"BreadcrumbList\",\"@id\":\"https:\\\/\\\/diariodepe.com.br\\\/cri\\\/2024\\\/11\\\/04\\\/alto-funcionario-chines-promete-promover-lacos-com-italia\\\/#breadcrumb\",\"itemListElement\":[{\"@type\":\"ListItem\",\"position\":1,\"name\":\"In\u00edcio\",\"item\":\"https:\\\/\\\/diariodepe.com.br\\\/cri\\\/\"},{\"@type\":\"ListItem\",\"position\":2,\"name\":\"Alto funcion\u00e1rio chin\u00eas promete promover la\u00e7os com It\u00e1lia\"}]},{\"@type\":\"WebSite\",\"@id\":\"https:\\\/\\\/diariodepe.com.br\\\/cri\\\/#website\",\"url\":\"https:\\\/\\\/diariodepe.com.br\\\/cri\\\/\",\"name\":\"CRI e Diario de Pernambuco\",\"description\":\"R\u00e1dio Internacional da China\",\"publisher\":{\"@id\":\"https:\\\/\\\/diariodepe.com.br\\\/cri\\\/#organization\"},\"potentialAction\":[{\"@type\":\"SearchAction\",\"target\":{\"@type\":\"EntryPoint\",\"urlTemplate\":\"https:\\\/\\\/diariodepe.com.br\\\/cri\\\/?s={search_term_string}\"},\"query-input\":{\"@type\":\"PropertyValueSpecification\",\"valueRequired\":true,\"valueName\":\"search_term_string\"}}],\"inLanguage\":\"pt-BR\"},{\"@type\":\"Organization\",\"@id\":\"https:\\\/\\\/diariodepe.com.br\\\/cri\\\/#organization\",\"name\":\"CRI e Diario de Pernambuco\",\"url\":\"https:\\\/\\\/diariodepe.com.br\\\/cri\\\/\",\"logo\":{\"@type\":\"ImageObject\",\"inLanguage\":\"pt-BR\",\"@id\":\"https:\\\/\\\/diariodepe.com.br\\\/cri\\\/#\\\/schema\\\/logo\\\/image\\\/\",\"url\":\"https:\\\/\\\/diariodepe.com.br\\\/cri\\\/wp-content\\\/uploads\\\/sites\\\/2\\\/2022\\\/12\\\/cropped-Logo.jpg\",\"contentUrl\":\"https:\\\/\\\/diariodepe.com.br\\\/cri\\\/wp-content\\\/uploads\\\/sites\\\/2\\\/2022\\\/12\\\/cropped-Logo.jpg\",\"width\":700,\"height\":59,\"caption\":\"CRI e Diario de Pernambuco\"},\"image\":{\"@id\":\"https:\\\/\\\/diariodepe.com.br\\\/cri\\\/#\\\/schema\\\/logo\\\/image\\\/\"}},{\"@type\":\"Person\",\"@id\":\"https:\\\/\\\/diariodepe.com.br\\\/cri\\\/#\\\/schema\\\/person\\\/121bb28d84f1a5b1205ef4ce9c2e0c6b\",\"name\":\"Ismael Lucas S. Pereira\",\"image\":{\"@type\":\"ImageObject\",\"inLanguage\":\"pt-BR\",\"@id\":\"https:\\\/\\\/secure.gravatar.com\\\/avatar\\\/887a0f3b5a7ceea963a48499fb883ffce6b5037362def025c52c2505b15d63e4?s=96&d=mm&r=g\",\"url\":\"https:\\\/\\\/secure.gravatar.com\\\/avatar\\\/887a0f3b5a7ceea963a48499fb883ffce6b5037362def025c52c2505b15d63e4?s=96&d=mm&r=g\",\"contentUrl\":\"https:\\\/\\\/secure.gravatar.com\\\/avatar\\\/887a0f3b5a7ceea963a48499fb883ffce6b5037362def025c52c2505b15d63e4?s=96&d=mm&r=g\",\"caption\":\"Ismael Lucas S. Pereira\"},\"url\":\"https:\\\/\\\/diariodepe.com.br\\\/cri\\\/author\\\/ismael-lucas\\\/\"}]}<\/script>\n<!-- \/ Yoast SEO plugin. -->","yoast_head_json":{"title":"Alto funcion\u00e1rio chin\u00eas promete promover la\u00e7os com It\u00e1lia - CRI e Diario de Pernambuco","robots":{"index":"index","follow":"follow","max-snippet":"max-snippet:-1","max-image-preview":"max-image-preview:large","max-video-preview":"max-video-preview:-1"},"canonical":"https:\/\/diariodepe.com.br\/cri\/2024\/11\/04\/alto-funcionario-chines-promete-promover-lacos-com-italia\/","og_locale":"pt_BR","og_type":"article","og_title":"Alto funcion\u00e1rio chin\u00eas promete promover la\u00e7os com It\u00e1lia - CRI e Diario de Pernambuco","og_description":"O alto funcion\u00e1rio chin\u00eas Li Xi se reuniu com l\u00edderes italianos nesta semana para aprofundar os la\u00e7os estrat\u00e9gicos, marcando o 20\u00ba\u00a0anivers\u00e1rio da parceria estrat\u00e9gica abrangente China-It\u00e1lia e promovendo a coopera\u00e7\u00e3o em \u00e1reas como energia verde e tecnologia digital. Li, membro...","og_url":"https:\/\/diariodepe.com.br\/cri\/2024\/11\/04\/alto-funcionario-chines-promete-promover-lacos-com-italia\/","og_site_name":"CRI e Diario de Pernambuco","article_published_time":"2024-11-04T07:56:52+00:00","author":"Ismael Lucas S. Pereira","twitter_card":"summary_large_image","twitter_misc":{"Escrito por":"Ismael Lucas S. Pereira","Est. tempo de leitura":"4 minutos"},"schema":{"@context":"https:\/\/schema.org","@graph":[{"@type":"Article","@id":"https:\/\/diariodepe.com.br\/cri\/2024\/11\/04\/alto-funcionario-chines-promete-promover-lacos-com-italia\/#article","isPartOf":{"@id":"https:\/\/diariodepe.com.br\/cri\/2024\/11\/04\/alto-funcionario-chines-promete-promover-lacos-com-italia\/"},"author":{"name":"Ismael Lucas S. Pereira","@id":"https:\/\/diariodepe.com.br\/cri\/#\/schema\/person\/121bb28d84f1a5b1205ef4ce9c2e0c6b"},"headline":"Alto funcion\u00e1rio chin\u00eas promete promover la\u00e7os com It\u00e1lia","datePublished":"2024-11-04T07:56:52+00:00","mainEntityOfPage":{"@id":"https:\/\/diariodepe.com.br\/cri\/2024\/11\/04\/alto-funcionario-chines-promete-promover-lacos-com-italia\/"},"wordCount":672,"commentCount":0,"publisher":{"@id":"https:\/\/diariodepe.com.br\/cri\/#organization"},"articleSection":["Internacional"],"inLanguage":"pt-BR","potentialAction":[{"@type":"CommentAction","name":"Comment","target":["https:\/\/diariodepe.com.br\/cri\/2024\/11\/04\/alto-funcionario-chines-promete-promover-lacos-com-italia\/#respond"]}]},{"@type":"WebPage","@id":"https:\/\/diariodepe.com.br\/cri\/2024\/11\/04\/alto-funcionario-chines-promete-promover-lacos-com-italia\/","url":"https:\/\/diariodepe.com.br\/cri\/2024\/11\/04\/alto-funcionario-chines-promete-promover-lacos-com-italia\/","name":"Alto funcion\u00e1rio chin\u00eas promete promover la\u00e7os com It\u00e1lia - CRI e Diario de Pernambuco","isPartOf":{"@id":"https:\/\/diariodepe.com.br\/cri\/#website"},"datePublished":"2024-11-04T07:56:52+00:00","breadcrumb":{"@id":"https:\/\/diariodepe.com.br\/cri\/2024\/11\/04\/alto-funcionario-chines-promete-promover-lacos-com-italia\/#breadcrumb"},"inLanguage":"pt-BR","potentialAction":[{"@type":"ReadAction","target":["https:\/\/diariodepe.com.br\/cri\/2024\/11\/04\/alto-funcionario-chines-promete-promover-lacos-com-italia\/"]}]},{"@type":"BreadcrumbList","@id":"https:\/\/diariodepe.com.br\/cri\/2024\/11\/04\/alto-funcionario-chines-promete-promover-lacos-com-italia\/#breadcrumb","itemListElement":[{"@type":"ListItem","position":1,"name":"In\u00edcio","item":"https:\/\/diariodepe.com.br\/cri\/"},{"@type":"ListItem","position":2,"name":"Alto funcion\u00e1rio chin\u00eas promete promover la\u00e7os com It\u00e1lia"}]},{"@type":"WebSite","@id":"https:\/\/diariodepe.com.br\/cri\/#website","url":"https:\/\/diariodepe.com.br\/cri\/","name":"CRI e Diario de Pernambuco","description":"R\u00e1dio Internacional da China","publisher":{"@id":"https:\/\/diariodepe.com.br\/cri\/#organization"},"potentialAction":[{"@type":"SearchAction","target":{"@type":"EntryPoint","urlTemplate":"https:\/\/diariodepe.com.br\/cri\/?s={search_term_string}"},"query-input":{"@type":"PropertyValueSpecification","valueRequired":true,"valueName":"search_term_string"}}],"inLanguage":"pt-BR"},{"@type":"Organization","@id":"https:\/\/diariodepe.com.br\/cri\/#organization","name":"CRI e Diario de Pernambuco","url":"https:\/\/diariodepe.com.br\/cri\/","logo":{"@type":"ImageObject","inLanguage":"pt-BR","@id":"https:\/\/diariodepe.com.br\/cri\/#\/schema\/logo\/image\/","url":"https:\/\/diariodepe.com.br\/cri\/wp-content\/uploads\/sites\/2\/2022\/12\/cropped-Logo.jpg","contentUrl":"https:\/\/diariodepe.com.br\/cri\/wp-content\/uploads\/sites\/2\/2022\/12\/cropped-Logo.jpg","width":700,"height":59,"caption":"CRI e Diario de Pernambuco"},"image":{"@id":"https:\/\/diariodepe.com.br\/cri\/#\/schema\/logo\/image\/"}},{"@type":"Person","@id":"https:\/\/diariodepe.com.br\/cri\/#\/schema\/person\/121bb28d84f1a5b1205ef4ce9c2e0c6b","name":"Ismael Lucas S. Pereira","image":{"@type":"ImageObject","inLanguage":"pt-BR","@id":"https:\/\/secure.gravatar.com\/avatar\/887a0f3b5a7ceea963a48499fb883ffce6b5037362def025c52c2505b15d63e4?s=96&d=mm&r=g","url":"https:\/\/secure.gravatar.com\/avatar\/887a0f3b5a7ceea963a48499fb883ffce6b5037362def025c52c2505b15d63e4?s=96&d=mm&r=g","contentUrl":"https:\/\/secure.gravatar.com\/avatar\/887a0f3b5a7ceea963a48499fb883ffce6b5037362def025c52c2505b15d63e4?s=96&d=mm&r=g","caption":"Ismael Lucas S. Pereira"},"url":"https:\/\/diariodepe.com.br\/cri\/author\/ismael-lucas\/"}]}},"cc_featured_image_caption":{"caption_text":false,"source_text":false,"source_url":false},"amp_enabled":true,"_links":{"self":[{"href":"https:\/\/diariodepe.com.br\/cri\/wp-json\/wp\/v2\/posts\/6567","targetHints":{"allow":["GET"]}}],"collection":[{"href":"https:\/\/diariodepe.com.br\/cri\/wp-json\/wp\/v2\/posts"}],"about":[{"href":"https:\/\/diariodepe.com.br\/cri\/wp-json\/wp\/v2\/types\/post"}],"author":[{"embeddable":true,"href":"https:\/\/diariodepe.com.br\/cri\/wp-json\/wp\/v2\/users\/2"}],"replies":[{"embeddable":true,"href":"https:\/\/diariodepe.com.br\/cri\/wp-json\/wp\/v2\/comments?post=6567"}],"version-history":[{"count":1,"href":"https:\/\/diariodepe.com.br\/cri\/wp-json\/wp\/v2\/posts\/6567\/revisions"}],"predecessor-version":[{"id":6568,"href":"https:\/\/diariodepe.com.br\/cri\/wp-json\/wp\/v2\/posts\/6567\/revisions\/6568"}],"wp:attachment":[{"href":"https:\/\/diariodepe.com.br\/cri\/wp-json\/wp\/v2\/media?parent=6567"}],"wp:term":[{"taxonomy":"category","embeddable":true,"href":"https:\/\/diariodepe.com.br\/cri\/wp-json\/wp\/v2\/categories?post=6567"},{"taxonomy":"post_tag","embeddable":true,"href":"https:\/\/diariodepe.com.br\/cri\/wp-json\/wp\/v2\/tags?post=6567"}],"curies":[{"name":"wp","href":"https:\/\/api.w.org\/{rel}","templated":true}]}}