{"id":6565,"date":"2024-11-03T23:24:30","date_gmt":"2024-11-04T02:24:30","guid":{"rendered":"https:\/\/diariodepe.com.br\/cri\/?p=6565"},"modified":"2024-11-03T23:24:30","modified_gmt":"2024-11-04T02:24:30","slug":"presidente-da-finlandia-concede-entrevista-exclusiva-ao-cmg","status":"publish","type":"post","link":"https:\/\/diariodepe.com.br\/cri\/2024\/11\/03\/presidente-da-finlandia-concede-entrevista-exclusiva-ao-cmg\/","title":{"rendered":"Presidente da Finl\u00e2ndia concede entrevista exclusiva ao CMG"},"content":{"rendered":"<p>O presidente da Finl\u00e2ndia, Alexander Stubb, chegou a Beijing em 28 de outubro para uma visita oficial \u00e0 China de quatro dias. Esta data coincidiu com o 74\u00ba anivers\u00e1rio do estabelecimento das rela\u00e7\u00f5es diplom\u00e1ticas entre os dois pa\u00edses. Trata-se da sua primeira visita \u00e0 China ap\u00f3s assumir o cargo como presidente da Finl\u00e2ndia. Quais s\u00e3o as expectativas dele para o desenvolvimento das rela\u00e7\u00f5es bilaterais? Diante das mudan\u00e7as globais, como ele espera aprofundar a coopera\u00e7\u00e3o multilateral e responder aos desafios de m\u00e3os dadas? Stubb deu suas respostas ao conceder uma entrevista exclusiva ao Grupo de M\u00eddia da China (CMG, na sigla em ingl\u00eas).<\/p>\n<p>Segundo Stubb, a China tem 1,4 bilh\u00e3o da popula\u00e7\u00e3o, enquanto a Finl\u00e2ndia tem apenas 5,5 milh\u00f5es. Existe uma diferen\u00e7a de escala entre os dois pa\u00edses. Para a Finl\u00e2ndia, manter boas rela\u00e7\u00f5es com um pa\u00eds t\u00e3o grande como a China \u00e9 extremamente importante. A singularidade dos la\u00e7os Finl\u00e2ndia-China vem da confian\u00e7a m\u00fatua em \u00e1reas como com\u00e9rcio, neg\u00f3cios e inova\u00e7\u00e3o. Atualmente, h\u00e1 250 empresas finlandesas na China. Parece n\u00e3o haver tabus nas rela\u00e7\u00f5es bilaterais, o que \u00e9 muito positivo.<\/p>\n<p>Ele declarou que a inova\u00e7\u00e3o \u00e9, de fato, a chave. Essa inova\u00e7\u00e3o requer o apoio de instrumentos financeiros. S\u00f3 desta forma a inova\u00e7\u00e3o pode ser criada. Um exemplo importante da necessidade de inova\u00e7\u00e3o \u00e9 na \u00e1rea do clima e do meio ambiente. A Finl\u00e2ndia se destaca no fornecimento de energia el\u00e9trica. Mais de 90%, at\u00e9 cerca de 95% de eletricidade do pa\u00eds prov\u00e9m de fontes limpas, resultando praticamente em nenhuma emiss\u00e3o de di\u00f3xido de carbono. A Finl\u00e2ndia tamb\u00e9m conta com v\u00e1rias fontes de energia, como nuclear e hidrel\u00e9trica. Stubb acredita que a coopera\u00e7\u00e3o com a China nessa \u00e1rea ser\u00e1 altamente eficaz.<\/p>\n<p>Stubb relembrou os encontros em 2009 e 2010, quando Xi Jinping ainda era vice-presidente da China, observando que o l\u00edder chin\u00eas demonstrava interesse em entender o cen\u00e1rio internacional e estava disposto a discutir de forma aberta e franca. Nos \u00faltimos quatorze ou quinze anos, o mundo passou por muitas transforma\u00e7\u00f5es. A Europa enfrentou uma crise financeira e a China emergiu de um pa\u00eds emergente para uma pot\u00eancia de influ\u00eancia global. A Europa enfrentou uma crise de refugiados, enquanto o populismo de direita e esquerda cresceu. Atualmente, t\u00eam ocorrido conflitos na Ucr\u00e2nia, Palestina, L\u00edbano e Sud\u00e3o, causando situa\u00e7\u00f5es que mostram que a ordem mundial continua a mudar. \u201cNesse sentido, o presidente Xi Jinping \u00e9 um excelente parceiro de di\u00e1logo, com quem posso discutir diferentes pontos de vista sobre a situa\u00e7\u00e3o global\u201d, destacou Stubb.<\/p>\n","protected":false},"excerpt":{"rendered":"<p>O presidente da Finl\u00e2ndia, Alexander Stubb, chegou a Beijing em 28 de outubro para uma visita oficial \u00e0 China de quatro dias. Esta data coincidiu com o 74\u00ba anivers\u00e1rio do estabelecimento das rela\u00e7\u00f5es diplom\u00e1ticas entre os dois pa\u00edses. Trata-se da&#8230;<\/p>\n","protected":false},"author":2,"featured_media":0,"comment_status":"open","ping_status":"open","sticky":false,"template":"","format":"standard","meta":{"footnotes":""},"categories":[3],"tags":[],"class_list":["post-6565","post","type-post","status-publish","format-standard","hentry","category-china"],"yoast_head":"<!-- This site is optimized with the Yoast SEO plugin v27.4 - https:\/\/yoast.com\/product\/yoast-seo-wordpress\/ -->\n<title>Presidente da Finl\u00e2ndia concede entrevista exclusiva ao CMG - CRI e Diario de Pernambuco<\/title>\n<meta name=\"robots\" content=\"index, follow, max-snippet:-1, max-image-preview:large, max-video-preview:-1\" \/>\n<link rel=\"canonical\" href=\"https:\/\/diariodepe.com.br\/cri\/2024\/11\/03\/presidente-da-finlandia-concede-entrevista-exclusiva-ao-cmg\/\" \/>\n<meta property=\"og:locale\" content=\"pt_BR\" \/>\n<meta property=\"og:type\" content=\"article\" \/>\n<meta property=\"og:title\" content=\"Presidente da Finl\u00e2ndia concede entrevista exclusiva ao CMG - CRI e Diario de Pernambuco\" \/>\n<meta property=\"og:description\" content=\"O presidente da Finl\u00e2ndia, Alexander Stubb, chegou a Beijing em 28 de outubro para uma visita oficial \u00e0 China de quatro dias. Esta data coincidiu com o 74\u00ba anivers\u00e1rio do estabelecimento das rela\u00e7\u00f5es diplom\u00e1ticas entre os dois pa\u00edses. Trata-se da...\" \/>\n<meta property=\"og:url\" content=\"https:\/\/diariodepe.com.br\/cri\/2024\/11\/03\/presidente-da-finlandia-concede-entrevista-exclusiva-ao-cmg\/\" \/>\n<meta property=\"og:site_name\" content=\"CRI e Diario de Pernambuco\" \/>\n<meta property=\"article:published_time\" content=\"2024-11-04T02:24:30+00:00\" \/>\n<meta name=\"author\" content=\"Ismael Lucas S. Pereira\" \/>\n<meta name=\"twitter:card\" content=\"summary_large_image\" \/>\n<meta name=\"twitter:label1\" content=\"Escrito por\" \/>\n\t<meta name=\"twitter:data1\" content=\"Ismael Lucas S. Pereira\" \/>\n\t<meta name=\"twitter:label2\" content=\"Est. tempo de leitura\" \/>\n\t<meta name=\"twitter:data2\" content=\"3 minutos\" \/>\n<script type=\"application\/ld+json\" class=\"yoast-schema-graph\">{\"@context\":\"https:\\\/\\\/schema.org\",\"@graph\":[{\"@type\":\"Article\",\"@id\":\"https:\\\/\\\/diariodepe.com.br\\\/cri\\\/2024\\\/11\\\/03\\\/presidente-da-finlandia-concede-entrevista-exclusiva-ao-cmg\\\/#article\",\"isPartOf\":{\"@id\":\"https:\\\/\\\/diariodepe.com.br\\\/cri\\\/2024\\\/11\\\/03\\\/presidente-da-finlandia-concede-entrevista-exclusiva-ao-cmg\\\/\"},\"author\":{\"name\":\"Ismael Lucas S. Pereira\",\"@id\":\"https:\\\/\\\/diariodepe.com.br\\\/cri\\\/#\\\/schema\\\/person\\\/121bb28d84f1a5b1205ef4ce9c2e0c6b\"},\"headline\":\"Presidente da Finl\u00e2ndia concede entrevista exclusiva ao CMG\",\"datePublished\":\"2024-11-04T02:24:30+00:00\",\"mainEntityOfPage\":{\"@id\":\"https:\\\/\\\/diariodepe.com.br\\\/cri\\\/2024\\\/11\\\/03\\\/presidente-da-finlandia-concede-entrevista-exclusiva-ao-cmg\\\/\"},\"wordCount\":467,\"commentCount\":0,\"publisher\":{\"@id\":\"https:\\\/\\\/diariodepe.com.br\\\/cri\\\/#organization\"},\"articleSection\":[\"China\"],\"inLanguage\":\"pt-BR\",\"potentialAction\":[{\"@type\":\"CommentAction\",\"name\":\"Comment\",\"target\":[\"https:\\\/\\\/diariodepe.com.br\\\/cri\\\/2024\\\/11\\\/03\\\/presidente-da-finlandia-concede-entrevista-exclusiva-ao-cmg\\\/#respond\"]}]},{\"@type\":\"WebPage\",\"@id\":\"https:\\\/\\\/diariodepe.com.br\\\/cri\\\/2024\\\/11\\\/03\\\/presidente-da-finlandia-concede-entrevista-exclusiva-ao-cmg\\\/\",\"url\":\"https:\\\/\\\/diariodepe.com.br\\\/cri\\\/2024\\\/11\\\/03\\\/presidente-da-finlandia-concede-entrevista-exclusiva-ao-cmg\\\/\",\"name\":\"Presidente da Finl\u00e2ndia concede entrevista exclusiva ao CMG - CRI e Diario de Pernambuco\",\"isPartOf\":{\"@id\":\"https:\\\/\\\/diariodepe.com.br\\\/cri\\\/#website\"},\"datePublished\":\"2024-11-04T02:24:30+00:00\",\"breadcrumb\":{\"@id\":\"https:\\\/\\\/diariodepe.com.br\\\/cri\\\/2024\\\/11\\\/03\\\/presidente-da-finlandia-concede-entrevista-exclusiva-ao-cmg\\\/#breadcrumb\"},\"inLanguage\":\"pt-BR\",\"potentialAction\":[{\"@type\":\"ReadAction\",\"target\":[\"https:\\\/\\\/diariodepe.com.br\\\/cri\\\/2024\\\/11\\\/03\\\/presidente-da-finlandia-concede-entrevista-exclusiva-ao-cmg\\\/\"]}]},{\"@type\":\"BreadcrumbList\",\"@id\":\"https:\\\/\\\/diariodepe.com.br\\\/cri\\\/2024\\\/11\\\/03\\\/presidente-da-finlandia-concede-entrevista-exclusiva-ao-cmg\\\/#breadcrumb\",\"itemListElement\":[{\"@type\":\"ListItem\",\"position\":1,\"name\":\"In\u00edcio\",\"item\":\"https:\\\/\\\/diariodepe.com.br\\\/cri\\\/\"},{\"@type\":\"ListItem\",\"position\":2,\"name\":\"Presidente da Finl\u00e2ndia concede entrevista exclusiva ao CMG\"}]},{\"@type\":\"WebSite\",\"@id\":\"https:\\\/\\\/diariodepe.com.br\\\/cri\\\/#website\",\"url\":\"https:\\\/\\\/diariodepe.com.br\\\/cri\\\/\",\"name\":\"CRI e Diario de Pernambuco\",\"description\":\"R\u00e1dio Internacional da China\",\"publisher\":{\"@id\":\"https:\\\/\\\/diariodepe.com.br\\\/cri\\\/#organization\"},\"potentialAction\":[{\"@type\":\"SearchAction\",\"target\":{\"@type\":\"EntryPoint\",\"urlTemplate\":\"https:\\\/\\\/diariodepe.com.br\\\/cri\\\/?s={search_term_string}\"},\"query-input\":{\"@type\":\"PropertyValueSpecification\",\"valueRequired\":true,\"valueName\":\"search_term_string\"}}],\"inLanguage\":\"pt-BR\"},{\"@type\":\"Organization\",\"@id\":\"https:\\\/\\\/diariodepe.com.br\\\/cri\\\/#organization\",\"name\":\"CRI e Diario de Pernambuco\",\"url\":\"https:\\\/\\\/diariodepe.com.br\\\/cri\\\/\",\"logo\":{\"@type\":\"ImageObject\",\"inLanguage\":\"pt-BR\",\"@id\":\"https:\\\/\\\/diariodepe.com.br\\\/cri\\\/#\\\/schema\\\/logo\\\/image\\\/\",\"url\":\"https:\\\/\\\/diariodepe.com.br\\\/cri\\\/wp-content\\\/uploads\\\/sites\\\/2\\\/2022\\\/12\\\/cropped-Logo.jpg\",\"contentUrl\":\"https:\\\/\\\/diariodepe.com.br\\\/cri\\\/wp-content\\\/uploads\\\/sites\\\/2\\\/2022\\\/12\\\/cropped-Logo.jpg\",\"width\":700,\"height\":59,\"caption\":\"CRI e Diario de Pernambuco\"},\"image\":{\"@id\":\"https:\\\/\\\/diariodepe.com.br\\\/cri\\\/#\\\/schema\\\/logo\\\/image\\\/\"}},{\"@type\":\"Person\",\"@id\":\"https:\\\/\\\/diariodepe.com.br\\\/cri\\\/#\\\/schema\\\/person\\\/121bb28d84f1a5b1205ef4ce9c2e0c6b\",\"name\":\"Ismael Lucas S. Pereira\",\"image\":{\"@type\":\"ImageObject\",\"inLanguage\":\"pt-BR\",\"@id\":\"https:\\\/\\\/secure.gravatar.com\\\/avatar\\\/887a0f3b5a7ceea963a48499fb883ffce6b5037362def025c52c2505b15d63e4?s=96&d=mm&r=g\",\"url\":\"https:\\\/\\\/secure.gravatar.com\\\/avatar\\\/887a0f3b5a7ceea963a48499fb883ffce6b5037362def025c52c2505b15d63e4?s=96&d=mm&r=g\",\"contentUrl\":\"https:\\\/\\\/secure.gravatar.com\\\/avatar\\\/887a0f3b5a7ceea963a48499fb883ffce6b5037362def025c52c2505b15d63e4?s=96&d=mm&r=g\",\"caption\":\"Ismael Lucas S. Pereira\"},\"url\":\"https:\\\/\\\/diariodepe.com.br\\\/cri\\\/author\\\/ismael-lucas\\\/\"}]}<\/script>\n<!-- \/ Yoast SEO plugin. -->","yoast_head_json":{"title":"Presidente da Finl\u00e2ndia concede entrevista exclusiva ao CMG - CRI e Diario de Pernambuco","robots":{"index":"index","follow":"follow","max-snippet":"max-snippet:-1","max-image-preview":"max-image-preview:large","max-video-preview":"max-video-preview:-1"},"canonical":"https:\/\/diariodepe.com.br\/cri\/2024\/11\/03\/presidente-da-finlandia-concede-entrevista-exclusiva-ao-cmg\/","og_locale":"pt_BR","og_type":"article","og_title":"Presidente da Finl\u00e2ndia concede entrevista exclusiva ao CMG - CRI e Diario de Pernambuco","og_description":"O presidente da Finl\u00e2ndia, Alexander Stubb, chegou a Beijing em 28 de outubro para uma visita oficial \u00e0 China de quatro dias. Esta data coincidiu com o 74\u00ba anivers\u00e1rio do estabelecimento das rela\u00e7\u00f5es diplom\u00e1ticas entre os dois pa\u00edses. Trata-se da...","og_url":"https:\/\/diariodepe.com.br\/cri\/2024\/11\/03\/presidente-da-finlandia-concede-entrevista-exclusiva-ao-cmg\/","og_site_name":"CRI e Diario de Pernambuco","article_published_time":"2024-11-04T02:24:30+00:00","author":"Ismael Lucas S. Pereira","twitter_card":"summary_large_image","twitter_misc":{"Escrito por":"Ismael Lucas S. Pereira","Est. tempo de leitura":"3 minutos"},"schema":{"@context":"https:\/\/schema.org","@graph":[{"@type":"Article","@id":"https:\/\/diariodepe.com.br\/cri\/2024\/11\/03\/presidente-da-finlandia-concede-entrevista-exclusiva-ao-cmg\/#article","isPartOf":{"@id":"https:\/\/diariodepe.com.br\/cri\/2024\/11\/03\/presidente-da-finlandia-concede-entrevista-exclusiva-ao-cmg\/"},"author":{"name":"Ismael Lucas S. Pereira","@id":"https:\/\/diariodepe.com.br\/cri\/#\/schema\/person\/121bb28d84f1a5b1205ef4ce9c2e0c6b"},"headline":"Presidente da Finl\u00e2ndia concede entrevista exclusiva ao CMG","datePublished":"2024-11-04T02:24:30+00:00","mainEntityOfPage":{"@id":"https:\/\/diariodepe.com.br\/cri\/2024\/11\/03\/presidente-da-finlandia-concede-entrevista-exclusiva-ao-cmg\/"},"wordCount":467,"commentCount":0,"publisher":{"@id":"https:\/\/diariodepe.com.br\/cri\/#organization"},"articleSection":["China"],"inLanguage":"pt-BR","potentialAction":[{"@type":"CommentAction","name":"Comment","target":["https:\/\/diariodepe.com.br\/cri\/2024\/11\/03\/presidente-da-finlandia-concede-entrevista-exclusiva-ao-cmg\/#respond"]}]},{"@type":"WebPage","@id":"https:\/\/diariodepe.com.br\/cri\/2024\/11\/03\/presidente-da-finlandia-concede-entrevista-exclusiva-ao-cmg\/","url":"https:\/\/diariodepe.com.br\/cri\/2024\/11\/03\/presidente-da-finlandia-concede-entrevista-exclusiva-ao-cmg\/","name":"Presidente da Finl\u00e2ndia concede entrevista exclusiva ao CMG - CRI e Diario de Pernambuco","isPartOf":{"@id":"https:\/\/diariodepe.com.br\/cri\/#website"},"datePublished":"2024-11-04T02:24:30+00:00","breadcrumb":{"@id":"https:\/\/diariodepe.com.br\/cri\/2024\/11\/03\/presidente-da-finlandia-concede-entrevista-exclusiva-ao-cmg\/#breadcrumb"},"inLanguage":"pt-BR","potentialAction":[{"@type":"ReadAction","target":["https:\/\/diariodepe.com.br\/cri\/2024\/11\/03\/presidente-da-finlandia-concede-entrevista-exclusiva-ao-cmg\/"]}]},{"@type":"BreadcrumbList","@id":"https:\/\/diariodepe.com.br\/cri\/2024\/11\/03\/presidente-da-finlandia-concede-entrevista-exclusiva-ao-cmg\/#breadcrumb","itemListElement":[{"@type":"ListItem","position":1,"name":"In\u00edcio","item":"https:\/\/diariodepe.com.br\/cri\/"},{"@type":"ListItem","position":2,"name":"Presidente da Finl\u00e2ndia concede entrevista exclusiva ao CMG"}]},{"@type":"WebSite","@id":"https:\/\/diariodepe.com.br\/cri\/#website","url":"https:\/\/diariodepe.com.br\/cri\/","name":"CRI e Diario de Pernambuco","description":"R\u00e1dio Internacional da China","publisher":{"@id":"https:\/\/diariodepe.com.br\/cri\/#organization"},"potentialAction":[{"@type":"SearchAction","target":{"@type":"EntryPoint","urlTemplate":"https:\/\/diariodepe.com.br\/cri\/?s={search_term_string}"},"query-input":{"@type":"PropertyValueSpecification","valueRequired":true,"valueName":"search_term_string"}}],"inLanguage":"pt-BR"},{"@type":"Organization","@id":"https:\/\/diariodepe.com.br\/cri\/#organization","name":"CRI e Diario de Pernambuco","url":"https:\/\/diariodepe.com.br\/cri\/","logo":{"@type":"ImageObject","inLanguage":"pt-BR","@id":"https:\/\/diariodepe.com.br\/cri\/#\/schema\/logo\/image\/","url":"https:\/\/diariodepe.com.br\/cri\/wp-content\/uploads\/sites\/2\/2022\/12\/cropped-Logo.jpg","contentUrl":"https:\/\/diariodepe.com.br\/cri\/wp-content\/uploads\/sites\/2\/2022\/12\/cropped-Logo.jpg","width":700,"height":59,"caption":"CRI e Diario de Pernambuco"},"image":{"@id":"https:\/\/diariodepe.com.br\/cri\/#\/schema\/logo\/image\/"}},{"@type":"Person","@id":"https:\/\/diariodepe.com.br\/cri\/#\/schema\/person\/121bb28d84f1a5b1205ef4ce9c2e0c6b","name":"Ismael Lucas S. Pereira","image":{"@type":"ImageObject","inLanguage":"pt-BR","@id":"https:\/\/secure.gravatar.com\/avatar\/887a0f3b5a7ceea963a48499fb883ffce6b5037362def025c52c2505b15d63e4?s=96&d=mm&r=g","url":"https:\/\/secure.gravatar.com\/avatar\/887a0f3b5a7ceea963a48499fb883ffce6b5037362def025c52c2505b15d63e4?s=96&d=mm&r=g","contentUrl":"https:\/\/secure.gravatar.com\/avatar\/887a0f3b5a7ceea963a48499fb883ffce6b5037362def025c52c2505b15d63e4?s=96&d=mm&r=g","caption":"Ismael Lucas S. Pereira"},"url":"https:\/\/diariodepe.com.br\/cri\/author\/ismael-lucas\/"}]}},"cc_featured_image_caption":{"caption_text":false,"source_text":false,"source_url":false},"amp_enabled":true,"_links":{"self":[{"href":"https:\/\/diariodepe.com.br\/cri\/wp-json\/wp\/v2\/posts\/6565","targetHints":{"allow":["GET"]}}],"collection":[{"href":"https:\/\/diariodepe.com.br\/cri\/wp-json\/wp\/v2\/posts"}],"about":[{"href":"https:\/\/diariodepe.com.br\/cri\/wp-json\/wp\/v2\/types\/post"}],"author":[{"embeddable":true,"href":"https:\/\/diariodepe.com.br\/cri\/wp-json\/wp\/v2\/users\/2"}],"replies":[{"embeddable":true,"href":"https:\/\/diariodepe.com.br\/cri\/wp-json\/wp\/v2\/comments?post=6565"}],"version-history":[{"count":1,"href":"https:\/\/diariodepe.com.br\/cri\/wp-json\/wp\/v2\/posts\/6565\/revisions"}],"predecessor-version":[{"id":6566,"href":"https:\/\/diariodepe.com.br\/cri\/wp-json\/wp\/v2\/posts\/6565\/revisions\/6566"}],"wp:attachment":[{"href":"https:\/\/diariodepe.com.br\/cri\/wp-json\/wp\/v2\/media?parent=6565"}],"wp:term":[{"taxonomy":"category","embeddable":true,"href":"https:\/\/diariodepe.com.br\/cri\/wp-json\/wp\/v2\/categories?post=6565"},{"taxonomy":"post_tag","embeddable":true,"href":"https:\/\/diariodepe.com.br\/cri\/wp-json\/wp\/v2\/tags?post=6565"}],"curies":[{"name":"wp","href":"https:\/\/api.w.org\/{rel}","templated":true}]}}