{"id":6563,"date":"2024-11-02T01:09:17","date_gmt":"2024-11-02T04:09:17","guid":{"rendered":"https:\/\/diariodepe.com.br\/cri\/?p=6563"},"modified":"2024-11-02T01:09:17","modified_gmt":"2024-11-02T04:09:17","slug":"xi-jinping-se-reune-com-primeiro-ministro-da-eslovaquia-em-beijing","status":"publish","type":"post","link":"https:\/\/diariodepe.com.br\/cri\/2024\/11\/02\/xi-jinping-se-reune-com-primeiro-ministro-da-eslovaquia-em-beijing\/","title":{"rendered":"Xi Jinping se re\u00fane com primeiro-ministro da Eslov\u00e1quia em Beijing"},"content":{"rendered":"<p class=\"photo_img_20190808\"><img decoding=\"async\" src=\"https:\/\/p5crires.cri.cn\/photoworkspace\/cri\/contentimg\/2024\/11\/01\/2024110122411843969.jpeg\" alt=\"\" \/><\/p>\n<p>O presidente chin\u00eas, Xi Jinping, reuniu-se nesta sexta-feira (1\u00ba), hora local, no Grande Sal\u00e3o do Povo, em Beijing, com o primeiro-ministro da Eslov\u00e1quia, Robert Fico, que faz visita oficial ao pa\u00eds.<\/p>\n<p>Xi Jinping destacou que este ano marca o 75\u00ba anivers\u00e1rio do estabelecimento das rela\u00e7\u00f5es diplom\u00e1ticas entre os dois pa\u00edses. Ap\u00f3s tr\u00eas quartos de s\u00e9culo de desenvolvimento, a tradi\u00e7\u00e3o na amizade entre as duas na\u00e7\u00f5es continua vibrante e a coopera\u00e7\u00e3o em v\u00e1rias \u00e1reas tem gerado resultados frut\u00edferos, beneficiando efetivamente os dois povos. \u201cDecidimos elevar os la\u00e7os China-Eslov\u00e1quia \u00e0 parceria estrat\u00e9gica, o que est\u00e1 alinhado com as necessidades de desenvolvimento futuro das duas na\u00e7\u00f5es e trar\u00e1 um novo e forte impulso \u00e0 coopera\u00e7\u00e3o bilateral&#8221;, destacou Xi Jinping.<\/p>\n<p>O l\u00edder chin\u00eas enfatizou ainda que as duas partes podem promover continuamente a eleva\u00e7\u00e3o das rela\u00e7\u00f5es bilaterais em quatro aspectos. O primeiro deles envolve a necessidade de aprofundar a confian\u00e7a pol\u00edtica m\u00fatua, manter os contatos de alto n\u00edvel e fortalecer a comunica\u00e7\u00e3o estrat\u00e9gica, aderindo ao respeito m\u00fatuo, \u00e0 igualdade e aos ganhos rec\u00edprocos, al\u00e9m de considerar os interesses centrais e as principais preocupa\u00e7\u00f5es de cada um. Segundo item se refere \u00e0 expans\u00e3o que os dois pa\u00edses precisam fazer na coopera\u00e7\u00e3o pr\u00e1tica e intensificar esse relacionamento em \u00e1reas como novas energias, log\u00edstica de transporte, constru\u00e7\u00e3o de infraestruturas e gest\u00e3o de recursos h\u00eddricos. Terceiro ponto importante \u00e9 promover os interc\u00e2mbios culturais, com di\u00e1logos entre partidos pol\u00edticos, regi\u00f5es, jovens, think tanks e m\u00eddias. A China decidiu conceder aos cidad\u00e3os eslovacos a isen\u00e7\u00e3o de visto para entrada no pa\u00eds por at\u00e9 15 dias. O quarto aspecto envolve o fortalecimento da coopera\u00e7\u00e3o internacional entre os dois lados, insistindo no verdadeiro multilateralismo e defendendo o sistema da Organiza\u00e7\u00e3o das Na\u00e7\u00f5es Unidas (ONU) em seu n\u00facleo, bem como a ordem baseada no Direito Internacional.<\/p>\n<p class=\"photo_img_20190808\"><img decoding=\"async\" src=\"https:\/\/p3crires.cri.cn\/photoworkspace\/cri\/contentimg\/2024\/11\/01\/2024110122415584783.jpeg\" alt=\"\" \/><\/p>\n<p>O pr\u00f3ximo ano marcar\u00e1 o 50\u00ba anivers\u00e1rio do estabelecimento de rela\u00e7\u00f5es diplom\u00e1ticas entre a China e a Uni\u00e3o Europeia. Espera-se que as novas institui\u00e7\u00f5es da UE mantenham a posi\u00e7\u00e3o de parceria com o pa\u00eds asi\u00e1tico, adotem pol\u00edticas positivas e pragm\u00e1ticas em rela\u00e7\u00e3o \u00e0 China e gerenciem as diverg\u00eancias adequadamente, evitando a politiza\u00e7\u00e3o das quest\u00f5es econ\u00f4micas e comerciais.<\/p>\n<p>Fico afirmou que a Eslov\u00e1quia adota firmemente a pol\u00edtica de Uma S\u00f3 China e considera o governo da Rep\u00fablica Popular da China o \u00fanico governo leg\u00edtimo que representa toda a na\u00e7\u00e3o asi\u00e1tica. O primeiro-ministro eslovaco \u00a0manifestou oposi\u00e7\u00e3o ao unilateralismo e hegemonismo e expressou a disposi\u00e7\u00e3o de fortalecer a coopera\u00e7\u00e3o e comunica\u00e7\u00e3o multilateral com a China, promovendo melhorias na governan\u00e7a global para o bem-estar da humanidade. A autoridade do pa\u00eds europeu acrescentou que a Eslov\u00e1quia est\u00e1 disposta a intensificar os interc\u00e2mbios entre partidos e compartilhar experi\u00eancias de governan\u00e7a de Estado, al\u00e9m de apoiar os esfor\u00e7os da UE para resolver diverg\u00eancias por meio do di\u00e1logo e da consulta.<\/p>\n","protected":false},"excerpt":{"rendered":"<p>O presidente chin\u00eas, Xi Jinping, reuniu-se nesta sexta-feira (1\u00ba), hora local, no Grande Sal\u00e3o do Povo, em Beijing, com o primeiro-ministro da Eslov\u00e1quia, Robert Fico, que faz visita oficial ao pa\u00eds. Xi Jinping destacou que este ano marca o 75\u00ba&#8230;<\/p>\n","protected":false},"author":2,"featured_media":0,"comment_status":"open","ping_status":"open","sticky":false,"template":"","format":"standard","meta":{"footnotes":""},"categories":[3],"tags":[],"class_list":["post-6563","post","type-post","status-publish","format-standard","hentry","category-china"],"yoast_head":"<!-- This site is optimized with the Yoast SEO plugin v27.4 - https:\/\/yoast.com\/product\/yoast-seo-wordpress\/ -->\n<title>Xi Jinping se re\u00fane com primeiro-ministro da Eslov\u00e1quia em Beijing - CRI e Diario de Pernambuco<\/title>\n<meta name=\"robots\" content=\"index, follow, max-snippet:-1, max-image-preview:large, max-video-preview:-1\" \/>\n<link rel=\"canonical\" href=\"https:\/\/diariodepe.com.br\/cri\/2024\/11\/02\/xi-jinping-se-reune-com-primeiro-ministro-da-eslovaquia-em-beijing\/\" \/>\n<meta property=\"og:locale\" content=\"pt_BR\" \/>\n<meta property=\"og:type\" content=\"article\" \/>\n<meta property=\"og:title\" content=\"Xi Jinping se re\u00fane com primeiro-ministro da Eslov\u00e1quia em Beijing - CRI e Diario de Pernambuco\" \/>\n<meta property=\"og:description\" content=\"O presidente chin\u00eas, Xi Jinping, reuniu-se nesta sexta-feira (1\u00ba), hora local, no Grande Sal\u00e3o do Povo, em Beijing, com o primeiro-ministro da Eslov\u00e1quia, Robert Fico, que faz visita oficial ao pa\u00eds. Xi Jinping destacou que este ano marca o 75\u00ba...\" \/>\n<meta property=\"og:url\" content=\"https:\/\/diariodepe.com.br\/cri\/2024\/11\/02\/xi-jinping-se-reune-com-primeiro-ministro-da-eslovaquia-em-beijing\/\" \/>\n<meta property=\"og:site_name\" content=\"CRI e Diario de Pernambuco\" \/>\n<meta property=\"article:published_time\" content=\"2024-11-02T04:09:17+00:00\" \/>\n<meta property=\"og:image\" content=\"https:\/\/p5crires.cri.cn\/photoworkspace\/cri\/contentimg\/2024\/11\/01\/2024110122411843969.jpeg\" \/>\n<meta name=\"author\" content=\"Ismael Lucas S. Pereira\" \/>\n<meta name=\"twitter:card\" content=\"summary_large_image\" \/>\n<meta name=\"twitter:label1\" content=\"Escrito por\" \/>\n\t<meta name=\"twitter:data1\" content=\"Ismael Lucas S. Pereira\" \/>\n<script type=\"application\/ld+json\" class=\"yoast-schema-graph\">{\"@context\":\"https:\\\/\\\/schema.org\",\"@graph\":[{\"@type\":\"Article\",\"@id\":\"https:\\\/\\\/diariodepe.com.br\\\/cri\\\/2024\\\/11\\\/02\\\/xi-jinping-se-reune-com-primeiro-ministro-da-eslovaquia-em-beijing\\\/#article\",\"isPartOf\":{\"@id\":\"https:\\\/\\\/diariodepe.com.br\\\/cri\\\/2024\\\/11\\\/02\\\/xi-jinping-se-reune-com-primeiro-ministro-da-eslovaquia-em-beijing\\\/\"},\"author\":{\"name\":\"Ismael Lucas S. Pereira\",\"@id\":\"https:\\\/\\\/diariodepe.com.br\\\/cri\\\/#\\\/schema\\\/person\\\/121bb28d84f1a5b1205ef4ce9c2e0c6b\"},\"headline\":\"Xi Jinping se re\u00fane com primeiro-ministro da Eslov\u00e1quia em Beijing\",\"datePublished\":\"2024-11-02T04:09:17+00:00\",\"mainEntityOfPage\":{\"@id\":\"https:\\\/\\\/diariodepe.com.br\\\/cri\\\/2024\\\/11\\\/02\\\/xi-jinping-se-reune-com-primeiro-ministro-da-eslovaquia-em-beijing\\\/\"},\"wordCount\":549,\"commentCount\":0,\"publisher\":{\"@id\":\"https:\\\/\\\/diariodepe.com.br\\\/cri\\\/#organization\"},\"image\":{\"@id\":\"https:\\\/\\\/diariodepe.com.br\\\/cri\\\/2024\\\/11\\\/02\\\/xi-jinping-se-reune-com-primeiro-ministro-da-eslovaquia-em-beijing\\\/#primaryimage\"},\"thumbnailUrl\":\"https:\\\/\\\/p5crires.cri.cn\\\/photoworkspace\\\/cri\\\/contentimg\\\/2024\\\/11\\\/01\\\/2024110122411843969.jpeg\",\"articleSection\":[\"China\"],\"inLanguage\":\"pt-BR\",\"potentialAction\":[{\"@type\":\"CommentAction\",\"name\":\"Comment\",\"target\":[\"https:\\\/\\\/diariodepe.com.br\\\/cri\\\/2024\\\/11\\\/02\\\/xi-jinping-se-reune-com-primeiro-ministro-da-eslovaquia-em-beijing\\\/#respond\"]}]},{\"@type\":\"WebPage\",\"@id\":\"https:\\\/\\\/diariodepe.com.br\\\/cri\\\/2024\\\/11\\\/02\\\/xi-jinping-se-reune-com-primeiro-ministro-da-eslovaquia-em-beijing\\\/\",\"url\":\"https:\\\/\\\/diariodepe.com.br\\\/cri\\\/2024\\\/11\\\/02\\\/xi-jinping-se-reune-com-primeiro-ministro-da-eslovaquia-em-beijing\\\/\",\"name\":\"Xi Jinping se re\u00fane com primeiro-ministro da Eslov\u00e1quia em Beijing - CRI e Diario de Pernambuco\",\"isPartOf\":{\"@id\":\"https:\\\/\\\/diariodepe.com.br\\\/cri\\\/#website\"},\"primaryImageOfPage\":{\"@id\":\"https:\\\/\\\/diariodepe.com.br\\\/cri\\\/2024\\\/11\\\/02\\\/xi-jinping-se-reune-com-primeiro-ministro-da-eslovaquia-em-beijing\\\/#primaryimage\"},\"image\":{\"@id\":\"https:\\\/\\\/diariodepe.com.br\\\/cri\\\/2024\\\/11\\\/02\\\/xi-jinping-se-reune-com-primeiro-ministro-da-eslovaquia-em-beijing\\\/#primaryimage\"},\"thumbnailUrl\":\"https:\\\/\\\/p5crires.cri.cn\\\/photoworkspace\\\/cri\\\/contentimg\\\/2024\\\/11\\\/01\\\/2024110122411843969.jpeg\",\"datePublished\":\"2024-11-02T04:09:17+00:00\",\"breadcrumb\":{\"@id\":\"https:\\\/\\\/diariodepe.com.br\\\/cri\\\/2024\\\/11\\\/02\\\/xi-jinping-se-reune-com-primeiro-ministro-da-eslovaquia-em-beijing\\\/#breadcrumb\"},\"inLanguage\":\"pt-BR\",\"potentialAction\":[{\"@type\":\"ReadAction\",\"target\":[\"https:\\\/\\\/diariodepe.com.br\\\/cri\\\/2024\\\/11\\\/02\\\/xi-jinping-se-reune-com-primeiro-ministro-da-eslovaquia-em-beijing\\\/\"]}]},{\"@type\":\"ImageObject\",\"inLanguage\":\"pt-BR\",\"@id\":\"https:\\\/\\\/diariodepe.com.br\\\/cri\\\/2024\\\/11\\\/02\\\/xi-jinping-se-reune-com-primeiro-ministro-da-eslovaquia-em-beijing\\\/#primaryimage\",\"url\":\"https:\\\/\\\/p5crires.cri.cn\\\/photoworkspace\\\/cri\\\/contentimg\\\/2024\\\/11\\\/01\\\/2024110122411843969.jpeg\",\"contentUrl\":\"https:\\\/\\\/p5crires.cri.cn\\\/photoworkspace\\\/cri\\\/contentimg\\\/2024\\\/11\\\/01\\\/2024110122411843969.jpeg\"},{\"@type\":\"BreadcrumbList\",\"@id\":\"https:\\\/\\\/diariodepe.com.br\\\/cri\\\/2024\\\/11\\\/02\\\/xi-jinping-se-reune-com-primeiro-ministro-da-eslovaquia-em-beijing\\\/#breadcrumb\",\"itemListElement\":[{\"@type\":\"ListItem\",\"position\":1,\"name\":\"In\u00edcio\",\"item\":\"https:\\\/\\\/diariodepe.com.br\\\/cri\\\/\"},{\"@type\":\"ListItem\",\"position\":2,\"name\":\"Xi Jinping se re\u00fane com primeiro-ministro da Eslov\u00e1quia em Beijing\"}]},{\"@type\":\"WebSite\",\"@id\":\"https:\\\/\\\/diariodepe.com.br\\\/cri\\\/#website\",\"url\":\"https:\\\/\\\/diariodepe.com.br\\\/cri\\\/\",\"name\":\"CRI e Diario de Pernambuco\",\"description\":\"R\u00e1dio Internacional da China\",\"publisher\":{\"@id\":\"https:\\\/\\\/diariodepe.com.br\\\/cri\\\/#organization\"},\"potentialAction\":[{\"@type\":\"SearchAction\",\"target\":{\"@type\":\"EntryPoint\",\"urlTemplate\":\"https:\\\/\\\/diariodepe.com.br\\\/cri\\\/?s={search_term_string}\"},\"query-input\":{\"@type\":\"PropertyValueSpecification\",\"valueRequired\":true,\"valueName\":\"search_term_string\"}}],\"inLanguage\":\"pt-BR\"},{\"@type\":\"Organization\",\"@id\":\"https:\\\/\\\/diariodepe.com.br\\\/cri\\\/#organization\",\"name\":\"CRI e Diario de Pernambuco\",\"url\":\"https:\\\/\\\/diariodepe.com.br\\\/cri\\\/\",\"logo\":{\"@type\":\"ImageObject\",\"inLanguage\":\"pt-BR\",\"@id\":\"https:\\\/\\\/diariodepe.com.br\\\/cri\\\/#\\\/schema\\\/logo\\\/image\\\/\",\"url\":\"https:\\\/\\\/diariodepe.com.br\\\/cri\\\/wp-content\\\/uploads\\\/sites\\\/2\\\/2022\\\/12\\\/cropped-Logo.jpg\",\"contentUrl\":\"https:\\\/\\\/diariodepe.com.br\\\/cri\\\/wp-content\\\/uploads\\\/sites\\\/2\\\/2022\\\/12\\\/cropped-Logo.jpg\",\"width\":700,\"height\":59,\"caption\":\"CRI e Diario de Pernambuco\"},\"image\":{\"@id\":\"https:\\\/\\\/diariodepe.com.br\\\/cri\\\/#\\\/schema\\\/logo\\\/image\\\/\"}},{\"@type\":\"Person\",\"@id\":\"https:\\\/\\\/diariodepe.com.br\\\/cri\\\/#\\\/schema\\\/person\\\/121bb28d84f1a5b1205ef4ce9c2e0c6b\",\"name\":\"Ismael Lucas S. Pereira\",\"image\":{\"@type\":\"ImageObject\",\"inLanguage\":\"pt-BR\",\"@id\":\"https:\\\/\\\/secure.gravatar.com\\\/avatar\\\/887a0f3b5a7ceea963a48499fb883ffce6b5037362def025c52c2505b15d63e4?s=96&d=mm&r=g\",\"url\":\"https:\\\/\\\/secure.gravatar.com\\\/avatar\\\/887a0f3b5a7ceea963a48499fb883ffce6b5037362def025c52c2505b15d63e4?s=96&d=mm&r=g\",\"contentUrl\":\"https:\\\/\\\/secure.gravatar.com\\\/avatar\\\/887a0f3b5a7ceea963a48499fb883ffce6b5037362def025c52c2505b15d63e4?s=96&d=mm&r=g\",\"caption\":\"Ismael Lucas S. Pereira\"},\"url\":\"https:\\\/\\\/diariodepe.com.br\\\/cri\\\/author\\\/ismael-lucas\\\/\"}]}<\/script>\n<!-- \/ Yoast SEO plugin. -->","yoast_head_json":{"title":"Xi Jinping se re\u00fane com primeiro-ministro da Eslov\u00e1quia em Beijing - CRI e Diario de Pernambuco","robots":{"index":"index","follow":"follow","max-snippet":"max-snippet:-1","max-image-preview":"max-image-preview:large","max-video-preview":"max-video-preview:-1"},"canonical":"https:\/\/diariodepe.com.br\/cri\/2024\/11\/02\/xi-jinping-se-reune-com-primeiro-ministro-da-eslovaquia-em-beijing\/","og_locale":"pt_BR","og_type":"article","og_title":"Xi Jinping se re\u00fane com primeiro-ministro da Eslov\u00e1quia em Beijing - CRI e Diario de Pernambuco","og_description":"O presidente chin\u00eas, Xi Jinping, reuniu-se nesta sexta-feira (1\u00ba), hora local, no Grande Sal\u00e3o do Povo, em Beijing, com o primeiro-ministro da Eslov\u00e1quia, Robert Fico, que faz visita oficial ao pa\u00eds. Xi Jinping destacou que este ano marca o 75\u00ba...","og_url":"https:\/\/diariodepe.com.br\/cri\/2024\/11\/02\/xi-jinping-se-reune-com-primeiro-ministro-da-eslovaquia-em-beijing\/","og_site_name":"CRI e Diario de Pernambuco","article_published_time":"2024-11-02T04:09:17+00:00","og_image":[{"url":"https:\/\/p5crires.cri.cn\/photoworkspace\/cri\/contentimg\/2024\/11\/01\/2024110122411843969.jpeg","type":"","width":"","height":""}],"author":"Ismael Lucas S. Pereira","twitter_card":"summary_large_image","twitter_misc":{"Escrito por":"Ismael Lucas S. Pereira"},"schema":{"@context":"https:\/\/schema.org","@graph":[{"@type":"Article","@id":"https:\/\/diariodepe.com.br\/cri\/2024\/11\/02\/xi-jinping-se-reune-com-primeiro-ministro-da-eslovaquia-em-beijing\/#article","isPartOf":{"@id":"https:\/\/diariodepe.com.br\/cri\/2024\/11\/02\/xi-jinping-se-reune-com-primeiro-ministro-da-eslovaquia-em-beijing\/"},"author":{"name":"Ismael Lucas S. Pereira","@id":"https:\/\/diariodepe.com.br\/cri\/#\/schema\/person\/121bb28d84f1a5b1205ef4ce9c2e0c6b"},"headline":"Xi Jinping se re\u00fane com primeiro-ministro da Eslov\u00e1quia em Beijing","datePublished":"2024-11-02T04:09:17+00:00","mainEntityOfPage":{"@id":"https:\/\/diariodepe.com.br\/cri\/2024\/11\/02\/xi-jinping-se-reune-com-primeiro-ministro-da-eslovaquia-em-beijing\/"},"wordCount":549,"commentCount":0,"publisher":{"@id":"https:\/\/diariodepe.com.br\/cri\/#organization"},"image":{"@id":"https:\/\/diariodepe.com.br\/cri\/2024\/11\/02\/xi-jinping-se-reune-com-primeiro-ministro-da-eslovaquia-em-beijing\/#primaryimage"},"thumbnailUrl":"https:\/\/p5crires.cri.cn\/photoworkspace\/cri\/contentimg\/2024\/11\/01\/2024110122411843969.jpeg","articleSection":["China"],"inLanguage":"pt-BR","potentialAction":[{"@type":"CommentAction","name":"Comment","target":["https:\/\/diariodepe.com.br\/cri\/2024\/11\/02\/xi-jinping-se-reune-com-primeiro-ministro-da-eslovaquia-em-beijing\/#respond"]}]},{"@type":"WebPage","@id":"https:\/\/diariodepe.com.br\/cri\/2024\/11\/02\/xi-jinping-se-reune-com-primeiro-ministro-da-eslovaquia-em-beijing\/","url":"https:\/\/diariodepe.com.br\/cri\/2024\/11\/02\/xi-jinping-se-reune-com-primeiro-ministro-da-eslovaquia-em-beijing\/","name":"Xi Jinping se re\u00fane com primeiro-ministro da Eslov\u00e1quia em Beijing - CRI e Diario de Pernambuco","isPartOf":{"@id":"https:\/\/diariodepe.com.br\/cri\/#website"},"primaryImageOfPage":{"@id":"https:\/\/diariodepe.com.br\/cri\/2024\/11\/02\/xi-jinping-se-reune-com-primeiro-ministro-da-eslovaquia-em-beijing\/#primaryimage"},"image":{"@id":"https:\/\/diariodepe.com.br\/cri\/2024\/11\/02\/xi-jinping-se-reune-com-primeiro-ministro-da-eslovaquia-em-beijing\/#primaryimage"},"thumbnailUrl":"https:\/\/p5crires.cri.cn\/photoworkspace\/cri\/contentimg\/2024\/11\/01\/2024110122411843969.jpeg","datePublished":"2024-11-02T04:09:17+00:00","breadcrumb":{"@id":"https:\/\/diariodepe.com.br\/cri\/2024\/11\/02\/xi-jinping-se-reune-com-primeiro-ministro-da-eslovaquia-em-beijing\/#breadcrumb"},"inLanguage":"pt-BR","potentialAction":[{"@type":"ReadAction","target":["https:\/\/diariodepe.com.br\/cri\/2024\/11\/02\/xi-jinping-se-reune-com-primeiro-ministro-da-eslovaquia-em-beijing\/"]}]},{"@type":"ImageObject","inLanguage":"pt-BR","@id":"https:\/\/diariodepe.com.br\/cri\/2024\/11\/02\/xi-jinping-se-reune-com-primeiro-ministro-da-eslovaquia-em-beijing\/#primaryimage","url":"https:\/\/p5crires.cri.cn\/photoworkspace\/cri\/contentimg\/2024\/11\/01\/2024110122411843969.jpeg","contentUrl":"https:\/\/p5crires.cri.cn\/photoworkspace\/cri\/contentimg\/2024\/11\/01\/2024110122411843969.jpeg"},{"@type":"BreadcrumbList","@id":"https:\/\/diariodepe.com.br\/cri\/2024\/11\/02\/xi-jinping-se-reune-com-primeiro-ministro-da-eslovaquia-em-beijing\/#breadcrumb","itemListElement":[{"@type":"ListItem","position":1,"name":"In\u00edcio","item":"https:\/\/diariodepe.com.br\/cri\/"},{"@type":"ListItem","position":2,"name":"Xi Jinping se re\u00fane com primeiro-ministro da Eslov\u00e1quia em Beijing"}]},{"@type":"WebSite","@id":"https:\/\/diariodepe.com.br\/cri\/#website","url":"https:\/\/diariodepe.com.br\/cri\/","name":"CRI e Diario de Pernambuco","description":"R\u00e1dio Internacional da China","publisher":{"@id":"https:\/\/diariodepe.com.br\/cri\/#organization"},"potentialAction":[{"@type":"SearchAction","target":{"@type":"EntryPoint","urlTemplate":"https:\/\/diariodepe.com.br\/cri\/?s={search_term_string}"},"query-input":{"@type":"PropertyValueSpecification","valueRequired":true,"valueName":"search_term_string"}}],"inLanguage":"pt-BR"},{"@type":"Organization","@id":"https:\/\/diariodepe.com.br\/cri\/#organization","name":"CRI e Diario de Pernambuco","url":"https:\/\/diariodepe.com.br\/cri\/","logo":{"@type":"ImageObject","inLanguage":"pt-BR","@id":"https:\/\/diariodepe.com.br\/cri\/#\/schema\/logo\/image\/","url":"https:\/\/diariodepe.com.br\/cri\/wp-content\/uploads\/sites\/2\/2022\/12\/cropped-Logo.jpg","contentUrl":"https:\/\/diariodepe.com.br\/cri\/wp-content\/uploads\/sites\/2\/2022\/12\/cropped-Logo.jpg","width":700,"height":59,"caption":"CRI e Diario de Pernambuco"},"image":{"@id":"https:\/\/diariodepe.com.br\/cri\/#\/schema\/logo\/image\/"}},{"@type":"Person","@id":"https:\/\/diariodepe.com.br\/cri\/#\/schema\/person\/121bb28d84f1a5b1205ef4ce9c2e0c6b","name":"Ismael Lucas S. Pereira","image":{"@type":"ImageObject","inLanguage":"pt-BR","@id":"https:\/\/secure.gravatar.com\/avatar\/887a0f3b5a7ceea963a48499fb883ffce6b5037362def025c52c2505b15d63e4?s=96&d=mm&r=g","url":"https:\/\/secure.gravatar.com\/avatar\/887a0f3b5a7ceea963a48499fb883ffce6b5037362def025c52c2505b15d63e4?s=96&d=mm&r=g","contentUrl":"https:\/\/secure.gravatar.com\/avatar\/887a0f3b5a7ceea963a48499fb883ffce6b5037362def025c52c2505b15d63e4?s=96&d=mm&r=g","caption":"Ismael Lucas S. Pereira"},"url":"https:\/\/diariodepe.com.br\/cri\/author\/ismael-lucas\/"}]}},"cc_featured_image_caption":{"caption_text":false,"source_text":false,"source_url":false},"amp_enabled":true,"_links":{"self":[{"href":"https:\/\/diariodepe.com.br\/cri\/wp-json\/wp\/v2\/posts\/6563","targetHints":{"allow":["GET"]}}],"collection":[{"href":"https:\/\/diariodepe.com.br\/cri\/wp-json\/wp\/v2\/posts"}],"about":[{"href":"https:\/\/diariodepe.com.br\/cri\/wp-json\/wp\/v2\/types\/post"}],"author":[{"embeddable":true,"href":"https:\/\/diariodepe.com.br\/cri\/wp-json\/wp\/v2\/users\/2"}],"replies":[{"embeddable":true,"href":"https:\/\/diariodepe.com.br\/cri\/wp-json\/wp\/v2\/comments?post=6563"}],"version-history":[{"count":1,"href":"https:\/\/diariodepe.com.br\/cri\/wp-json\/wp\/v2\/posts\/6563\/revisions"}],"predecessor-version":[{"id":6564,"href":"https:\/\/diariodepe.com.br\/cri\/wp-json\/wp\/v2\/posts\/6563\/revisions\/6564"}],"wp:attachment":[{"href":"https:\/\/diariodepe.com.br\/cri\/wp-json\/wp\/v2\/media?parent=6563"}],"wp:term":[{"taxonomy":"category","embeddable":true,"href":"https:\/\/diariodepe.com.br\/cri\/wp-json\/wp\/v2\/categories?post=6563"},{"taxonomy":"post_tag","embeddable":true,"href":"https:\/\/diariodepe.com.br\/cri\/wp-json\/wp\/v2\/tags?post=6563"}],"curies":[{"name":"wp","href":"https:\/\/api.w.org\/{rel}","templated":true}]}}