{"id":6559,"date":"2024-11-02T01:08:04","date_gmt":"2024-11-02T04:08:04","guid":{"rendered":"https:\/\/diariodepe.com.br\/cri\/?p=6559"},"modified":"2024-11-02T01:08:04","modified_gmt":"2024-11-02T04:08:04","slug":"xi-jinping-se-reune-com-novo-chefe-do-executivo-de-macau","status":"publish","type":"post","link":"https:\/\/diariodepe.com.br\/cri\/2024\/11\/02\/xi-jinping-se-reune-com-novo-chefe-do-executivo-de-macau\/","title":{"rendered":"Xi Jinping se re\u00fane com novo chefe do Executivo de Macau"},"content":{"rendered":"<p class=\"photo_img_20190808\"><img decoding=\"async\" src=\"https:\/\/p4crires.cri.cn\/photoworkspace\/cri\/contentimg\/2024\/11\/01\/2024110121531654025.jpg\" alt=\"\" \/><\/p>\n<p>O presidente da China, Xi Jinping, reuniu-se nesta sexta-feira (1), em Beijing, com Sam Hou Fai, rec\u00e9m-eleito chefe do Executivo da Regi\u00e3o Administrativa Especial de Macau (RAEM), que acabou de ser nomeado pelo governo central como o sexto a ocupar o cargo.<\/p>\n<p>Xi Jinping afirmou que, desde o retorno de Macau \u00e0 p\u00e1tria, h\u00e1 25 anos, a pr\u00e1tica de \u201cum pa\u00eds, dois sistemas\u201d com caracter\u00edsticas de Macau obteve \u00eaxitos que chamaram a aten\u00e7\u00e3o do mundo. Neste mesmo processo, a ordem institucional consagrada pela Constitui\u00e7\u00e3o e pela Lei B\u00e1sica de Macau foi firmemente estabelecida na regi\u00e3o, as causas regionais tiveram progressos totais e a influ\u00eancia internacional da RAEM aumentou notavelmente.<\/p>\n<p>De acordo com o presidente chin\u00eas, o governo central continuar\u00e1 implementando os princ\u00edpios de \u201cum pa\u00eds, dois sistemas\u201d, \u201cadministra\u00e7\u00e3o de Macau pela gente de Macau\u201d e um alto grau de autonomia.<\/p>\n<p>Xi Jinping lembrou que a 3\u00aa sess\u00e3o plen\u00e1ria do 20\u00ba Comit\u00ea Central do Partido Comunista da China (PCCh) fez disposi\u00e7\u00f5es sistem\u00e1ticas sobre um maior aprofundamento integral da reforma em busca da moderniza\u00e7\u00e3o chinesa. O l\u00edder chin\u00eas enfatizou que \u00e9 preciso aproveitar as vantagens do princ\u00edpio de \u201cum pa\u00eds, dois sistemas\u201d e aperfei\u00e7oar os mecanismos que levam adiante os pap\u00e9is positivos de Hong Kong e Macau na abertura nacional.<\/p>\n<p>Segundo o presidente, a atual conjuntura fornece novas oportunidades hist\u00f3ricas a Macau para se integrar \u00e0 moderniza\u00e7\u00e3o chinesa e se desenvolver melhor.<\/p>\n<p>Sam Hou Fai manifestou que se sente honrado pela nomea\u00e7\u00e3o e decidiu implementar plenamente o princ\u00edpio de \u201cum pa\u00eds, dois sistemas\u201d, sob a lideran\u00e7a de Xi Jinping e do governo central, a fim de defender a soberania, a seguran\u00e7a e os interesses de desenvolvimento nacionais.<\/p>\n<p>O novo chefe do Executivo de Macau espera ainda orientar a regi\u00e3o para que se integre e melhor sirva ao desenvolvimento do pa\u00eds, al\u00e9m de fortalecer a governan\u00e7a p\u00fablica e acelerar a diversifica\u00e7\u00e3o adequada da economia e a melhoria \u00a0da vida do povo local.<\/p>\n","protected":false},"excerpt":{"rendered":"<p>O presidente da China, Xi Jinping, reuniu-se nesta sexta-feira (1), em Beijing, com Sam Hou Fai, rec\u00e9m-eleito chefe do Executivo da Regi\u00e3o Administrativa Especial de Macau (RAEM), que acabou de ser nomeado pelo governo central como o sexto a ocupar&#8230;<\/p>\n","protected":false},"author":2,"featured_media":0,"comment_status":"open","ping_status":"open","sticky":false,"template":"","format":"standard","meta":{"footnotes":""},"categories":[3],"tags":[],"class_list":["post-6559","post","type-post","status-publish","format-standard","hentry","category-china"],"yoast_head":"<!-- This site is optimized with the Yoast SEO plugin v27.4 - https:\/\/yoast.com\/product\/yoast-seo-wordpress\/ -->\n<title>Xi Jinping se re\u00fane com novo chefe do Executivo de Macau - CRI e Diario de Pernambuco<\/title>\n<meta name=\"robots\" content=\"index, follow, max-snippet:-1, max-image-preview:large, max-video-preview:-1\" \/>\n<link rel=\"canonical\" href=\"https:\/\/diariodepe.com.br\/cri\/2024\/11\/02\/xi-jinping-se-reune-com-novo-chefe-do-executivo-de-macau\/\" \/>\n<meta property=\"og:locale\" content=\"pt_BR\" \/>\n<meta property=\"og:type\" content=\"article\" \/>\n<meta property=\"og:title\" content=\"Xi Jinping se re\u00fane com novo chefe do Executivo de Macau - CRI e Diario de Pernambuco\" \/>\n<meta property=\"og:description\" content=\"O presidente da China, Xi Jinping, reuniu-se nesta sexta-feira (1), em Beijing, com Sam Hou Fai, rec\u00e9m-eleito chefe do Executivo da Regi\u00e3o Administrativa Especial de Macau (RAEM), que acabou de ser nomeado pelo governo central como o sexto a ocupar...\" \/>\n<meta property=\"og:url\" content=\"https:\/\/diariodepe.com.br\/cri\/2024\/11\/02\/xi-jinping-se-reune-com-novo-chefe-do-executivo-de-macau\/\" \/>\n<meta property=\"og:site_name\" content=\"CRI e Diario de Pernambuco\" \/>\n<meta property=\"article:published_time\" content=\"2024-11-02T04:08:04+00:00\" \/>\n<meta property=\"og:image\" content=\"https:\/\/p4crires.cri.cn\/photoworkspace\/cri\/contentimg\/2024\/11\/01\/2024110121531654025.jpg\" \/>\n<meta name=\"author\" content=\"Ismael Lucas S. Pereira\" \/>\n<meta name=\"twitter:card\" content=\"summary_large_image\" \/>\n<meta name=\"twitter:label1\" content=\"Escrito por\" \/>\n\t<meta name=\"twitter:data1\" content=\"Ismael Lucas S. Pereira\" \/>\n<script type=\"application\/ld+json\" class=\"yoast-schema-graph\">{\"@context\":\"https:\\\/\\\/schema.org\",\"@graph\":[{\"@type\":\"Article\",\"@id\":\"https:\\\/\\\/diariodepe.com.br\\\/cri\\\/2024\\\/11\\\/02\\\/xi-jinping-se-reune-com-novo-chefe-do-executivo-de-macau\\\/#article\",\"isPartOf\":{\"@id\":\"https:\\\/\\\/diariodepe.com.br\\\/cri\\\/2024\\\/11\\\/02\\\/xi-jinping-se-reune-com-novo-chefe-do-executivo-de-macau\\\/\"},\"author\":{\"name\":\"Ismael Lucas S. Pereira\",\"@id\":\"https:\\\/\\\/diariodepe.com.br\\\/cri\\\/#\\\/schema\\\/person\\\/121bb28d84f1a5b1205ef4ce9c2e0c6b\"},\"headline\":\"Xi Jinping se re\u00fane com novo chefe do Executivo de Macau\",\"datePublished\":\"2024-11-02T04:08:04+00:00\",\"mainEntityOfPage\":{\"@id\":\"https:\\\/\\\/diariodepe.com.br\\\/cri\\\/2024\\\/11\\\/02\\\/xi-jinping-se-reune-com-novo-chefe-do-executivo-de-macau\\\/\"},\"wordCount\":363,\"commentCount\":0,\"publisher\":{\"@id\":\"https:\\\/\\\/diariodepe.com.br\\\/cri\\\/#organization\"},\"image\":{\"@id\":\"https:\\\/\\\/diariodepe.com.br\\\/cri\\\/2024\\\/11\\\/02\\\/xi-jinping-se-reune-com-novo-chefe-do-executivo-de-macau\\\/#primaryimage\"},\"thumbnailUrl\":\"https:\\\/\\\/p4crires.cri.cn\\\/photoworkspace\\\/cri\\\/contentimg\\\/2024\\\/11\\\/01\\\/2024110121531654025.jpg\",\"articleSection\":[\"China\"],\"inLanguage\":\"pt-BR\",\"potentialAction\":[{\"@type\":\"CommentAction\",\"name\":\"Comment\",\"target\":[\"https:\\\/\\\/diariodepe.com.br\\\/cri\\\/2024\\\/11\\\/02\\\/xi-jinping-se-reune-com-novo-chefe-do-executivo-de-macau\\\/#respond\"]}]},{\"@type\":\"WebPage\",\"@id\":\"https:\\\/\\\/diariodepe.com.br\\\/cri\\\/2024\\\/11\\\/02\\\/xi-jinping-se-reune-com-novo-chefe-do-executivo-de-macau\\\/\",\"url\":\"https:\\\/\\\/diariodepe.com.br\\\/cri\\\/2024\\\/11\\\/02\\\/xi-jinping-se-reune-com-novo-chefe-do-executivo-de-macau\\\/\",\"name\":\"Xi Jinping se re\u00fane com novo chefe do Executivo de Macau - CRI e Diario de Pernambuco\",\"isPartOf\":{\"@id\":\"https:\\\/\\\/diariodepe.com.br\\\/cri\\\/#website\"},\"primaryImageOfPage\":{\"@id\":\"https:\\\/\\\/diariodepe.com.br\\\/cri\\\/2024\\\/11\\\/02\\\/xi-jinping-se-reune-com-novo-chefe-do-executivo-de-macau\\\/#primaryimage\"},\"image\":{\"@id\":\"https:\\\/\\\/diariodepe.com.br\\\/cri\\\/2024\\\/11\\\/02\\\/xi-jinping-se-reune-com-novo-chefe-do-executivo-de-macau\\\/#primaryimage\"},\"thumbnailUrl\":\"https:\\\/\\\/p4crires.cri.cn\\\/photoworkspace\\\/cri\\\/contentimg\\\/2024\\\/11\\\/01\\\/2024110121531654025.jpg\",\"datePublished\":\"2024-11-02T04:08:04+00:00\",\"breadcrumb\":{\"@id\":\"https:\\\/\\\/diariodepe.com.br\\\/cri\\\/2024\\\/11\\\/02\\\/xi-jinping-se-reune-com-novo-chefe-do-executivo-de-macau\\\/#breadcrumb\"},\"inLanguage\":\"pt-BR\",\"potentialAction\":[{\"@type\":\"ReadAction\",\"target\":[\"https:\\\/\\\/diariodepe.com.br\\\/cri\\\/2024\\\/11\\\/02\\\/xi-jinping-se-reune-com-novo-chefe-do-executivo-de-macau\\\/\"]}]},{\"@type\":\"ImageObject\",\"inLanguage\":\"pt-BR\",\"@id\":\"https:\\\/\\\/diariodepe.com.br\\\/cri\\\/2024\\\/11\\\/02\\\/xi-jinping-se-reune-com-novo-chefe-do-executivo-de-macau\\\/#primaryimage\",\"url\":\"https:\\\/\\\/p4crires.cri.cn\\\/photoworkspace\\\/cri\\\/contentimg\\\/2024\\\/11\\\/01\\\/2024110121531654025.jpg\",\"contentUrl\":\"https:\\\/\\\/p4crires.cri.cn\\\/photoworkspace\\\/cri\\\/contentimg\\\/2024\\\/11\\\/01\\\/2024110121531654025.jpg\"},{\"@type\":\"BreadcrumbList\",\"@id\":\"https:\\\/\\\/diariodepe.com.br\\\/cri\\\/2024\\\/11\\\/02\\\/xi-jinping-se-reune-com-novo-chefe-do-executivo-de-macau\\\/#breadcrumb\",\"itemListElement\":[{\"@type\":\"ListItem\",\"position\":1,\"name\":\"In\u00edcio\",\"item\":\"https:\\\/\\\/diariodepe.com.br\\\/cri\\\/\"},{\"@type\":\"ListItem\",\"position\":2,\"name\":\"Xi Jinping se re\u00fane com novo chefe do Executivo de Macau\"}]},{\"@type\":\"WebSite\",\"@id\":\"https:\\\/\\\/diariodepe.com.br\\\/cri\\\/#website\",\"url\":\"https:\\\/\\\/diariodepe.com.br\\\/cri\\\/\",\"name\":\"CRI e Diario de Pernambuco\",\"description\":\"R\u00e1dio Internacional da China\",\"publisher\":{\"@id\":\"https:\\\/\\\/diariodepe.com.br\\\/cri\\\/#organization\"},\"potentialAction\":[{\"@type\":\"SearchAction\",\"target\":{\"@type\":\"EntryPoint\",\"urlTemplate\":\"https:\\\/\\\/diariodepe.com.br\\\/cri\\\/?s={search_term_string}\"},\"query-input\":{\"@type\":\"PropertyValueSpecification\",\"valueRequired\":true,\"valueName\":\"search_term_string\"}}],\"inLanguage\":\"pt-BR\"},{\"@type\":\"Organization\",\"@id\":\"https:\\\/\\\/diariodepe.com.br\\\/cri\\\/#organization\",\"name\":\"CRI e Diario de Pernambuco\",\"url\":\"https:\\\/\\\/diariodepe.com.br\\\/cri\\\/\",\"logo\":{\"@type\":\"ImageObject\",\"inLanguage\":\"pt-BR\",\"@id\":\"https:\\\/\\\/diariodepe.com.br\\\/cri\\\/#\\\/schema\\\/logo\\\/image\\\/\",\"url\":\"https:\\\/\\\/diariodepe.com.br\\\/cri\\\/wp-content\\\/uploads\\\/sites\\\/2\\\/2022\\\/12\\\/cropped-Logo.jpg\",\"contentUrl\":\"https:\\\/\\\/diariodepe.com.br\\\/cri\\\/wp-content\\\/uploads\\\/sites\\\/2\\\/2022\\\/12\\\/cropped-Logo.jpg\",\"width\":700,\"height\":59,\"caption\":\"CRI e Diario de Pernambuco\"},\"image\":{\"@id\":\"https:\\\/\\\/diariodepe.com.br\\\/cri\\\/#\\\/schema\\\/logo\\\/image\\\/\"}},{\"@type\":\"Person\",\"@id\":\"https:\\\/\\\/diariodepe.com.br\\\/cri\\\/#\\\/schema\\\/person\\\/121bb28d84f1a5b1205ef4ce9c2e0c6b\",\"name\":\"Ismael Lucas S. Pereira\",\"image\":{\"@type\":\"ImageObject\",\"inLanguage\":\"pt-BR\",\"@id\":\"https:\\\/\\\/secure.gravatar.com\\\/avatar\\\/887a0f3b5a7ceea963a48499fb883ffce6b5037362def025c52c2505b15d63e4?s=96&d=mm&r=g\",\"url\":\"https:\\\/\\\/secure.gravatar.com\\\/avatar\\\/887a0f3b5a7ceea963a48499fb883ffce6b5037362def025c52c2505b15d63e4?s=96&d=mm&r=g\",\"contentUrl\":\"https:\\\/\\\/secure.gravatar.com\\\/avatar\\\/887a0f3b5a7ceea963a48499fb883ffce6b5037362def025c52c2505b15d63e4?s=96&d=mm&r=g\",\"caption\":\"Ismael Lucas S. Pereira\"},\"url\":\"https:\\\/\\\/diariodepe.com.br\\\/cri\\\/author\\\/ismael-lucas\\\/\"}]}<\/script>\n<!-- \/ Yoast SEO plugin. -->","yoast_head_json":{"title":"Xi Jinping se re\u00fane com novo chefe do Executivo de Macau - CRI e Diario de Pernambuco","robots":{"index":"index","follow":"follow","max-snippet":"max-snippet:-1","max-image-preview":"max-image-preview:large","max-video-preview":"max-video-preview:-1"},"canonical":"https:\/\/diariodepe.com.br\/cri\/2024\/11\/02\/xi-jinping-se-reune-com-novo-chefe-do-executivo-de-macau\/","og_locale":"pt_BR","og_type":"article","og_title":"Xi Jinping se re\u00fane com novo chefe do Executivo de Macau - CRI e Diario de Pernambuco","og_description":"O presidente da China, Xi Jinping, reuniu-se nesta sexta-feira (1), em Beijing, com Sam Hou Fai, rec\u00e9m-eleito chefe do Executivo da Regi\u00e3o Administrativa Especial de Macau (RAEM), que acabou de ser nomeado pelo governo central como o sexto a ocupar...","og_url":"https:\/\/diariodepe.com.br\/cri\/2024\/11\/02\/xi-jinping-se-reune-com-novo-chefe-do-executivo-de-macau\/","og_site_name":"CRI e Diario de Pernambuco","article_published_time":"2024-11-02T04:08:04+00:00","og_image":[{"url":"https:\/\/p4crires.cri.cn\/photoworkspace\/cri\/contentimg\/2024\/11\/01\/2024110121531654025.jpg","type":"","width":"","height":""}],"author":"Ismael Lucas S. Pereira","twitter_card":"summary_large_image","twitter_misc":{"Escrito por":"Ismael Lucas S. Pereira"},"schema":{"@context":"https:\/\/schema.org","@graph":[{"@type":"Article","@id":"https:\/\/diariodepe.com.br\/cri\/2024\/11\/02\/xi-jinping-se-reune-com-novo-chefe-do-executivo-de-macau\/#article","isPartOf":{"@id":"https:\/\/diariodepe.com.br\/cri\/2024\/11\/02\/xi-jinping-se-reune-com-novo-chefe-do-executivo-de-macau\/"},"author":{"name":"Ismael Lucas S. Pereira","@id":"https:\/\/diariodepe.com.br\/cri\/#\/schema\/person\/121bb28d84f1a5b1205ef4ce9c2e0c6b"},"headline":"Xi Jinping se re\u00fane com novo chefe do Executivo de Macau","datePublished":"2024-11-02T04:08:04+00:00","mainEntityOfPage":{"@id":"https:\/\/diariodepe.com.br\/cri\/2024\/11\/02\/xi-jinping-se-reune-com-novo-chefe-do-executivo-de-macau\/"},"wordCount":363,"commentCount":0,"publisher":{"@id":"https:\/\/diariodepe.com.br\/cri\/#organization"},"image":{"@id":"https:\/\/diariodepe.com.br\/cri\/2024\/11\/02\/xi-jinping-se-reune-com-novo-chefe-do-executivo-de-macau\/#primaryimage"},"thumbnailUrl":"https:\/\/p4crires.cri.cn\/photoworkspace\/cri\/contentimg\/2024\/11\/01\/2024110121531654025.jpg","articleSection":["China"],"inLanguage":"pt-BR","potentialAction":[{"@type":"CommentAction","name":"Comment","target":["https:\/\/diariodepe.com.br\/cri\/2024\/11\/02\/xi-jinping-se-reune-com-novo-chefe-do-executivo-de-macau\/#respond"]}]},{"@type":"WebPage","@id":"https:\/\/diariodepe.com.br\/cri\/2024\/11\/02\/xi-jinping-se-reune-com-novo-chefe-do-executivo-de-macau\/","url":"https:\/\/diariodepe.com.br\/cri\/2024\/11\/02\/xi-jinping-se-reune-com-novo-chefe-do-executivo-de-macau\/","name":"Xi Jinping se re\u00fane com novo chefe do Executivo de Macau - CRI e Diario de Pernambuco","isPartOf":{"@id":"https:\/\/diariodepe.com.br\/cri\/#website"},"primaryImageOfPage":{"@id":"https:\/\/diariodepe.com.br\/cri\/2024\/11\/02\/xi-jinping-se-reune-com-novo-chefe-do-executivo-de-macau\/#primaryimage"},"image":{"@id":"https:\/\/diariodepe.com.br\/cri\/2024\/11\/02\/xi-jinping-se-reune-com-novo-chefe-do-executivo-de-macau\/#primaryimage"},"thumbnailUrl":"https:\/\/p4crires.cri.cn\/photoworkspace\/cri\/contentimg\/2024\/11\/01\/2024110121531654025.jpg","datePublished":"2024-11-02T04:08:04+00:00","breadcrumb":{"@id":"https:\/\/diariodepe.com.br\/cri\/2024\/11\/02\/xi-jinping-se-reune-com-novo-chefe-do-executivo-de-macau\/#breadcrumb"},"inLanguage":"pt-BR","potentialAction":[{"@type":"ReadAction","target":["https:\/\/diariodepe.com.br\/cri\/2024\/11\/02\/xi-jinping-se-reune-com-novo-chefe-do-executivo-de-macau\/"]}]},{"@type":"ImageObject","inLanguage":"pt-BR","@id":"https:\/\/diariodepe.com.br\/cri\/2024\/11\/02\/xi-jinping-se-reune-com-novo-chefe-do-executivo-de-macau\/#primaryimage","url":"https:\/\/p4crires.cri.cn\/photoworkspace\/cri\/contentimg\/2024\/11\/01\/2024110121531654025.jpg","contentUrl":"https:\/\/p4crires.cri.cn\/photoworkspace\/cri\/contentimg\/2024\/11\/01\/2024110121531654025.jpg"},{"@type":"BreadcrumbList","@id":"https:\/\/diariodepe.com.br\/cri\/2024\/11\/02\/xi-jinping-se-reune-com-novo-chefe-do-executivo-de-macau\/#breadcrumb","itemListElement":[{"@type":"ListItem","position":1,"name":"In\u00edcio","item":"https:\/\/diariodepe.com.br\/cri\/"},{"@type":"ListItem","position":2,"name":"Xi Jinping se re\u00fane com novo chefe do Executivo de Macau"}]},{"@type":"WebSite","@id":"https:\/\/diariodepe.com.br\/cri\/#website","url":"https:\/\/diariodepe.com.br\/cri\/","name":"CRI e Diario de Pernambuco","description":"R\u00e1dio Internacional da China","publisher":{"@id":"https:\/\/diariodepe.com.br\/cri\/#organization"},"potentialAction":[{"@type":"SearchAction","target":{"@type":"EntryPoint","urlTemplate":"https:\/\/diariodepe.com.br\/cri\/?s={search_term_string}"},"query-input":{"@type":"PropertyValueSpecification","valueRequired":true,"valueName":"search_term_string"}}],"inLanguage":"pt-BR"},{"@type":"Organization","@id":"https:\/\/diariodepe.com.br\/cri\/#organization","name":"CRI e Diario de Pernambuco","url":"https:\/\/diariodepe.com.br\/cri\/","logo":{"@type":"ImageObject","inLanguage":"pt-BR","@id":"https:\/\/diariodepe.com.br\/cri\/#\/schema\/logo\/image\/","url":"https:\/\/diariodepe.com.br\/cri\/wp-content\/uploads\/sites\/2\/2022\/12\/cropped-Logo.jpg","contentUrl":"https:\/\/diariodepe.com.br\/cri\/wp-content\/uploads\/sites\/2\/2022\/12\/cropped-Logo.jpg","width":700,"height":59,"caption":"CRI e Diario de Pernambuco"},"image":{"@id":"https:\/\/diariodepe.com.br\/cri\/#\/schema\/logo\/image\/"}},{"@type":"Person","@id":"https:\/\/diariodepe.com.br\/cri\/#\/schema\/person\/121bb28d84f1a5b1205ef4ce9c2e0c6b","name":"Ismael Lucas S. Pereira","image":{"@type":"ImageObject","inLanguage":"pt-BR","@id":"https:\/\/secure.gravatar.com\/avatar\/887a0f3b5a7ceea963a48499fb883ffce6b5037362def025c52c2505b15d63e4?s=96&d=mm&r=g","url":"https:\/\/secure.gravatar.com\/avatar\/887a0f3b5a7ceea963a48499fb883ffce6b5037362def025c52c2505b15d63e4?s=96&d=mm&r=g","contentUrl":"https:\/\/secure.gravatar.com\/avatar\/887a0f3b5a7ceea963a48499fb883ffce6b5037362def025c52c2505b15d63e4?s=96&d=mm&r=g","caption":"Ismael Lucas S. Pereira"},"url":"https:\/\/diariodepe.com.br\/cri\/author\/ismael-lucas\/"}]}},"cc_featured_image_caption":{"caption_text":false,"source_text":false,"source_url":false},"amp_enabled":true,"_links":{"self":[{"href":"https:\/\/diariodepe.com.br\/cri\/wp-json\/wp\/v2\/posts\/6559","targetHints":{"allow":["GET"]}}],"collection":[{"href":"https:\/\/diariodepe.com.br\/cri\/wp-json\/wp\/v2\/posts"}],"about":[{"href":"https:\/\/diariodepe.com.br\/cri\/wp-json\/wp\/v2\/types\/post"}],"author":[{"embeddable":true,"href":"https:\/\/diariodepe.com.br\/cri\/wp-json\/wp\/v2\/users\/2"}],"replies":[{"embeddable":true,"href":"https:\/\/diariodepe.com.br\/cri\/wp-json\/wp\/v2\/comments?post=6559"}],"version-history":[{"count":1,"href":"https:\/\/diariodepe.com.br\/cri\/wp-json\/wp\/v2\/posts\/6559\/revisions"}],"predecessor-version":[{"id":6560,"href":"https:\/\/diariodepe.com.br\/cri\/wp-json\/wp\/v2\/posts\/6559\/revisions\/6560"}],"wp:attachment":[{"href":"https:\/\/diariodepe.com.br\/cri\/wp-json\/wp\/v2\/media?parent=6559"}],"wp:term":[{"taxonomy":"category","embeddable":true,"href":"https:\/\/diariodepe.com.br\/cri\/wp-json\/wp\/v2\/categories?post=6559"},{"taxonomy":"post_tag","embeddable":true,"href":"https:\/\/diariodepe.com.br\/cri\/wp-json\/wp\/v2\/tags?post=6559"}],"curies":[{"name":"wp","href":"https:\/\/api.w.org\/{rel}","templated":true}]}}