{"id":652,"date":"2023-02-21T05:36:11","date_gmt":"2023-02-21T08:36:11","guid":{"rendered":"https:\/\/diariodepe.com.br\/cri\/?p=652"},"modified":"2023-02-21T05:36:12","modified_gmt":"2023-02-21T08:36:12","slug":"comentario-o-que-e-o-show-politico-dos-eua","status":"publish","type":"post","link":"https:\/\/diariodepe.com.br\/cri\/2023\/02\/21\/comentario-o-que-e-o-show-politico-dos-eua\/","title":{"rendered":"<strong>Coment\u00e1rio: O que \u00e9 o show pol\u00edtico dos EUA?<\/strong>"},"content":{"rendered":"\n<p>O l\u00edder dos EUA disse que n\u00e3o havia indica\u00e7\u00e3o de que os tr\u00eas objetos derrubados no pa\u00eds recentemente estivessem relacionados \u00e0 China. Os Estados Unidos continuar\u00e3o a manter contato com a China e n\u00e3o tentar\u00e3o criar uma nova Guerra Fria. Mas, ao mesmo tempo, ele afirmou que n\u00e3o se desculparia por derrubar &#8220;aquele bal\u00e3o&#8221; da China.<\/p>\n\n\n\n<p>As pessoas veem que essas declara\u00e7\u00f5es contradit\u00f3rias carecem de sinceridade e n\u00e3o s\u00e3o a maneira correta de resolver o problema.<\/p>\n\n\n\n<p>Ao todo, o &#8220;show pol\u00edtico de bal\u00f5es&#8221; de Washington j\u00e1 est\u00e1 no ar h\u00e1 cerca de meio m\u00eas. Durante este per\u00edodo, a China afirmou repetidamente que o dirig\u00edvel civil n\u00e3o tripulado chin\u00eas entrou no espa\u00e7o a\u00e9reo dos EUA devido a for\u00e7a maior, algo que foi completamente acidental.<\/p>\n\n\n\n<p>V\u00e1rios funcion\u00e1rios dos EUA tamb\u00e9m afirmaram que o bal\u00e3o chin\u00eas n\u00e3o representa amea\u00e7a ao pessoal e \u00e0 seguran\u00e7a norte-americana. No entanto, na atmosfera pol\u00edtica de partidarismo polarizado em Washington, esse acidente foi complicado e se transformou em um show pol\u00edtico.<\/p>\n\n\n\n<p>No entanto, algumas pessoas nos Estados Unidos podem n\u00e3o ter esperado que esse desempenho pol\u00edtico de difamar a China e servir \u00e0s lutas partid\u00e1rias revelasse seu antigo hist\u00f3rico. Segundo autoridades chinesas, desde maio do ano passado, os Estados Unidos lan\u00e7aram um grande n\u00famero de bal\u00f5es de alta altitude em todo o mundo em seu pr\u00f3prio territ\u00f3rio e esses bal\u00f5es sobrevoaram ilegalmente o espa\u00e7o a\u00e9reo da China pelo menos 10 vezes.<\/p>\n\n\n\n<p>Por que os EUA n\u00e3o disseram uma palavra sobre isso, mas reagiram de forma exagerada ao dirig\u00edvel civil chin\u00eas que entrou no espa\u00e7o a\u00e9reo dos EUA devido a for\u00e7a maior? Esta \u00e9 uma pr\u00e1tica t\u00edpica americana de duplo padr\u00e3o.<\/p>\n","protected":false},"excerpt":{"rendered":"<p>O l\u00edder dos EUA disse que n\u00e3o havia indica\u00e7\u00e3o de que os tr\u00eas objetos derrubados no pa\u00eds recentemente estivessem relacionados \u00e0 China. Os Estados Unidos continuar\u00e3o a manter contato com a China e n\u00e3o tentar\u00e3o criar uma nova Guerra Fria&#8230;.<\/p>\n","protected":false},"author":2,"featured_media":0,"comment_status":"open","ping_status":"open","sticky":false,"template":"","format":"standard","meta":{"footnotes":""},"categories":[7],"tags":[],"class_list":["post-652","post","type-post","status-publish","format-standard","hentry","category-visao"],"yoast_head":"<!-- This site is optimized with the Yoast SEO plugin v27.4 - https:\/\/yoast.com\/product\/yoast-seo-wordpress\/ -->\n<title>Coment\u00e1rio: O que \u00e9 o show pol\u00edtico dos EUA? - CRI e Diario de Pernambuco<\/title>\n<meta name=\"robots\" content=\"index, follow, max-snippet:-1, max-image-preview:large, max-video-preview:-1\" \/>\n<link rel=\"canonical\" href=\"https:\/\/diariodepe.com.br\/cri\/2023\/02\/21\/comentario-o-que-e-o-show-politico-dos-eua\/\" \/>\n<meta property=\"og:locale\" content=\"pt_BR\" \/>\n<meta property=\"og:type\" content=\"article\" \/>\n<meta property=\"og:title\" content=\"Coment\u00e1rio: O que \u00e9 o show pol\u00edtico dos EUA? - CRI e Diario de Pernambuco\" \/>\n<meta property=\"og:description\" content=\"O l\u00edder dos EUA disse que n\u00e3o havia indica\u00e7\u00e3o de que os tr\u00eas objetos derrubados no pa\u00eds recentemente estivessem relacionados \u00e0 China. Os Estados Unidos continuar\u00e3o a manter contato com a China e n\u00e3o tentar\u00e3o criar uma nova Guerra Fria....\" \/>\n<meta property=\"og:url\" content=\"https:\/\/diariodepe.com.br\/cri\/2023\/02\/21\/comentario-o-que-e-o-show-politico-dos-eua\/\" \/>\n<meta property=\"og:site_name\" content=\"CRI e Diario de Pernambuco\" \/>\n<meta property=\"article:published_time\" content=\"2023-02-21T08:36:11+00:00\" \/>\n<meta property=\"article:modified_time\" content=\"2023-02-21T08:36:12+00:00\" \/>\n<meta name=\"author\" content=\"Ismael Lucas S. Pereira\" \/>\n<meta name=\"twitter:card\" content=\"summary_large_image\" \/>\n<meta name=\"twitter:label1\" content=\"Escrito por\" \/>\n\t<meta name=\"twitter:data1\" content=\"Ismael Lucas S. Pereira\" \/>\n\t<meta name=\"twitter:label2\" content=\"Est. tempo de leitura\" \/>\n\t<meta name=\"twitter:data2\" content=\"2 minutos\" \/>\n<script type=\"application\/ld+json\" class=\"yoast-schema-graph\">{\"@context\":\"https:\\\/\\\/schema.org\",\"@graph\":[{\"@type\":\"Article\",\"@id\":\"https:\\\/\\\/diariodepe.com.br\\\/cri\\\/2023\\\/02\\\/21\\\/comentario-o-que-e-o-show-politico-dos-eua\\\/#article\",\"isPartOf\":{\"@id\":\"https:\\\/\\\/diariodepe.com.br\\\/cri\\\/2023\\\/02\\\/21\\\/comentario-o-que-e-o-show-politico-dos-eua\\\/\"},\"author\":{\"name\":\"Ismael Lucas S. Pereira\",\"@id\":\"https:\\\/\\\/diariodepe.com.br\\\/cri\\\/#\\\/schema\\\/person\\\/121bb28d84f1a5b1205ef4ce9c2e0c6b\"},\"headline\":\"Coment\u00e1rio: O que \u00e9 o show pol\u00edtico dos EUA?\",\"datePublished\":\"2023-02-21T08:36:11+00:00\",\"dateModified\":\"2023-02-21T08:36:12+00:00\",\"mainEntityOfPage\":{\"@id\":\"https:\\\/\\\/diariodepe.com.br\\\/cri\\\/2023\\\/02\\\/21\\\/comentario-o-que-e-o-show-politico-dos-eua\\\/\"},\"wordCount\":333,\"commentCount\":0,\"publisher\":{\"@id\":\"https:\\\/\\\/diariodepe.com.br\\\/cri\\\/#organization\"},\"articleSection\":[\"Vis\u00e3o\"],\"inLanguage\":\"pt-BR\",\"potentialAction\":[{\"@type\":\"CommentAction\",\"name\":\"Comment\",\"target\":[\"https:\\\/\\\/diariodepe.com.br\\\/cri\\\/2023\\\/02\\\/21\\\/comentario-o-que-e-o-show-politico-dos-eua\\\/#respond\"]}]},{\"@type\":\"WebPage\",\"@id\":\"https:\\\/\\\/diariodepe.com.br\\\/cri\\\/2023\\\/02\\\/21\\\/comentario-o-que-e-o-show-politico-dos-eua\\\/\",\"url\":\"https:\\\/\\\/diariodepe.com.br\\\/cri\\\/2023\\\/02\\\/21\\\/comentario-o-que-e-o-show-politico-dos-eua\\\/\",\"name\":\"Coment\u00e1rio: O que \u00e9 o show pol\u00edtico dos EUA? - CRI e Diario de Pernambuco\",\"isPartOf\":{\"@id\":\"https:\\\/\\\/diariodepe.com.br\\\/cri\\\/#website\"},\"datePublished\":\"2023-02-21T08:36:11+00:00\",\"dateModified\":\"2023-02-21T08:36:12+00:00\",\"breadcrumb\":{\"@id\":\"https:\\\/\\\/diariodepe.com.br\\\/cri\\\/2023\\\/02\\\/21\\\/comentario-o-que-e-o-show-politico-dos-eua\\\/#breadcrumb\"},\"inLanguage\":\"pt-BR\",\"potentialAction\":[{\"@type\":\"ReadAction\",\"target\":[\"https:\\\/\\\/diariodepe.com.br\\\/cri\\\/2023\\\/02\\\/21\\\/comentario-o-que-e-o-show-politico-dos-eua\\\/\"]}]},{\"@type\":\"BreadcrumbList\",\"@id\":\"https:\\\/\\\/diariodepe.com.br\\\/cri\\\/2023\\\/02\\\/21\\\/comentario-o-que-e-o-show-politico-dos-eua\\\/#breadcrumb\",\"itemListElement\":[{\"@type\":\"ListItem\",\"position\":1,\"name\":\"In\u00edcio\",\"item\":\"https:\\\/\\\/diariodepe.com.br\\\/cri\\\/\"},{\"@type\":\"ListItem\",\"position\":2,\"name\":\"Coment\u00e1rio: O que \u00e9 o show pol\u00edtico dos EUA?\"}]},{\"@type\":\"WebSite\",\"@id\":\"https:\\\/\\\/diariodepe.com.br\\\/cri\\\/#website\",\"url\":\"https:\\\/\\\/diariodepe.com.br\\\/cri\\\/\",\"name\":\"CRI e Diario de Pernambuco\",\"description\":\"R\u00e1dio Internacional da China\",\"publisher\":{\"@id\":\"https:\\\/\\\/diariodepe.com.br\\\/cri\\\/#organization\"},\"potentialAction\":[{\"@type\":\"SearchAction\",\"target\":{\"@type\":\"EntryPoint\",\"urlTemplate\":\"https:\\\/\\\/diariodepe.com.br\\\/cri\\\/?s={search_term_string}\"},\"query-input\":{\"@type\":\"PropertyValueSpecification\",\"valueRequired\":true,\"valueName\":\"search_term_string\"}}],\"inLanguage\":\"pt-BR\"},{\"@type\":\"Organization\",\"@id\":\"https:\\\/\\\/diariodepe.com.br\\\/cri\\\/#organization\",\"name\":\"CRI e Diario de Pernambuco\",\"url\":\"https:\\\/\\\/diariodepe.com.br\\\/cri\\\/\",\"logo\":{\"@type\":\"ImageObject\",\"inLanguage\":\"pt-BR\",\"@id\":\"https:\\\/\\\/diariodepe.com.br\\\/cri\\\/#\\\/schema\\\/logo\\\/image\\\/\",\"url\":\"https:\\\/\\\/diariodepe.com.br\\\/cri\\\/wp-content\\\/uploads\\\/sites\\\/2\\\/2022\\\/12\\\/cropped-Logo.jpg\",\"contentUrl\":\"https:\\\/\\\/diariodepe.com.br\\\/cri\\\/wp-content\\\/uploads\\\/sites\\\/2\\\/2022\\\/12\\\/cropped-Logo.jpg\",\"width\":700,\"height\":59,\"caption\":\"CRI e Diario de Pernambuco\"},\"image\":{\"@id\":\"https:\\\/\\\/diariodepe.com.br\\\/cri\\\/#\\\/schema\\\/logo\\\/image\\\/\"}},{\"@type\":\"Person\",\"@id\":\"https:\\\/\\\/diariodepe.com.br\\\/cri\\\/#\\\/schema\\\/person\\\/121bb28d84f1a5b1205ef4ce9c2e0c6b\",\"name\":\"Ismael Lucas S. Pereira\",\"image\":{\"@type\":\"ImageObject\",\"inLanguage\":\"pt-BR\",\"@id\":\"https:\\\/\\\/secure.gravatar.com\\\/avatar\\\/887a0f3b5a7ceea963a48499fb883ffce6b5037362def025c52c2505b15d63e4?s=96&d=mm&r=g\",\"url\":\"https:\\\/\\\/secure.gravatar.com\\\/avatar\\\/887a0f3b5a7ceea963a48499fb883ffce6b5037362def025c52c2505b15d63e4?s=96&d=mm&r=g\",\"contentUrl\":\"https:\\\/\\\/secure.gravatar.com\\\/avatar\\\/887a0f3b5a7ceea963a48499fb883ffce6b5037362def025c52c2505b15d63e4?s=96&d=mm&r=g\",\"caption\":\"Ismael Lucas S. Pereira\"},\"url\":\"https:\\\/\\\/diariodepe.com.br\\\/cri\\\/author\\\/ismael-lucas\\\/\"}]}<\/script>\n<!-- \/ Yoast SEO plugin. -->","yoast_head_json":{"title":"Coment\u00e1rio: O que \u00e9 o show pol\u00edtico dos EUA? - CRI e Diario de Pernambuco","robots":{"index":"index","follow":"follow","max-snippet":"max-snippet:-1","max-image-preview":"max-image-preview:large","max-video-preview":"max-video-preview:-1"},"canonical":"https:\/\/diariodepe.com.br\/cri\/2023\/02\/21\/comentario-o-que-e-o-show-politico-dos-eua\/","og_locale":"pt_BR","og_type":"article","og_title":"Coment\u00e1rio: O que \u00e9 o show pol\u00edtico dos EUA? - CRI e Diario de Pernambuco","og_description":"O l\u00edder dos EUA disse que n\u00e3o havia indica\u00e7\u00e3o de que os tr\u00eas objetos derrubados no pa\u00eds recentemente estivessem relacionados \u00e0 China. Os Estados Unidos continuar\u00e3o a manter contato com a China e n\u00e3o tentar\u00e3o criar uma nova Guerra Fria....","og_url":"https:\/\/diariodepe.com.br\/cri\/2023\/02\/21\/comentario-o-que-e-o-show-politico-dos-eua\/","og_site_name":"CRI e Diario de Pernambuco","article_published_time":"2023-02-21T08:36:11+00:00","article_modified_time":"2023-02-21T08:36:12+00:00","author":"Ismael Lucas S. Pereira","twitter_card":"summary_large_image","twitter_misc":{"Escrito por":"Ismael Lucas S. Pereira","Est. tempo de leitura":"2 minutos"},"schema":{"@context":"https:\/\/schema.org","@graph":[{"@type":"Article","@id":"https:\/\/diariodepe.com.br\/cri\/2023\/02\/21\/comentario-o-que-e-o-show-politico-dos-eua\/#article","isPartOf":{"@id":"https:\/\/diariodepe.com.br\/cri\/2023\/02\/21\/comentario-o-que-e-o-show-politico-dos-eua\/"},"author":{"name":"Ismael Lucas S. Pereira","@id":"https:\/\/diariodepe.com.br\/cri\/#\/schema\/person\/121bb28d84f1a5b1205ef4ce9c2e0c6b"},"headline":"Coment\u00e1rio: O que \u00e9 o show pol\u00edtico dos EUA?","datePublished":"2023-02-21T08:36:11+00:00","dateModified":"2023-02-21T08:36:12+00:00","mainEntityOfPage":{"@id":"https:\/\/diariodepe.com.br\/cri\/2023\/02\/21\/comentario-o-que-e-o-show-politico-dos-eua\/"},"wordCount":333,"commentCount":0,"publisher":{"@id":"https:\/\/diariodepe.com.br\/cri\/#organization"},"articleSection":["Vis\u00e3o"],"inLanguage":"pt-BR","potentialAction":[{"@type":"CommentAction","name":"Comment","target":["https:\/\/diariodepe.com.br\/cri\/2023\/02\/21\/comentario-o-que-e-o-show-politico-dos-eua\/#respond"]}]},{"@type":"WebPage","@id":"https:\/\/diariodepe.com.br\/cri\/2023\/02\/21\/comentario-o-que-e-o-show-politico-dos-eua\/","url":"https:\/\/diariodepe.com.br\/cri\/2023\/02\/21\/comentario-o-que-e-o-show-politico-dos-eua\/","name":"Coment\u00e1rio: O que \u00e9 o show pol\u00edtico dos EUA? - CRI e Diario de Pernambuco","isPartOf":{"@id":"https:\/\/diariodepe.com.br\/cri\/#website"},"datePublished":"2023-02-21T08:36:11+00:00","dateModified":"2023-02-21T08:36:12+00:00","breadcrumb":{"@id":"https:\/\/diariodepe.com.br\/cri\/2023\/02\/21\/comentario-o-que-e-o-show-politico-dos-eua\/#breadcrumb"},"inLanguage":"pt-BR","potentialAction":[{"@type":"ReadAction","target":["https:\/\/diariodepe.com.br\/cri\/2023\/02\/21\/comentario-o-que-e-o-show-politico-dos-eua\/"]}]},{"@type":"BreadcrumbList","@id":"https:\/\/diariodepe.com.br\/cri\/2023\/02\/21\/comentario-o-que-e-o-show-politico-dos-eua\/#breadcrumb","itemListElement":[{"@type":"ListItem","position":1,"name":"In\u00edcio","item":"https:\/\/diariodepe.com.br\/cri\/"},{"@type":"ListItem","position":2,"name":"Coment\u00e1rio: O que \u00e9 o show pol\u00edtico dos EUA?"}]},{"@type":"WebSite","@id":"https:\/\/diariodepe.com.br\/cri\/#website","url":"https:\/\/diariodepe.com.br\/cri\/","name":"CRI e Diario de Pernambuco","description":"R\u00e1dio Internacional da China","publisher":{"@id":"https:\/\/diariodepe.com.br\/cri\/#organization"},"potentialAction":[{"@type":"SearchAction","target":{"@type":"EntryPoint","urlTemplate":"https:\/\/diariodepe.com.br\/cri\/?s={search_term_string}"},"query-input":{"@type":"PropertyValueSpecification","valueRequired":true,"valueName":"search_term_string"}}],"inLanguage":"pt-BR"},{"@type":"Organization","@id":"https:\/\/diariodepe.com.br\/cri\/#organization","name":"CRI e Diario de Pernambuco","url":"https:\/\/diariodepe.com.br\/cri\/","logo":{"@type":"ImageObject","inLanguage":"pt-BR","@id":"https:\/\/diariodepe.com.br\/cri\/#\/schema\/logo\/image\/","url":"https:\/\/diariodepe.com.br\/cri\/wp-content\/uploads\/sites\/2\/2022\/12\/cropped-Logo.jpg","contentUrl":"https:\/\/diariodepe.com.br\/cri\/wp-content\/uploads\/sites\/2\/2022\/12\/cropped-Logo.jpg","width":700,"height":59,"caption":"CRI e Diario de Pernambuco"},"image":{"@id":"https:\/\/diariodepe.com.br\/cri\/#\/schema\/logo\/image\/"}},{"@type":"Person","@id":"https:\/\/diariodepe.com.br\/cri\/#\/schema\/person\/121bb28d84f1a5b1205ef4ce9c2e0c6b","name":"Ismael Lucas S. Pereira","image":{"@type":"ImageObject","inLanguage":"pt-BR","@id":"https:\/\/secure.gravatar.com\/avatar\/887a0f3b5a7ceea963a48499fb883ffce6b5037362def025c52c2505b15d63e4?s=96&d=mm&r=g","url":"https:\/\/secure.gravatar.com\/avatar\/887a0f3b5a7ceea963a48499fb883ffce6b5037362def025c52c2505b15d63e4?s=96&d=mm&r=g","contentUrl":"https:\/\/secure.gravatar.com\/avatar\/887a0f3b5a7ceea963a48499fb883ffce6b5037362def025c52c2505b15d63e4?s=96&d=mm&r=g","caption":"Ismael Lucas S. Pereira"},"url":"https:\/\/diariodepe.com.br\/cri\/author\/ismael-lucas\/"}]}},"cc_featured_image_caption":{"caption_text":"","source_text":"","source_url":""},"amp_enabled":true,"_links":{"self":[{"href":"https:\/\/diariodepe.com.br\/cri\/wp-json\/wp\/v2\/posts\/652","targetHints":{"allow":["GET"]}}],"collection":[{"href":"https:\/\/diariodepe.com.br\/cri\/wp-json\/wp\/v2\/posts"}],"about":[{"href":"https:\/\/diariodepe.com.br\/cri\/wp-json\/wp\/v2\/types\/post"}],"author":[{"embeddable":true,"href":"https:\/\/diariodepe.com.br\/cri\/wp-json\/wp\/v2\/users\/2"}],"replies":[{"embeddable":true,"href":"https:\/\/diariodepe.com.br\/cri\/wp-json\/wp\/v2\/comments?post=652"}],"version-history":[{"count":1,"href":"https:\/\/diariodepe.com.br\/cri\/wp-json\/wp\/v2\/posts\/652\/revisions"}],"predecessor-version":[{"id":653,"href":"https:\/\/diariodepe.com.br\/cri\/wp-json\/wp\/v2\/posts\/652\/revisions\/653"}],"wp:attachment":[{"href":"https:\/\/diariodepe.com.br\/cri\/wp-json\/wp\/v2\/media?parent=652"}],"wp:term":[{"taxonomy":"category","embeddable":true,"href":"https:\/\/diariodepe.com.br\/cri\/wp-json\/wp\/v2\/categories?post=652"},{"taxonomy":"post_tag","embeddable":true,"href":"https:\/\/diariodepe.com.br\/cri\/wp-json\/wp\/v2\/tags?post=652"}],"curies":[{"name":"wp","href":"https:\/\/api.w.org\/{rel}","templated":true}]}}