{"id":6493,"date":"2024-10-20T09:13:13","date_gmt":"2024-10-20T12:13:13","guid":{"rendered":"https:\/\/diariodepe.com.br\/cri\/?p=6493"},"modified":"2024-10-20T09:13:13","modified_gmt":"2024-10-20T12:13:13","slug":"a-16a-reuniao-de-cupula-do-brics-mais-um-avanco-na-governanca-global-inclusiva","status":"publish","type":"post","link":"https:\/\/diariodepe.com.br\/cri\/2024\/10\/20\/a-16a-reuniao-de-cupula-do-brics-mais-um-avanco-na-governanca-global-inclusiva\/","title":{"rendered":"A 16\u00aa Reuni\u00e3o de C\u00fapula do BRICS: Mais um avan\u00e7o na Governan\u00e7a Global Inclusiva"},"content":{"rendered":"<p>A evolu\u00e7\u00e3o do BRICS nos \u00faltimos 15 anos transcorreu em um mundo que passa por um processo de transi\u00e7\u00e3o hegem\u00f4nica, no qual h\u00e1 uma mudan\u00e7a em curso no centro de gravidade da pot\u00eancia mundial do Ocidente para o Oriente e do Norte para o Sul. Nesse contexto, um conjunto de pa\u00edses emergentes come\u00e7a a obter maior capacidade aut\u00f4noma de tomada de decis\u00e3o sobre suas pol\u00edticas de desenvolvimento, colocando o desafio de construir uma ordem mundial mais inclusiva.<\/p>\n<p>Nesse contexto, no per\u00edodo de 22 a 24 de outubro, ocorrer\u00e1 em Kazan, na R\u00fassia, a 16\u00aa C\u00fapula do BRICS e a primeira do BRICS Ampliado (BRICS+), que passou a incluir a Ar\u00e1bia Saudita, Egito, Emirados \u00c1rabes Unidos, Eti\u00f3pia e Ir\u00e3, al\u00e9m de Brasil, R\u00fassia, \u00cdndia, China e \u00c1frica do Sul. As na\u00e7\u00f5es do BRICS ampliado s\u00e3o respons\u00e1veis por cerca de um ter\u00e7o do PIB global e 45% da popula\u00e7\u00e3o mundial.<\/p>\n<p>O refor\u00e7o no n\u00famero de membros do BRICS indica claramente sua capacidade crescente de aglutinar pa\u00edses emergentes e um avan\u00e7o na dire\u00e7\u00e3o de um sistema de governan\u00e7a global mais inclusivo, com \u00eanfase no multilateralismo e em uma abordagem estabilizadora, voltada para a coopera\u00e7\u00e3o com o Sul Global e a busca da paz e do desenvolvimento no mundo.<\/p>\n<p>Ademais, o processo de expans\u00e3o do BRICS e sua atual iniciativa em prol da cria\u00e7\u00e3o de um novo arranjo de moeda reserva para o sistema de pagamentos internacionais s\u00e3o passos importantes com enorme potencial positivo sobre o cen\u00e1rio econ\u00f4mico global, marcado pelas tend\u00eancias de baixo crescimento, protecionismo e desglobaliza\u00e7\u00e3o.<\/p>\n<p>Se tal iniciativa for bem-sucedida, poder\u00e1 promover maior coopera\u00e7\u00e3o econ\u00f4mica, minimizar a depend\u00eancia financeira dos pa\u00edses membros e impulsionar a participa\u00e7\u00e3o das na\u00e7\u00f5es do BRICS+ nas transa\u00e7\u00f5es globais. Por sua vez, isso resultar\u00e1 em aumento no volume total de com\u00e9rcio e investimentos, com efeitos de transbordamento favor\u00e1veis sobre as chamadas economias em desenvolvimento.<\/p>\n<p>De fato, dentre os itens da extensa pauta da pr\u00f3xima C\u00fapula do BRICS+, destaca-se o refor\u00e7o do papel de seus estados-membros no funcionamento do sistema monet\u00e1rio e financeiro internacional, com discuss\u00f5es consistentes e firmes sobre como reduzir a depend\u00eancia em rela\u00e7\u00e3o ao d\u00f3lar no com\u00e9rcio externo entre os pa\u00edses do bloco e a eventual cria\u00e7\u00e3o de nova plataforma digital eficiente, para a compensa\u00e7\u00e3o e liquida\u00e7\u00e3o de pagamentos entre os membros do grupo.<\/p>\n<p>A atual ordem monet\u00e1ria e financeira internacional, dominada pelos Estados Unidos e seus aliados, mostra-se cada vez mais disfuncional e insegura. O sistema de pagamentos atual foi transformado em arma pol\u00edtica para aplica\u00e7\u00e3o de absurdas san\u00e7\u00f5es, puni\u00e7\u00f5es e mesmo confiscos de ativos de bancos centrais de pa\u00edses no exterior. H\u00e1, por\u00e9m, desafios de cunho geopol\u00edtico e t\u00e9cnico para a cria\u00e7\u00e3o de um sistema alternativo que exigir\u00e3o muito estudo e discuss\u00e3o t\u00e9cnica, bem como intrincadas e complexas negocia\u00e7\u00f5es entre as autoridades e comunidades econ\u00f4micas e financeiras dos pa\u00edses envolvidos.<\/p>\n<p>No campo das medidas concretas para fortalecer institui\u00e7\u00f5es financeiras alternativas ao Fundo Monet\u00e1rio Internacional (FMI) e ao Banco Mundial (BIRD), controlados principalmente por pot\u00eancias ocidentais, o BRICS+ tamb\u00e9m ter\u00e1 de iniciar uma maratona de negocia\u00e7\u00f5es para aparar arestas e concertar estrat\u00e9gias de atua\u00e7\u00e3o conjunta nas diretorias dos organismos de Bretton Woods e no G-20 e demais f\u00f3runs econ\u00f4micos, com vistas a aumentar a voz e a influ\u00eancia de seus membros na defini\u00e7\u00e3o de pol\u00edticas e nas opera\u00e7\u00f5es de tais entidades, sem d\u00favida um enorme desafio de concerta\u00e7\u00e3o e articula\u00e7\u00e3o para a diplomacia econ\u00f4mica.<\/p>\n<p>Outro item importante na pauta da C\u00fapula do BRICS+ ser\u00e1 a discuss\u00e3o sobre como promover a integra\u00e7\u00e3o dos novos membros do grupamento no processo decis\u00f3rio do BRICS, assim como a proposi\u00e7\u00e3o de medidas pr\u00e1ticas para fomentar o com\u00e9rcio, o financiamento e o investimento entre esses pa\u00edses, de modo a n\u00e3o s\u00f3 refor\u00e7ar a efetividade e a relev\u00e2ncia do BRICS+ na governan\u00e7a econ\u00f4mica global, mas tamb\u00e9m aumentar o engajamento dos componentes originais e dos novos nas transa\u00e7\u00f5es econ\u00f4micas rec\u00edprocas, tornando o grupamento diplom\u00e1tico atual num futuro e poderoso bloco econ\u00f4mico.<\/p>\n<p>Caber\u00e1 ao Brasil uma enorme responsabilidade no exerc\u00edcio da pr\u00f3xima presid\u00eancia dos BRICS+ em 2025, uma vez que ter\u00e1 a oportunidade de coordenar o aprofundamento das decis\u00f5es tomadas na C\u00fapula de Kazan e dar seguimento \u00e0s discuss\u00f5es do grupo de trabalho criado para aprofundar as propostas da presid\u00eancia russa, com vistas \u00e0 redu\u00e7\u00e3o da depend\u00eancia dos pa\u00edses ao d\u00f3lar dos EUA e a preparar novos passos para o fortalecimento do BRICS. Esse desafio exigir\u00e1 do governo do Brasil tanto capacidade de articula\u00e7\u00e3o quanto compet\u00eancia t\u00e9cnico-diplom\u00e1tica para coordenar tarefas de tamanha envergadura e duradouro impacto de longo prazo.<\/p>\n<p><em>Por Jos\u00e9 Nelson Bessa Maia, economista brasileiro, mestre em Economia e doutor em Rela\u00e7\u00f5es Internacionais pela Universidade de Bras\u00edlia (UnB) e pesquisador independente das rela\u00e7\u00f5es China-Brasil, China-Pa\u00edses Lus\u00f3fonos e China-Am\u00e9rica Latina.<\/em><\/p>\n","protected":false},"excerpt":{"rendered":"<p>A evolu\u00e7\u00e3o do BRICS nos \u00faltimos 15 anos transcorreu em um mundo que passa por um processo de transi\u00e7\u00e3o hegem\u00f4nica, no qual h\u00e1 uma mudan\u00e7a em curso no centro de gravidade da pot\u00eancia mundial do Ocidente para o Oriente e&#8230;<\/p>\n","protected":false},"author":2,"featured_media":0,"comment_status":"open","ping_status":"open","sticky":false,"template":"","format":"standard","meta":{"footnotes":""},"categories":[7],"tags":[],"class_list":["post-6493","post","type-post","status-publish","format-standard","hentry","category-visao"],"yoast_head":"<!-- This site is optimized with the Yoast SEO plugin v27.4 - https:\/\/yoast.com\/product\/yoast-seo-wordpress\/ -->\n<title>A 16\u00aa Reuni\u00e3o de C\u00fapula do BRICS: Mais um avan\u00e7o na Governan\u00e7a Global Inclusiva - CRI e Diario de Pernambuco<\/title>\n<meta name=\"robots\" content=\"index, follow, max-snippet:-1, max-image-preview:large, max-video-preview:-1\" \/>\n<link rel=\"canonical\" href=\"https:\/\/diariodepe.com.br\/cri\/2024\/10\/20\/a-16a-reuniao-de-cupula-do-brics-mais-um-avanco-na-governanca-global-inclusiva\/\" \/>\n<meta property=\"og:locale\" content=\"pt_BR\" \/>\n<meta property=\"og:type\" content=\"article\" \/>\n<meta property=\"og:title\" content=\"A 16\u00aa Reuni\u00e3o de C\u00fapula do BRICS: Mais um avan\u00e7o na Governan\u00e7a Global Inclusiva - CRI e Diario de Pernambuco\" \/>\n<meta property=\"og:description\" content=\"A evolu\u00e7\u00e3o do BRICS nos \u00faltimos 15 anos transcorreu em um mundo que passa por um processo de transi\u00e7\u00e3o hegem\u00f4nica, no qual h\u00e1 uma mudan\u00e7a em curso no centro de gravidade da pot\u00eancia mundial do Ocidente para o Oriente e...\" \/>\n<meta property=\"og:url\" content=\"https:\/\/diariodepe.com.br\/cri\/2024\/10\/20\/a-16a-reuniao-de-cupula-do-brics-mais-um-avanco-na-governanca-global-inclusiva\/\" \/>\n<meta property=\"og:site_name\" content=\"CRI e Diario de Pernambuco\" \/>\n<meta property=\"article:published_time\" content=\"2024-10-20T12:13:13+00:00\" \/>\n<meta name=\"author\" content=\"Ismael Lucas S. Pereira\" \/>\n<meta name=\"twitter:card\" content=\"summary_large_image\" \/>\n<meta name=\"twitter:label1\" content=\"Escrito por\" \/>\n\t<meta name=\"twitter:data1\" content=\"Ismael Lucas S. Pereira\" \/>\n\t<meta name=\"twitter:label2\" content=\"Est. tempo de leitura\" \/>\n\t<meta name=\"twitter:data2\" content=\"5 minutos\" \/>\n<script type=\"application\/ld+json\" class=\"yoast-schema-graph\">{\"@context\":\"https:\\\/\\\/schema.org\",\"@graph\":[{\"@type\":\"Article\",\"@id\":\"https:\\\/\\\/diariodepe.com.br\\\/cri\\\/2024\\\/10\\\/20\\\/a-16a-reuniao-de-cupula-do-brics-mais-um-avanco-na-governanca-global-inclusiva\\\/#article\",\"isPartOf\":{\"@id\":\"https:\\\/\\\/diariodepe.com.br\\\/cri\\\/2024\\\/10\\\/20\\\/a-16a-reuniao-de-cupula-do-brics-mais-um-avanco-na-governanca-global-inclusiva\\\/\"},\"author\":{\"name\":\"Ismael Lucas S. Pereira\",\"@id\":\"https:\\\/\\\/diariodepe.com.br\\\/cri\\\/#\\\/schema\\\/person\\\/121bb28d84f1a5b1205ef4ce9c2e0c6b\"},\"headline\":\"A 16\u00aa Reuni\u00e3o de C\u00fapula do BRICS: Mais um avan\u00e7o na Governan\u00e7a Global Inclusiva\",\"datePublished\":\"2024-10-20T12:13:13+00:00\",\"mainEntityOfPage\":{\"@id\":\"https:\\\/\\\/diariodepe.com.br\\\/cri\\\/2024\\\/10\\\/20\\\/a-16a-reuniao-de-cupula-do-brics-mais-um-avanco-na-governanca-global-inclusiva\\\/\"},\"wordCount\":918,\"commentCount\":0,\"publisher\":{\"@id\":\"https:\\\/\\\/diariodepe.com.br\\\/cri\\\/#organization\"},\"articleSection\":[\"Vis\u00e3o\"],\"inLanguage\":\"pt-BR\",\"potentialAction\":[{\"@type\":\"CommentAction\",\"name\":\"Comment\",\"target\":[\"https:\\\/\\\/diariodepe.com.br\\\/cri\\\/2024\\\/10\\\/20\\\/a-16a-reuniao-de-cupula-do-brics-mais-um-avanco-na-governanca-global-inclusiva\\\/#respond\"]}]},{\"@type\":\"WebPage\",\"@id\":\"https:\\\/\\\/diariodepe.com.br\\\/cri\\\/2024\\\/10\\\/20\\\/a-16a-reuniao-de-cupula-do-brics-mais-um-avanco-na-governanca-global-inclusiva\\\/\",\"url\":\"https:\\\/\\\/diariodepe.com.br\\\/cri\\\/2024\\\/10\\\/20\\\/a-16a-reuniao-de-cupula-do-brics-mais-um-avanco-na-governanca-global-inclusiva\\\/\",\"name\":\"A 16\u00aa Reuni\u00e3o de C\u00fapula do BRICS: Mais um avan\u00e7o na Governan\u00e7a Global Inclusiva - CRI e Diario de Pernambuco\",\"isPartOf\":{\"@id\":\"https:\\\/\\\/diariodepe.com.br\\\/cri\\\/#website\"},\"datePublished\":\"2024-10-20T12:13:13+00:00\",\"breadcrumb\":{\"@id\":\"https:\\\/\\\/diariodepe.com.br\\\/cri\\\/2024\\\/10\\\/20\\\/a-16a-reuniao-de-cupula-do-brics-mais-um-avanco-na-governanca-global-inclusiva\\\/#breadcrumb\"},\"inLanguage\":\"pt-BR\",\"potentialAction\":[{\"@type\":\"ReadAction\",\"target\":[\"https:\\\/\\\/diariodepe.com.br\\\/cri\\\/2024\\\/10\\\/20\\\/a-16a-reuniao-de-cupula-do-brics-mais-um-avanco-na-governanca-global-inclusiva\\\/\"]}]},{\"@type\":\"BreadcrumbList\",\"@id\":\"https:\\\/\\\/diariodepe.com.br\\\/cri\\\/2024\\\/10\\\/20\\\/a-16a-reuniao-de-cupula-do-brics-mais-um-avanco-na-governanca-global-inclusiva\\\/#breadcrumb\",\"itemListElement\":[{\"@type\":\"ListItem\",\"position\":1,\"name\":\"In\u00edcio\",\"item\":\"https:\\\/\\\/diariodepe.com.br\\\/cri\\\/\"},{\"@type\":\"ListItem\",\"position\":2,\"name\":\"A 16\u00aa Reuni\u00e3o de C\u00fapula do BRICS: Mais um avan\u00e7o na Governan\u00e7a Global Inclusiva\"}]},{\"@type\":\"WebSite\",\"@id\":\"https:\\\/\\\/diariodepe.com.br\\\/cri\\\/#website\",\"url\":\"https:\\\/\\\/diariodepe.com.br\\\/cri\\\/\",\"name\":\"CRI e Diario de Pernambuco\",\"description\":\"R\u00e1dio Internacional da China\",\"publisher\":{\"@id\":\"https:\\\/\\\/diariodepe.com.br\\\/cri\\\/#organization\"},\"potentialAction\":[{\"@type\":\"SearchAction\",\"target\":{\"@type\":\"EntryPoint\",\"urlTemplate\":\"https:\\\/\\\/diariodepe.com.br\\\/cri\\\/?s={search_term_string}\"},\"query-input\":{\"@type\":\"PropertyValueSpecification\",\"valueRequired\":true,\"valueName\":\"search_term_string\"}}],\"inLanguage\":\"pt-BR\"},{\"@type\":\"Organization\",\"@id\":\"https:\\\/\\\/diariodepe.com.br\\\/cri\\\/#organization\",\"name\":\"CRI e Diario de Pernambuco\",\"url\":\"https:\\\/\\\/diariodepe.com.br\\\/cri\\\/\",\"logo\":{\"@type\":\"ImageObject\",\"inLanguage\":\"pt-BR\",\"@id\":\"https:\\\/\\\/diariodepe.com.br\\\/cri\\\/#\\\/schema\\\/logo\\\/image\\\/\",\"url\":\"https:\\\/\\\/diariodepe.com.br\\\/cri\\\/wp-content\\\/uploads\\\/sites\\\/2\\\/2022\\\/12\\\/cropped-Logo.jpg\",\"contentUrl\":\"https:\\\/\\\/diariodepe.com.br\\\/cri\\\/wp-content\\\/uploads\\\/sites\\\/2\\\/2022\\\/12\\\/cropped-Logo.jpg\",\"width\":700,\"height\":59,\"caption\":\"CRI e Diario de Pernambuco\"},\"image\":{\"@id\":\"https:\\\/\\\/diariodepe.com.br\\\/cri\\\/#\\\/schema\\\/logo\\\/image\\\/\"}},{\"@type\":\"Person\",\"@id\":\"https:\\\/\\\/diariodepe.com.br\\\/cri\\\/#\\\/schema\\\/person\\\/121bb28d84f1a5b1205ef4ce9c2e0c6b\",\"name\":\"Ismael Lucas S. Pereira\",\"image\":{\"@type\":\"ImageObject\",\"inLanguage\":\"pt-BR\",\"@id\":\"https:\\\/\\\/secure.gravatar.com\\\/avatar\\\/887a0f3b5a7ceea963a48499fb883ffce6b5037362def025c52c2505b15d63e4?s=96&d=mm&r=g\",\"url\":\"https:\\\/\\\/secure.gravatar.com\\\/avatar\\\/887a0f3b5a7ceea963a48499fb883ffce6b5037362def025c52c2505b15d63e4?s=96&d=mm&r=g\",\"contentUrl\":\"https:\\\/\\\/secure.gravatar.com\\\/avatar\\\/887a0f3b5a7ceea963a48499fb883ffce6b5037362def025c52c2505b15d63e4?s=96&d=mm&r=g\",\"caption\":\"Ismael Lucas S. Pereira\"},\"url\":\"https:\\\/\\\/diariodepe.com.br\\\/cri\\\/author\\\/ismael-lucas\\\/\"}]}<\/script>\n<!-- \/ Yoast SEO plugin. -->","yoast_head_json":{"title":"A 16\u00aa Reuni\u00e3o de C\u00fapula do BRICS: Mais um avan\u00e7o na Governan\u00e7a Global Inclusiva - CRI e Diario de Pernambuco","robots":{"index":"index","follow":"follow","max-snippet":"max-snippet:-1","max-image-preview":"max-image-preview:large","max-video-preview":"max-video-preview:-1"},"canonical":"https:\/\/diariodepe.com.br\/cri\/2024\/10\/20\/a-16a-reuniao-de-cupula-do-brics-mais-um-avanco-na-governanca-global-inclusiva\/","og_locale":"pt_BR","og_type":"article","og_title":"A 16\u00aa Reuni\u00e3o de C\u00fapula do BRICS: Mais um avan\u00e7o na Governan\u00e7a Global Inclusiva - CRI e Diario de Pernambuco","og_description":"A evolu\u00e7\u00e3o do BRICS nos \u00faltimos 15 anos transcorreu em um mundo que passa por um processo de transi\u00e7\u00e3o hegem\u00f4nica, no qual h\u00e1 uma mudan\u00e7a em curso no centro de gravidade da pot\u00eancia mundial do Ocidente para o Oriente e...","og_url":"https:\/\/diariodepe.com.br\/cri\/2024\/10\/20\/a-16a-reuniao-de-cupula-do-brics-mais-um-avanco-na-governanca-global-inclusiva\/","og_site_name":"CRI e Diario de Pernambuco","article_published_time":"2024-10-20T12:13:13+00:00","author":"Ismael Lucas S. Pereira","twitter_card":"summary_large_image","twitter_misc":{"Escrito por":"Ismael Lucas S. Pereira","Est. tempo de leitura":"5 minutos"},"schema":{"@context":"https:\/\/schema.org","@graph":[{"@type":"Article","@id":"https:\/\/diariodepe.com.br\/cri\/2024\/10\/20\/a-16a-reuniao-de-cupula-do-brics-mais-um-avanco-na-governanca-global-inclusiva\/#article","isPartOf":{"@id":"https:\/\/diariodepe.com.br\/cri\/2024\/10\/20\/a-16a-reuniao-de-cupula-do-brics-mais-um-avanco-na-governanca-global-inclusiva\/"},"author":{"name":"Ismael Lucas S. Pereira","@id":"https:\/\/diariodepe.com.br\/cri\/#\/schema\/person\/121bb28d84f1a5b1205ef4ce9c2e0c6b"},"headline":"A 16\u00aa Reuni\u00e3o de C\u00fapula do BRICS: Mais um avan\u00e7o na Governan\u00e7a Global Inclusiva","datePublished":"2024-10-20T12:13:13+00:00","mainEntityOfPage":{"@id":"https:\/\/diariodepe.com.br\/cri\/2024\/10\/20\/a-16a-reuniao-de-cupula-do-brics-mais-um-avanco-na-governanca-global-inclusiva\/"},"wordCount":918,"commentCount":0,"publisher":{"@id":"https:\/\/diariodepe.com.br\/cri\/#organization"},"articleSection":["Vis\u00e3o"],"inLanguage":"pt-BR","potentialAction":[{"@type":"CommentAction","name":"Comment","target":["https:\/\/diariodepe.com.br\/cri\/2024\/10\/20\/a-16a-reuniao-de-cupula-do-brics-mais-um-avanco-na-governanca-global-inclusiva\/#respond"]}]},{"@type":"WebPage","@id":"https:\/\/diariodepe.com.br\/cri\/2024\/10\/20\/a-16a-reuniao-de-cupula-do-brics-mais-um-avanco-na-governanca-global-inclusiva\/","url":"https:\/\/diariodepe.com.br\/cri\/2024\/10\/20\/a-16a-reuniao-de-cupula-do-brics-mais-um-avanco-na-governanca-global-inclusiva\/","name":"A 16\u00aa Reuni\u00e3o de C\u00fapula do BRICS: Mais um avan\u00e7o na Governan\u00e7a Global Inclusiva - CRI e Diario de Pernambuco","isPartOf":{"@id":"https:\/\/diariodepe.com.br\/cri\/#website"},"datePublished":"2024-10-20T12:13:13+00:00","breadcrumb":{"@id":"https:\/\/diariodepe.com.br\/cri\/2024\/10\/20\/a-16a-reuniao-de-cupula-do-brics-mais-um-avanco-na-governanca-global-inclusiva\/#breadcrumb"},"inLanguage":"pt-BR","potentialAction":[{"@type":"ReadAction","target":["https:\/\/diariodepe.com.br\/cri\/2024\/10\/20\/a-16a-reuniao-de-cupula-do-brics-mais-um-avanco-na-governanca-global-inclusiva\/"]}]},{"@type":"BreadcrumbList","@id":"https:\/\/diariodepe.com.br\/cri\/2024\/10\/20\/a-16a-reuniao-de-cupula-do-brics-mais-um-avanco-na-governanca-global-inclusiva\/#breadcrumb","itemListElement":[{"@type":"ListItem","position":1,"name":"In\u00edcio","item":"https:\/\/diariodepe.com.br\/cri\/"},{"@type":"ListItem","position":2,"name":"A 16\u00aa Reuni\u00e3o de C\u00fapula do BRICS: Mais um avan\u00e7o na Governan\u00e7a Global Inclusiva"}]},{"@type":"WebSite","@id":"https:\/\/diariodepe.com.br\/cri\/#website","url":"https:\/\/diariodepe.com.br\/cri\/","name":"CRI e Diario de Pernambuco","description":"R\u00e1dio Internacional da China","publisher":{"@id":"https:\/\/diariodepe.com.br\/cri\/#organization"},"potentialAction":[{"@type":"SearchAction","target":{"@type":"EntryPoint","urlTemplate":"https:\/\/diariodepe.com.br\/cri\/?s={search_term_string}"},"query-input":{"@type":"PropertyValueSpecification","valueRequired":true,"valueName":"search_term_string"}}],"inLanguage":"pt-BR"},{"@type":"Organization","@id":"https:\/\/diariodepe.com.br\/cri\/#organization","name":"CRI e Diario de Pernambuco","url":"https:\/\/diariodepe.com.br\/cri\/","logo":{"@type":"ImageObject","inLanguage":"pt-BR","@id":"https:\/\/diariodepe.com.br\/cri\/#\/schema\/logo\/image\/","url":"https:\/\/diariodepe.com.br\/cri\/wp-content\/uploads\/sites\/2\/2022\/12\/cropped-Logo.jpg","contentUrl":"https:\/\/diariodepe.com.br\/cri\/wp-content\/uploads\/sites\/2\/2022\/12\/cropped-Logo.jpg","width":700,"height":59,"caption":"CRI e Diario de Pernambuco"},"image":{"@id":"https:\/\/diariodepe.com.br\/cri\/#\/schema\/logo\/image\/"}},{"@type":"Person","@id":"https:\/\/diariodepe.com.br\/cri\/#\/schema\/person\/121bb28d84f1a5b1205ef4ce9c2e0c6b","name":"Ismael Lucas S. Pereira","image":{"@type":"ImageObject","inLanguage":"pt-BR","@id":"https:\/\/secure.gravatar.com\/avatar\/887a0f3b5a7ceea963a48499fb883ffce6b5037362def025c52c2505b15d63e4?s=96&d=mm&r=g","url":"https:\/\/secure.gravatar.com\/avatar\/887a0f3b5a7ceea963a48499fb883ffce6b5037362def025c52c2505b15d63e4?s=96&d=mm&r=g","contentUrl":"https:\/\/secure.gravatar.com\/avatar\/887a0f3b5a7ceea963a48499fb883ffce6b5037362def025c52c2505b15d63e4?s=96&d=mm&r=g","caption":"Ismael Lucas S. Pereira"},"url":"https:\/\/diariodepe.com.br\/cri\/author\/ismael-lucas\/"}]}},"cc_featured_image_caption":{"caption_text":false,"source_text":false,"source_url":false},"amp_enabled":true,"_links":{"self":[{"href":"https:\/\/diariodepe.com.br\/cri\/wp-json\/wp\/v2\/posts\/6493","targetHints":{"allow":["GET"]}}],"collection":[{"href":"https:\/\/diariodepe.com.br\/cri\/wp-json\/wp\/v2\/posts"}],"about":[{"href":"https:\/\/diariodepe.com.br\/cri\/wp-json\/wp\/v2\/types\/post"}],"author":[{"embeddable":true,"href":"https:\/\/diariodepe.com.br\/cri\/wp-json\/wp\/v2\/users\/2"}],"replies":[{"embeddable":true,"href":"https:\/\/diariodepe.com.br\/cri\/wp-json\/wp\/v2\/comments?post=6493"}],"version-history":[{"count":1,"href":"https:\/\/diariodepe.com.br\/cri\/wp-json\/wp\/v2\/posts\/6493\/revisions"}],"predecessor-version":[{"id":6494,"href":"https:\/\/diariodepe.com.br\/cri\/wp-json\/wp\/v2\/posts\/6493\/revisions\/6494"}],"wp:attachment":[{"href":"https:\/\/diariodepe.com.br\/cri\/wp-json\/wp\/v2\/media?parent=6493"}],"wp:term":[{"taxonomy":"category","embeddable":true,"href":"https:\/\/diariodepe.com.br\/cri\/wp-json\/wp\/v2\/categories?post=6493"},{"taxonomy":"post_tag","embeddable":true,"href":"https:\/\/diariodepe.com.br\/cri\/wp-json\/wp\/v2\/tags?post=6493"}],"curies":[{"name":"wp","href":"https:\/\/api.w.org\/{rel}","templated":true}]}}