{"id":6474,"date":"2024-10-17T04:46:30","date_gmt":"2024-10-17T07:46:30","guid":{"rendered":"https:\/\/diariodepe.com.br\/cri\/?p=6474"},"modified":"2024-10-17T04:46:30","modified_gmt":"2024-10-17T07:46:30","slug":"beijing-recebe-forum-de-think-tanks-do-sul-global","status":"publish","type":"post","link":"https:\/\/diariodepe.com.br\/cri\/2024\/10\/17\/beijing-recebe-forum-de-think-tanks-do-sul-global\/","title":{"rendered":"Beijing recebe F\u00f3rum de Think Tanks do Sul Global"},"content":{"rendered":"<p class=\"photo_img_20190808\"><img decoding=\"async\" src=\"https:\/\/p4crires.cri.cn\/photoworkspace\/cri\/contentimg\/2024\/10\/17\/2024101710241647565.jpg\" alt=\"\" width=\"1000\" \/><\/p>\n<p>O F\u00f3rum de\u00a0<em>Think Tanks\u00a0<\/em>do Sul Global \u201cPaz, Desenvolvimento e Seguran\u00e7a\u201d foi realizado em Beijing na quarta-feira (16).<\/p>\n<p>Organizado conjuntamente pelo Departamento das Rela\u00e7\u00f5es Internacionais do Comit\u00ea Central do Partido Comunista da China (PCCh) e pelo Grupo de M\u00eddia da China (CMG, sigla em ingl\u00eas), o evento contou com a participa\u00e7\u00e3o online e presencial de dignit\u00e1rios e representantes de governos, acad\u00eamicos de\u00a0<em>think tanks\u00a0<\/em>e representantes de m\u00eddias provenientes de 76 pa\u00edses do mundo.<\/p>\n<p class=\"photo_img_20190808\"><img decoding=\"async\" src=\"https:\/\/p5crires.cri.cn\/photoworkspace\/cri\/contentimg\/2024\/10\/17\/2024101710242932354.jpg\" alt=\"\" width=\"1000\" \/><\/p>\n<p>Em seu discurso, o chefe do Departamento das Rela\u00e7\u00f5es Internacionais do Comit\u00ea Central do PCCh, Liu Jianchao, apontou que o desenvolvimento e o crescimento do Sul Global s\u00e3o desejos das pessoas dos pa\u00edses em desenvolvimento e representam a tend\u00eancia do progresso hist\u00f3rico. Segundo ele, a China, como membro do Sul Global, compartilha o mesmo futuro e est\u00e1 intimamente unida com outros pa\u00edses integrantes para assumir a responsabilidade do grupo e contribuir para a constru\u00e7\u00e3o de uma comunidade com um futuro compartilhado para a humanidade.<\/p>\n<p class=\"photo_img_20190808\"><img decoding=\"async\" src=\"https:\/\/p3crires.cri.cn\/photoworkspace\/cri\/contentimg\/2024\/10\/17\/2024101710245556705.jpg\" alt=\"\" width=\"1000\" \/><\/p>\n<p>Por sua vez, o presidente do CMG, Shen Haixiong, disse que o CMG construir\u00e1 ativamente pontes e la\u00e7os para o interc\u00e2mbio, o di\u00e1logo e o aprendizado m\u00fatuo entre a China e os outros pa\u00edses do Sul Global. Tamb\u00e9m fornecer\u00e1 ativamente plataformas para\u00a0<em>think tanks<\/em>\u00a0do Sul Global promoverem coopera\u00e7\u00f5es e emitirem vozes de equidade e justi\u00e7a.<\/p>\n<p class=\"photo_img_20190808\"><img decoding=\"async\" src=\"https:\/\/p5crires.cri.cn\/photoworkspace\/cri\/contentimg\/2024\/10\/17\/2024101710252065521.png\" alt=\"\" width=\"1000\" \/><\/p>\n<p>Durante o f\u00f3rum, 40\u00a0<em>think tanks<\/em>\u00a0do Sul Global assinaram e lan\u00e7aram a Iniciativa de\u00a0<em>Think Tanks\u00a0<\/em>do Sul Global para Construir juntos um Mundo Pr\u00f3spero com um Futuro Compartilhado.<\/p>\n<p>O f\u00f3rum ser\u00e1 transmitido como um programa especial na CGTN (China Global Television Network) na sexta-feira (18).<\/p>\n","protected":false},"excerpt":{"rendered":"<p>O F\u00f3rum de\u00a0Think Tanks\u00a0do Sul Global \u201cPaz, Desenvolvimento e Seguran\u00e7a\u201d foi realizado em Beijing na quarta-feira (16). Organizado conjuntamente pelo Departamento das Rela\u00e7\u00f5es Internacionais do Comit\u00ea Central do Partido Comunista da China (PCCh) e pelo Grupo de M\u00eddia da China&#8230;<\/p>\n","protected":false},"author":2,"featured_media":0,"comment_status":"open","ping_status":"open","sticky":false,"template":"","format":"standard","meta":{"footnotes":""},"categories":[3],"tags":[],"class_list":["post-6474","post","type-post","status-publish","format-standard","hentry","category-china"],"yoast_head":"<!-- This site is optimized with the Yoast SEO plugin v27.4 - https:\/\/yoast.com\/product\/yoast-seo-wordpress\/ -->\n<title>Beijing recebe F\u00f3rum de Think Tanks do Sul Global - CRI e Diario de Pernambuco<\/title>\n<meta name=\"robots\" content=\"index, follow, max-snippet:-1, max-image-preview:large, max-video-preview:-1\" \/>\n<link rel=\"canonical\" href=\"https:\/\/diariodepe.com.br\/cri\/2024\/10\/17\/beijing-recebe-forum-de-think-tanks-do-sul-global\/\" \/>\n<meta property=\"og:locale\" content=\"pt_BR\" \/>\n<meta property=\"og:type\" content=\"article\" \/>\n<meta property=\"og:title\" content=\"Beijing recebe F\u00f3rum de Think Tanks do Sul Global - CRI e Diario de Pernambuco\" \/>\n<meta property=\"og:description\" content=\"O F\u00f3rum de\u00a0Think Tanks\u00a0do Sul Global \u201cPaz, Desenvolvimento e Seguran\u00e7a\u201d foi realizado em Beijing na quarta-feira (16). Organizado conjuntamente pelo Departamento das Rela\u00e7\u00f5es Internacionais do Comit\u00ea Central do Partido Comunista da China (PCCh) e pelo Grupo de M\u00eddia da China...\" \/>\n<meta property=\"og:url\" content=\"https:\/\/diariodepe.com.br\/cri\/2024\/10\/17\/beijing-recebe-forum-de-think-tanks-do-sul-global\/\" \/>\n<meta property=\"og:site_name\" content=\"CRI e Diario de Pernambuco\" \/>\n<meta property=\"article:published_time\" content=\"2024-10-17T07:46:30+00:00\" \/>\n<meta property=\"og:image\" content=\"https:\/\/p4crires.cri.cn\/photoworkspace\/cri\/contentimg\/2024\/10\/17\/2024101710241647565.jpg\" \/>\n<meta name=\"author\" content=\"Ismael Lucas S. Pereira\" \/>\n<meta name=\"twitter:card\" content=\"summary_large_image\" \/>\n<meta name=\"twitter:label1\" content=\"Escrito por\" \/>\n\t<meta name=\"twitter:data1\" content=\"Ismael Lucas S. Pereira\" \/>\n\t<meta name=\"twitter:label2\" content=\"Est. tempo de leitura\" \/>\n\t<meta name=\"twitter:data2\" content=\"3 minutos\" \/>\n<script type=\"application\/ld+json\" class=\"yoast-schema-graph\">{\"@context\":\"https:\\\/\\\/schema.org\",\"@graph\":[{\"@type\":\"Article\",\"@id\":\"https:\\\/\\\/diariodepe.com.br\\\/cri\\\/2024\\\/10\\\/17\\\/beijing-recebe-forum-de-think-tanks-do-sul-global\\\/#article\",\"isPartOf\":{\"@id\":\"https:\\\/\\\/diariodepe.com.br\\\/cri\\\/2024\\\/10\\\/17\\\/beijing-recebe-forum-de-think-tanks-do-sul-global\\\/\"},\"author\":{\"name\":\"Ismael Lucas S. Pereira\",\"@id\":\"https:\\\/\\\/diariodepe.com.br\\\/cri\\\/#\\\/schema\\\/person\\\/121bb28d84f1a5b1205ef4ce9c2e0c6b\"},\"headline\":\"Beijing recebe F\u00f3rum de Think Tanks do Sul Global\",\"datePublished\":\"2024-10-17T07:46:30+00:00\",\"mainEntityOfPage\":{\"@id\":\"https:\\\/\\\/diariodepe.com.br\\\/cri\\\/2024\\\/10\\\/17\\\/beijing-recebe-forum-de-think-tanks-do-sul-global\\\/\"},\"wordCount\":297,\"commentCount\":0,\"publisher\":{\"@id\":\"https:\\\/\\\/diariodepe.com.br\\\/cri\\\/#organization\"},\"image\":{\"@id\":\"https:\\\/\\\/diariodepe.com.br\\\/cri\\\/2024\\\/10\\\/17\\\/beijing-recebe-forum-de-think-tanks-do-sul-global\\\/#primaryimage\"},\"thumbnailUrl\":\"https:\\\/\\\/p4crires.cri.cn\\\/photoworkspace\\\/cri\\\/contentimg\\\/2024\\\/10\\\/17\\\/2024101710241647565.jpg\",\"articleSection\":[\"China\"],\"inLanguage\":\"pt-BR\",\"potentialAction\":[{\"@type\":\"CommentAction\",\"name\":\"Comment\",\"target\":[\"https:\\\/\\\/diariodepe.com.br\\\/cri\\\/2024\\\/10\\\/17\\\/beijing-recebe-forum-de-think-tanks-do-sul-global\\\/#respond\"]}]},{\"@type\":\"WebPage\",\"@id\":\"https:\\\/\\\/diariodepe.com.br\\\/cri\\\/2024\\\/10\\\/17\\\/beijing-recebe-forum-de-think-tanks-do-sul-global\\\/\",\"url\":\"https:\\\/\\\/diariodepe.com.br\\\/cri\\\/2024\\\/10\\\/17\\\/beijing-recebe-forum-de-think-tanks-do-sul-global\\\/\",\"name\":\"Beijing recebe F\u00f3rum de Think Tanks do Sul Global - CRI e Diario de Pernambuco\",\"isPartOf\":{\"@id\":\"https:\\\/\\\/diariodepe.com.br\\\/cri\\\/#website\"},\"primaryImageOfPage\":{\"@id\":\"https:\\\/\\\/diariodepe.com.br\\\/cri\\\/2024\\\/10\\\/17\\\/beijing-recebe-forum-de-think-tanks-do-sul-global\\\/#primaryimage\"},\"image\":{\"@id\":\"https:\\\/\\\/diariodepe.com.br\\\/cri\\\/2024\\\/10\\\/17\\\/beijing-recebe-forum-de-think-tanks-do-sul-global\\\/#primaryimage\"},\"thumbnailUrl\":\"https:\\\/\\\/p4crires.cri.cn\\\/photoworkspace\\\/cri\\\/contentimg\\\/2024\\\/10\\\/17\\\/2024101710241647565.jpg\",\"datePublished\":\"2024-10-17T07:46:30+00:00\",\"breadcrumb\":{\"@id\":\"https:\\\/\\\/diariodepe.com.br\\\/cri\\\/2024\\\/10\\\/17\\\/beijing-recebe-forum-de-think-tanks-do-sul-global\\\/#breadcrumb\"},\"inLanguage\":\"pt-BR\",\"potentialAction\":[{\"@type\":\"ReadAction\",\"target\":[\"https:\\\/\\\/diariodepe.com.br\\\/cri\\\/2024\\\/10\\\/17\\\/beijing-recebe-forum-de-think-tanks-do-sul-global\\\/\"]}]},{\"@type\":\"ImageObject\",\"inLanguage\":\"pt-BR\",\"@id\":\"https:\\\/\\\/diariodepe.com.br\\\/cri\\\/2024\\\/10\\\/17\\\/beijing-recebe-forum-de-think-tanks-do-sul-global\\\/#primaryimage\",\"url\":\"https:\\\/\\\/p4crires.cri.cn\\\/photoworkspace\\\/cri\\\/contentimg\\\/2024\\\/10\\\/17\\\/2024101710241647565.jpg\",\"contentUrl\":\"https:\\\/\\\/p4crires.cri.cn\\\/photoworkspace\\\/cri\\\/contentimg\\\/2024\\\/10\\\/17\\\/2024101710241647565.jpg\"},{\"@type\":\"BreadcrumbList\",\"@id\":\"https:\\\/\\\/diariodepe.com.br\\\/cri\\\/2024\\\/10\\\/17\\\/beijing-recebe-forum-de-think-tanks-do-sul-global\\\/#breadcrumb\",\"itemListElement\":[{\"@type\":\"ListItem\",\"position\":1,\"name\":\"In\u00edcio\",\"item\":\"https:\\\/\\\/diariodepe.com.br\\\/cri\\\/\"},{\"@type\":\"ListItem\",\"position\":2,\"name\":\"Beijing recebe F\u00f3rum de Think Tanks do Sul Global\"}]},{\"@type\":\"WebSite\",\"@id\":\"https:\\\/\\\/diariodepe.com.br\\\/cri\\\/#website\",\"url\":\"https:\\\/\\\/diariodepe.com.br\\\/cri\\\/\",\"name\":\"CRI e Diario de Pernambuco\",\"description\":\"R\u00e1dio Internacional da China\",\"publisher\":{\"@id\":\"https:\\\/\\\/diariodepe.com.br\\\/cri\\\/#organization\"},\"potentialAction\":[{\"@type\":\"SearchAction\",\"target\":{\"@type\":\"EntryPoint\",\"urlTemplate\":\"https:\\\/\\\/diariodepe.com.br\\\/cri\\\/?s={search_term_string}\"},\"query-input\":{\"@type\":\"PropertyValueSpecification\",\"valueRequired\":true,\"valueName\":\"search_term_string\"}}],\"inLanguage\":\"pt-BR\"},{\"@type\":\"Organization\",\"@id\":\"https:\\\/\\\/diariodepe.com.br\\\/cri\\\/#organization\",\"name\":\"CRI e Diario de Pernambuco\",\"url\":\"https:\\\/\\\/diariodepe.com.br\\\/cri\\\/\",\"logo\":{\"@type\":\"ImageObject\",\"inLanguage\":\"pt-BR\",\"@id\":\"https:\\\/\\\/diariodepe.com.br\\\/cri\\\/#\\\/schema\\\/logo\\\/image\\\/\",\"url\":\"https:\\\/\\\/diariodepe.com.br\\\/cri\\\/wp-content\\\/uploads\\\/sites\\\/2\\\/2022\\\/12\\\/cropped-Logo.jpg\",\"contentUrl\":\"https:\\\/\\\/diariodepe.com.br\\\/cri\\\/wp-content\\\/uploads\\\/sites\\\/2\\\/2022\\\/12\\\/cropped-Logo.jpg\",\"width\":700,\"height\":59,\"caption\":\"CRI e Diario de Pernambuco\"},\"image\":{\"@id\":\"https:\\\/\\\/diariodepe.com.br\\\/cri\\\/#\\\/schema\\\/logo\\\/image\\\/\"}},{\"@type\":\"Person\",\"@id\":\"https:\\\/\\\/diariodepe.com.br\\\/cri\\\/#\\\/schema\\\/person\\\/121bb28d84f1a5b1205ef4ce9c2e0c6b\",\"name\":\"Ismael Lucas S. Pereira\",\"image\":{\"@type\":\"ImageObject\",\"inLanguage\":\"pt-BR\",\"@id\":\"https:\\\/\\\/secure.gravatar.com\\\/avatar\\\/887a0f3b5a7ceea963a48499fb883ffce6b5037362def025c52c2505b15d63e4?s=96&d=mm&r=g\",\"url\":\"https:\\\/\\\/secure.gravatar.com\\\/avatar\\\/887a0f3b5a7ceea963a48499fb883ffce6b5037362def025c52c2505b15d63e4?s=96&d=mm&r=g\",\"contentUrl\":\"https:\\\/\\\/secure.gravatar.com\\\/avatar\\\/887a0f3b5a7ceea963a48499fb883ffce6b5037362def025c52c2505b15d63e4?s=96&d=mm&r=g\",\"caption\":\"Ismael Lucas S. Pereira\"},\"url\":\"https:\\\/\\\/diariodepe.com.br\\\/cri\\\/author\\\/ismael-lucas\\\/\"}]}<\/script>\n<!-- \/ Yoast SEO plugin. -->","yoast_head_json":{"title":"Beijing recebe F\u00f3rum de Think Tanks do Sul Global - CRI e Diario de Pernambuco","robots":{"index":"index","follow":"follow","max-snippet":"max-snippet:-1","max-image-preview":"max-image-preview:large","max-video-preview":"max-video-preview:-1"},"canonical":"https:\/\/diariodepe.com.br\/cri\/2024\/10\/17\/beijing-recebe-forum-de-think-tanks-do-sul-global\/","og_locale":"pt_BR","og_type":"article","og_title":"Beijing recebe F\u00f3rum de Think Tanks do Sul Global - CRI e Diario de Pernambuco","og_description":"O F\u00f3rum de\u00a0Think Tanks\u00a0do Sul Global \u201cPaz, Desenvolvimento e Seguran\u00e7a\u201d foi realizado em Beijing na quarta-feira (16). Organizado conjuntamente pelo Departamento das Rela\u00e7\u00f5es Internacionais do Comit\u00ea Central do Partido Comunista da China (PCCh) e pelo Grupo de M\u00eddia da China...","og_url":"https:\/\/diariodepe.com.br\/cri\/2024\/10\/17\/beijing-recebe-forum-de-think-tanks-do-sul-global\/","og_site_name":"CRI e Diario de Pernambuco","article_published_time":"2024-10-17T07:46:30+00:00","og_image":[{"url":"https:\/\/p4crires.cri.cn\/photoworkspace\/cri\/contentimg\/2024\/10\/17\/2024101710241647565.jpg","type":"","width":"","height":""}],"author":"Ismael Lucas S. Pereira","twitter_card":"summary_large_image","twitter_misc":{"Escrito por":"Ismael Lucas S. Pereira","Est. tempo de leitura":"3 minutos"},"schema":{"@context":"https:\/\/schema.org","@graph":[{"@type":"Article","@id":"https:\/\/diariodepe.com.br\/cri\/2024\/10\/17\/beijing-recebe-forum-de-think-tanks-do-sul-global\/#article","isPartOf":{"@id":"https:\/\/diariodepe.com.br\/cri\/2024\/10\/17\/beijing-recebe-forum-de-think-tanks-do-sul-global\/"},"author":{"name":"Ismael Lucas S. Pereira","@id":"https:\/\/diariodepe.com.br\/cri\/#\/schema\/person\/121bb28d84f1a5b1205ef4ce9c2e0c6b"},"headline":"Beijing recebe F\u00f3rum de Think Tanks do Sul Global","datePublished":"2024-10-17T07:46:30+00:00","mainEntityOfPage":{"@id":"https:\/\/diariodepe.com.br\/cri\/2024\/10\/17\/beijing-recebe-forum-de-think-tanks-do-sul-global\/"},"wordCount":297,"commentCount":0,"publisher":{"@id":"https:\/\/diariodepe.com.br\/cri\/#organization"},"image":{"@id":"https:\/\/diariodepe.com.br\/cri\/2024\/10\/17\/beijing-recebe-forum-de-think-tanks-do-sul-global\/#primaryimage"},"thumbnailUrl":"https:\/\/p4crires.cri.cn\/photoworkspace\/cri\/contentimg\/2024\/10\/17\/2024101710241647565.jpg","articleSection":["China"],"inLanguage":"pt-BR","potentialAction":[{"@type":"CommentAction","name":"Comment","target":["https:\/\/diariodepe.com.br\/cri\/2024\/10\/17\/beijing-recebe-forum-de-think-tanks-do-sul-global\/#respond"]}]},{"@type":"WebPage","@id":"https:\/\/diariodepe.com.br\/cri\/2024\/10\/17\/beijing-recebe-forum-de-think-tanks-do-sul-global\/","url":"https:\/\/diariodepe.com.br\/cri\/2024\/10\/17\/beijing-recebe-forum-de-think-tanks-do-sul-global\/","name":"Beijing recebe F\u00f3rum de Think Tanks do Sul Global - CRI e Diario de Pernambuco","isPartOf":{"@id":"https:\/\/diariodepe.com.br\/cri\/#website"},"primaryImageOfPage":{"@id":"https:\/\/diariodepe.com.br\/cri\/2024\/10\/17\/beijing-recebe-forum-de-think-tanks-do-sul-global\/#primaryimage"},"image":{"@id":"https:\/\/diariodepe.com.br\/cri\/2024\/10\/17\/beijing-recebe-forum-de-think-tanks-do-sul-global\/#primaryimage"},"thumbnailUrl":"https:\/\/p4crires.cri.cn\/photoworkspace\/cri\/contentimg\/2024\/10\/17\/2024101710241647565.jpg","datePublished":"2024-10-17T07:46:30+00:00","breadcrumb":{"@id":"https:\/\/diariodepe.com.br\/cri\/2024\/10\/17\/beijing-recebe-forum-de-think-tanks-do-sul-global\/#breadcrumb"},"inLanguage":"pt-BR","potentialAction":[{"@type":"ReadAction","target":["https:\/\/diariodepe.com.br\/cri\/2024\/10\/17\/beijing-recebe-forum-de-think-tanks-do-sul-global\/"]}]},{"@type":"ImageObject","inLanguage":"pt-BR","@id":"https:\/\/diariodepe.com.br\/cri\/2024\/10\/17\/beijing-recebe-forum-de-think-tanks-do-sul-global\/#primaryimage","url":"https:\/\/p4crires.cri.cn\/photoworkspace\/cri\/contentimg\/2024\/10\/17\/2024101710241647565.jpg","contentUrl":"https:\/\/p4crires.cri.cn\/photoworkspace\/cri\/contentimg\/2024\/10\/17\/2024101710241647565.jpg"},{"@type":"BreadcrumbList","@id":"https:\/\/diariodepe.com.br\/cri\/2024\/10\/17\/beijing-recebe-forum-de-think-tanks-do-sul-global\/#breadcrumb","itemListElement":[{"@type":"ListItem","position":1,"name":"In\u00edcio","item":"https:\/\/diariodepe.com.br\/cri\/"},{"@type":"ListItem","position":2,"name":"Beijing recebe F\u00f3rum de Think Tanks do Sul Global"}]},{"@type":"WebSite","@id":"https:\/\/diariodepe.com.br\/cri\/#website","url":"https:\/\/diariodepe.com.br\/cri\/","name":"CRI e Diario de Pernambuco","description":"R\u00e1dio Internacional da China","publisher":{"@id":"https:\/\/diariodepe.com.br\/cri\/#organization"},"potentialAction":[{"@type":"SearchAction","target":{"@type":"EntryPoint","urlTemplate":"https:\/\/diariodepe.com.br\/cri\/?s={search_term_string}"},"query-input":{"@type":"PropertyValueSpecification","valueRequired":true,"valueName":"search_term_string"}}],"inLanguage":"pt-BR"},{"@type":"Organization","@id":"https:\/\/diariodepe.com.br\/cri\/#organization","name":"CRI e Diario de Pernambuco","url":"https:\/\/diariodepe.com.br\/cri\/","logo":{"@type":"ImageObject","inLanguage":"pt-BR","@id":"https:\/\/diariodepe.com.br\/cri\/#\/schema\/logo\/image\/","url":"https:\/\/diariodepe.com.br\/cri\/wp-content\/uploads\/sites\/2\/2022\/12\/cropped-Logo.jpg","contentUrl":"https:\/\/diariodepe.com.br\/cri\/wp-content\/uploads\/sites\/2\/2022\/12\/cropped-Logo.jpg","width":700,"height":59,"caption":"CRI e Diario de Pernambuco"},"image":{"@id":"https:\/\/diariodepe.com.br\/cri\/#\/schema\/logo\/image\/"}},{"@type":"Person","@id":"https:\/\/diariodepe.com.br\/cri\/#\/schema\/person\/121bb28d84f1a5b1205ef4ce9c2e0c6b","name":"Ismael Lucas S. Pereira","image":{"@type":"ImageObject","inLanguage":"pt-BR","@id":"https:\/\/secure.gravatar.com\/avatar\/887a0f3b5a7ceea963a48499fb883ffce6b5037362def025c52c2505b15d63e4?s=96&d=mm&r=g","url":"https:\/\/secure.gravatar.com\/avatar\/887a0f3b5a7ceea963a48499fb883ffce6b5037362def025c52c2505b15d63e4?s=96&d=mm&r=g","contentUrl":"https:\/\/secure.gravatar.com\/avatar\/887a0f3b5a7ceea963a48499fb883ffce6b5037362def025c52c2505b15d63e4?s=96&d=mm&r=g","caption":"Ismael Lucas S. Pereira"},"url":"https:\/\/diariodepe.com.br\/cri\/author\/ismael-lucas\/"}]}},"cc_featured_image_caption":{"caption_text":false,"source_text":false,"source_url":false},"amp_enabled":true,"_links":{"self":[{"href":"https:\/\/diariodepe.com.br\/cri\/wp-json\/wp\/v2\/posts\/6474","targetHints":{"allow":["GET"]}}],"collection":[{"href":"https:\/\/diariodepe.com.br\/cri\/wp-json\/wp\/v2\/posts"}],"about":[{"href":"https:\/\/diariodepe.com.br\/cri\/wp-json\/wp\/v2\/types\/post"}],"author":[{"embeddable":true,"href":"https:\/\/diariodepe.com.br\/cri\/wp-json\/wp\/v2\/users\/2"}],"replies":[{"embeddable":true,"href":"https:\/\/diariodepe.com.br\/cri\/wp-json\/wp\/v2\/comments?post=6474"}],"version-history":[{"count":1,"href":"https:\/\/diariodepe.com.br\/cri\/wp-json\/wp\/v2\/posts\/6474\/revisions"}],"predecessor-version":[{"id":6475,"href":"https:\/\/diariodepe.com.br\/cri\/wp-json\/wp\/v2\/posts\/6474\/revisions\/6475"}],"wp:attachment":[{"href":"https:\/\/diariodepe.com.br\/cri\/wp-json\/wp\/v2\/media?parent=6474"}],"wp:term":[{"taxonomy":"category","embeddable":true,"href":"https:\/\/diariodepe.com.br\/cri\/wp-json\/wp\/v2\/categories?post=6474"},{"taxonomy":"post_tag","embeddable":true,"href":"https:\/\/diariodepe.com.br\/cri\/wp-json\/wp\/v2\/tags?post=6474"}],"curies":[{"name":"wp","href":"https:\/\/api.w.org\/{rel}","templated":true}]}}