{"id":6459,"date":"2024-10-14T04:33:44","date_gmt":"2024-10-14T07:33:44","guid":{"rendered":"https:\/\/diariodepe.com.br\/cri\/?p=6459"},"modified":"2024-10-14T04:33:44","modified_gmt":"2024-10-14T07:33:44","slug":"primeiro-ministro-chines-apresenta-proposta-de-tres-pontos-sobre-cooperacao-no-leste-asiatico","status":"publish","type":"post","link":"https:\/\/diariodepe.com.br\/cri\/2024\/10\/14\/primeiro-ministro-chines-apresenta-proposta-de-tres-pontos-sobre-cooperacao-no-leste-asiatico\/","title":{"rendered":"Primeiro-ministro chin\u00eas apresenta proposta de tr\u00eas pontos sobre coopera\u00e7\u00e3o no Leste Asi\u00e1tico"},"content":{"rendered":"<p data-spm-anchor-id=\"0.0.0.i1\">O primeiro-ministro chin\u00eas, Li Qiang, pediu na sexta-feira a todas as partes que defendam a paz e a tranquilidade, busquem benef\u00edcios m\u00fatuos e resultados de benef\u00edcio m\u00fatuo e promovam firmemente a abertura e a coopera\u00e7\u00e3o para criar um futuro melhor para o Leste Asi\u00e1tico e o mundo.<\/p>\n<p>Li fez a proposta de tr\u00eas pontos ao discursar na 19\u00aa C\u00fapula do Leste Asi\u00e1tico, em Vientiane.<\/p>\n<p>Atualmente, o mundo entrou em um novo per\u00edodo de turbul\u00eancia e mudan\u00e7a, e a recupera\u00e7\u00e3o econ\u00f4mica global carece de impulso, disse Li.<\/p>\n<p>Observando que este ano marca o 70\u00ba anivers\u00e1rio dos Cinco Princ\u00edpios da Coexist\u00eancia Pac\u00edfica, Li disse que em um mundo de mudan\u00e7as e caos, a coexist\u00eancia pac\u00edfica \u00e9 ainda mais valiosa, e a igualdade, o respeito e o benef\u00edcio m\u00fatuos, bem como a busca comum da estabilidade, s\u00e3o de grande import\u00e2ncia para o r\u00e1pido desenvolvimento da \u00c1sia.<\/p>\n<p>Para defender a equidade e a justi\u00e7a internacionais, o mundo deve continuar a extrair sabedoria dos cinco princ\u00edpios, acrescentou Li.<\/p>\n<p>Hoje, os cinco princ\u00edpios n\u00e3o est\u00e3o desatualizados, mas s\u00e3o duradouros, o que destaca ainda mais o valor dos tempos e seu significado mundial, disse Li.<\/p>\n<p>A China est\u00e1 disposta a trabalhar com todas as partes para promover ainda mais os Cinco Princ\u00edpios da Coexist\u00eancia Pac\u00edfica, focar na constru\u00e7\u00e3o de uma comunidade com um futuro compartilhado para a humanidade, construir melhor o consenso, aprofundar a confian\u00e7a m\u00fatua, fortalecer a coopera\u00e7\u00e3o e criar um futuro melhor para a regi\u00e3o e o mundo, disse Li.<\/p>\n<p>Ele pediu a todas as partes que defendam a paz e a tranquilidade, continuem a apoiar a arquitetura regional centrada na ASEAN, aberta e inclusiva, e sigam o caminho da governan\u00e7a de seguran\u00e7a regional com base em ampla consulta, contribui\u00e7\u00e3o conjunta e benef\u00edcios compartilhados.<\/p>\n<p>Sobre a busca de benef\u00edcios m\u00fatuos e resultados ganha-ganha, Li disse que a China est\u00e1 disposta a trabalhar com todas as partes para implementar ativamente a Iniciativa de Desenvolvimento Global proposta pelo presidente chin\u00eas, Xi Jinping, aproveitar ao m\u00e1ximo suas respectivas vantagens complementares, aumentar o investimento em transforma\u00e7\u00e3o verde, economia digital e outras \u00e1reas necess\u00e1rias aos pa\u00edses regionais e alcan\u00e7ar melhor o desenvolvimento universalmente ben\u00e9fico e inclusivo.<\/p>\n<p>Ele pediu que os pa\u00edses da regi\u00e3o sejam altamente vigilantes e resolutamente refreiem a\u00e7\u00f5es que coloquem em risco a estabilidade regional e aumentem o risco de conflito.<\/p>\n<p>Ao promover a abertura e a coopera\u00e7\u00e3o, Li pediu a implementa\u00e7\u00e3o abrangente e de alta qualidade da Parceria Econ\u00f4mica Regional Abrangente, acelerando a constru\u00e7\u00e3o da \u00c1rea de Livre Com\u00e9rcio da \u00c1sia-Pac\u00edfico, promovendo a integra\u00e7\u00e3o econ\u00f4mica regional e evitando transformar quest\u00f5es econ\u00f4micas e comerciais em quest\u00f5es pol\u00edticas e de seguran\u00e7a.<\/p>\n<p>Li disse que o desenvolvimento e a prosperidade regionais n\u00e3o podem ser alcan\u00e7ados sem paz e estabilidade no Mar do Sul da China, acrescentando que o lado chin\u00eas sempre esteve comprometido em cumprir o direito internacional, incluindo a Conven\u00e7\u00e3o das Na\u00e7\u00f5es Unidas sobre o Direito do Mar, e seguir a Declara\u00e7\u00e3o sobre a Conduta das Partes no Mar do Sul da China.<\/p>\n<p>A China sempre insistiu em resolver as diferen\u00e7as com os pa\u00edses envolvidos por meio do di\u00e1logo e da consulta e na realiza\u00e7\u00e3o ativa de coopera\u00e7\u00e3o pr\u00e1tica no mar, disse Li.<\/p>\n<p>Atualmente, a China e os pa\u00edses da ASEAN est\u00e3o promovendo ativamente a consulta sobre o C\u00f3digo de Conduta no Mar do Sul da China e se esfor\u00e7ando para sua conclus\u00e3o r\u00e1pida, acrescentou.<\/p>\n<p>Os pa\u00edses relevantes fora da regi\u00e3o devem respeitar e apoiar os esfor\u00e7os conjuntos da China com os pa\u00edses regionais para manter a paz e a estabilidade no Mar do Sul da China e desempenhar um papel construtivo na paz e estabilidade regionais, disse Li.<\/p>\n","protected":false},"excerpt":{"rendered":"<p>O primeiro-ministro chin\u00eas, Li Qiang, pediu na sexta-feira a todas as partes que defendam a paz e a tranquilidade, busquem benef\u00edcios m\u00fatuos e resultados de benef\u00edcio m\u00fatuo e promovam firmemente a abertura e a coopera\u00e7\u00e3o para criar um futuro melhor&#8230;<\/p>\n","protected":false},"author":2,"featured_media":6460,"comment_status":"open","ping_status":"open","sticky":false,"template":"","format":"standard","meta":{"footnotes":""},"categories":[3,5,8],"tags":[],"class_list":["post-6459","post","type-post","status-publish","format-standard","has-post-thumbnail","hentry","category-china","category-destaques-capa","category-internacional"],"yoast_head":"<!-- This site is optimized with the Yoast SEO plugin v27.4 - https:\/\/yoast.com\/product\/yoast-seo-wordpress\/ -->\n<title>Primeiro-ministro chin\u00eas apresenta proposta de tr\u00eas pontos sobre coopera\u00e7\u00e3o no Leste Asi\u00e1tico - CRI e Diario de Pernambuco<\/title>\n<meta name=\"robots\" content=\"index, follow, max-snippet:-1, max-image-preview:large, max-video-preview:-1\" \/>\n<link rel=\"canonical\" href=\"https:\/\/diariodepe.com.br\/cri\/2024\/10\/14\/primeiro-ministro-chines-apresenta-proposta-de-tres-pontos-sobre-cooperacao-no-leste-asiatico\/\" \/>\n<meta property=\"og:locale\" content=\"pt_BR\" \/>\n<meta property=\"og:type\" content=\"article\" \/>\n<meta property=\"og:title\" content=\"Primeiro-ministro chin\u00eas apresenta proposta de tr\u00eas pontos sobre coopera\u00e7\u00e3o no Leste Asi\u00e1tico - CRI e Diario de Pernambuco\" \/>\n<meta property=\"og:description\" content=\"O primeiro-ministro chin\u00eas, Li Qiang, pediu na sexta-feira a todas as partes que defendam a paz e a tranquilidade, busquem benef\u00edcios m\u00fatuos e resultados de benef\u00edcio m\u00fatuo e promovam firmemente a abertura e a coopera\u00e7\u00e3o para criar um futuro melhor...\" \/>\n<meta property=\"og:url\" content=\"https:\/\/diariodepe.com.br\/cri\/2024\/10\/14\/primeiro-ministro-chines-apresenta-proposta-de-tres-pontos-sobre-cooperacao-no-leste-asiatico\/\" \/>\n<meta property=\"og:site_name\" content=\"CRI e Diario de Pernambuco\" \/>\n<meta property=\"article:published_time\" content=\"2024-10-14T07:33:44+00:00\" \/>\n<meta property=\"og:image\" content=\"https:\/\/diariodepe.com.br\/cri\/wp-content\/uploads\/sites\/2\/2024\/10\/2024101218240620582.jpeg\" \/>\n\t<meta property=\"og:image:width\" content=\"1020\" \/>\n\t<meta property=\"og:image:height\" content=\"728\" \/>\n\t<meta property=\"og:image:type\" content=\"image\/jpeg\" \/>\n<meta name=\"author\" content=\"Ismael Lucas S. Pereira\" \/>\n<meta name=\"twitter:card\" content=\"summary_large_image\" \/>\n<meta name=\"twitter:label1\" content=\"Escrito por\" \/>\n\t<meta name=\"twitter:data1\" content=\"Ismael Lucas S. Pereira\" \/>\n\t<meta name=\"twitter:label2\" content=\"Est. tempo de leitura\" \/>\n\t<meta name=\"twitter:data2\" content=\"4 minutos\" \/>\n<script type=\"application\/ld+json\" class=\"yoast-schema-graph\">{\"@context\":\"https:\\\/\\\/schema.org\",\"@graph\":[{\"@type\":\"Article\",\"@id\":\"https:\\\/\\\/diariodepe.com.br\\\/cri\\\/2024\\\/10\\\/14\\\/primeiro-ministro-chines-apresenta-proposta-de-tres-pontos-sobre-cooperacao-no-leste-asiatico\\\/#article\",\"isPartOf\":{\"@id\":\"https:\\\/\\\/diariodepe.com.br\\\/cri\\\/2024\\\/10\\\/14\\\/primeiro-ministro-chines-apresenta-proposta-de-tres-pontos-sobre-cooperacao-no-leste-asiatico\\\/\"},\"author\":{\"name\":\"Ismael Lucas S. Pereira\",\"@id\":\"https:\\\/\\\/diariodepe.com.br\\\/cri\\\/#\\\/schema\\\/person\\\/121bb28d84f1a5b1205ef4ce9c2e0c6b\"},\"headline\":\"Primeiro-ministro chin\u00eas apresenta proposta de tr\u00eas pontos sobre coopera\u00e7\u00e3o no Leste Asi\u00e1tico\",\"datePublished\":\"2024-10-14T07:33:44+00:00\",\"mainEntityOfPage\":{\"@id\":\"https:\\\/\\\/diariodepe.com.br\\\/cri\\\/2024\\\/10\\\/14\\\/primeiro-ministro-chines-apresenta-proposta-de-tres-pontos-sobre-cooperacao-no-leste-asiatico\\\/\"},\"wordCount\":705,\"commentCount\":0,\"publisher\":{\"@id\":\"https:\\\/\\\/diariodepe.com.br\\\/cri\\\/#organization\"},\"image\":{\"@id\":\"https:\\\/\\\/diariodepe.com.br\\\/cri\\\/2024\\\/10\\\/14\\\/primeiro-ministro-chines-apresenta-proposta-de-tres-pontos-sobre-cooperacao-no-leste-asiatico\\\/#primaryimage\"},\"thumbnailUrl\":\"https:\\\/\\\/diariodepe.com.br\\\/cri\\\/wp-content\\\/uploads\\\/sites\\\/2\\\/2024\\\/10\\\/2024101218240620582.jpeg\",\"articleSection\":[\"China\",\"Destaques Capa\",\"Internacional\"],\"inLanguage\":\"pt-BR\",\"potentialAction\":[{\"@type\":\"CommentAction\",\"name\":\"Comment\",\"target\":[\"https:\\\/\\\/diariodepe.com.br\\\/cri\\\/2024\\\/10\\\/14\\\/primeiro-ministro-chines-apresenta-proposta-de-tres-pontos-sobre-cooperacao-no-leste-asiatico\\\/#respond\"]}]},{\"@type\":\"WebPage\",\"@id\":\"https:\\\/\\\/diariodepe.com.br\\\/cri\\\/2024\\\/10\\\/14\\\/primeiro-ministro-chines-apresenta-proposta-de-tres-pontos-sobre-cooperacao-no-leste-asiatico\\\/\",\"url\":\"https:\\\/\\\/diariodepe.com.br\\\/cri\\\/2024\\\/10\\\/14\\\/primeiro-ministro-chines-apresenta-proposta-de-tres-pontos-sobre-cooperacao-no-leste-asiatico\\\/\",\"name\":\"Primeiro-ministro chin\u00eas apresenta proposta de tr\u00eas pontos sobre coopera\u00e7\u00e3o no Leste Asi\u00e1tico - CRI e Diario de Pernambuco\",\"isPartOf\":{\"@id\":\"https:\\\/\\\/diariodepe.com.br\\\/cri\\\/#website\"},\"primaryImageOfPage\":{\"@id\":\"https:\\\/\\\/diariodepe.com.br\\\/cri\\\/2024\\\/10\\\/14\\\/primeiro-ministro-chines-apresenta-proposta-de-tres-pontos-sobre-cooperacao-no-leste-asiatico\\\/#primaryimage\"},\"image\":{\"@id\":\"https:\\\/\\\/diariodepe.com.br\\\/cri\\\/2024\\\/10\\\/14\\\/primeiro-ministro-chines-apresenta-proposta-de-tres-pontos-sobre-cooperacao-no-leste-asiatico\\\/#primaryimage\"},\"thumbnailUrl\":\"https:\\\/\\\/diariodepe.com.br\\\/cri\\\/wp-content\\\/uploads\\\/sites\\\/2\\\/2024\\\/10\\\/2024101218240620582.jpeg\",\"datePublished\":\"2024-10-14T07:33:44+00:00\",\"breadcrumb\":{\"@id\":\"https:\\\/\\\/diariodepe.com.br\\\/cri\\\/2024\\\/10\\\/14\\\/primeiro-ministro-chines-apresenta-proposta-de-tres-pontos-sobre-cooperacao-no-leste-asiatico\\\/#breadcrumb\"},\"inLanguage\":\"pt-BR\",\"potentialAction\":[{\"@type\":\"ReadAction\",\"target\":[\"https:\\\/\\\/diariodepe.com.br\\\/cri\\\/2024\\\/10\\\/14\\\/primeiro-ministro-chines-apresenta-proposta-de-tres-pontos-sobre-cooperacao-no-leste-asiatico\\\/\"]}]},{\"@type\":\"ImageObject\",\"inLanguage\":\"pt-BR\",\"@id\":\"https:\\\/\\\/diariodepe.com.br\\\/cri\\\/2024\\\/10\\\/14\\\/primeiro-ministro-chines-apresenta-proposta-de-tres-pontos-sobre-cooperacao-no-leste-asiatico\\\/#primaryimage\",\"url\":\"https:\\\/\\\/diariodepe.com.br\\\/cri\\\/wp-content\\\/uploads\\\/sites\\\/2\\\/2024\\\/10\\\/2024101218240620582.jpeg\",\"contentUrl\":\"https:\\\/\\\/diariodepe.com.br\\\/cri\\\/wp-content\\\/uploads\\\/sites\\\/2\\\/2024\\\/10\\\/2024101218240620582.jpeg\",\"width\":1020,\"height\":728},{\"@type\":\"BreadcrumbList\",\"@id\":\"https:\\\/\\\/diariodepe.com.br\\\/cri\\\/2024\\\/10\\\/14\\\/primeiro-ministro-chines-apresenta-proposta-de-tres-pontos-sobre-cooperacao-no-leste-asiatico\\\/#breadcrumb\",\"itemListElement\":[{\"@type\":\"ListItem\",\"position\":1,\"name\":\"In\u00edcio\",\"item\":\"https:\\\/\\\/diariodepe.com.br\\\/cri\\\/\"},{\"@type\":\"ListItem\",\"position\":2,\"name\":\"Primeiro-ministro chin\u00eas apresenta proposta de tr\u00eas pontos sobre coopera\u00e7\u00e3o no Leste Asi\u00e1tico\"}]},{\"@type\":\"WebSite\",\"@id\":\"https:\\\/\\\/diariodepe.com.br\\\/cri\\\/#website\",\"url\":\"https:\\\/\\\/diariodepe.com.br\\\/cri\\\/\",\"name\":\"CRI e Diario de Pernambuco\",\"description\":\"R\u00e1dio Internacional da China\",\"publisher\":{\"@id\":\"https:\\\/\\\/diariodepe.com.br\\\/cri\\\/#organization\"},\"potentialAction\":[{\"@type\":\"SearchAction\",\"target\":{\"@type\":\"EntryPoint\",\"urlTemplate\":\"https:\\\/\\\/diariodepe.com.br\\\/cri\\\/?s={search_term_string}\"},\"query-input\":{\"@type\":\"PropertyValueSpecification\",\"valueRequired\":true,\"valueName\":\"search_term_string\"}}],\"inLanguage\":\"pt-BR\"},{\"@type\":\"Organization\",\"@id\":\"https:\\\/\\\/diariodepe.com.br\\\/cri\\\/#organization\",\"name\":\"CRI e Diario de Pernambuco\",\"url\":\"https:\\\/\\\/diariodepe.com.br\\\/cri\\\/\",\"logo\":{\"@type\":\"ImageObject\",\"inLanguage\":\"pt-BR\",\"@id\":\"https:\\\/\\\/diariodepe.com.br\\\/cri\\\/#\\\/schema\\\/logo\\\/image\\\/\",\"url\":\"https:\\\/\\\/diariodepe.com.br\\\/cri\\\/wp-content\\\/uploads\\\/sites\\\/2\\\/2022\\\/12\\\/cropped-Logo.jpg\",\"contentUrl\":\"https:\\\/\\\/diariodepe.com.br\\\/cri\\\/wp-content\\\/uploads\\\/sites\\\/2\\\/2022\\\/12\\\/cropped-Logo.jpg\",\"width\":700,\"height\":59,\"caption\":\"CRI e Diario de Pernambuco\"},\"image\":{\"@id\":\"https:\\\/\\\/diariodepe.com.br\\\/cri\\\/#\\\/schema\\\/logo\\\/image\\\/\"}},{\"@type\":\"Person\",\"@id\":\"https:\\\/\\\/diariodepe.com.br\\\/cri\\\/#\\\/schema\\\/person\\\/121bb28d84f1a5b1205ef4ce9c2e0c6b\",\"name\":\"Ismael Lucas S. Pereira\",\"image\":{\"@type\":\"ImageObject\",\"inLanguage\":\"pt-BR\",\"@id\":\"https:\\\/\\\/secure.gravatar.com\\\/avatar\\\/887a0f3b5a7ceea963a48499fb883ffce6b5037362def025c52c2505b15d63e4?s=96&d=mm&r=g\",\"url\":\"https:\\\/\\\/secure.gravatar.com\\\/avatar\\\/887a0f3b5a7ceea963a48499fb883ffce6b5037362def025c52c2505b15d63e4?s=96&d=mm&r=g\",\"contentUrl\":\"https:\\\/\\\/secure.gravatar.com\\\/avatar\\\/887a0f3b5a7ceea963a48499fb883ffce6b5037362def025c52c2505b15d63e4?s=96&d=mm&r=g\",\"caption\":\"Ismael Lucas S. Pereira\"},\"url\":\"https:\\\/\\\/diariodepe.com.br\\\/cri\\\/author\\\/ismael-lucas\\\/\"}]}<\/script>\n<!-- \/ Yoast SEO plugin. -->","yoast_head_json":{"title":"Primeiro-ministro chin\u00eas apresenta proposta de tr\u00eas pontos sobre coopera\u00e7\u00e3o no Leste Asi\u00e1tico - CRI e Diario de Pernambuco","robots":{"index":"index","follow":"follow","max-snippet":"max-snippet:-1","max-image-preview":"max-image-preview:large","max-video-preview":"max-video-preview:-1"},"canonical":"https:\/\/diariodepe.com.br\/cri\/2024\/10\/14\/primeiro-ministro-chines-apresenta-proposta-de-tres-pontos-sobre-cooperacao-no-leste-asiatico\/","og_locale":"pt_BR","og_type":"article","og_title":"Primeiro-ministro chin\u00eas apresenta proposta de tr\u00eas pontos sobre coopera\u00e7\u00e3o no Leste Asi\u00e1tico - CRI e Diario de Pernambuco","og_description":"O primeiro-ministro chin\u00eas, Li Qiang, pediu na sexta-feira a todas as partes que defendam a paz e a tranquilidade, busquem benef\u00edcios m\u00fatuos e resultados de benef\u00edcio m\u00fatuo e promovam firmemente a abertura e a coopera\u00e7\u00e3o para criar um futuro melhor...","og_url":"https:\/\/diariodepe.com.br\/cri\/2024\/10\/14\/primeiro-ministro-chines-apresenta-proposta-de-tres-pontos-sobre-cooperacao-no-leste-asiatico\/","og_site_name":"CRI e Diario de Pernambuco","article_published_time":"2024-10-14T07:33:44+00:00","og_image":[{"width":1020,"height":728,"url":"https:\/\/diariodepe.com.br\/cri\/wp-content\/uploads\/sites\/2\/2024\/10\/2024101218240620582.jpeg","type":"image\/jpeg"}],"author":"Ismael Lucas S. Pereira","twitter_card":"summary_large_image","twitter_misc":{"Escrito por":"Ismael Lucas S. Pereira","Est. tempo de leitura":"4 minutos"},"schema":{"@context":"https:\/\/schema.org","@graph":[{"@type":"Article","@id":"https:\/\/diariodepe.com.br\/cri\/2024\/10\/14\/primeiro-ministro-chines-apresenta-proposta-de-tres-pontos-sobre-cooperacao-no-leste-asiatico\/#article","isPartOf":{"@id":"https:\/\/diariodepe.com.br\/cri\/2024\/10\/14\/primeiro-ministro-chines-apresenta-proposta-de-tres-pontos-sobre-cooperacao-no-leste-asiatico\/"},"author":{"name":"Ismael Lucas S. Pereira","@id":"https:\/\/diariodepe.com.br\/cri\/#\/schema\/person\/121bb28d84f1a5b1205ef4ce9c2e0c6b"},"headline":"Primeiro-ministro chin\u00eas apresenta proposta de tr\u00eas pontos sobre coopera\u00e7\u00e3o no Leste Asi\u00e1tico","datePublished":"2024-10-14T07:33:44+00:00","mainEntityOfPage":{"@id":"https:\/\/diariodepe.com.br\/cri\/2024\/10\/14\/primeiro-ministro-chines-apresenta-proposta-de-tres-pontos-sobre-cooperacao-no-leste-asiatico\/"},"wordCount":705,"commentCount":0,"publisher":{"@id":"https:\/\/diariodepe.com.br\/cri\/#organization"},"image":{"@id":"https:\/\/diariodepe.com.br\/cri\/2024\/10\/14\/primeiro-ministro-chines-apresenta-proposta-de-tres-pontos-sobre-cooperacao-no-leste-asiatico\/#primaryimage"},"thumbnailUrl":"https:\/\/diariodepe.com.br\/cri\/wp-content\/uploads\/sites\/2\/2024\/10\/2024101218240620582.jpeg","articleSection":["China","Destaques Capa","Internacional"],"inLanguage":"pt-BR","potentialAction":[{"@type":"CommentAction","name":"Comment","target":["https:\/\/diariodepe.com.br\/cri\/2024\/10\/14\/primeiro-ministro-chines-apresenta-proposta-de-tres-pontos-sobre-cooperacao-no-leste-asiatico\/#respond"]}]},{"@type":"WebPage","@id":"https:\/\/diariodepe.com.br\/cri\/2024\/10\/14\/primeiro-ministro-chines-apresenta-proposta-de-tres-pontos-sobre-cooperacao-no-leste-asiatico\/","url":"https:\/\/diariodepe.com.br\/cri\/2024\/10\/14\/primeiro-ministro-chines-apresenta-proposta-de-tres-pontos-sobre-cooperacao-no-leste-asiatico\/","name":"Primeiro-ministro chin\u00eas apresenta proposta de tr\u00eas pontos sobre coopera\u00e7\u00e3o no Leste Asi\u00e1tico - CRI e Diario de Pernambuco","isPartOf":{"@id":"https:\/\/diariodepe.com.br\/cri\/#website"},"primaryImageOfPage":{"@id":"https:\/\/diariodepe.com.br\/cri\/2024\/10\/14\/primeiro-ministro-chines-apresenta-proposta-de-tres-pontos-sobre-cooperacao-no-leste-asiatico\/#primaryimage"},"image":{"@id":"https:\/\/diariodepe.com.br\/cri\/2024\/10\/14\/primeiro-ministro-chines-apresenta-proposta-de-tres-pontos-sobre-cooperacao-no-leste-asiatico\/#primaryimage"},"thumbnailUrl":"https:\/\/diariodepe.com.br\/cri\/wp-content\/uploads\/sites\/2\/2024\/10\/2024101218240620582.jpeg","datePublished":"2024-10-14T07:33:44+00:00","breadcrumb":{"@id":"https:\/\/diariodepe.com.br\/cri\/2024\/10\/14\/primeiro-ministro-chines-apresenta-proposta-de-tres-pontos-sobre-cooperacao-no-leste-asiatico\/#breadcrumb"},"inLanguage":"pt-BR","potentialAction":[{"@type":"ReadAction","target":["https:\/\/diariodepe.com.br\/cri\/2024\/10\/14\/primeiro-ministro-chines-apresenta-proposta-de-tres-pontos-sobre-cooperacao-no-leste-asiatico\/"]}]},{"@type":"ImageObject","inLanguage":"pt-BR","@id":"https:\/\/diariodepe.com.br\/cri\/2024\/10\/14\/primeiro-ministro-chines-apresenta-proposta-de-tres-pontos-sobre-cooperacao-no-leste-asiatico\/#primaryimage","url":"https:\/\/diariodepe.com.br\/cri\/wp-content\/uploads\/sites\/2\/2024\/10\/2024101218240620582.jpeg","contentUrl":"https:\/\/diariodepe.com.br\/cri\/wp-content\/uploads\/sites\/2\/2024\/10\/2024101218240620582.jpeg","width":1020,"height":728},{"@type":"BreadcrumbList","@id":"https:\/\/diariodepe.com.br\/cri\/2024\/10\/14\/primeiro-ministro-chines-apresenta-proposta-de-tres-pontos-sobre-cooperacao-no-leste-asiatico\/#breadcrumb","itemListElement":[{"@type":"ListItem","position":1,"name":"In\u00edcio","item":"https:\/\/diariodepe.com.br\/cri\/"},{"@type":"ListItem","position":2,"name":"Primeiro-ministro chin\u00eas apresenta proposta de tr\u00eas pontos sobre coopera\u00e7\u00e3o no Leste Asi\u00e1tico"}]},{"@type":"WebSite","@id":"https:\/\/diariodepe.com.br\/cri\/#website","url":"https:\/\/diariodepe.com.br\/cri\/","name":"CRI e Diario de Pernambuco","description":"R\u00e1dio Internacional da China","publisher":{"@id":"https:\/\/diariodepe.com.br\/cri\/#organization"},"potentialAction":[{"@type":"SearchAction","target":{"@type":"EntryPoint","urlTemplate":"https:\/\/diariodepe.com.br\/cri\/?s={search_term_string}"},"query-input":{"@type":"PropertyValueSpecification","valueRequired":true,"valueName":"search_term_string"}}],"inLanguage":"pt-BR"},{"@type":"Organization","@id":"https:\/\/diariodepe.com.br\/cri\/#organization","name":"CRI e Diario de Pernambuco","url":"https:\/\/diariodepe.com.br\/cri\/","logo":{"@type":"ImageObject","inLanguage":"pt-BR","@id":"https:\/\/diariodepe.com.br\/cri\/#\/schema\/logo\/image\/","url":"https:\/\/diariodepe.com.br\/cri\/wp-content\/uploads\/sites\/2\/2022\/12\/cropped-Logo.jpg","contentUrl":"https:\/\/diariodepe.com.br\/cri\/wp-content\/uploads\/sites\/2\/2022\/12\/cropped-Logo.jpg","width":700,"height":59,"caption":"CRI e Diario de Pernambuco"},"image":{"@id":"https:\/\/diariodepe.com.br\/cri\/#\/schema\/logo\/image\/"}},{"@type":"Person","@id":"https:\/\/diariodepe.com.br\/cri\/#\/schema\/person\/121bb28d84f1a5b1205ef4ce9c2e0c6b","name":"Ismael Lucas S. Pereira","image":{"@type":"ImageObject","inLanguage":"pt-BR","@id":"https:\/\/secure.gravatar.com\/avatar\/887a0f3b5a7ceea963a48499fb883ffce6b5037362def025c52c2505b15d63e4?s=96&d=mm&r=g","url":"https:\/\/secure.gravatar.com\/avatar\/887a0f3b5a7ceea963a48499fb883ffce6b5037362def025c52c2505b15d63e4?s=96&d=mm&r=g","contentUrl":"https:\/\/secure.gravatar.com\/avatar\/887a0f3b5a7ceea963a48499fb883ffce6b5037362def025c52c2505b15d63e4?s=96&d=mm&r=g","caption":"Ismael Lucas S. Pereira"},"url":"https:\/\/diariodepe.com.br\/cri\/author\/ismael-lucas\/"}]}},"cc_featured_image_caption":{"caption_text":false,"source_text":false,"source_url":false},"amp_enabled":true,"_links":{"self":[{"href":"https:\/\/diariodepe.com.br\/cri\/wp-json\/wp\/v2\/posts\/6459","targetHints":{"allow":["GET"]}}],"collection":[{"href":"https:\/\/diariodepe.com.br\/cri\/wp-json\/wp\/v2\/posts"}],"about":[{"href":"https:\/\/diariodepe.com.br\/cri\/wp-json\/wp\/v2\/types\/post"}],"author":[{"embeddable":true,"href":"https:\/\/diariodepe.com.br\/cri\/wp-json\/wp\/v2\/users\/2"}],"replies":[{"embeddable":true,"href":"https:\/\/diariodepe.com.br\/cri\/wp-json\/wp\/v2\/comments?post=6459"}],"version-history":[{"count":1,"href":"https:\/\/diariodepe.com.br\/cri\/wp-json\/wp\/v2\/posts\/6459\/revisions"}],"predecessor-version":[{"id":6461,"href":"https:\/\/diariodepe.com.br\/cri\/wp-json\/wp\/v2\/posts\/6459\/revisions\/6461"}],"wp:featuredmedia":[{"embeddable":true,"href":"https:\/\/diariodepe.com.br\/cri\/wp-json\/wp\/v2\/media\/6460"}],"wp:attachment":[{"href":"https:\/\/diariodepe.com.br\/cri\/wp-json\/wp\/v2\/media?parent=6459"}],"wp:term":[{"taxonomy":"category","embeddable":true,"href":"https:\/\/diariodepe.com.br\/cri\/wp-json\/wp\/v2\/categories?post=6459"},{"taxonomy":"post_tag","embeddable":true,"href":"https:\/\/diariodepe.com.br\/cri\/wp-json\/wp\/v2\/tags?post=6459"}],"curies":[{"name":"wp","href":"https:\/\/api.w.org\/{rel}","templated":true}]}}