{"id":644,"date":"2023-02-21T05:33:09","date_gmt":"2023-02-21T08:33:09","guid":{"rendered":"https:\/\/diariodepe.com.br\/cri\/?p=644"},"modified":"2023-02-21T05:33:09","modified_gmt":"2023-02-21T08:33:09","slug":"presidente-iraniano-concede-entrevista-a-cmg","status":"publish","type":"post","link":"https:\/\/diariodepe.com.br\/cri\/2023\/02\/21\/presidente-iraniano-concede-entrevista-a-cmg\/","title":{"rendered":"<strong>Presidente iraniano concede entrevista a CMG<\/strong>"},"content":{"rendered":"\n<p>A visita do presidente iraniano, Ebrahim Raisi, \u00e0 China tem atra\u00eddo muita aten\u00e7\u00e3o. Ele concedeu uma entrevista ao Grupo de M\u00eddia da China (CMG, sigla em ingl\u00eas), na qual disse que a China \u00e9 o melhor parceiro do Ir\u00e3.<\/p>\n\n\n\n<p>Na entrevista, o presidente Raisi disse que a sua visita foi para promover a coopera\u00e7\u00e3o entre o Ir\u00e3 e a China. Segundo ele, os dois pa\u00edses compartilham posi\u00e7\u00f5es e interesses comuns, e a China \u00e9 agora o parceiro comercial mais importante do Ir\u00e3. &#8220;Desenvolvemos rela\u00e7\u00f5es com muitos pa\u00edses, mas o relacionamento com a China \u00e9 estrat\u00e9gico, e esta rela\u00e7\u00e3o estrat\u00e9gica ser\u00e1 transformada em um plano de coopera\u00e7\u00e3o abrangente&#8221;, disse Raisi.<\/p>\n\n\n\n<p>Falando sobre as san\u00e7\u00f5es dos EUA contra o Ir\u00e3, Raisi salientou que o objetivo \u00e9 exercer extrema press\u00e3o sobre o Ir\u00e3, que na verdade tamb\u00e9m \u00e9 uma guerra, apenas os meios mudaram. As san\u00e7\u00f5es foram muito cru\u00e9is. At\u00e9 mesmo alguns medicamentos e as vacinas contra Covid-19 foram inclu\u00eddos na lista de san\u00e7\u00f5es contra o Ir\u00e3. &#8220;Gostaria de expressar minha gratid\u00e3o ao presidente, ao governo e ao povo da China. Porque a coopera\u00e7\u00e3o com a China resolveu nossa necessidade urgente de escassez de vacinas&#8221;, acrescentou.<\/p>\n\n\n\n<p>O presidente abordou a quest\u00e3o nuclear iraniana na entrevista. De acordo com ele, a Ag\u00eancia Internacional de Energia At\u00f4mica (AIEA) j\u00e1 afirmou quinze vezes que n\u00e3o h\u00e1 viola\u00e7\u00f5es das atividades nucleares do Ir\u00e3. Ainda assim, os EUA se retiraram unilateralmente do acordo nuclear iraniano e a Europa tamb\u00e9m n\u00e3o cumpriu seus compromissos.<\/p>\n\n\n\n<p>O Ir\u00e3 est\u00e1 prestes a se tornar um membro pleno da Organiza\u00e7\u00e3o de Coopera\u00e7\u00e3o de Shanghai (SCO). Em resposta, Raisi observou que a SCO fez um bom trabalho de integra\u00e7\u00e3o dos recursos de seus estados membros. Ela pode aumentar a intera\u00e7\u00e3o entre os membros, fortalecer os la\u00e7os entre pa\u00edses regionais e promover a coopera\u00e7\u00e3o nos campos econ\u00f4mico, comercial e manufatureiro.<\/p>\n\n\n\n<p>Al\u00e9m disso, Raisi expressou sua aprova\u00e7\u00e3o e apoio \u00e0s iniciativas propostas pelo presidente Xi Jinping, incluindo a Iniciativa do Cintur\u00e3o e Rota, a Iniciativa de Desenvolvimento Global e a Iniciativa de Seguran\u00e7a Global.<\/p>\n","protected":false},"excerpt":{"rendered":"<p>A visita do presidente iraniano, Ebrahim Raisi, \u00e0 China tem atra\u00eddo muita aten\u00e7\u00e3o. Ele concedeu uma entrevista ao Grupo de M\u00eddia da China (CMG, sigla em ingl\u00eas), na qual disse que a China \u00e9 o melhor parceiro do Ir\u00e3. Na&#8230;<\/p>\n","protected":false},"author":2,"featured_media":645,"comment_status":"open","ping_status":"open","sticky":false,"template":"","format":"standard","meta":{"footnotes":""},"categories":[3],"tags":[],"class_list":["post-644","post","type-post","status-publish","format-standard","has-post-thumbnail","hentry","category-china"],"yoast_head":"<!-- This site is optimized with the Yoast SEO plugin v27.4 - https:\/\/yoast.com\/product\/yoast-seo-wordpress\/ -->\n<title>Presidente iraniano concede entrevista a CMG - CRI e Diario de Pernambuco<\/title>\n<meta name=\"robots\" content=\"index, follow, max-snippet:-1, max-image-preview:large, max-video-preview:-1\" \/>\n<link rel=\"canonical\" href=\"https:\/\/diariodepe.com.br\/cri\/2023\/02\/21\/presidente-iraniano-concede-entrevista-a-cmg\/\" \/>\n<meta property=\"og:locale\" content=\"pt_BR\" \/>\n<meta property=\"og:type\" content=\"article\" \/>\n<meta property=\"og:title\" content=\"Presidente iraniano concede entrevista a CMG - CRI e Diario de Pernambuco\" \/>\n<meta property=\"og:description\" content=\"A visita do presidente iraniano, Ebrahim Raisi, \u00e0 China tem atra\u00eddo muita aten\u00e7\u00e3o. Ele concedeu uma entrevista ao Grupo de M\u00eddia da China (CMG, sigla em ingl\u00eas), na qual disse que a China \u00e9 o melhor parceiro do Ir\u00e3. Na...\" \/>\n<meta property=\"og:url\" content=\"https:\/\/diariodepe.com.br\/cri\/2023\/02\/21\/presidente-iraniano-concede-entrevista-a-cmg\/\" \/>\n<meta property=\"og:site_name\" content=\"CRI e Diario de Pernambuco\" \/>\n<meta property=\"article:published_time\" content=\"2023-02-21T08:33:09+00:00\" \/>\n<meta property=\"og:image\" content=\"https:\/\/diariodepe.com.br\/cri\/wp-content\/uploads\/sites\/2\/2023\/02\/2023021819584097061.png\" \/>\n\t<meta property=\"og:image:width\" content=\"640\" \/>\n\t<meta property=\"og:image:height\" content=\"360\" \/>\n\t<meta property=\"og:image:type\" content=\"image\/png\" \/>\n<meta name=\"author\" content=\"Ismael Lucas S. Pereira\" \/>\n<meta name=\"twitter:card\" content=\"summary_large_image\" \/>\n<meta name=\"twitter:label1\" content=\"Escrito por\" \/>\n\t<meta name=\"twitter:data1\" content=\"Ismael Lucas S. Pereira\" \/>\n\t<meta name=\"twitter:label2\" content=\"Est. tempo de leitura\" \/>\n\t<meta name=\"twitter:data2\" content=\"2 minutos\" \/>\n<script type=\"application\/ld+json\" class=\"yoast-schema-graph\">{\"@context\":\"https:\\\/\\\/schema.org\",\"@graph\":[{\"@type\":\"Article\",\"@id\":\"https:\\\/\\\/diariodepe.com.br\\\/cri\\\/2023\\\/02\\\/21\\\/presidente-iraniano-concede-entrevista-a-cmg\\\/#article\",\"isPartOf\":{\"@id\":\"https:\\\/\\\/diariodepe.com.br\\\/cri\\\/2023\\\/02\\\/21\\\/presidente-iraniano-concede-entrevista-a-cmg\\\/\"},\"author\":{\"name\":\"Ismael Lucas S. Pereira\",\"@id\":\"https:\\\/\\\/diariodepe.com.br\\\/cri\\\/#\\\/schema\\\/person\\\/121bb28d84f1a5b1205ef4ce9c2e0c6b\"},\"headline\":\"Presidente iraniano concede entrevista a CMG\",\"datePublished\":\"2023-02-21T08:33:09+00:00\",\"mainEntityOfPage\":{\"@id\":\"https:\\\/\\\/diariodepe.com.br\\\/cri\\\/2023\\\/02\\\/21\\\/presidente-iraniano-concede-entrevista-a-cmg\\\/\"},\"wordCount\":379,\"commentCount\":0,\"publisher\":{\"@id\":\"https:\\\/\\\/diariodepe.com.br\\\/cri\\\/#organization\"},\"image\":{\"@id\":\"https:\\\/\\\/diariodepe.com.br\\\/cri\\\/2023\\\/02\\\/21\\\/presidente-iraniano-concede-entrevista-a-cmg\\\/#primaryimage\"},\"thumbnailUrl\":\"https:\\\/\\\/diariodepe.com.br\\\/cri\\\/wp-content\\\/uploads\\\/sites\\\/2\\\/2023\\\/02\\\/2023021819584097061.png\",\"articleSection\":[\"China\"],\"inLanguage\":\"pt-BR\",\"potentialAction\":[{\"@type\":\"CommentAction\",\"name\":\"Comment\",\"target\":[\"https:\\\/\\\/diariodepe.com.br\\\/cri\\\/2023\\\/02\\\/21\\\/presidente-iraniano-concede-entrevista-a-cmg\\\/#respond\"]}]},{\"@type\":\"WebPage\",\"@id\":\"https:\\\/\\\/diariodepe.com.br\\\/cri\\\/2023\\\/02\\\/21\\\/presidente-iraniano-concede-entrevista-a-cmg\\\/\",\"url\":\"https:\\\/\\\/diariodepe.com.br\\\/cri\\\/2023\\\/02\\\/21\\\/presidente-iraniano-concede-entrevista-a-cmg\\\/\",\"name\":\"Presidente iraniano concede entrevista a CMG - CRI e Diario de Pernambuco\",\"isPartOf\":{\"@id\":\"https:\\\/\\\/diariodepe.com.br\\\/cri\\\/#website\"},\"primaryImageOfPage\":{\"@id\":\"https:\\\/\\\/diariodepe.com.br\\\/cri\\\/2023\\\/02\\\/21\\\/presidente-iraniano-concede-entrevista-a-cmg\\\/#primaryimage\"},\"image\":{\"@id\":\"https:\\\/\\\/diariodepe.com.br\\\/cri\\\/2023\\\/02\\\/21\\\/presidente-iraniano-concede-entrevista-a-cmg\\\/#primaryimage\"},\"thumbnailUrl\":\"https:\\\/\\\/diariodepe.com.br\\\/cri\\\/wp-content\\\/uploads\\\/sites\\\/2\\\/2023\\\/02\\\/2023021819584097061.png\",\"datePublished\":\"2023-02-21T08:33:09+00:00\",\"breadcrumb\":{\"@id\":\"https:\\\/\\\/diariodepe.com.br\\\/cri\\\/2023\\\/02\\\/21\\\/presidente-iraniano-concede-entrevista-a-cmg\\\/#breadcrumb\"},\"inLanguage\":\"pt-BR\",\"potentialAction\":[{\"@type\":\"ReadAction\",\"target\":[\"https:\\\/\\\/diariodepe.com.br\\\/cri\\\/2023\\\/02\\\/21\\\/presidente-iraniano-concede-entrevista-a-cmg\\\/\"]}]},{\"@type\":\"ImageObject\",\"inLanguage\":\"pt-BR\",\"@id\":\"https:\\\/\\\/diariodepe.com.br\\\/cri\\\/2023\\\/02\\\/21\\\/presidente-iraniano-concede-entrevista-a-cmg\\\/#primaryimage\",\"url\":\"https:\\\/\\\/diariodepe.com.br\\\/cri\\\/wp-content\\\/uploads\\\/sites\\\/2\\\/2023\\\/02\\\/2023021819584097061.png\",\"contentUrl\":\"https:\\\/\\\/diariodepe.com.br\\\/cri\\\/wp-content\\\/uploads\\\/sites\\\/2\\\/2023\\\/02\\\/2023021819584097061.png\",\"width\":640,\"height\":360},{\"@type\":\"BreadcrumbList\",\"@id\":\"https:\\\/\\\/diariodepe.com.br\\\/cri\\\/2023\\\/02\\\/21\\\/presidente-iraniano-concede-entrevista-a-cmg\\\/#breadcrumb\",\"itemListElement\":[{\"@type\":\"ListItem\",\"position\":1,\"name\":\"In\u00edcio\",\"item\":\"https:\\\/\\\/diariodepe.com.br\\\/cri\\\/\"},{\"@type\":\"ListItem\",\"position\":2,\"name\":\"Presidente iraniano concede entrevista a CMG\"}]},{\"@type\":\"WebSite\",\"@id\":\"https:\\\/\\\/diariodepe.com.br\\\/cri\\\/#website\",\"url\":\"https:\\\/\\\/diariodepe.com.br\\\/cri\\\/\",\"name\":\"CRI e Diario de Pernambuco\",\"description\":\"R\u00e1dio Internacional da China\",\"publisher\":{\"@id\":\"https:\\\/\\\/diariodepe.com.br\\\/cri\\\/#organization\"},\"potentialAction\":[{\"@type\":\"SearchAction\",\"target\":{\"@type\":\"EntryPoint\",\"urlTemplate\":\"https:\\\/\\\/diariodepe.com.br\\\/cri\\\/?s={search_term_string}\"},\"query-input\":{\"@type\":\"PropertyValueSpecification\",\"valueRequired\":true,\"valueName\":\"search_term_string\"}}],\"inLanguage\":\"pt-BR\"},{\"@type\":\"Organization\",\"@id\":\"https:\\\/\\\/diariodepe.com.br\\\/cri\\\/#organization\",\"name\":\"CRI e Diario de Pernambuco\",\"url\":\"https:\\\/\\\/diariodepe.com.br\\\/cri\\\/\",\"logo\":{\"@type\":\"ImageObject\",\"inLanguage\":\"pt-BR\",\"@id\":\"https:\\\/\\\/diariodepe.com.br\\\/cri\\\/#\\\/schema\\\/logo\\\/image\\\/\",\"url\":\"https:\\\/\\\/diariodepe.com.br\\\/cri\\\/wp-content\\\/uploads\\\/sites\\\/2\\\/2022\\\/12\\\/cropped-Logo.jpg\",\"contentUrl\":\"https:\\\/\\\/diariodepe.com.br\\\/cri\\\/wp-content\\\/uploads\\\/sites\\\/2\\\/2022\\\/12\\\/cropped-Logo.jpg\",\"width\":700,\"height\":59,\"caption\":\"CRI e Diario de Pernambuco\"},\"image\":{\"@id\":\"https:\\\/\\\/diariodepe.com.br\\\/cri\\\/#\\\/schema\\\/logo\\\/image\\\/\"}},{\"@type\":\"Person\",\"@id\":\"https:\\\/\\\/diariodepe.com.br\\\/cri\\\/#\\\/schema\\\/person\\\/121bb28d84f1a5b1205ef4ce9c2e0c6b\",\"name\":\"Ismael Lucas S. Pereira\",\"image\":{\"@type\":\"ImageObject\",\"inLanguage\":\"pt-BR\",\"@id\":\"https:\\\/\\\/secure.gravatar.com\\\/avatar\\\/887a0f3b5a7ceea963a48499fb883ffce6b5037362def025c52c2505b15d63e4?s=96&d=mm&r=g\",\"url\":\"https:\\\/\\\/secure.gravatar.com\\\/avatar\\\/887a0f3b5a7ceea963a48499fb883ffce6b5037362def025c52c2505b15d63e4?s=96&d=mm&r=g\",\"contentUrl\":\"https:\\\/\\\/secure.gravatar.com\\\/avatar\\\/887a0f3b5a7ceea963a48499fb883ffce6b5037362def025c52c2505b15d63e4?s=96&d=mm&r=g\",\"caption\":\"Ismael Lucas S. Pereira\"},\"url\":\"https:\\\/\\\/diariodepe.com.br\\\/cri\\\/author\\\/ismael-lucas\\\/\"}]}<\/script>\n<!-- \/ Yoast SEO plugin. -->","yoast_head_json":{"title":"Presidente iraniano concede entrevista a CMG - CRI e Diario de Pernambuco","robots":{"index":"index","follow":"follow","max-snippet":"max-snippet:-1","max-image-preview":"max-image-preview:large","max-video-preview":"max-video-preview:-1"},"canonical":"https:\/\/diariodepe.com.br\/cri\/2023\/02\/21\/presidente-iraniano-concede-entrevista-a-cmg\/","og_locale":"pt_BR","og_type":"article","og_title":"Presidente iraniano concede entrevista a CMG - CRI e Diario de Pernambuco","og_description":"A visita do presidente iraniano, Ebrahim Raisi, \u00e0 China tem atra\u00eddo muita aten\u00e7\u00e3o. Ele concedeu uma entrevista ao Grupo de M\u00eddia da China (CMG, sigla em ingl\u00eas), na qual disse que a China \u00e9 o melhor parceiro do Ir\u00e3. Na...","og_url":"https:\/\/diariodepe.com.br\/cri\/2023\/02\/21\/presidente-iraniano-concede-entrevista-a-cmg\/","og_site_name":"CRI e Diario de Pernambuco","article_published_time":"2023-02-21T08:33:09+00:00","og_image":[{"width":640,"height":360,"url":"https:\/\/diariodepe.com.br\/cri\/wp-content\/uploads\/sites\/2\/2023\/02\/2023021819584097061.png","type":"image\/png"}],"author":"Ismael Lucas S. Pereira","twitter_card":"summary_large_image","twitter_misc":{"Escrito por":"Ismael Lucas S. Pereira","Est. tempo de leitura":"2 minutos"},"schema":{"@context":"https:\/\/schema.org","@graph":[{"@type":"Article","@id":"https:\/\/diariodepe.com.br\/cri\/2023\/02\/21\/presidente-iraniano-concede-entrevista-a-cmg\/#article","isPartOf":{"@id":"https:\/\/diariodepe.com.br\/cri\/2023\/02\/21\/presidente-iraniano-concede-entrevista-a-cmg\/"},"author":{"name":"Ismael Lucas S. Pereira","@id":"https:\/\/diariodepe.com.br\/cri\/#\/schema\/person\/121bb28d84f1a5b1205ef4ce9c2e0c6b"},"headline":"Presidente iraniano concede entrevista a CMG","datePublished":"2023-02-21T08:33:09+00:00","mainEntityOfPage":{"@id":"https:\/\/diariodepe.com.br\/cri\/2023\/02\/21\/presidente-iraniano-concede-entrevista-a-cmg\/"},"wordCount":379,"commentCount":0,"publisher":{"@id":"https:\/\/diariodepe.com.br\/cri\/#organization"},"image":{"@id":"https:\/\/diariodepe.com.br\/cri\/2023\/02\/21\/presidente-iraniano-concede-entrevista-a-cmg\/#primaryimage"},"thumbnailUrl":"https:\/\/diariodepe.com.br\/cri\/wp-content\/uploads\/sites\/2\/2023\/02\/2023021819584097061.png","articleSection":["China"],"inLanguage":"pt-BR","potentialAction":[{"@type":"CommentAction","name":"Comment","target":["https:\/\/diariodepe.com.br\/cri\/2023\/02\/21\/presidente-iraniano-concede-entrevista-a-cmg\/#respond"]}]},{"@type":"WebPage","@id":"https:\/\/diariodepe.com.br\/cri\/2023\/02\/21\/presidente-iraniano-concede-entrevista-a-cmg\/","url":"https:\/\/diariodepe.com.br\/cri\/2023\/02\/21\/presidente-iraniano-concede-entrevista-a-cmg\/","name":"Presidente iraniano concede entrevista a CMG - CRI e Diario de Pernambuco","isPartOf":{"@id":"https:\/\/diariodepe.com.br\/cri\/#website"},"primaryImageOfPage":{"@id":"https:\/\/diariodepe.com.br\/cri\/2023\/02\/21\/presidente-iraniano-concede-entrevista-a-cmg\/#primaryimage"},"image":{"@id":"https:\/\/diariodepe.com.br\/cri\/2023\/02\/21\/presidente-iraniano-concede-entrevista-a-cmg\/#primaryimage"},"thumbnailUrl":"https:\/\/diariodepe.com.br\/cri\/wp-content\/uploads\/sites\/2\/2023\/02\/2023021819584097061.png","datePublished":"2023-02-21T08:33:09+00:00","breadcrumb":{"@id":"https:\/\/diariodepe.com.br\/cri\/2023\/02\/21\/presidente-iraniano-concede-entrevista-a-cmg\/#breadcrumb"},"inLanguage":"pt-BR","potentialAction":[{"@type":"ReadAction","target":["https:\/\/diariodepe.com.br\/cri\/2023\/02\/21\/presidente-iraniano-concede-entrevista-a-cmg\/"]}]},{"@type":"ImageObject","inLanguage":"pt-BR","@id":"https:\/\/diariodepe.com.br\/cri\/2023\/02\/21\/presidente-iraniano-concede-entrevista-a-cmg\/#primaryimage","url":"https:\/\/diariodepe.com.br\/cri\/wp-content\/uploads\/sites\/2\/2023\/02\/2023021819584097061.png","contentUrl":"https:\/\/diariodepe.com.br\/cri\/wp-content\/uploads\/sites\/2\/2023\/02\/2023021819584097061.png","width":640,"height":360},{"@type":"BreadcrumbList","@id":"https:\/\/diariodepe.com.br\/cri\/2023\/02\/21\/presidente-iraniano-concede-entrevista-a-cmg\/#breadcrumb","itemListElement":[{"@type":"ListItem","position":1,"name":"In\u00edcio","item":"https:\/\/diariodepe.com.br\/cri\/"},{"@type":"ListItem","position":2,"name":"Presidente iraniano concede entrevista a CMG"}]},{"@type":"WebSite","@id":"https:\/\/diariodepe.com.br\/cri\/#website","url":"https:\/\/diariodepe.com.br\/cri\/","name":"CRI e Diario de Pernambuco","description":"R\u00e1dio Internacional da China","publisher":{"@id":"https:\/\/diariodepe.com.br\/cri\/#organization"},"potentialAction":[{"@type":"SearchAction","target":{"@type":"EntryPoint","urlTemplate":"https:\/\/diariodepe.com.br\/cri\/?s={search_term_string}"},"query-input":{"@type":"PropertyValueSpecification","valueRequired":true,"valueName":"search_term_string"}}],"inLanguage":"pt-BR"},{"@type":"Organization","@id":"https:\/\/diariodepe.com.br\/cri\/#organization","name":"CRI e Diario de Pernambuco","url":"https:\/\/diariodepe.com.br\/cri\/","logo":{"@type":"ImageObject","inLanguage":"pt-BR","@id":"https:\/\/diariodepe.com.br\/cri\/#\/schema\/logo\/image\/","url":"https:\/\/diariodepe.com.br\/cri\/wp-content\/uploads\/sites\/2\/2022\/12\/cropped-Logo.jpg","contentUrl":"https:\/\/diariodepe.com.br\/cri\/wp-content\/uploads\/sites\/2\/2022\/12\/cropped-Logo.jpg","width":700,"height":59,"caption":"CRI e Diario de Pernambuco"},"image":{"@id":"https:\/\/diariodepe.com.br\/cri\/#\/schema\/logo\/image\/"}},{"@type":"Person","@id":"https:\/\/diariodepe.com.br\/cri\/#\/schema\/person\/121bb28d84f1a5b1205ef4ce9c2e0c6b","name":"Ismael Lucas S. Pereira","image":{"@type":"ImageObject","inLanguage":"pt-BR","@id":"https:\/\/secure.gravatar.com\/avatar\/887a0f3b5a7ceea963a48499fb883ffce6b5037362def025c52c2505b15d63e4?s=96&d=mm&r=g","url":"https:\/\/secure.gravatar.com\/avatar\/887a0f3b5a7ceea963a48499fb883ffce6b5037362def025c52c2505b15d63e4?s=96&d=mm&r=g","contentUrl":"https:\/\/secure.gravatar.com\/avatar\/887a0f3b5a7ceea963a48499fb883ffce6b5037362def025c52c2505b15d63e4?s=96&d=mm&r=g","caption":"Ismael Lucas S. Pereira"},"url":"https:\/\/diariodepe.com.br\/cri\/author\/ismael-lucas\/"}]}},"cc_featured_image_caption":{"caption_text":"","source_text":"","source_url":""},"amp_enabled":true,"_links":{"self":[{"href":"https:\/\/diariodepe.com.br\/cri\/wp-json\/wp\/v2\/posts\/644","targetHints":{"allow":["GET"]}}],"collection":[{"href":"https:\/\/diariodepe.com.br\/cri\/wp-json\/wp\/v2\/posts"}],"about":[{"href":"https:\/\/diariodepe.com.br\/cri\/wp-json\/wp\/v2\/types\/post"}],"author":[{"embeddable":true,"href":"https:\/\/diariodepe.com.br\/cri\/wp-json\/wp\/v2\/users\/2"}],"replies":[{"embeddable":true,"href":"https:\/\/diariodepe.com.br\/cri\/wp-json\/wp\/v2\/comments?post=644"}],"version-history":[{"count":1,"href":"https:\/\/diariodepe.com.br\/cri\/wp-json\/wp\/v2\/posts\/644\/revisions"}],"predecessor-version":[{"id":646,"href":"https:\/\/diariodepe.com.br\/cri\/wp-json\/wp\/v2\/posts\/644\/revisions\/646"}],"wp:featuredmedia":[{"embeddable":true,"href":"https:\/\/diariodepe.com.br\/cri\/wp-json\/wp\/v2\/media\/645"}],"wp:attachment":[{"href":"https:\/\/diariodepe.com.br\/cri\/wp-json\/wp\/v2\/media?parent=644"}],"wp:term":[{"taxonomy":"category","embeddable":true,"href":"https:\/\/diariodepe.com.br\/cri\/wp-json\/wp\/v2\/categories?post=644"},{"taxonomy":"post_tag","embeddable":true,"href":"https:\/\/diariodepe.com.br\/cri\/wp-json\/wp\/v2\/tags?post=644"}],"curies":[{"name":"wp","href":"https:\/\/api.w.org\/{rel}","templated":true}]}}