{"id":6379,"date":"2024-10-11T03:49:26","date_gmt":"2024-10-11T06:49:26","guid":{"rendered":"https:\/\/diariodepe.com.br\/cri\/?p=6379"},"modified":"2024-10-11T03:49:26","modified_gmt":"2024-10-11T06:49:26","slug":"escrito-no-ceu-minha-historia-da-china-comemora-em-berlim-75-anos-de-fundacao-da-china","status":"publish","type":"post","link":"https:\/\/diariodepe.com.br\/cri\/2024\/10\/11\/escrito-no-ceu-minha-historia-da-china-comemora-em-berlim-75-anos-de-fundacao-da-china\/","title":{"rendered":"&#8220;Escrito no C\u00e9u: Minha Hist\u00f3ria da China&#8221; comemora em Berlim 75 anos de funda\u00e7\u00e3o da China"},"content":{"rendered":"<p class=\"photo_img_20190808\"><img decoding=\"async\" src=\"https:\/\/p1crires.cri.cn\/photoworkspace\/cri\/contentimg\/2024\/09\/15\/2024091520195298443.jpg\" alt=\"\" width=\"1000\" \/><\/p>\n<p>O evento especial &#8220;Escrito no C\u00e9u: Minha Hist\u00f3ria da China&#8221; comemorou nesse s\u00e1bado (14) com sucesso, em Berlim, capital da Alemanha, o 75\u00ba anivers\u00e1rio da funda\u00e7\u00e3o da Rep\u00fablica Popular da China. A iniciativa foi co-organizada pelo Grupo de M\u00eddia da China (CMG, na sigla em ingl\u00eas), a Embaixada da China na Alemanha e o Centro de Interc\u00e2mbio e Coopera\u00e7\u00e3o de L\u00edngua Chinesa-Estrangeira do Minist\u00e9rio da Educa\u00e7\u00e3o da China.<\/p>\n<p class=\"photo_img_20190808\"><img decoding=\"async\" src=\"https:\/\/p1crires.cri.cn\/photoworkspace\/cri\/contentimg\/2024\/09\/15\/2024091520203782460.jpg\" alt=\"\" width=\"1000\" \/><\/p>\n<p>O vice-diretor do Departamento de Comunica\u00e7\u00e3o do Comit\u00ea Central do Partido Comunista da China (PCCh) e presidente do CMG, Shen Haixiong, disse, em discurso em v\u00eddeo, que o pa\u00eds pretende fortalecer os interc\u00e2mbios internacionais entre pessoas, promover o di\u00e1logo entre as civiliza\u00e7\u00f5es globais e aumentar o entendimento m\u00fatuo.<\/p>\n<p>&#8220;Vamos retratar o romantismo da cultura chinesa, registrar o legado cont\u00ednuo da civiliza\u00e7\u00e3o humana e trabalhar em conjunto para construir a comunidade com futuro compartilhado para a humanidade&#8221;, acrescentou Shen Haixiong.<\/p>\n<p data-spm-anchor-id=\"0.0.0.i1\">O embaixador chin\u00eas na Alemanha, Deng Hongbo, enfatizou que \u201cestamos em uma era de desafios, e o mundo precisa fortalecer a comunica\u00e7\u00e3o e a coopera\u00e7\u00e3o mais do que nunca\u201d. Deng Hongbo espera que mais jovens alem\u00e3es aprendam chin\u00eas, despertem mais interesse pela cultura chinesa, visitem a China e se tornem embaixadores amistosos dos interc\u00e2mbios sino-alem\u00e3es.<\/p>\n","protected":false},"excerpt":{"rendered":"<p>O evento especial &#8220;Escrito no C\u00e9u: Minha Hist\u00f3ria da China&#8221; comemorou nesse s\u00e1bado (14) com sucesso, em Berlim, capital da Alemanha, o 75\u00ba anivers\u00e1rio da funda\u00e7\u00e3o da Rep\u00fablica Popular da China. A iniciativa foi co-organizada pelo Grupo de M\u00eddia da&#8230;<\/p>\n","protected":false},"author":2,"featured_media":0,"comment_status":"open","ping_status":"open","sticky":false,"template":"","format":"standard","meta":{"footnotes":""},"categories":[8],"tags":[],"class_list":["post-6379","post","type-post","status-publish","format-standard","hentry","category-internacional"],"yoast_head":"<!-- This site is optimized with the Yoast SEO plugin v27.4 - https:\/\/yoast.com\/product\/yoast-seo-wordpress\/ -->\n<title>&quot;Escrito no C\u00e9u: Minha Hist\u00f3ria da China&quot; comemora em Berlim 75 anos de funda\u00e7\u00e3o da China - CRI e Diario de Pernambuco<\/title>\n<meta name=\"robots\" content=\"index, follow, max-snippet:-1, max-image-preview:large, max-video-preview:-1\" \/>\n<link rel=\"canonical\" href=\"https:\/\/diariodepe.com.br\/cri\/2024\/10\/11\/escrito-no-ceu-minha-historia-da-china-comemora-em-berlim-75-anos-de-fundacao-da-china\/\" \/>\n<meta property=\"og:locale\" content=\"pt_BR\" \/>\n<meta property=\"og:type\" content=\"article\" \/>\n<meta property=\"og:title\" content=\"&quot;Escrito no C\u00e9u: Minha Hist\u00f3ria da China&quot; comemora em Berlim 75 anos de funda\u00e7\u00e3o da China - CRI e Diario de Pernambuco\" \/>\n<meta property=\"og:description\" content=\"O evento especial &#8220;Escrito no C\u00e9u: Minha Hist\u00f3ria da China&#8221; comemorou nesse s\u00e1bado (14) com sucesso, em Berlim, capital da Alemanha, o 75\u00ba anivers\u00e1rio da funda\u00e7\u00e3o da Rep\u00fablica Popular da China. A iniciativa foi co-organizada pelo Grupo de M\u00eddia da...\" \/>\n<meta property=\"og:url\" content=\"https:\/\/diariodepe.com.br\/cri\/2024\/10\/11\/escrito-no-ceu-minha-historia-da-china-comemora-em-berlim-75-anos-de-fundacao-da-china\/\" \/>\n<meta property=\"og:site_name\" content=\"CRI e Diario de Pernambuco\" \/>\n<meta property=\"article:published_time\" content=\"2024-10-11T06:49:26+00:00\" \/>\n<meta property=\"og:image\" content=\"https:\/\/p1crires.cri.cn\/photoworkspace\/cri\/contentimg\/2024\/09\/15\/2024091520195298443.jpg\" \/>\n<meta name=\"author\" content=\"Ismael Lucas S. Pereira\" \/>\n<meta name=\"twitter:card\" content=\"summary_large_image\" \/>\n<meta name=\"twitter:label1\" content=\"Escrito por\" \/>\n\t<meta name=\"twitter:data1\" content=\"Ismael Lucas S. Pereira\" \/>\n\t<meta name=\"twitter:label2\" content=\"Est. tempo de leitura\" \/>\n\t<meta name=\"twitter:data2\" content=\"2 minutos\" \/>\n<script type=\"application\/ld+json\" class=\"yoast-schema-graph\">{\"@context\":\"https:\\\/\\\/schema.org\",\"@graph\":[{\"@type\":\"Article\",\"@id\":\"https:\\\/\\\/diariodepe.com.br\\\/cri\\\/2024\\\/10\\\/11\\\/escrito-no-ceu-minha-historia-da-china-comemora-em-berlim-75-anos-de-fundacao-da-china\\\/#article\",\"isPartOf\":{\"@id\":\"https:\\\/\\\/diariodepe.com.br\\\/cri\\\/2024\\\/10\\\/11\\\/escrito-no-ceu-minha-historia-da-china-comemora-em-berlim-75-anos-de-fundacao-da-china\\\/\"},\"author\":{\"name\":\"Ismael Lucas S. Pereira\",\"@id\":\"https:\\\/\\\/diariodepe.com.br\\\/cri\\\/#\\\/schema\\\/person\\\/121bb28d84f1a5b1205ef4ce9c2e0c6b\"},\"headline\":\"&#8220;Escrito no C\u00e9u: Minha Hist\u00f3ria da China&#8221; comemora em Berlim 75 anos de funda\u00e7\u00e3o da China\",\"datePublished\":\"2024-10-11T06:49:26+00:00\",\"mainEntityOfPage\":{\"@id\":\"https:\\\/\\\/diariodepe.com.br\\\/cri\\\/2024\\\/10\\\/11\\\/escrito-no-ceu-minha-historia-da-china-comemora-em-berlim-75-anos-de-fundacao-da-china\\\/\"},\"wordCount\":247,\"commentCount\":0,\"publisher\":{\"@id\":\"https:\\\/\\\/diariodepe.com.br\\\/cri\\\/#organization\"},\"image\":{\"@id\":\"https:\\\/\\\/diariodepe.com.br\\\/cri\\\/2024\\\/10\\\/11\\\/escrito-no-ceu-minha-historia-da-china-comemora-em-berlim-75-anos-de-fundacao-da-china\\\/#primaryimage\"},\"thumbnailUrl\":\"https:\\\/\\\/p1crires.cri.cn\\\/photoworkspace\\\/cri\\\/contentimg\\\/2024\\\/09\\\/15\\\/2024091520195298443.jpg\",\"articleSection\":[\"Internacional\"],\"inLanguage\":\"pt-BR\",\"potentialAction\":[{\"@type\":\"CommentAction\",\"name\":\"Comment\",\"target\":[\"https:\\\/\\\/diariodepe.com.br\\\/cri\\\/2024\\\/10\\\/11\\\/escrito-no-ceu-minha-historia-da-china-comemora-em-berlim-75-anos-de-fundacao-da-china\\\/#respond\"]}]},{\"@type\":\"WebPage\",\"@id\":\"https:\\\/\\\/diariodepe.com.br\\\/cri\\\/2024\\\/10\\\/11\\\/escrito-no-ceu-minha-historia-da-china-comemora-em-berlim-75-anos-de-fundacao-da-china\\\/\",\"url\":\"https:\\\/\\\/diariodepe.com.br\\\/cri\\\/2024\\\/10\\\/11\\\/escrito-no-ceu-minha-historia-da-china-comemora-em-berlim-75-anos-de-fundacao-da-china\\\/\",\"name\":\"\\\"Escrito no C\u00e9u: Minha Hist\u00f3ria da China\\\" comemora em Berlim 75 anos de funda\u00e7\u00e3o da China - CRI e Diario de Pernambuco\",\"isPartOf\":{\"@id\":\"https:\\\/\\\/diariodepe.com.br\\\/cri\\\/#website\"},\"primaryImageOfPage\":{\"@id\":\"https:\\\/\\\/diariodepe.com.br\\\/cri\\\/2024\\\/10\\\/11\\\/escrito-no-ceu-minha-historia-da-china-comemora-em-berlim-75-anos-de-fundacao-da-china\\\/#primaryimage\"},\"image\":{\"@id\":\"https:\\\/\\\/diariodepe.com.br\\\/cri\\\/2024\\\/10\\\/11\\\/escrito-no-ceu-minha-historia-da-china-comemora-em-berlim-75-anos-de-fundacao-da-china\\\/#primaryimage\"},\"thumbnailUrl\":\"https:\\\/\\\/p1crires.cri.cn\\\/photoworkspace\\\/cri\\\/contentimg\\\/2024\\\/09\\\/15\\\/2024091520195298443.jpg\",\"datePublished\":\"2024-10-11T06:49:26+00:00\",\"breadcrumb\":{\"@id\":\"https:\\\/\\\/diariodepe.com.br\\\/cri\\\/2024\\\/10\\\/11\\\/escrito-no-ceu-minha-historia-da-china-comemora-em-berlim-75-anos-de-fundacao-da-china\\\/#breadcrumb\"},\"inLanguage\":\"pt-BR\",\"potentialAction\":[{\"@type\":\"ReadAction\",\"target\":[\"https:\\\/\\\/diariodepe.com.br\\\/cri\\\/2024\\\/10\\\/11\\\/escrito-no-ceu-minha-historia-da-china-comemora-em-berlim-75-anos-de-fundacao-da-china\\\/\"]}]},{\"@type\":\"ImageObject\",\"inLanguage\":\"pt-BR\",\"@id\":\"https:\\\/\\\/diariodepe.com.br\\\/cri\\\/2024\\\/10\\\/11\\\/escrito-no-ceu-minha-historia-da-china-comemora-em-berlim-75-anos-de-fundacao-da-china\\\/#primaryimage\",\"url\":\"https:\\\/\\\/p1crires.cri.cn\\\/photoworkspace\\\/cri\\\/contentimg\\\/2024\\\/09\\\/15\\\/2024091520195298443.jpg\",\"contentUrl\":\"https:\\\/\\\/p1crires.cri.cn\\\/photoworkspace\\\/cri\\\/contentimg\\\/2024\\\/09\\\/15\\\/2024091520195298443.jpg\"},{\"@type\":\"BreadcrumbList\",\"@id\":\"https:\\\/\\\/diariodepe.com.br\\\/cri\\\/2024\\\/10\\\/11\\\/escrito-no-ceu-minha-historia-da-china-comemora-em-berlim-75-anos-de-fundacao-da-china\\\/#breadcrumb\",\"itemListElement\":[{\"@type\":\"ListItem\",\"position\":1,\"name\":\"In\u00edcio\",\"item\":\"https:\\\/\\\/diariodepe.com.br\\\/cri\\\/\"},{\"@type\":\"ListItem\",\"position\":2,\"name\":\"&#8220;Escrito no C\u00e9u: Minha Hist\u00f3ria da China&#8221; comemora em Berlim 75 anos de funda\u00e7\u00e3o da China\"}]},{\"@type\":\"WebSite\",\"@id\":\"https:\\\/\\\/diariodepe.com.br\\\/cri\\\/#website\",\"url\":\"https:\\\/\\\/diariodepe.com.br\\\/cri\\\/\",\"name\":\"CRI e Diario de Pernambuco\",\"description\":\"R\u00e1dio Internacional da China\",\"publisher\":{\"@id\":\"https:\\\/\\\/diariodepe.com.br\\\/cri\\\/#organization\"},\"potentialAction\":[{\"@type\":\"SearchAction\",\"target\":{\"@type\":\"EntryPoint\",\"urlTemplate\":\"https:\\\/\\\/diariodepe.com.br\\\/cri\\\/?s={search_term_string}\"},\"query-input\":{\"@type\":\"PropertyValueSpecification\",\"valueRequired\":true,\"valueName\":\"search_term_string\"}}],\"inLanguage\":\"pt-BR\"},{\"@type\":\"Organization\",\"@id\":\"https:\\\/\\\/diariodepe.com.br\\\/cri\\\/#organization\",\"name\":\"CRI e Diario de Pernambuco\",\"url\":\"https:\\\/\\\/diariodepe.com.br\\\/cri\\\/\",\"logo\":{\"@type\":\"ImageObject\",\"inLanguage\":\"pt-BR\",\"@id\":\"https:\\\/\\\/diariodepe.com.br\\\/cri\\\/#\\\/schema\\\/logo\\\/image\\\/\",\"url\":\"https:\\\/\\\/diariodepe.com.br\\\/cri\\\/wp-content\\\/uploads\\\/sites\\\/2\\\/2022\\\/12\\\/cropped-Logo.jpg\",\"contentUrl\":\"https:\\\/\\\/diariodepe.com.br\\\/cri\\\/wp-content\\\/uploads\\\/sites\\\/2\\\/2022\\\/12\\\/cropped-Logo.jpg\",\"width\":700,\"height\":59,\"caption\":\"CRI e Diario de Pernambuco\"},\"image\":{\"@id\":\"https:\\\/\\\/diariodepe.com.br\\\/cri\\\/#\\\/schema\\\/logo\\\/image\\\/\"}},{\"@type\":\"Person\",\"@id\":\"https:\\\/\\\/diariodepe.com.br\\\/cri\\\/#\\\/schema\\\/person\\\/121bb28d84f1a5b1205ef4ce9c2e0c6b\",\"name\":\"Ismael Lucas S. Pereira\",\"image\":{\"@type\":\"ImageObject\",\"inLanguage\":\"pt-BR\",\"@id\":\"https:\\\/\\\/secure.gravatar.com\\\/avatar\\\/887a0f3b5a7ceea963a48499fb883ffce6b5037362def025c52c2505b15d63e4?s=96&d=mm&r=g\",\"url\":\"https:\\\/\\\/secure.gravatar.com\\\/avatar\\\/887a0f3b5a7ceea963a48499fb883ffce6b5037362def025c52c2505b15d63e4?s=96&d=mm&r=g\",\"contentUrl\":\"https:\\\/\\\/secure.gravatar.com\\\/avatar\\\/887a0f3b5a7ceea963a48499fb883ffce6b5037362def025c52c2505b15d63e4?s=96&d=mm&r=g\",\"caption\":\"Ismael Lucas S. Pereira\"},\"url\":\"https:\\\/\\\/diariodepe.com.br\\\/cri\\\/author\\\/ismael-lucas\\\/\"}]}<\/script>\n<!-- \/ Yoast SEO plugin. -->","yoast_head_json":{"title":"\"Escrito no C\u00e9u: Minha Hist\u00f3ria da China\" comemora em Berlim 75 anos de funda\u00e7\u00e3o da China - CRI e Diario de Pernambuco","robots":{"index":"index","follow":"follow","max-snippet":"max-snippet:-1","max-image-preview":"max-image-preview:large","max-video-preview":"max-video-preview:-1"},"canonical":"https:\/\/diariodepe.com.br\/cri\/2024\/10\/11\/escrito-no-ceu-minha-historia-da-china-comemora-em-berlim-75-anos-de-fundacao-da-china\/","og_locale":"pt_BR","og_type":"article","og_title":"\"Escrito no C\u00e9u: Minha Hist\u00f3ria da China\" comemora em Berlim 75 anos de funda\u00e7\u00e3o da China - CRI e Diario de Pernambuco","og_description":"O evento especial &#8220;Escrito no C\u00e9u: Minha Hist\u00f3ria da China&#8221; comemorou nesse s\u00e1bado (14) com sucesso, em Berlim, capital da Alemanha, o 75\u00ba anivers\u00e1rio da funda\u00e7\u00e3o da Rep\u00fablica Popular da China. A iniciativa foi co-organizada pelo Grupo de M\u00eddia da...","og_url":"https:\/\/diariodepe.com.br\/cri\/2024\/10\/11\/escrito-no-ceu-minha-historia-da-china-comemora-em-berlim-75-anos-de-fundacao-da-china\/","og_site_name":"CRI e Diario de Pernambuco","article_published_time":"2024-10-11T06:49:26+00:00","og_image":[{"url":"https:\/\/p1crires.cri.cn\/photoworkspace\/cri\/contentimg\/2024\/09\/15\/2024091520195298443.jpg","type":"","width":"","height":""}],"author":"Ismael Lucas S. Pereira","twitter_card":"summary_large_image","twitter_misc":{"Escrito por":"Ismael Lucas S. Pereira","Est. tempo de leitura":"2 minutos"},"schema":{"@context":"https:\/\/schema.org","@graph":[{"@type":"Article","@id":"https:\/\/diariodepe.com.br\/cri\/2024\/10\/11\/escrito-no-ceu-minha-historia-da-china-comemora-em-berlim-75-anos-de-fundacao-da-china\/#article","isPartOf":{"@id":"https:\/\/diariodepe.com.br\/cri\/2024\/10\/11\/escrito-no-ceu-minha-historia-da-china-comemora-em-berlim-75-anos-de-fundacao-da-china\/"},"author":{"name":"Ismael Lucas S. Pereira","@id":"https:\/\/diariodepe.com.br\/cri\/#\/schema\/person\/121bb28d84f1a5b1205ef4ce9c2e0c6b"},"headline":"&#8220;Escrito no C\u00e9u: Minha Hist\u00f3ria da China&#8221; comemora em Berlim 75 anos de funda\u00e7\u00e3o da China","datePublished":"2024-10-11T06:49:26+00:00","mainEntityOfPage":{"@id":"https:\/\/diariodepe.com.br\/cri\/2024\/10\/11\/escrito-no-ceu-minha-historia-da-china-comemora-em-berlim-75-anos-de-fundacao-da-china\/"},"wordCount":247,"commentCount":0,"publisher":{"@id":"https:\/\/diariodepe.com.br\/cri\/#organization"},"image":{"@id":"https:\/\/diariodepe.com.br\/cri\/2024\/10\/11\/escrito-no-ceu-minha-historia-da-china-comemora-em-berlim-75-anos-de-fundacao-da-china\/#primaryimage"},"thumbnailUrl":"https:\/\/p1crires.cri.cn\/photoworkspace\/cri\/contentimg\/2024\/09\/15\/2024091520195298443.jpg","articleSection":["Internacional"],"inLanguage":"pt-BR","potentialAction":[{"@type":"CommentAction","name":"Comment","target":["https:\/\/diariodepe.com.br\/cri\/2024\/10\/11\/escrito-no-ceu-minha-historia-da-china-comemora-em-berlim-75-anos-de-fundacao-da-china\/#respond"]}]},{"@type":"WebPage","@id":"https:\/\/diariodepe.com.br\/cri\/2024\/10\/11\/escrito-no-ceu-minha-historia-da-china-comemora-em-berlim-75-anos-de-fundacao-da-china\/","url":"https:\/\/diariodepe.com.br\/cri\/2024\/10\/11\/escrito-no-ceu-minha-historia-da-china-comemora-em-berlim-75-anos-de-fundacao-da-china\/","name":"\"Escrito no C\u00e9u: Minha Hist\u00f3ria da China\" comemora em Berlim 75 anos de funda\u00e7\u00e3o da China - CRI e Diario de Pernambuco","isPartOf":{"@id":"https:\/\/diariodepe.com.br\/cri\/#website"},"primaryImageOfPage":{"@id":"https:\/\/diariodepe.com.br\/cri\/2024\/10\/11\/escrito-no-ceu-minha-historia-da-china-comemora-em-berlim-75-anos-de-fundacao-da-china\/#primaryimage"},"image":{"@id":"https:\/\/diariodepe.com.br\/cri\/2024\/10\/11\/escrito-no-ceu-minha-historia-da-china-comemora-em-berlim-75-anos-de-fundacao-da-china\/#primaryimage"},"thumbnailUrl":"https:\/\/p1crires.cri.cn\/photoworkspace\/cri\/contentimg\/2024\/09\/15\/2024091520195298443.jpg","datePublished":"2024-10-11T06:49:26+00:00","breadcrumb":{"@id":"https:\/\/diariodepe.com.br\/cri\/2024\/10\/11\/escrito-no-ceu-minha-historia-da-china-comemora-em-berlim-75-anos-de-fundacao-da-china\/#breadcrumb"},"inLanguage":"pt-BR","potentialAction":[{"@type":"ReadAction","target":["https:\/\/diariodepe.com.br\/cri\/2024\/10\/11\/escrito-no-ceu-minha-historia-da-china-comemora-em-berlim-75-anos-de-fundacao-da-china\/"]}]},{"@type":"ImageObject","inLanguage":"pt-BR","@id":"https:\/\/diariodepe.com.br\/cri\/2024\/10\/11\/escrito-no-ceu-minha-historia-da-china-comemora-em-berlim-75-anos-de-fundacao-da-china\/#primaryimage","url":"https:\/\/p1crires.cri.cn\/photoworkspace\/cri\/contentimg\/2024\/09\/15\/2024091520195298443.jpg","contentUrl":"https:\/\/p1crires.cri.cn\/photoworkspace\/cri\/contentimg\/2024\/09\/15\/2024091520195298443.jpg"},{"@type":"BreadcrumbList","@id":"https:\/\/diariodepe.com.br\/cri\/2024\/10\/11\/escrito-no-ceu-minha-historia-da-china-comemora-em-berlim-75-anos-de-fundacao-da-china\/#breadcrumb","itemListElement":[{"@type":"ListItem","position":1,"name":"In\u00edcio","item":"https:\/\/diariodepe.com.br\/cri\/"},{"@type":"ListItem","position":2,"name":"&#8220;Escrito no C\u00e9u: Minha Hist\u00f3ria da China&#8221; comemora em Berlim 75 anos de funda\u00e7\u00e3o da China"}]},{"@type":"WebSite","@id":"https:\/\/diariodepe.com.br\/cri\/#website","url":"https:\/\/diariodepe.com.br\/cri\/","name":"CRI e Diario de Pernambuco","description":"R\u00e1dio Internacional da China","publisher":{"@id":"https:\/\/diariodepe.com.br\/cri\/#organization"},"potentialAction":[{"@type":"SearchAction","target":{"@type":"EntryPoint","urlTemplate":"https:\/\/diariodepe.com.br\/cri\/?s={search_term_string}"},"query-input":{"@type":"PropertyValueSpecification","valueRequired":true,"valueName":"search_term_string"}}],"inLanguage":"pt-BR"},{"@type":"Organization","@id":"https:\/\/diariodepe.com.br\/cri\/#organization","name":"CRI e Diario de Pernambuco","url":"https:\/\/diariodepe.com.br\/cri\/","logo":{"@type":"ImageObject","inLanguage":"pt-BR","@id":"https:\/\/diariodepe.com.br\/cri\/#\/schema\/logo\/image\/","url":"https:\/\/diariodepe.com.br\/cri\/wp-content\/uploads\/sites\/2\/2022\/12\/cropped-Logo.jpg","contentUrl":"https:\/\/diariodepe.com.br\/cri\/wp-content\/uploads\/sites\/2\/2022\/12\/cropped-Logo.jpg","width":700,"height":59,"caption":"CRI e Diario de Pernambuco"},"image":{"@id":"https:\/\/diariodepe.com.br\/cri\/#\/schema\/logo\/image\/"}},{"@type":"Person","@id":"https:\/\/diariodepe.com.br\/cri\/#\/schema\/person\/121bb28d84f1a5b1205ef4ce9c2e0c6b","name":"Ismael Lucas S. Pereira","image":{"@type":"ImageObject","inLanguage":"pt-BR","@id":"https:\/\/secure.gravatar.com\/avatar\/887a0f3b5a7ceea963a48499fb883ffce6b5037362def025c52c2505b15d63e4?s=96&d=mm&r=g","url":"https:\/\/secure.gravatar.com\/avatar\/887a0f3b5a7ceea963a48499fb883ffce6b5037362def025c52c2505b15d63e4?s=96&d=mm&r=g","contentUrl":"https:\/\/secure.gravatar.com\/avatar\/887a0f3b5a7ceea963a48499fb883ffce6b5037362def025c52c2505b15d63e4?s=96&d=mm&r=g","caption":"Ismael Lucas S. Pereira"},"url":"https:\/\/diariodepe.com.br\/cri\/author\/ismael-lucas\/"}]}},"cc_featured_image_caption":{"caption_text":false,"source_text":false,"source_url":false},"amp_enabled":true,"_links":{"self":[{"href":"https:\/\/diariodepe.com.br\/cri\/wp-json\/wp\/v2\/posts\/6379","targetHints":{"allow":["GET"]}}],"collection":[{"href":"https:\/\/diariodepe.com.br\/cri\/wp-json\/wp\/v2\/posts"}],"about":[{"href":"https:\/\/diariodepe.com.br\/cri\/wp-json\/wp\/v2\/types\/post"}],"author":[{"embeddable":true,"href":"https:\/\/diariodepe.com.br\/cri\/wp-json\/wp\/v2\/users\/2"}],"replies":[{"embeddable":true,"href":"https:\/\/diariodepe.com.br\/cri\/wp-json\/wp\/v2\/comments?post=6379"}],"version-history":[{"count":1,"href":"https:\/\/diariodepe.com.br\/cri\/wp-json\/wp\/v2\/posts\/6379\/revisions"}],"predecessor-version":[{"id":6380,"href":"https:\/\/diariodepe.com.br\/cri\/wp-json\/wp\/v2\/posts\/6379\/revisions\/6380"}],"wp:attachment":[{"href":"https:\/\/diariodepe.com.br\/cri\/wp-json\/wp\/v2\/media?parent=6379"}],"wp:term":[{"taxonomy":"category","embeddable":true,"href":"https:\/\/diariodepe.com.br\/cri\/wp-json\/wp\/v2\/categories?post=6379"},{"taxonomy":"post_tag","embeddable":true,"href":"https:\/\/diariodepe.com.br\/cri\/wp-json\/wp\/v2\/tags?post=6379"}],"curies":[{"name":"wp","href":"https:\/\/api.w.org\/{rel}","templated":true}]}}