{"id":6366,"date":"2024-07-30T23:24:41","date_gmt":"2024-07-31T02:24:41","guid":{"rendered":"https:\/\/diariodepe.com.br\/cri\/?p=6366"},"modified":"2024-10-08T23:26:03","modified_gmt":"2024-10-09T02:26:03","slug":"ex-assessor-na-secretaria-de-estado-de-timor-leste-elogia-propostas-chinesas-para-desafios-comuns-do-mundo","status":"publish","type":"post","link":"https:\/\/diariodepe.com.br\/cri\/2024\/07\/30\/ex-assessor-na-secretaria-de-estado-de-timor-leste-elogia-propostas-chinesas-para-desafios-comuns-do-mundo\/","title":{"rendered":"Ex-assessor na Secretaria de Estado de Timor-Leste elogia propostas chinesas para desafios comuns do mundo"},"content":{"rendered":"<p>O ex-assessor na Secretaria de Estado de Timor-Leste e atual secret\u00e1rio-geral adjunto do Secretariado Permanente do F\u00f3rum para a Coopera\u00e7\u00e3o Econ\u00f4mica e Comercial entre a China e os Pa\u00edses de L\u00edngua Portuguesa (F\u00f3rum de Macau), Danilo Afonso Henriques, concedeu uma entrevista exclusiva ao Grupo de M\u00eddia da China (CMG, na sigla em ingl\u00eas), em meio \u00e0 visita de Estado do presidente de Timor-Leste, Jos\u00e9 Ramos-Horta, \u00e0 China.<\/p>\n<p><iframe title=\"Ex-assessor na Secretaria de Estado de Timor-Leste elogia propostas chinesas para desafios comuns\" width=\"640\" height=\"360\" src=\"https:\/\/www.youtube.com\/embed\/trFbTlm-Z74?feature=oembed\" frameborder=\"0\" allow=\"accelerometer; autoplay; clipboard-write; encrypted-media; gyroscope; picture-in-picture; web-share\" referrerpolicy=\"strict-origin-when-cross-origin\" allowfullscreen><\/iframe><\/p>\n","protected":false},"excerpt":{"rendered":"<p>O ex-assessor na Secretaria de Estado de Timor-Leste e atual secret\u00e1rio-geral adjunto do Secretariado Permanente do F\u00f3rum para a Coopera\u00e7\u00e3o Econ\u00f4mica e Comercial entre a China e os Pa\u00edses de L\u00edngua Portuguesa (F\u00f3rum de Macau), Danilo Afonso Henriques, concedeu uma&#8230;<\/p>\n","protected":false},"author":2,"featured_media":0,"comment_status":"open","ping_status":"open","sticky":false,"template":"","format":"standard","meta":{"footnotes":""},"categories":[11],"tags":[],"class_list":["post-6366","post","type-post","status-publish","format-standard","hentry","category-videos"],"yoast_head":"<!-- This site is optimized with the Yoast SEO plugin v27.4 - https:\/\/yoast.com\/product\/yoast-seo-wordpress\/ -->\n<title>Ex-assessor na Secretaria de Estado de Timor-Leste elogia propostas chinesas para desafios comuns do mundo - CRI e Diario de Pernambuco<\/title>\n<meta name=\"robots\" content=\"index, follow, max-snippet:-1, max-image-preview:large, max-video-preview:-1\" \/>\n<link rel=\"canonical\" href=\"https:\/\/diariodepe.com.br\/cri\/2024\/07\/30\/ex-assessor-na-secretaria-de-estado-de-timor-leste-elogia-propostas-chinesas-para-desafios-comuns-do-mundo\/\" \/>\n<meta property=\"og:locale\" content=\"pt_BR\" \/>\n<meta property=\"og:type\" content=\"article\" \/>\n<meta property=\"og:title\" content=\"Ex-assessor na Secretaria de Estado de Timor-Leste elogia propostas chinesas para desafios comuns do mundo - CRI e Diario de Pernambuco\" \/>\n<meta property=\"og:description\" content=\"O ex-assessor na Secretaria de Estado de Timor-Leste e atual secret\u00e1rio-geral adjunto do Secretariado Permanente do F\u00f3rum para a Coopera\u00e7\u00e3o Econ\u00f4mica e Comercial entre a China e os Pa\u00edses de L\u00edngua Portuguesa (F\u00f3rum de Macau), Danilo Afonso Henriques, concedeu uma...\" \/>\n<meta property=\"og:url\" content=\"https:\/\/diariodepe.com.br\/cri\/2024\/07\/30\/ex-assessor-na-secretaria-de-estado-de-timor-leste-elogia-propostas-chinesas-para-desafios-comuns-do-mundo\/\" \/>\n<meta property=\"og:site_name\" content=\"CRI e Diario de Pernambuco\" \/>\n<meta property=\"article:published_time\" content=\"2024-07-31T02:24:41+00:00\" \/>\n<meta property=\"article:modified_time\" content=\"2024-10-09T02:26:03+00:00\" \/>\n<meta name=\"author\" content=\"Ismael Lucas S. Pereira\" \/>\n<meta name=\"twitter:card\" content=\"summary_large_image\" \/>\n<meta name=\"twitter:label1\" content=\"Escrito por\" \/>\n\t<meta name=\"twitter:data1\" content=\"Ismael Lucas S. Pereira\" \/>\n\t<meta name=\"twitter:label2\" content=\"Est. tempo de leitura\" \/>\n\t<meta name=\"twitter:data2\" content=\"1 minuto\" \/>\n<script type=\"application\/ld+json\" class=\"yoast-schema-graph\">{\"@context\":\"https:\\\/\\\/schema.org\",\"@graph\":[{\"@type\":\"Article\",\"@id\":\"https:\\\/\\\/diariodepe.com.br\\\/cri\\\/2024\\\/07\\\/30\\\/ex-assessor-na-secretaria-de-estado-de-timor-leste-elogia-propostas-chinesas-para-desafios-comuns-do-mundo\\\/#article\",\"isPartOf\":{\"@id\":\"https:\\\/\\\/diariodepe.com.br\\\/cri\\\/2024\\\/07\\\/30\\\/ex-assessor-na-secretaria-de-estado-de-timor-leste-elogia-propostas-chinesas-para-desafios-comuns-do-mundo\\\/\"},\"author\":{\"name\":\"Ismael Lucas S. Pereira\",\"@id\":\"https:\\\/\\\/diariodepe.com.br\\\/cri\\\/#\\\/schema\\\/person\\\/121bb28d84f1a5b1205ef4ce9c2e0c6b\"},\"headline\":\"Ex-assessor na Secretaria de Estado de Timor-Leste elogia propostas chinesas para desafios comuns do mundo\",\"datePublished\":\"2024-07-31T02:24:41+00:00\",\"dateModified\":\"2024-10-09T02:26:03+00:00\",\"mainEntityOfPage\":{\"@id\":\"https:\\\/\\\/diariodepe.com.br\\\/cri\\\/2024\\\/07\\\/30\\\/ex-assessor-na-secretaria-de-estado-de-timor-leste-elogia-propostas-chinesas-para-desafios-comuns-do-mundo\\\/\"},\"wordCount\":98,\"commentCount\":0,\"publisher\":{\"@id\":\"https:\\\/\\\/diariodepe.com.br\\\/cri\\\/#organization\"},\"articleSection\":[\"V\u00eddeos\"],\"inLanguage\":\"pt-BR\",\"potentialAction\":[{\"@type\":\"CommentAction\",\"name\":\"Comment\",\"target\":[\"https:\\\/\\\/diariodepe.com.br\\\/cri\\\/2024\\\/07\\\/30\\\/ex-assessor-na-secretaria-de-estado-de-timor-leste-elogia-propostas-chinesas-para-desafios-comuns-do-mundo\\\/#respond\"]}]},{\"@type\":\"WebPage\",\"@id\":\"https:\\\/\\\/diariodepe.com.br\\\/cri\\\/2024\\\/07\\\/30\\\/ex-assessor-na-secretaria-de-estado-de-timor-leste-elogia-propostas-chinesas-para-desafios-comuns-do-mundo\\\/\",\"url\":\"https:\\\/\\\/diariodepe.com.br\\\/cri\\\/2024\\\/07\\\/30\\\/ex-assessor-na-secretaria-de-estado-de-timor-leste-elogia-propostas-chinesas-para-desafios-comuns-do-mundo\\\/\",\"name\":\"Ex-assessor na Secretaria de Estado de Timor-Leste elogia propostas chinesas para desafios comuns do mundo - CRI e Diario de Pernambuco\",\"isPartOf\":{\"@id\":\"https:\\\/\\\/diariodepe.com.br\\\/cri\\\/#website\"},\"datePublished\":\"2024-07-31T02:24:41+00:00\",\"dateModified\":\"2024-10-09T02:26:03+00:00\",\"breadcrumb\":{\"@id\":\"https:\\\/\\\/diariodepe.com.br\\\/cri\\\/2024\\\/07\\\/30\\\/ex-assessor-na-secretaria-de-estado-de-timor-leste-elogia-propostas-chinesas-para-desafios-comuns-do-mundo\\\/#breadcrumb\"},\"inLanguage\":\"pt-BR\",\"potentialAction\":[{\"@type\":\"ReadAction\",\"target\":[\"https:\\\/\\\/diariodepe.com.br\\\/cri\\\/2024\\\/07\\\/30\\\/ex-assessor-na-secretaria-de-estado-de-timor-leste-elogia-propostas-chinesas-para-desafios-comuns-do-mundo\\\/\"]}]},{\"@type\":\"BreadcrumbList\",\"@id\":\"https:\\\/\\\/diariodepe.com.br\\\/cri\\\/2024\\\/07\\\/30\\\/ex-assessor-na-secretaria-de-estado-de-timor-leste-elogia-propostas-chinesas-para-desafios-comuns-do-mundo\\\/#breadcrumb\",\"itemListElement\":[{\"@type\":\"ListItem\",\"position\":1,\"name\":\"In\u00edcio\",\"item\":\"https:\\\/\\\/diariodepe.com.br\\\/cri\\\/\"},{\"@type\":\"ListItem\",\"position\":2,\"name\":\"Ex-assessor na Secretaria de Estado de Timor-Leste elogia propostas chinesas para desafios comuns do mundo\"}]},{\"@type\":\"WebSite\",\"@id\":\"https:\\\/\\\/diariodepe.com.br\\\/cri\\\/#website\",\"url\":\"https:\\\/\\\/diariodepe.com.br\\\/cri\\\/\",\"name\":\"CRI e Diario de Pernambuco\",\"description\":\"R\u00e1dio Internacional da China\",\"publisher\":{\"@id\":\"https:\\\/\\\/diariodepe.com.br\\\/cri\\\/#organization\"},\"potentialAction\":[{\"@type\":\"SearchAction\",\"target\":{\"@type\":\"EntryPoint\",\"urlTemplate\":\"https:\\\/\\\/diariodepe.com.br\\\/cri\\\/?s={search_term_string}\"},\"query-input\":{\"@type\":\"PropertyValueSpecification\",\"valueRequired\":true,\"valueName\":\"search_term_string\"}}],\"inLanguage\":\"pt-BR\"},{\"@type\":\"Organization\",\"@id\":\"https:\\\/\\\/diariodepe.com.br\\\/cri\\\/#organization\",\"name\":\"CRI e Diario de Pernambuco\",\"url\":\"https:\\\/\\\/diariodepe.com.br\\\/cri\\\/\",\"logo\":{\"@type\":\"ImageObject\",\"inLanguage\":\"pt-BR\",\"@id\":\"https:\\\/\\\/diariodepe.com.br\\\/cri\\\/#\\\/schema\\\/logo\\\/image\\\/\",\"url\":\"https:\\\/\\\/diariodepe.com.br\\\/cri\\\/wp-content\\\/uploads\\\/sites\\\/2\\\/2022\\\/12\\\/cropped-Logo.jpg\",\"contentUrl\":\"https:\\\/\\\/diariodepe.com.br\\\/cri\\\/wp-content\\\/uploads\\\/sites\\\/2\\\/2022\\\/12\\\/cropped-Logo.jpg\",\"width\":700,\"height\":59,\"caption\":\"CRI e Diario de Pernambuco\"},\"image\":{\"@id\":\"https:\\\/\\\/diariodepe.com.br\\\/cri\\\/#\\\/schema\\\/logo\\\/image\\\/\"}},{\"@type\":\"Person\",\"@id\":\"https:\\\/\\\/diariodepe.com.br\\\/cri\\\/#\\\/schema\\\/person\\\/121bb28d84f1a5b1205ef4ce9c2e0c6b\",\"name\":\"Ismael Lucas S. Pereira\",\"image\":{\"@type\":\"ImageObject\",\"inLanguage\":\"pt-BR\",\"@id\":\"https:\\\/\\\/secure.gravatar.com\\\/avatar\\\/887a0f3b5a7ceea963a48499fb883ffce6b5037362def025c52c2505b15d63e4?s=96&d=mm&r=g\",\"url\":\"https:\\\/\\\/secure.gravatar.com\\\/avatar\\\/887a0f3b5a7ceea963a48499fb883ffce6b5037362def025c52c2505b15d63e4?s=96&d=mm&r=g\",\"contentUrl\":\"https:\\\/\\\/secure.gravatar.com\\\/avatar\\\/887a0f3b5a7ceea963a48499fb883ffce6b5037362def025c52c2505b15d63e4?s=96&d=mm&r=g\",\"caption\":\"Ismael Lucas S. Pereira\"},\"url\":\"https:\\\/\\\/diariodepe.com.br\\\/cri\\\/author\\\/ismael-lucas\\\/\"}]}<\/script>\n<!-- \/ Yoast SEO plugin. -->","yoast_head_json":{"title":"Ex-assessor na Secretaria de Estado de Timor-Leste elogia propostas chinesas para desafios comuns do mundo - CRI e Diario de Pernambuco","robots":{"index":"index","follow":"follow","max-snippet":"max-snippet:-1","max-image-preview":"max-image-preview:large","max-video-preview":"max-video-preview:-1"},"canonical":"https:\/\/diariodepe.com.br\/cri\/2024\/07\/30\/ex-assessor-na-secretaria-de-estado-de-timor-leste-elogia-propostas-chinesas-para-desafios-comuns-do-mundo\/","og_locale":"pt_BR","og_type":"article","og_title":"Ex-assessor na Secretaria de Estado de Timor-Leste elogia propostas chinesas para desafios comuns do mundo - CRI e Diario de Pernambuco","og_description":"O ex-assessor na Secretaria de Estado de Timor-Leste e atual secret\u00e1rio-geral adjunto do Secretariado Permanente do F\u00f3rum para a Coopera\u00e7\u00e3o Econ\u00f4mica e Comercial entre a China e os Pa\u00edses de L\u00edngua Portuguesa (F\u00f3rum de Macau), Danilo Afonso Henriques, concedeu uma...","og_url":"https:\/\/diariodepe.com.br\/cri\/2024\/07\/30\/ex-assessor-na-secretaria-de-estado-de-timor-leste-elogia-propostas-chinesas-para-desafios-comuns-do-mundo\/","og_site_name":"CRI e Diario de Pernambuco","article_published_time":"2024-07-31T02:24:41+00:00","article_modified_time":"2024-10-09T02:26:03+00:00","author":"Ismael Lucas S. Pereira","twitter_card":"summary_large_image","twitter_misc":{"Escrito por":"Ismael Lucas S. Pereira","Est. tempo de leitura":"1 minuto"},"schema":{"@context":"https:\/\/schema.org","@graph":[{"@type":"Article","@id":"https:\/\/diariodepe.com.br\/cri\/2024\/07\/30\/ex-assessor-na-secretaria-de-estado-de-timor-leste-elogia-propostas-chinesas-para-desafios-comuns-do-mundo\/#article","isPartOf":{"@id":"https:\/\/diariodepe.com.br\/cri\/2024\/07\/30\/ex-assessor-na-secretaria-de-estado-de-timor-leste-elogia-propostas-chinesas-para-desafios-comuns-do-mundo\/"},"author":{"name":"Ismael Lucas S. Pereira","@id":"https:\/\/diariodepe.com.br\/cri\/#\/schema\/person\/121bb28d84f1a5b1205ef4ce9c2e0c6b"},"headline":"Ex-assessor na Secretaria de Estado de Timor-Leste elogia propostas chinesas para desafios comuns do mundo","datePublished":"2024-07-31T02:24:41+00:00","dateModified":"2024-10-09T02:26:03+00:00","mainEntityOfPage":{"@id":"https:\/\/diariodepe.com.br\/cri\/2024\/07\/30\/ex-assessor-na-secretaria-de-estado-de-timor-leste-elogia-propostas-chinesas-para-desafios-comuns-do-mundo\/"},"wordCount":98,"commentCount":0,"publisher":{"@id":"https:\/\/diariodepe.com.br\/cri\/#organization"},"articleSection":["V\u00eddeos"],"inLanguage":"pt-BR","potentialAction":[{"@type":"CommentAction","name":"Comment","target":["https:\/\/diariodepe.com.br\/cri\/2024\/07\/30\/ex-assessor-na-secretaria-de-estado-de-timor-leste-elogia-propostas-chinesas-para-desafios-comuns-do-mundo\/#respond"]}]},{"@type":"WebPage","@id":"https:\/\/diariodepe.com.br\/cri\/2024\/07\/30\/ex-assessor-na-secretaria-de-estado-de-timor-leste-elogia-propostas-chinesas-para-desafios-comuns-do-mundo\/","url":"https:\/\/diariodepe.com.br\/cri\/2024\/07\/30\/ex-assessor-na-secretaria-de-estado-de-timor-leste-elogia-propostas-chinesas-para-desafios-comuns-do-mundo\/","name":"Ex-assessor na Secretaria de Estado de Timor-Leste elogia propostas chinesas para desafios comuns do mundo - CRI e Diario de Pernambuco","isPartOf":{"@id":"https:\/\/diariodepe.com.br\/cri\/#website"},"datePublished":"2024-07-31T02:24:41+00:00","dateModified":"2024-10-09T02:26:03+00:00","breadcrumb":{"@id":"https:\/\/diariodepe.com.br\/cri\/2024\/07\/30\/ex-assessor-na-secretaria-de-estado-de-timor-leste-elogia-propostas-chinesas-para-desafios-comuns-do-mundo\/#breadcrumb"},"inLanguage":"pt-BR","potentialAction":[{"@type":"ReadAction","target":["https:\/\/diariodepe.com.br\/cri\/2024\/07\/30\/ex-assessor-na-secretaria-de-estado-de-timor-leste-elogia-propostas-chinesas-para-desafios-comuns-do-mundo\/"]}]},{"@type":"BreadcrumbList","@id":"https:\/\/diariodepe.com.br\/cri\/2024\/07\/30\/ex-assessor-na-secretaria-de-estado-de-timor-leste-elogia-propostas-chinesas-para-desafios-comuns-do-mundo\/#breadcrumb","itemListElement":[{"@type":"ListItem","position":1,"name":"In\u00edcio","item":"https:\/\/diariodepe.com.br\/cri\/"},{"@type":"ListItem","position":2,"name":"Ex-assessor na Secretaria de Estado de Timor-Leste elogia propostas chinesas para desafios comuns do mundo"}]},{"@type":"WebSite","@id":"https:\/\/diariodepe.com.br\/cri\/#website","url":"https:\/\/diariodepe.com.br\/cri\/","name":"CRI e Diario de Pernambuco","description":"R\u00e1dio Internacional da China","publisher":{"@id":"https:\/\/diariodepe.com.br\/cri\/#organization"},"potentialAction":[{"@type":"SearchAction","target":{"@type":"EntryPoint","urlTemplate":"https:\/\/diariodepe.com.br\/cri\/?s={search_term_string}"},"query-input":{"@type":"PropertyValueSpecification","valueRequired":true,"valueName":"search_term_string"}}],"inLanguage":"pt-BR"},{"@type":"Organization","@id":"https:\/\/diariodepe.com.br\/cri\/#organization","name":"CRI e Diario de Pernambuco","url":"https:\/\/diariodepe.com.br\/cri\/","logo":{"@type":"ImageObject","inLanguage":"pt-BR","@id":"https:\/\/diariodepe.com.br\/cri\/#\/schema\/logo\/image\/","url":"https:\/\/diariodepe.com.br\/cri\/wp-content\/uploads\/sites\/2\/2022\/12\/cropped-Logo.jpg","contentUrl":"https:\/\/diariodepe.com.br\/cri\/wp-content\/uploads\/sites\/2\/2022\/12\/cropped-Logo.jpg","width":700,"height":59,"caption":"CRI e Diario de Pernambuco"},"image":{"@id":"https:\/\/diariodepe.com.br\/cri\/#\/schema\/logo\/image\/"}},{"@type":"Person","@id":"https:\/\/diariodepe.com.br\/cri\/#\/schema\/person\/121bb28d84f1a5b1205ef4ce9c2e0c6b","name":"Ismael Lucas S. Pereira","image":{"@type":"ImageObject","inLanguage":"pt-BR","@id":"https:\/\/secure.gravatar.com\/avatar\/887a0f3b5a7ceea963a48499fb883ffce6b5037362def025c52c2505b15d63e4?s=96&d=mm&r=g","url":"https:\/\/secure.gravatar.com\/avatar\/887a0f3b5a7ceea963a48499fb883ffce6b5037362def025c52c2505b15d63e4?s=96&d=mm&r=g","contentUrl":"https:\/\/secure.gravatar.com\/avatar\/887a0f3b5a7ceea963a48499fb883ffce6b5037362def025c52c2505b15d63e4?s=96&d=mm&r=g","caption":"Ismael Lucas S. Pereira"},"url":"https:\/\/diariodepe.com.br\/cri\/author\/ismael-lucas\/"}]}},"cc_featured_image_caption":{"caption_text":false,"source_text":false,"source_url":false},"amp_enabled":true,"_links":{"self":[{"href":"https:\/\/diariodepe.com.br\/cri\/wp-json\/wp\/v2\/posts\/6366","targetHints":{"allow":["GET"]}}],"collection":[{"href":"https:\/\/diariodepe.com.br\/cri\/wp-json\/wp\/v2\/posts"}],"about":[{"href":"https:\/\/diariodepe.com.br\/cri\/wp-json\/wp\/v2\/types\/post"}],"author":[{"embeddable":true,"href":"https:\/\/diariodepe.com.br\/cri\/wp-json\/wp\/v2\/users\/2"}],"replies":[{"embeddable":true,"href":"https:\/\/diariodepe.com.br\/cri\/wp-json\/wp\/v2\/comments?post=6366"}],"version-history":[{"count":1,"href":"https:\/\/diariodepe.com.br\/cri\/wp-json\/wp\/v2\/posts\/6366\/revisions"}],"predecessor-version":[{"id":6367,"href":"https:\/\/diariodepe.com.br\/cri\/wp-json\/wp\/v2\/posts\/6366\/revisions\/6367"}],"wp:attachment":[{"href":"https:\/\/diariodepe.com.br\/cri\/wp-json\/wp\/v2\/media?parent=6366"}],"wp:term":[{"taxonomy":"category","embeddable":true,"href":"https:\/\/diariodepe.com.br\/cri\/wp-json\/wp\/v2\/categories?post=6366"},{"taxonomy":"post_tag","embeddable":true,"href":"https:\/\/diariodepe.com.br\/cri\/wp-json\/wp\/v2\/tags?post=6366"}],"curies":[{"name":"wp","href":"https:\/\/api.w.org\/{rel}","templated":true}]}}