{"id":6349,"date":"2024-10-08T05:50:46","date_gmt":"2024-10-08T08:50:46","guid":{"rendered":"https:\/\/diariodepe.com.br\/cri\/?p=6349"},"modified":"2024-10-08T05:50:46","modified_gmt":"2024-10-08T08:50:46","slug":"china-adota-pacote-de-medidas-de-estimulo-economico","status":"publish","type":"post","link":"https:\/\/diariodepe.com.br\/cri\/2024\/10\/08\/china-adota-pacote-de-medidas-de-estimulo-economico\/","title":{"rendered":"China adota pacote de medidas de est\u00edmulo econ\u00f4mico"},"content":{"rendered":"<p>A China lan\u00e7a um pacote de medidas de est\u00edmulo econ\u00f4mico para impulsionar a recupera\u00e7\u00e3o e o crescimento cont\u00ednuo da sua economia. As informa\u00e7\u00f5es foram divulgadas em uma coletiva de imprensa realizada pelo Conselho de Estado nesta segunda-feira (8).<\/p>\n<p>De acordo com o diretor da Comiss\u00e3o Nacional para o Desenvolvimento e a Reforma da China, Zheng Shanjie, o pa\u00eds refor\u00e7ar\u00e1 seu ajuste antic\u00edclico da pol\u00edtica macroecon\u00f4mica em resposta \u00e0s press\u00f5es assim\u00e9tricas.<\/p>\n<p>O pacote est\u00e1 focado em medidas para o refor\u00e7o da demanda interna, principalmente na promo\u00e7\u00e3o do padr\u00e3o de vida dos habitantes e do consumo. Pol\u00edticas tamb\u00e9m ser\u00e3o promulgadas para fomentar o aux\u00edlio \u00e0s empresas e melhorar o ambiente comercial, al\u00e9m de promover a recupera\u00e7\u00e3o do setor imobili\u00e1rio e estimular o mercado de capitais.<\/p>\n","protected":false},"excerpt":{"rendered":"<p>A China lan\u00e7a um pacote de medidas de est\u00edmulo econ\u00f4mico para impulsionar a recupera\u00e7\u00e3o e o crescimento cont\u00ednuo da sua economia. As informa\u00e7\u00f5es foram divulgadas em uma coletiva de imprensa realizada pelo Conselho de Estado nesta segunda-feira (8). De acordo&#8230;<\/p>\n","protected":false},"author":2,"featured_media":0,"comment_status":"open","ping_status":"open","sticky":false,"template":"","format":"standard","meta":{"footnotes":""},"categories":[3],"tags":[],"class_list":["post-6349","post","type-post","status-publish","format-standard","hentry","category-china"],"yoast_head":"<!-- This site is optimized with the Yoast SEO plugin v27.4 - https:\/\/yoast.com\/product\/yoast-seo-wordpress\/ -->\n<title>China adota pacote de medidas de est\u00edmulo econ\u00f4mico - CRI e Diario de Pernambuco<\/title>\n<meta name=\"robots\" content=\"index, follow, max-snippet:-1, max-image-preview:large, max-video-preview:-1\" \/>\n<link rel=\"canonical\" href=\"https:\/\/diariodepe.com.br\/cri\/2024\/10\/08\/china-adota-pacote-de-medidas-de-estimulo-economico\/\" \/>\n<meta property=\"og:locale\" content=\"pt_BR\" \/>\n<meta property=\"og:type\" content=\"article\" \/>\n<meta property=\"og:title\" content=\"China adota pacote de medidas de est\u00edmulo econ\u00f4mico - CRI e Diario de Pernambuco\" \/>\n<meta property=\"og:description\" content=\"A China lan\u00e7a um pacote de medidas de est\u00edmulo econ\u00f4mico para impulsionar a recupera\u00e7\u00e3o e o crescimento cont\u00ednuo da sua economia. As informa\u00e7\u00f5es foram divulgadas em uma coletiva de imprensa realizada pelo Conselho de Estado nesta segunda-feira (8). De acordo...\" \/>\n<meta property=\"og:url\" content=\"https:\/\/diariodepe.com.br\/cri\/2024\/10\/08\/china-adota-pacote-de-medidas-de-estimulo-economico\/\" \/>\n<meta property=\"og:site_name\" content=\"CRI e Diario de Pernambuco\" \/>\n<meta property=\"article:published_time\" content=\"2024-10-08T08:50:46+00:00\" \/>\n<meta name=\"author\" content=\"Ismael Lucas S. Pereira\" \/>\n<meta name=\"twitter:card\" content=\"summary_large_image\" \/>\n<meta name=\"twitter:label1\" content=\"Escrito por\" \/>\n\t<meta name=\"twitter:data1\" content=\"Ismael Lucas S. Pereira\" \/>\n<script type=\"application\/ld+json\" class=\"yoast-schema-graph\">{\"@context\":\"https:\\\/\\\/schema.org\",\"@graph\":[{\"@type\":\"Article\",\"@id\":\"https:\\\/\\\/diariodepe.com.br\\\/cri\\\/2024\\\/10\\\/08\\\/china-adota-pacote-de-medidas-de-estimulo-economico\\\/#article\",\"isPartOf\":{\"@id\":\"https:\\\/\\\/diariodepe.com.br\\\/cri\\\/2024\\\/10\\\/08\\\/china-adota-pacote-de-medidas-de-estimulo-economico\\\/\"},\"author\":{\"name\":\"Ismael Lucas S. Pereira\",\"@id\":\"https:\\\/\\\/diariodepe.com.br\\\/cri\\\/#\\\/schema\\\/person\\\/121bb28d84f1a5b1205ef4ce9c2e0c6b\"},\"headline\":\"China adota pacote de medidas de est\u00edmulo econ\u00f4mico\",\"datePublished\":\"2024-10-08T08:50:46+00:00\",\"mainEntityOfPage\":{\"@id\":\"https:\\\/\\\/diariodepe.com.br\\\/cri\\\/2024\\\/10\\\/08\\\/china-adota-pacote-de-medidas-de-estimulo-economico\\\/\"},\"wordCount\":156,\"commentCount\":0,\"publisher\":{\"@id\":\"https:\\\/\\\/diariodepe.com.br\\\/cri\\\/#organization\"},\"articleSection\":[\"China\"],\"inLanguage\":\"pt-BR\",\"potentialAction\":[{\"@type\":\"CommentAction\",\"name\":\"Comment\",\"target\":[\"https:\\\/\\\/diariodepe.com.br\\\/cri\\\/2024\\\/10\\\/08\\\/china-adota-pacote-de-medidas-de-estimulo-economico\\\/#respond\"]}]},{\"@type\":\"WebPage\",\"@id\":\"https:\\\/\\\/diariodepe.com.br\\\/cri\\\/2024\\\/10\\\/08\\\/china-adota-pacote-de-medidas-de-estimulo-economico\\\/\",\"url\":\"https:\\\/\\\/diariodepe.com.br\\\/cri\\\/2024\\\/10\\\/08\\\/china-adota-pacote-de-medidas-de-estimulo-economico\\\/\",\"name\":\"China adota pacote de medidas de est\u00edmulo econ\u00f4mico - CRI e Diario de Pernambuco\",\"isPartOf\":{\"@id\":\"https:\\\/\\\/diariodepe.com.br\\\/cri\\\/#website\"},\"datePublished\":\"2024-10-08T08:50:46+00:00\",\"breadcrumb\":{\"@id\":\"https:\\\/\\\/diariodepe.com.br\\\/cri\\\/2024\\\/10\\\/08\\\/china-adota-pacote-de-medidas-de-estimulo-economico\\\/#breadcrumb\"},\"inLanguage\":\"pt-BR\",\"potentialAction\":[{\"@type\":\"ReadAction\",\"target\":[\"https:\\\/\\\/diariodepe.com.br\\\/cri\\\/2024\\\/10\\\/08\\\/china-adota-pacote-de-medidas-de-estimulo-economico\\\/\"]}]},{\"@type\":\"BreadcrumbList\",\"@id\":\"https:\\\/\\\/diariodepe.com.br\\\/cri\\\/2024\\\/10\\\/08\\\/china-adota-pacote-de-medidas-de-estimulo-economico\\\/#breadcrumb\",\"itemListElement\":[{\"@type\":\"ListItem\",\"position\":1,\"name\":\"In\u00edcio\",\"item\":\"https:\\\/\\\/diariodepe.com.br\\\/cri\\\/\"},{\"@type\":\"ListItem\",\"position\":2,\"name\":\"China adota pacote de medidas de est\u00edmulo econ\u00f4mico\"}]},{\"@type\":\"WebSite\",\"@id\":\"https:\\\/\\\/diariodepe.com.br\\\/cri\\\/#website\",\"url\":\"https:\\\/\\\/diariodepe.com.br\\\/cri\\\/\",\"name\":\"CRI e Diario de Pernambuco\",\"description\":\"R\u00e1dio Internacional da China\",\"publisher\":{\"@id\":\"https:\\\/\\\/diariodepe.com.br\\\/cri\\\/#organization\"},\"potentialAction\":[{\"@type\":\"SearchAction\",\"target\":{\"@type\":\"EntryPoint\",\"urlTemplate\":\"https:\\\/\\\/diariodepe.com.br\\\/cri\\\/?s={search_term_string}\"},\"query-input\":{\"@type\":\"PropertyValueSpecification\",\"valueRequired\":true,\"valueName\":\"search_term_string\"}}],\"inLanguage\":\"pt-BR\"},{\"@type\":\"Organization\",\"@id\":\"https:\\\/\\\/diariodepe.com.br\\\/cri\\\/#organization\",\"name\":\"CRI e Diario de Pernambuco\",\"url\":\"https:\\\/\\\/diariodepe.com.br\\\/cri\\\/\",\"logo\":{\"@type\":\"ImageObject\",\"inLanguage\":\"pt-BR\",\"@id\":\"https:\\\/\\\/diariodepe.com.br\\\/cri\\\/#\\\/schema\\\/logo\\\/image\\\/\",\"url\":\"https:\\\/\\\/diariodepe.com.br\\\/cri\\\/wp-content\\\/uploads\\\/sites\\\/2\\\/2022\\\/12\\\/cropped-Logo.jpg\",\"contentUrl\":\"https:\\\/\\\/diariodepe.com.br\\\/cri\\\/wp-content\\\/uploads\\\/sites\\\/2\\\/2022\\\/12\\\/cropped-Logo.jpg\",\"width\":700,\"height\":59,\"caption\":\"CRI e Diario de Pernambuco\"},\"image\":{\"@id\":\"https:\\\/\\\/diariodepe.com.br\\\/cri\\\/#\\\/schema\\\/logo\\\/image\\\/\"}},{\"@type\":\"Person\",\"@id\":\"https:\\\/\\\/diariodepe.com.br\\\/cri\\\/#\\\/schema\\\/person\\\/121bb28d84f1a5b1205ef4ce9c2e0c6b\",\"name\":\"Ismael Lucas S. Pereira\",\"image\":{\"@type\":\"ImageObject\",\"inLanguage\":\"pt-BR\",\"@id\":\"https:\\\/\\\/secure.gravatar.com\\\/avatar\\\/887a0f3b5a7ceea963a48499fb883ffce6b5037362def025c52c2505b15d63e4?s=96&d=mm&r=g\",\"url\":\"https:\\\/\\\/secure.gravatar.com\\\/avatar\\\/887a0f3b5a7ceea963a48499fb883ffce6b5037362def025c52c2505b15d63e4?s=96&d=mm&r=g\",\"contentUrl\":\"https:\\\/\\\/secure.gravatar.com\\\/avatar\\\/887a0f3b5a7ceea963a48499fb883ffce6b5037362def025c52c2505b15d63e4?s=96&d=mm&r=g\",\"caption\":\"Ismael Lucas S. Pereira\"},\"url\":\"https:\\\/\\\/diariodepe.com.br\\\/cri\\\/author\\\/ismael-lucas\\\/\"}]}<\/script>\n<!-- \/ Yoast SEO plugin. -->","yoast_head_json":{"title":"China adota pacote de medidas de est\u00edmulo econ\u00f4mico - CRI e Diario de Pernambuco","robots":{"index":"index","follow":"follow","max-snippet":"max-snippet:-1","max-image-preview":"max-image-preview:large","max-video-preview":"max-video-preview:-1"},"canonical":"https:\/\/diariodepe.com.br\/cri\/2024\/10\/08\/china-adota-pacote-de-medidas-de-estimulo-economico\/","og_locale":"pt_BR","og_type":"article","og_title":"China adota pacote de medidas de est\u00edmulo econ\u00f4mico - CRI e Diario de Pernambuco","og_description":"A China lan\u00e7a um pacote de medidas de est\u00edmulo econ\u00f4mico para impulsionar a recupera\u00e7\u00e3o e o crescimento cont\u00ednuo da sua economia. As informa\u00e7\u00f5es foram divulgadas em uma coletiva de imprensa realizada pelo Conselho de Estado nesta segunda-feira (8). De acordo...","og_url":"https:\/\/diariodepe.com.br\/cri\/2024\/10\/08\/china-adota-pacote-de-medidas-de-estimulo-economico\/","og_site_name":"CRI e Diario de Pernambuco","article_published_time":"2024-10-08T08:50:46+00:00","author":"Ismael Lucas S. Pereira","twitter_card":"summary_large_image","twitter_misc":{"Escrito por":"Ismael Lucas S. Pereira"},"schema":{"@context":"https:\/\/schema.org","@graph":[{"@type":"Article","@id":"https:\/\/diariodepe.com.br\/cri\/2024\/10\/08\/china-adota-pacote-de-medidas-de-estimulo-economico\/#article","isPartOf":{"@id":"https:\/\/diariodepe.com.br\/cri\/2024\/10\/08\/china-adota-pacote-de-medidas-de-estimulo-economico\/"},"author":{"name":"Ismael Lucas S. Pereira","@id":"https:\/\/diariodepe.com.br\/cri\/#\/schema\/person\/121bb28d84f1a5b1205ef4ce9c2e0c6b"},"headline":"China adota pacote de medidas de est\u00edmulo econ\u00f4mico","datePublished":"2024-10-08T08:50:46+00:00","mainEntityOfPage":{"@id":"https:\/\/diariodepe.com.br\/cri\/2024\/10\/08\/china-adota-pacote-de-medidas-de-estimulo-economico\/"},"wordCount":156,"commentCount":0,"publisher":{"@id":"https:\/\/diariodepe.com.br\/cri\/#organization"},"articleSection":["China"],"inLanguage":"pt-BR","potentialAction":[{"@type":"CommentAction","name":"Comment","target":["https:\/\/diariodepe.com.br\/cri\/2024\/10\/08\/china-adota-pacote-de-medidas-de-estimulo-economico\/#respond"]}]},{"@type":"WebPage","@id":"https:\/\/diariodepe.com.br\/cri\/2024\/10\/08\/china-adota-pacote-de-medidas-de-estimulo-economico\/","url":"https:\/\/diariodepe.com.br\/cri\/2024\/10\/08\/china-adota-pacote-de-medidas-de-estimulo-economico\/","name":"China adota pacote de medidas de est\u00edmulo econ\u00f4mico - CRI e Diario de Pernambuco","isPartOf":{"@id":"https:\/\/diariodepe.com.br\/cri\/#website"},"datePublished":"2024-10-08T08:50:46+00:00","breadcrumb":{"@id":"https:\/\/diariodepe.com.br\/cri\/2024\/10\/08\/china-adota-pacote-de-medidas-de-estimulo-economico\/#breadcrumb"},"inLanguage":"pt-BR","potentialAction":[{"@type":"ReadAction","target":["https:\/\/diariodepe.com.br\/cri\/2024\/10\/08\/china-adota-pacote-de-medidas-de-estimulo-economico\/"]}]},{"@type":"BreadcrumbList","@id":"https:\/\/diariodepe.com.br\/cri\/2024\/10\/08\/china-adota-pacote-de-medidas-de-estimulo-economico\/#breadcrumb","itemListElement":[{"@type":"ListItem","position":1,"name":"In\u00edcio","item":"https:\/\/diariodepe.com.br\/cri\/"},{"@type":"ListItem","position":2,"name":"China adota pacote de medidas de est\u00edmulo econ\u00f4mico"}]},{"@type":"WebSite","@id":"https:\/\/diariodepe.com.br\/cri\/#website","url":"https:\/\/diariodepe.com.br\/cri\/","name":"CRI e Diario de Pernambuco","description":"R\u00e1dio Internacional da China","publisher":{"@id":"https:\/\/diariodepe.com.br\/cri\/#organization"},"potentialAction":[{"@type":"SearchAction","target":{"@type":"EntryPoint","urlTemplate":"https:\/\/diariodepe.com.br\/cri\/?s={search_term_string}"},"query-input":{"@type":"PropertyValueSpecification","valueRequired":true,"valueName":"search_term_string"}}],"inLanguage":"pt-BR"},{"@type":"Organization","@id":"https:\/\/diariodepe.com.br\/cri\/#organization","name":"CRI e Diario de Pernambuco","url":"https:\/\/diariodepe.com.br\/cri\/","logo":{"@type":"ImageObject","inLanguage":"pt-BR","@id":"https:\/\/diariodepe.com.br\/cri\/#\/schema\/logo\/image\/","url":"https:\/\/diariodepe.com.br\/cri\/wp-content\/uploads\/sites\/2\/2022\/12\/cropped-Logo.jpg","contentUrl":"https:\/\/diariodepe.com.br\/cri\/wp-content\/uploads\/sites\/2\/2022\/12\/cropped-Logo.jpg","width":700,"height":59,"caption":"CRI e Diario de Pernambuco"},"image":{"@id":"https:\/\/diariodepe.com.br\/cri\/#\/schema\/logo\/image\/"}},{"@type":"Person","@id":"https:\/\/diariodepe.com.br\/cri\/#\/schema\/person\/121bb28d84f1a5b1205ef4ce9c2e0c6b","name":"Ismael Lucas S. Pereira","image":{"@type":"ImageObject","inLanguage":"pt-BR","@id":"https:\/\/secure.gravatar.com\/avatar\/887a0f3b5a7ceea963a48499fb883ffce6b5037362def025c52c2505b15d63e4?s=96&d=mm&r=g","url":"https:\/\/secure.gravatar.com\/avatar\/887a0f3b5a7ceea963a48499fb883ffce6b5037362def025c52c2505b15d63e4?s=96&d=mm&r=g","contentUrl":"https:\/\/secure.gravatar.com\/avatar\/887a0f3b5a7ceea963a48499fb883ffce6b5037362def025c52c2505b15d63e4?s=96&d=mm&r=g","caption":"Ismael Lucas S. Pereira"},"url":"https:\/\/diariodepe.com.br\/cri\/author\/ismael-lucas\/"}]}},"cc_featured_image_caption":{"caption_text":false,"source_text":false,"source_url":false},"amp_enabled":true,"_links":{"self":[{"href":"https:\/\/diariodepe.com.br\/cri\/wp-json\/wp\/v2\/posts\/6349","targetHints":{"allow":["GET"]}}],"collection":[{"href":"https:\/\/diariodepe.com.br\/cri\/wp-json\/wp\/v2\/posts"}],"about":[{"href":"https:\/\/diariodepe.com.br\/cri\/wp-json\/wp\/v2\/types\/post"}],"author":[{"embeddable":true,"href":"https:\/\/diariodepe.com.br\/cri\/wp-json\/wp\/v2\/users\/2"}],"replies":[{"embeddable":true,"href":"https:\/\/diariodepe.com.br\/cri\/wp-json\/wp\/v2\/comments?post=6349"}],"version-history":[{"count":1,"href":"https:\/\/diariodepe.com.br\/cri\/wp-json\/wp\/v2\/posts\/6349\/revisions"}],"predecessor-version":[{"id":6350,"href":"https:\/\/diariodepe.com.br\/cri\/wp-json\/wp\/v2\/posts\/6349\/revisions\/6350"}],"wp:attachment":[{"href":"https:\/\/diariodepe.com.br\/cri\/wp-json\/wp\/v2\/media?parent=6349"}],"wp:term":[{"taxonomy":"category","embeddable":true,"href":"https:\/\/diariodepe.com.br\/cri\/wp-json\/wp\/v2\/categories?post=6349"},{"taxonomy":"post_tag","embeddable":true,"href":"https:\/\/diariodepe.com.br\/cri\/wp-json\/wp\/v2\/tags?post=6349"}],"curies":[{"name":"wp","href":"https:\/\/api.w.org\/{rel}","templated":true}]}}