{"id":6331,"date":"2024-10-01T00:46:02","date_gmt":"2024-10-01T03:46:02","guid":{"rendered":"https:\/\/diariodepe.com.br\/cri\/?p=6331"},"modified":"2024-10-01T03:16:15","modified_gmt":"2024-10-01T06:16:15","slug":"ao-comemorar-os-75-anos-da-republica-popular-da-china-xi-jinping-demonstra-confianca-no-futuro-brilhante-da-nacao","status":"publish","type":"post","link":"https:\/\/diariodepe.com.br\/cri\/2024\/10\/01\/ao-comemorar-os-75-anos-da-republica-popular-da-china-xi-jinping-demonstra-confianca-no-futuro-brilhante-da-nacao\/","title":{"rendered":"Ao comemorar os 75 anos da Rep\u00fablica Popular da China, Xi Jinping demonstra confian\u00e7a no futuro brilhante da na\u00e7\u00e3o"},"content":{"rendered":"<div class=\"col_w720\">\n<div class=\"portuguese_details\">\n<div class=\"list-brief\">O Grande Pal\u00e1cio do Povo, em Pequim, viveu uma noite especial nesta segunda-feira (30), com a recep\u00e7\u00e3o comemorativa do 75\u00ba anivers\u00e1rio de funda\u00e7\u00e3o da Rep\u00fablica Popular da China, fruto do triunfo da Revolu\u00e7\u00e3o da Nova Democracia, em 1\u00ba de Outubro de 1949.<\/div>\n<div id=\"abody\" class=\"abody\">\n<p class=\"photo_img_20190808\"><img decoding=\"async\" class=\"aligncenter\" src=\"https:\/\/p2crires.cri.cn\/photoworkspace\/cri\/contentimg\/2024\/10\/01\/2024100114134438778.jpg\" alt=\"\" \/><\/p>\n<p>Inspirado pelos grandes e nobres ideais das antigas gera\u00e7\u00f5es de l\u00edderes e combatentes revolucion\u00e1rios e dos que deram a vida pela liberta\u00e7\u00e3o e moderniza\u00e7\u00e3o da China, o presidente Xi Jinping, que \u00e9 tamb\u00e9m secret\u00e1rio-geral do Comit\u00ea Central do Partido Comunista da China (PCCh) e presidente da Comiss\u00e3o Militar Central, pronunciou um importante discurso perante 3 mil convidados nacionais e internacionais.<\/p>\n<p>\u201cPromover de forma abrangente a constru\u00e7\u00e3o de um pa\u00eds forte e o rejuvenescimento nacional com a moderniza\u00e7\u00e3o chinesa \u00e9 a tarefa central do Partido e do pa\u00eds na nova era e na nova jornada\u201d, afirmou.<\/p>\n<p>O povo chin\u00eas t\u00eam plena raz\u00e3o de se orgulhar da grande fa\u00e7anha hist\u00f3rica. A Revolu\u00e7\u00e3o da Nova Democracia \u00e9 uma epopeia, o fato mais glorioso da hist\u00f3ria da na\u00e7\u00e3o multimilenar. Sem a vit\u00f3ria dessa revolu\u00e7\u00e3o, n\u00e3o existiria a nova China.<\/p>\n<p>J\u00e1 na abertura do seu pronunciamento, Xi Jinping destacou a magnitude do feito hist\u00f3rico que a China est\u00e1 celebrando: \u201cHoje, reunimo-nos para celebrar o 75\u00ba anivers\u00e1rio da funda\u00e7\u00e3o da Rep\u00fablica Popular da China. H\u00e1 75 anos, a funda\u00e7\u00e3o da Rep\u00fablica Popular da China marcou a ascens\u00e3o do povo chin\u00eas e abriu uma nova era hist\u00f3rica de grande rejuvenescimento da na\u00e7\u00e3o chinesa. Nos \u00faltimos 75 anos, o nosso Partido uniu e liderou as pessoas de todos os grupos \u00e9tnicos do pa\u00eds a trabalhar incansavelmente e criou dois milagres: o r\u00e1pido desenvolvimento econ\u00f4mico e a estabilidade social a longo prazo\u201d.<\/p>\n<p class=\"photo_img_20190808\"><img decoding=\"async\" class=\"aligncenter\" src=\"https:\/\/p3crires.cri.cn\/photoworkspace\/cri\/contentimg\/2024\/10\/01\/2024100114120829280.jpg\" alt=\"\" \/><\/p>\n<p>O l\u00edder chin\u00eas mencionou em seu discurso quatro diretrizes para promover a \u201cmoderniza\u00e7\u00e3o ao estilo chin\u00eas\u201d:<\/p>\n<p>Primeiro: \u201cDevemos aderir \u00e0 lideran\u00e7a do Partido Comunista da China.\u201dEnfatizou o princ\u00edpio reitor de que a lideran\u00e7a do PCCh \u00e9 a caracter\u00edstica definidora do socialismo com caracter\u00edsticas chinesas.<\/p>\n<p>Segundo: \u201cDevemos aderir ao caminho do socialismo com caracter\u00edsticas chinesas.\u201d Pouco antes desse anivers\u00e1rio jubilar, o Partido Comunista da China realizou a 3\u00aa Sess\u00e3o Plen\u00e1ria do 20\u00ba Comit\u00ea Central, que decidiu adotar a linha de maior abrang\u00eancia e aprofundamento da reforma para a cria\u00e7\u00e3o de um novo paradigma de desenvolvimento de alta qualidade.<\/p>\n<p>Terceiro: \u201cDevemos aderir \u00e0 abordagem centrada nas pessoas.\u201d Uma das maiores conquistas do povo chin\u00eas desde o triunfo da Revolu\u00e7\u00e3o da Nova Democracia \u00e9 a melhoria constante da sua qualidade de vida, confirmando a m\u00e1xima de que o objetivo do Partido Comunista da China ao exercer a governan\u00e7a sobre o pa\u00eds \u00e9 lutar pela felicidade do povo e servir a ele.<\/p>\n<p>Quarto: \u201cDevemos aderir ao caminho do desenvolvimento pac\u00edfico.\u201d Com essa diretriz, o l\u00edder chin\u00eas reafirma os prop\u00f3sitos de desenvolvimento, coopera\u00e7\u00e3o, paz e constru\u00e7\u00e3o de uma comunidade com futuro compartilhado para toda a humanidade, o que \u00e9 mais uma demonstra\u00e7\u00e3o de que o triunfo da Revolu\u00e7\u00e3o da Nova Democracia e os \u00eaxitos da constru\u00e7\u00e3o do socialismo na China s\u00e3o ben\u00e9ficos para o mundo.<\/p>\n<p>O presidente Xi Jinping fez tamb\u00e9m um enf\u00e1tico apelo \u00e0 unidade da na\u00e7\u00e3o chinesa: \u201cAlcan\u00e7ar o grande rejuvenescimento da na\u00e7\u00e3o chinesa \u00e9 a aspira\u00e7\u00e3o comum de todo o povo chin\u00eas, incluindo os compatriotas de Hong Kong, Macau e Taiwan. Implementaremos de forma abrangente, precisa e inabal\u00e1vel os princ\u00edpios de &#8220;um pa\u00eds, dois sistemas&#8221; &#8230; Taiwan \u00e9 parte integrante do territ\u00f3rio da China&#8230; Devemos aprofundar os interc\u00e2mbios e a coopera\u00e7\u00e3o econ\u00f4micos e culturais atrav\u00e9s do Estreito de Taiwan e se opor resolutamente \u00e0s atividades separatistas que visam a &#8220;independ\u00eancia de Taiwan&#8221;.<\/p>\n<p>O presidente Xi Jinping encerrou seu discurso com palavras de confian\u00e7a no futuro brilhante da China: \u201cAcreditamos firmemente que a na\u00e7\u00e3o chinesa, que criou uma civiliza\u00e7\u00e3o gloriosa durante mais de 5.000 anos, criar\u00e1 uma nova e maior gl\u00f3ria na nova era e na nova jornada, e dar\u00e1 novas e maiores contribui\u00e7\u00f5es para a nobre causa da paz e do desenvolvimento da humanidade\u201d, e depois alertou contra riscos e desafios potenciais no caminho \u00e0 frente. \u201cDevemos permanecer atentos aos perigos potenciais e estar bem preparados\u201d, disse ele, pedindo esfor\u00e7os para superar resolutamente as incertezas e os riscos e desafios inesperados.<\/p>\n<p class=\"photo_img_20190808\"><img decoding=\"async\" class=\"aligncenter\" src=\"https:\/\/p2crires.cri.cn\/photoworkspace\/cri\/contentimg\/2024\/10\/01\/2024100111382159960.jpg\" alt=\"\" \/><\/p>\n<p><strong>Brasil e China: jubileu de ouro<\/strong><\/p>\n<p>O Brasil e a China comemoraram este ano o jubileu de ouro dos seus la\u00e7os diplom\u00e1ticos. Os dois pa\u00edses olham para o passado com alegria por terem percorrido um bom caminho e encaram com otimismo a perspectiva para o futuro. S\u00e3o 50 anos de not\u00e1veis conquistas m\u00fatuas. Neste per\u00edodo, Brasil e China est\u00e3o trilhando um caminho de paz, prosperidade e desenvolvimento comum. Uma express\u00e3o elevada disso foi a entrega no \u00faltimo domingo (29) pelo presidente chin\u00eas Xi Jinping da Medalha da Amizade \u00e0 ex-presidente Dilma Rousseff, uma condecora\u00e7\u00e3o de alto n\u00edvel. Na ocasi\u00e3o, o l\u00edder chin\u00eas salientou que, ao longo dos \u00faltimos 75 anos, existiram muitos antigos e \u00edntimos amigos no mundo que compartilharam as mesmas aspira\u00e7\u00f5es do povo chin\u00eas e trabalharam juntos em momentos dif\u00edceis, e Dilma Rousseff \u00e9 uma excelente representante deles. Dilma agradeceu pela confian\u00e7a e amizade e disse que a medalha simboliza o v\u00ednculo de coopera\u00e7\u00e3o amistosa entre o Brasil e a China e elogiou o caminho percorrido pela China na realiza\u00e7\u00e3o de \u00eaxitos not\u00e1veis.<\/p>\n<p><em data-spm-anchor-id=\"0.0.0.i2\">Por Jos\u00e9 Reinaldo Carvalho, jornalista, editor internacional do Brasil 247 e secret\u00e1rio-geral do Centro Brasileiro de Solidariedade aos Povos e Luta pela Paz (Cebrapaz)<\/em><\/p>\n<\/div>\n<\/div>\n<\/div>\n<p>&nbsp;<\/p>\n","protected":false},"excerpt":{"rendered":"<p>O Grande Pal\u00e1cio do Povo, em Pequim, viveu uma noite especial nesta segunda-feira (30), com a recep\u00e7\u00e3o comemorativa do 75\u00ba anivers\u00e1rio de funda\u00e7\u00e3o da Rep\u00fablica Popular da China, fruto do triunfo da Revolu\u00e7\u00e3o da Nova Democracia, em 1\u00ba de Outubro&#8230;<\/p>\n","protected":false},"author":2,"featured_media":0,"comment_status":"open","ping_status":"open","sticky":false,"template":"","format":"standard","meta":{"footnotes":""},"categories":[7],"tags":[],"class_list":["post-6331","post","type-post","status-publish","format-standard","hentry","category-visao"],"yoast_head":"<!-- This site is optimized with the Yoast SEO plugin v27.4 - https:\/\/yoast.com\/product\/yoast-seo-wordpress\/ -->\n<title>Ao comemorar os 75 anos da Rep\u00fablica Popular da China, Xi Jinping demonstra confian\u00e7a no futuro brilhante da na\u00e7\u00e3o - CRI e Diario de Pernambuco<\/title>\n<meta name=\"robots\" content=\"index, follow, max-snippet:-1, max-image-preview:large, max-video-preview:-1\" \/>\n<link rel=\"canonical\" href=\"https:\/\/diariodepe.com.br\/cri\/2024\/10\/01\/ao-comemorar-os-75-anos-da-republica-popular-da-china-xi-jinping-demonstra-confianca-no-futuro-brilhante-da-nacao\/\" \/>\n<meta property=\"og:locale\" content=\"pt_BR\" \/>\n<meta property=\"og:type\" content=\"article\" \/>\n<meta property=\"og:title\" content=\"Ao comemorar os 75 anos da Rep\u00fablica Popular da China, Xi Jinping demonstra confian\u00e7a no futuro brilhante da na\u00e7\u00e3o - CRI e Diario de Pernambuco\" \/>\n<meta property=\"og:description\" content=\"O Grande Pal\u00e1cio do Povo, em Pequim, viveu uma noite especial nesta segunda-feira (30), com a recep\u00e7\u00e3o comemorativa do 75\u00ba anivers\u00e1rio de funda\u00e7\u00e3o da Rep\u00fablica Popular da China, fruto do triunfo da Revolu\u00e7\u00e3o da Nova Democracia, em 1\u00ba de Outubro...\" \/>\n<meta property=\"og:url\" content=\"https:\/\/diariodepe.com.br\/cri\/2024\/10\/01\/ao-comemorar-os-75-anos-da-republica-popular-da-china-xi-jinping-demonstra-confianca-no-futuro-brilhante-da-nacao\/\" \/>\n<meta property=\"og:site_name\" content=\"CRI e Diario de Pernambuco\" \/>\n<meta property=\"article:published_time\" content=\"2024-10-01T03:46:02+00:00\" \/>\n<meta property=\"article:modified_time\" content=\"2024-10-01T06:16:15+00:00\" \/>\n<meta property=\"og:image\" content=\"https:\/\/p2crires.cri.cn\/photoworkspace\/cri\/contentimg\/2024\/10\/01\/2024100114134438778.jpg\" \/>\n<meta name=\"author\" content=\"Ismael Lucas S. Pereira\" \/>\n<meta name=\"twitter:card\" content=\"summary_large_image\" \/>\n<meta name=\"twitter:label1\" content=\"Escrito por\" \/>\n\t<meta name=\"twitter:data1\" content=\"Ismael Lucas S. Pereira\" \/>\n\t<meta name=\"twitter:label2\" content=\"Est. tempo de leitura\" \/>\n\t<meta name=\"twitter:data2\" content=\"6 minutos\" \/>\n<script type=\"application\/ld+json\" class=\"yoast-schema-graph\">{\"@context\":\"https:\\\/\\\/schema.org\",\"@graph\":[{\"@type\":\"Article\",\"@id\":\"https:\\\/\\\/diariodepe.com.br\\\/cri\\\/2024\\\/10\\\/01\\\/ao-comemorar-os-75-anos-da-republica-popular-da-china-xi-jinping-demonstra-confianca-no-futuro-brilhante-da-nacao\\\/#article\",\"isPartOf\":{\"@id\":\"https:\\\/\\\/diariodepe.com.br\\\/cri\\\/2024\\\/10\\\/01\\\/ao-comemorar-os-75-anos-da-republica-popular-da-china-xi-jinping-demonstra-confianca-no-futuro-brilhante-da-nacao\\\/\"},\"author\":{\"name\":\"Ismael Lucas S. Pereira\",\"@id\":\"https:\\\/\\\/diariodepe.com.br\\\/cri\\\/#\\\/schema\\\/person\\\/121bb28d84f1a5b1205ef4ce9c2e0c6b\"},\"headline\":\"Ao comemorar os 75 anos da Rep\u00fablica Popular da China, Xi Jinping demonstra confian\u00e7a no futuro brilhante da na\u00e7\u00e3o\",\"datePublished\":\"2024-10-01T03:46:02+00:00\",\"dateModified\":\"2024-10-01T06:16:15+00:00\",\"mainEntityOfPage\":{\"@id\":\"https:\\\/\\\/diariodepe.com.br\\\/cri\\\/2024\\\/10\\\/01\\\/ao-comemorar-os-75-anos-da-republica-popular-da-china-xi-jinping-demonstra-confianca-no-futuro-brilhante-da-nacao\\\/\"},\"wordCount\":994,\"commentCount\":0,\"publisher\":{\"@id\":\"https:\\\/\\\/diariodepe.com.br\\\/cri\\\/#organization\"},\"image\":{\"@id\":\"https:\\\/\\\/diariodepe.com.br\\\/cri\\\/2024\\\/10\\\/01\\\/ao-comemorar-os-75-anos-da-republica-popular-da-china-xi-jinping-demonstra-confianca-no-futuro-brilhante-da-nacao\\\/#primaryimage\"},\"thumbnailUrl\":\"https:\\\/\\\/p2crires.cri.cn\\\/photoworkspace\\\/cri\\\/contentimg\\\/2024\\\/10\\\/01\\\/2024100114134438778.jpg\",\"articleSection\":[\"Vis\u00e3o\"],\"inLanguage\":\"pt-BR\",\"potentialAction\":[{\"@type\":\"CommentAction\",\"name\":\"Comment\",\"target\":[\"https:\\\/\\\/diariodepe.com.br\\\/cri\\\/2024\\\/10\\\/01\\\/ao-comemorar-os-75-anos-da-republica-popular-da-china-xi-jinping-demonstra-confianca-no-futuro-brilhante-da-nacao\\\/#respond\"]}]},{\"@type\":\"WebPage\",\"@id\":\"https:\\\/\\\/diariodepe.com.br\\\/cri\\\/2024\\\/10\\\/01\\\/ao-comemorar-os-75-anos-da-republica-popular-da-china-xi-jinping-demonstra-confianca-no-futuro-brilhante-da-nacao\\\/\",\"url\":\"https:\\\/\\\/diariodepe.com.br\\\/cri\\\/2024\\\/10\\\/01\\\/ao-comemorar-os-75-anos-da-republica-popular-da-china-xi-jinping-demonstra-confianca-no-futuro-brilhante-da-nacao\\\/\",\"name\":\"Ao comemorar os 75 anos da Rep\u00fablica Popular da China, Xi Jinping demonstra confian\u00e7a no futuro brilhante da na\u00e7\u00e3o - CRI e Diario de Pernambuco\",\"isPartOf\":{\"@id\":\"https:\\\/\\\/diariodepe.com.br\\\/cri\\\/#website\"},\"primaryImageOfPage\":{\"@id\":\"https:\\\/\\\/diariodepe.com.br\\\/cri\\\/2024\\\/10\\\/01\\\/ao-comemorar-os-75-anos-da-republica-popular-da-china-xi-jinping-demonstra-confianca-no-futuro-brilhante-da-nacao\\\/#primaryimage\"},\"image\":{\"@id\":\"https:\\\/\\\/diariodepe.com.br\\\/cri\\\/2024\\\/10\\\/01\\\/ao-comemorar-os-75-anos-da-republica-popular-da-china-xi-jinping-demonstra-confianca-no-futuro-brilhante-da-nacao\\\/#primaryimage\"},\"thumbnailUrl\":\"https:\\\/\\\/p2crires.cri.cn\\\/photoworkspace\\\/cri\\\/contentimg\\\/2024\\\/10\\\/01\\\/2024100114134438778.jpg\",\"datePublished\":\"2024-10-01T03:46:02+00:00\",\"dateModified\":\"2024-10-01T06:16:15+00:00\",\"breadcrumb\":{\"@id\":\"https:\\\/\\\/diariodepe.com.br\\\/cri\\\/2024\\\/10\\\/01\\\/ao-comemorar-os-75-anos-da-republica-popular-da-china-xi-jinping-demonstra-confianca-no-futuro-brilhante-da-nacao\\\/#breadcrumb\"},\"inLanguage\":\"pt-BR\",\"potentialAction\":[{\"@type\":\"ReadAction\",\"target\":[\"https:\\\/\\\/diariodepe.com.br\\\/cri\\\/2024\\\/10\\\/01\\\/ao-comemorar-os-75-anos-da-republica-popular-da-china-xi-jinping-demonstra-confianca-no-futuro-brilhante-da-nacao\\\/\"]}]},{\"@type\":\"ImageObject\",\"inLanguage\":\"pt-BR\",\"@id\":\"https:\\\/\\\/diariodepe.com.br\\\/cri\\\/2024\\\/10\\\/01\\\/ao-comemorar-os-75-anos-da-republica-popular-da-china-xi-jinping-demonstra-confianca-no-futuro-brilhante-da-nacao\\\/#primaryimage\",\"url\":\"https:\\\/\\\/p2crires.cri.cn\\\/photoworkspace\\\/cri\\\/contentimg\\\/2024\\\/10\\\/01\\\/2024100114134438778.jpg\",\"contentUrl\":\"https:\\\/\\\/p2crires.cri.cn\\\/photoworkspace\\\/cri\\\/contentimg\\\/2024\\\/10\\\/01\\\/2024100114134438778.jpg\"},{\"@type\":\"BreadcrumbList\",\"@id\":\"https:\\\/\\\/diariodepe.com.br\\\/cri\\\/2024\\\/10\\\/01\\\/ao-comemorar-os-75-anos-da-republica-popular-da-china-xi-jinping-demonstra-confianca-no-futuro-brilhante-da-nacao\\\/#breadcrumb\",\"itemListElement\":[{\"@type\":\"ListItem\",\"position\":1,\"name\":\"In\u00edcio\",\"item\":\"https:\\\/\\\/diariodepe.com.br\\\/cri\\\/\"},{\"@type\":\"ListItem\",\"position\":2,\"name\":\"Ao comemorar os 75 anos da Rep\u00fablica Popular da China, Xi Jinping demonstra confian\u00e7a no futuro brilhante da na\u00e7\u00e3o\"}]},{\"@type\":\"WebSite\",\"@id\":\"https:\\\/\\\/diariodepe.com.br\\\/cri\\\/#website\",\"url\":\"https:\\\/\\\/diariodepe.com.br\\\/cri\\\/\",\"name\":\"CRI e Diario de Pernambuco\",\"description\":\"R\u00e1dio Internacional da China\",\"publisher\":{\"@id\":\"https:\\\/\\\/diariodepe.com.br\\\/cri\\\/#organization\"},\"potentialAction\":[{\"@type\":\"SearchAction\",\"target\":{\"@type\":\"EntryPoint\",\"urlTemplate\":\"https:\\\/\\\/diariodepe.com.br\\\/cri\\\/?s={search_term_string}\"},\"query-input\":{\"@type\":\"PropertyValueSpecification\",\"valueRequired\":true,\"valueName\":\"search_term_string\"}}],\"inLanguage\":\"pt-BR\"},{\"@type\":\"Organization\",\"@id\":\"https:\\\/\\\/diariodepe.com.br\\\/cri\\\/#organization\",\"name\":\"CRI e Diario de Pernambuco\",\"url\":\"https:\\\/\\\/diariodepe.com.br\\\/cri\\\/\",\"logo\":{\"@type\":\"ImageObject\",\"inLanguage\":\"pt-BR\",\"@id\":\"https:\\\/\\\/diariodepe.com.br\\\/cri\\\/#\\\/schema\\\/logo\\\/image\\\/\",\"url\":\"https:\\\/\\\/diariodepe.com.br\\\/cri\\\/wp-content\\\/uploads\\\/sites\\\/2\\\/2022\\\/12\\\/cropped-Logo.jpg\",\"contentUrl\":\"https:\\\/\\\/diariodepe.com.br\\\/cri\\\/wp-content\\\/uploads\\\/sites\\\/2\\\/2022\\\/12\\\/cropped-Logo.jpg\",\"width\":700,\"height\":59,\"caption\":\"CRI e Diario de Pernambuco\"},\"image\":{\"@id\":\"https:\\\/\\\/diariodepe.com.br\\\/cri\\\/#\\\/schema\\\/logo\\\/image\\\/\"}},{\"@type\":\"Person\",\"@id\":\"https:\\\/\\\/diariodepe.com.br\\\/cri\\\/#\\\/schema\\\/person\\\/121bb28d84f1a5b1205ef4ce9c2e0c6b\",\"name\":\"Ismael Lucas S. Pereira\",\"image\":{\"@type\":\"ImageObject\",\"inLanguage\":\"pt-BR\",\"@id\":\"https:\\\/\\\/secure.gravatar.com\\\/avatar\\\/887a0f3b5a7ceea963a48499fb883ffce6b5037362def025c52c2505b15d63e4?s=96&d=mm&r=g\",\"url\":\"https:\\\/\\\/secure.gravatar.com\\\/avatar\\\/887a0f3b5a7ceea963a48499fb883ffce6b5037362def025c52c2505b15d63e4?s=96&d=mm&r=g\",\"contentUrl\":\"https:\\\/\\\/secure.gravatar.com\\\/avatar\\\/887a0f3b5a7ceea963a48499fb883ffce6b5037362def025c52c2505b15d63e4?s=96&d=mm&r=g\",\"caption\":\"Ismael Lucas S. Pereira\"},\"url\":\"https:\\\/\\\/diariodepe.com.br\\\/cri\\\/author\\\/ismael-lucas\\\/\"}]}<\/script>\n<!-- \/ Yoast SEO plugin. -->","yoast_head_json":{"title":"Ao comemorar os 75 anos da Rep\u00fablica Popular da China, Xi Jinping demonstra confian\u00e7a no futuro brilhante da na\u00e7\u00e3o - CRI e Diario de Pernambuco","robots":{"index":"index","follow":"follow","max-snippet":"max-snippet:-1","max-image-preview":"max-image-preview:large","max-video-preview":"max-video-preview:-1"},"canonical":"https:\/\/diariodepe.com.br\/cri\/2024\/10\/01\/ao-comemorar-os-75-anos-da-republica-popular-da-china-xi-jinping-demonstra-confianca-no-futuro-brilhante-da-nacao\/","og_locale":"pt_BR","og_type":"article","og_title":"Ao comemorar os 75 anos da Rep\u00fablica Popular da China, Xi Jinping demonstra confian\u00e7a no futuro brilhante da na\u00e7\u00e3o - CRI e Diario de Pernambuco","og_description":"O Grande Pal\u00e1cio do Povo, em Pequim, viveu uma noite especial nesta segunda-feira (30), com a recep\u00e7\u00e3o comemorativa do 75\u00ba anivers\u00e1rio de funda\u00e7\u00e3o da Rep\u00fablica Popular da China, fruto do triunfo da Revolu\u00e7\u00e3o da Nova Democracia, em 1\u00ba de Outubro...","og_url":"https:\/\/diariodepe.com.br\/cri\/2024\/10\/01\/ao-comemorar-os-75-anos-da-republica-popular-da-china-xi-jinping-demonstra-confianca-no-futuro-brilhante-da-nacao\/","og_site_name":"CRI e Diario de Pernambuco","article_published_time":"2024-10-01T03:46:02+00:00","article_modified_time":"2024-10-01T06:16:15+00:00","og_image":[{"url":"https:\/\/p2crires.cri.cn\/photoworkspace\/cri\/contentimg\/2024\/10\/01\/2024100114134438778.jpg","type":"","width":"","height":""}],"author":"Ismael Lucas S. Pereira","twitter_card":"summary_large_image","twitter_misc":{"Escrito por":"Ismael Lucas S. Pereira","Est. tempo de leitura":"6 minutos"},"schema":{"@context":"https:\/\/schema.org","@graph":[{"@type":"Article","@id":"https:\/\/diariodepe.com.br\/cri\/2024\/10\/01\/ao-comemorar-os-75-anos-da-republica-popular-da-china-xi-jinping-demonstra-confianca-no-futuro-brilhante-da-nacao\/#article","isPartOf":{"@id":"https:\/\/diariodepe.com.br\/cri\/2024\/10\/01\/ao-comemorar-os-75-anos-da-republica-popular-da-china-xi-jinping-demonstra-confianca-no-futuro-brilhante-da-nacao\/"},"author":{"name":"Ismael Lucas S. Pereira","@id":"https:\/\/diariodepe.com.br\/cri\/#\/schema\/person\/121bb28d84f1a5b1205ef4ce9c2e0c6b"},"headline":"Ao comemorar os 75 anos da Rep\u00fablica Popular da China, Xi Jinping demonstra confian\u00e7a no futuro brilhante da na\u00e7\u00e3o","datePublished":"2024-10-01T03:46:02+00:00","dateModified":"2024-10-01T06:16:15+00:00","mainEntityOfPage":{"@id":"https:\/\/diariodepe.com.br\/cri\/2024\/10\/01\/ao-comemorar-os-75-anos-da-republica-popular-da-china-xi-jinping-demonstra-confianca-no-futuro-brilhante-da-nacao\/"},"wordCount":994,"commentCount":0,"publisher":{"@id":"https:\/\/diariodepe.com.br\/cri\/#organization"},"image":{"@id":"https:\/\/diariodepe.com.br\/cri\/2024\/10\/01\/ao-comemorar-os-75-anos-da-republica-popular-da-china-xi-jinping-demonstra-confianca-no-futuro-brilhante-da-nacao\/#primaryimage"},"thumbnailUrl":"https:\/\/p2crires.cri.cn\/photoworkspace\/cri\/contentimg\/2024\/10\/01\/2024100114134438778.jpg","articleSection":["Vis\u00e3o"],"inLanguage":"pt-BR","potentialAction":[{"@type":"CommentAction","name":"Comment","target":["https:\/\/diariodepe.com.br\/cri\/2024\/10\/01\/ao-comemorar-os-75-anos-da-republica-popular-da-china-xi-jinping-demonstra-confianca-no-futuro-brilhante-da-nacao\/#respond"]}]},{"@type":"WebPage","@id":"https:\/\/diariodepe.com.br\/cri\/2024\/10\/01\/ao-comemorar-os-75-anos-da-republica-popular-da-china-xi-jinping-demonstra-confianca-no-futuro-brilhante-da-nacao\/","url":"https:\/\/diariodepe.com.br\/cri\/2024\/10\/01\/ao-comemorar-os-75-anos-da-republica-popular-da-china-xi-jinping-demonstra-confianca-no-futuro-brilhante-da-nacao\/","name":"Ao comemorar os 75 anos da Rep\u00fablica Popular da China, Xi Jinping demonstra confian\u00e7a no futuro brilhante da na\u00e7\u00e3o - CRI e Diario de Pernambuco","isPartOf":{"@id":"https:\/\/diariodepe.com.br\/cri\/#website"},"primaryImageOfPage":{"@id":"https:\/\/diariodepe.com.br\/cri\/2024\/10\/01\/ao-comemorar-os-75-anos-da-republica-popular-da-china-xi-jinping-demonstra-confianca-no-futuro-brilhante-da-nacao\/#primaryimage"},"image":{"@id":"https:\/\/diariodepe.com.br\/cri\/2024\/10\/01\/ao-comemorar-os-75-anos-da-republica-popular-da-china-xi-jinping-demonstra-confianca-no-futuro-brilhante-da-nacao\/#primaryimage"},"thumbnailUrl":"https:\/\/p2crires.cri.cn\/photoworkspace\/cri\/contentimg\/2024\/10\/01\/2024100114134438778.jpg","datePublished":"2024-10-01T03:46:02+00:00","dateModified":"2024-10-01T06:16:15+00:00","breadcrumb":{"@id":"https:\/\/diariodepe.com.br\/cri\/2024\/10\/01\/ao-comemorar-os-75-anos-da-republica-popular-da-china-xi-jinping-demonstra-confianca-no-futuro-brilhante-da-nacao\/#breadcrumb"},"inLanguage":"pt-BR","potentialAction":[{"@type":"ReadAction","target":["https:\/\/diariodepe.com.br\/cri\/2024\/10\/01\/ao-comemorar-os-75-anos-da-republica-popular-da-china-xi-jinping-demonstra-confianca-no-futuro-brilhante-da-nacao\/"]}]},{"@type":"ImageObject","inLanguage":"pt-BR","@id":"https:\/\/diariodepe.com.br\/cri\/2024\/10\/01\/ao-comemorar-os-75-anos-da-republica-popular-da-china-xi-jinping-demonstra-confianca-no-futuro-brilhante-da-nacao\/#primaryimage","url":"https:\/\/p2crires.cri.cn\/photoworkspace\/cri\/contentimg\/2024\/10\/01\/2024100114134438778.jpg","contentUrl":"https:\/\/p2crires.cri.cn\/photoworkspace\/cri\/contentimg\/2024\/10\/01\/2024100114134438778.jpg"},{"@type":"BreadcrumbList","@id":"https:\/\/diariodepe.com.br\/cri\/2024\/10\/01\/ao-comemorar-os-75-anos-da-republica-popular-da-china-xi-jinping-demonstra-confianca-no-futuro-brilhante-da-nacao\/#breadcrumb","itemListElement":[{"@type":"ListItem","position":1,"name":"In\u00edcio","item":"https:\/\/diariodepe.com.br\/cri\/"},{"@type":"ListItem","position":2,"name":"Ao comemorar os 75 anos da Rep\u00fablica Popular da China, Xi Jinping demonstra confian\u00e7a no futuro brilhante da na\u00e7\u00e3o"}]},{"@type":"WebSite","@id":"https:\/\/diariodepe.com.br\/cri\/#website","url":"https:\/\/diariodepe.com.br\/cri\/","name":"CRI e Diario de Pernambuco","description":"R\u00e1dio Internacional da China","publisher":{"@id":"https:\/\/diariodepe.com.br\/cri\/#organization"},"potentialAction":[{"@type":"SearchAction","target":{"@type":"EntryPoint","urlTemplate":"https:\/\/diariodepe.com.br\/cri\/?s={search_term_string}"},"query-input":{"@type":"PropertyValueSpecification","valueRequired":true,"valueName":"search_term_string"}}],"inLanguage":"pt-BR"},{"@type":"Organization","@id":"https:\/\/diariodepe.com.br\/cri\/#organization","name":"CRI e Diario de Pernambuco","url":"https:\/\/diariodepe.com.br\/cri\/","logo":{"@type":"ImageObject","inLanguage":"pt-BR","@id":"https:\/\/diariodepe.com.br\/cri\/#\/schema\/logo\/image\/","url":"https:\/\/diariodepe.com.br\/cri\/wp-content\/uploads\/sites\/2\/2022\/12\/cropped-Logo.jpg","contentUrl":"https:\/\/diariodepe.com.br\/cri\/wp-content\/uploads\/sites\/2\/2022\/12\/cropped-Logo.jpg","width":700,"height":59,"caption":"CRI e Diario de Pernambuco"},"image":{"@id":"https:\/\/diariodepe.com.br\/cri\/#\/schema\/logo\/image\/"}},{"@type":"Person","@id":"https:\/\/diariodepe.com.br\/cri\/#\/schema\/person\/121bb28d84f1a5b1205ef4ce9c2e0c6b","name":"Ismael Lucas S. Pereira","image":{"@type":"ImageObject","inLanguage":"pt-BR","@id":"https:\/\/secure.gravatar.com\/avatar\/887a0f3b5a7ceea963a48499fb883ffce6b5037362def025c52c2505b15d63e4?s=96&d=mm&r=g","url":"https:\/\/secure.gravatar.com\/avatar\/887a0f3b5a7ceea963a48499fb883ffce6b5037362def025c52c2505b15d63e4?s=96&d=mm&r=g","contentUrl":"https:\/\/secure.gravatar.com\/avatar\/887a0f3b5a7ceea963a48499fb883ffce6b5037362def025c52c2505b15d63e4?s=96&d=mm&r=g","caption":"Ismael Lucas S. Pereira"},"url":"https:\/\/diariodepe.com.br\/cri\/author\/ismael-lucas\/"}]}},"cc_featured_image_caption":{"caption_text":false,"source_text":false,"source_url":false},"amp_enabled":true,"_links":{"self":[{"href":"https:\/\/diariodepe.com.br\/cri\/wp-json\/wp\/v2\/posts\/6331","targetHints":{"allow":["GET"]}}],"collection":[{"href":"https:\/\/diariodepe.com.br\/cri\/wp-json\/wp\/v2\/posts"}],"about":[{"href":"https:\/\/diariodepe.com.br\/cri\/wp-json\/wp\/v2\/types\/post"}],"author":[{"embeddable":true,"href":"https:\/\/diariodepe.com.br\/cri\/wp-json\/wp\/v2\/users\/2"}],"replies":[{"embeddable":true,"href":"https:\/\/diariodepe.com.br\/cri\/wp-json\/wp\/v2\/comments?post=6331"}],"version-history":[{"count":5,"href":"https:\/\/diariodepe.com.br\/cri\/wp-json\/wp\/v2\/posts\/6331\/revisions"}],"predecessor-version":[{"id":6336,"href":"https:\/\/diariodepe.com.br\/cri\/wp-json\/wp\/v2\/posts\/6331\/revisions\/6336"}],"wp:attachment":[{"href":"https:\/\/diariodepe.com.br\/cri\/wp-json\/wp\/v2\/media?parent=6331"}],"wp:term":[{"taxonomy":"category","embeddable":true,"href":"https:\/\/diariodepe.com.br\/cri\/wp-json\/wp\/v2\/categories?post=6331"},{"taxonomy":"post_tag","embeddable":true,"href":"https:\/\/diariodepe.com.br\/cri\/wp-json\/wp\/v2\/tags?post=6331"}],"curies":[{"name":"wp","href":"https:\/\/api.w.org\/{rel}","templated":true}]}}