{"id":6310,"date":"2024-07-26T02:55:40","date_gmt":"2024-07-26T05:55:40","guid":{"rendered":"https:\/\/diariodepe.com.br\/cri\/?p=6310"},"modified":"2024-09-27T23:56:46","modified_gmt":"2024-09-28T02:56:46","slug":"veiculo-de-transmissao-em-8k-china-red-do-cmg-entra-em-uso-em-paris","status":"publish","type":"post","link":"https:\/\/diariodepe.com.br\/cri\/2024\/07\/26\/veiculo-de-transmissao-em-8k-china-red-do-cmg-entra-em-uso-em-paris\/","title":{"rendered":"Ve\u00edculo de transmiss\u00e3o em 8K \u201cChina Red\u201d do CMG entra em uso em Paris"},"content":{"rendered":"<div class=\"col_w720\">\n<div class=\"portuguese_details\">\n<div id=\"abody\" class=\"abody\">\n<p class=\"photo_img_20190808\"><img decoding=\"async\" class=\"aligncenter\" src=\"https:\/\/p3crires.cri.cn\/photoworkspace\/cri\/contentimg\/2024\/07\/25\/2024072520055980877.jpg\" alt=\"\" width=\"1000\" \/><\/p>\n<p>O\u00a0ve\u00edculo de transmiss\u00e3o em 8K \u201cChina Red\u201d, do Grupo de M\u00eddia da China (CMG, na sigla em ingl\u00eas), foi entregue hoje (25) \u00e0 equipe de produ\u00e7\u00e3o do programa e entrou em uso oficialmente\u00a0em Paris.\u00a0Esta ser\u00e1 a primeira vez que o \u201cChina Red\u201d\u00a0assumir\u00e1 a gera\u00e7\u00e3o de sinal aberto em 8K nas Olimp\u00edadas de Ver\u00e3o, fornecendo-o ao mundo nas competi\u00e7\u00f5es de atletismo e na cerim\u00f4nia de encerramento dos Jogos Ol\u00edmpicos de Paris.<\/p>\n<p>O\u00a0vice-chefe do Departamento de Comunica\u00e7\u00e3o do Comit\u00ea Central do Partido Comunista da China e presidente do CMG, Shen Haixiong, afirmou que\u00a0isso n\u00e3o apenas representa mais um avan\u00e7o na cobertura dos Jogos Ol\u00edmpicos pelo CMG\u00a0e at\u00e9 mesmo pela m\u00eddia chinesa, mas tamb\u00e9m simboliza que a ci\u00eancia e a tecnologia da China atingiram um n\u00edvel de lideran\u00e7a mundial.<\/p>\n<p>&nbsp;<\/p>\n<\/div>\n<\/div>\n<\/div>\n<p>&nbsp;<\/p>\n","protected":false},"excerpt":{"rendered":"<p>O\u00a0ve\u00edculo de transmiss\u00e3o em 8K \u201cChina Red\u201d, do Grupo de M\u00eddia da China (CMG, na sigla em ingl\u00eas), foi entregue hoje (25) \u00e0 equipe de produ\u00e7\u00e3o do programa e entrou em uso oficialmente\u00a0em Paris.\u00a0Esta ser\u00e1 a primeira vez que o&#8230;<\/p>\n","protected":false},"author":2,"featured_media":0,"comment_status":"open","ping_status":"open","sticky":false,"template":"","format":"standard","meta":{"footnotes":""},"categories":[3],"tags":[],"class_list":["post-6310","post","type-post","status-publish","format-standard","hentry","category-china"],"yoast_head":"<!-- This site is optimized with the Yoast SEO plugin v27.4 - https:\/\/yoast.com\/product\/yoast-seo-wordpress\/ -->\n<title>Ve\u00edculo de transmiss\u00e3o em 8K \u201cChina Red\u201d do CMG entra em uso em Paris - CRI e Diario de Pernambuco<\/title>\n<meta name=\"robots\" content=\"index, follow, max-snippet:-1, max-image-preview:large, max-video-preview:-1\" \/>\n<link rel=\"canonical\" href=\"https:\/\/diariodepe.com.br\/cri\/2024\/07\/26\/veiculo-de-transmissao-em-8k-china-red-do-cmg-entra-em-uso-em-paris\/\" \/>\n<meta property=\"og:locale\" content=\"pt_BR\" \/>\n<meta property=\"og:type\" content=\"article\" \/>\n<meta property=\"og:title\" content=\"Ve\u00edculo de transmiss\u00e3o em 8K \u201cChina Red\u201d do CMG entra em uso em Paris - CRI e Diario de Pernambuco\" \/>\n<meta property=\"og:description\" content=\"O\u00a0ve\u00edculo de transmiss\u00e3o em 8K \u201cChina Red\u201d, do Grupo de M\u00eddia da China (CMG, na sigla em ingl\u00eas), foi entregue hoje (25) \u00e0 equipe de produ\u00e7\u00e3o do programa e entrou em uso oficialmente\u00a0em Paris.\u00a0Esta ser\u00e1 a primeira vez que o...\" \/>\n<meta property=\"og:url\" content=\"https:\/\/diariodepe.com.br\/cri\/2024\/07\/26\/veiculo-de-transmissao-em-8k-china-red-do-cmg-entra-em-uso-em-paris\/\" \/>\n<meta property=\"og:site_name\" content=\"CRI e Diario de Pernambuco\" \/>\n<meta property=\"article:published_time\" content=\"2024-07-26T05:55:40+00:00\" \/>\n<meta property=\"article:modified_time\" content=\"2024-09-28T02:56:46+00:00\" \/>\n<meta property=\"og:image\" content=\"https:\/\/p3crires.cri.cn\/photoworkspace\/cri\/contentimg\/2024\/07\/25\/2024072520055980877.jpg\" \/>\n<meta name=\"author\" content=\"Ismael Lucas S. Pereira\" \/>\n<meta name=\"twitter:card\" content=\"summary_large_image\" \/>\n<meta name=\"twitter:label1\" content=\"Escrito por\" \/>\n\t<meta name=\"twitter:data1\" content=\"Ismael Lucas S. Pereira\" \/>\n\t<meta name=\"twitter:label2\" content=\"Est. tempo de leitura\" \/>\n\t<meta name=\"twitter:data2\" content=\"1 minuto\" \/>\n<script type=\"application\/ld+json\" class=\"yoast-schema-graph\">{\"@context\":\"https:\\\/\\\/schema.org\",\"@graph\":[{\"@type\":\"Article\",\"@id\":\"https:\\\/\\\/diariodepe.com.br\\\/cri\\\/2024\\\/07\\\/26\\\/veiculo-de-transmissao-em-8k-china-red-do-cmg-entra-em-uso-em-paris\\\/#article\",\"isPartOf\":{\"@id\":\"https:\\\/\\\/diariodepe.com.br\\\/cri\\\/2024\\\/07\\\/26\\\/veiculo-de-transmissao-em-8k-china-red-do-cmg-entra-em-uso-em-paris\\\/\"},\"author\":{\"name\":\"Ismael Lucas S. Pereira\",\"@id\":\"https:\\\/\\\/diariodepe.com.br\\\/cri\\\/#\\\/schema\\\/person\\\/121bb28d84f1a5b1205ef4ce9c2e0c6b\"},\"headline\":\"Ve\u00edculo de transmiss\u00e3o em 8K \u201cChina Red\u201d do CMG entra em uso em Paris\",\"datePublished\":\"2024-07-26T05:55:40+00:00\",\"dateModified\":\"2024-09-28T02:56:46+00:00\",\"mainEntityOfPage\":{\"@id\":\"https:\\\/\\\/diariodepe.com.br\\\/cri\\\/2024\\\/07\\\/26\\\/veiculo-de-transmissao-em-8k-china-red-do-cmg-entra-em-uso-em-paris\\\/\"},\"wordCount\":169,\"commentCount\":0,\"publisher\":{\"@id\":\"https:\\\/\\\/diariodepe.com.br\\\/cri\\\/#organization\"},\"image\":{\"@id\":\"https:\\\/\\\/diariodepe.com.br\\\/cri\\\/2024\\\/07\\\/26\\\/veiculo-de-transmissao-em-8k-china-red-do-cmg-entra-em-uso-em-paris\\\/#primaryimage\"},\"thumbnailUrl\":\"https:\\\/\\\/p3crires.cri.cn\\\/photoworkspace\\\/cri\\\/contentimg\\\/2024\\\/07\\\/25\\\/2024072520055980877.jpg\",\"articleSection\":[\"China\"],\"inLanguage\":\"pt-BR\",\"potentialAction\":[{\"@type\":\"CommentAction\",\"name\":\"Comment\",\"target\":[\"https:\\\/\\\/diariodepe.com.br\\\/cri\\\/2024\\\/07\\\/26\\\/veiculo-de-transmissao-em-8k-china-red-do-cmg-entra-em-uso-em-paris\\\/#respond\"]}]},{\"@type\":\"WebPage\",\"@id\":\"https:\\\/\\\/diariodepe.com.br\\\/cri\\\/2024\\\/07\\\/26\\\/veiculo-de-transmissao-em-8k-china-red-do-cmg-entra-em-uso-em-paris\\\/\",\"url\":\"https:\\\/\\\/diariodepe.com.br\\\/cri\\\/2024\\\/07\\\/26\\\/veiculo-de-transmissao-em-8k-china-red-do-cmg-entra-em-uso-em-paris\\\/\",\"name\":\"Ve\u00edculo de transmiss\u00e3o em 8K \u201cChina Red\u201d do CMG entra em uso em Paris - CRI e Diario de Pernambuco\",\"isPartOf\":{\"@id\":\"https:\\\/\\\/diariodepe.com.br\\\/cri\\\/#website\"},\"primaryImageOfPage\":{\"@id\":\"https:\\\/\\\/diariodepe.com.br\\\/cri\\\/2024\\\/07\\\/26\\\/veiculo-de-transmissao-em-8k-china-red-do-cmg-entra-em-uso-em-paris\\\/#primaryimage\"},\"image\":{\"@id\":\"https:\\\/\\\/diariodepe.com.br\\\/cri\\\/2024\\\/07\\\/26\\\/veiculo-de-transmissao-em-8k-china-red-do-cmg-entra-em-uso-em-paris\\\/#primaryimage\"},\"thumbnailUrl\":\"https:\\\/\\\/p3crires.cri.cn\\\/photoworkspace\\\/cri\\\/contentimg\\\/2024\\\/07\\\/25\\\/2024072520055980877.jpg\",\"datePublished\":\"2024-07-26T05:55:40+00:00\",\"dateModified\":\"2024-09-28T02:56:46+00:00\",\"breadcrumb\":{\"@id\":\"https:\\\/\\\/diariodepe.com.br\\\/cri\\\/2024\\\/07\\\/26\\\/veiculo-de-transmissao-em-8k-china-red-do-cmg-entra-em-uso-em-paris\\\/#breadcrumb\"},\"inLanguage\":\"pt-BR\",\"potentialAction\":[{\"@type\":\"ReadAction\",\"target\":[\"https:\\\/\\\/diariodepe.com.br\\\/cri\\\/2024\\\/07\\\/26\\\/veiculo-de-transmissao-em-8k-china-red-do-cmg-entra-em-uso-em-paris\\\/\"]}]},{\"@type\":\"ImageObject\",\"inLanguage\":\"pt-BR\",\"@id\":\"https:\\\/\\\/diariodepe.com.br\\\/cri\\\/2024\\\/07\\\/26\\\/veiculo-de-transmissao-em-8k-china-red-do-cmg-entra-em-uso-em-paris\\\/#primaryimage\",\"url\":\"https:\\\/\\\/p3crires.cri.cn\\\/photoworkspace\\\/cri\\\/contentimg\\\/2024\\\/07\\\/25\\\/2024072520055980877.jpg\",\"contentUrl\":\"https:\\\/\\\/p3crires.cri.cn\\\/photoworkspace\\\/cri\\\/contentimg\\\/2024\\\/07\\\/25\\\/2024072520055980877.jpg\"},{\"@type\":\"BreadcrumbList\",\"@id\":\"https:\\\/\\\/diariodepe.com.br\\\/cri\\\/2024\\\/07\\\/26\\\/veiculo-de-transmissao-em-8k-china-red-do-cmg-entra-em-uso-em-paris\\\/#breadcrumb\",\"itemListElement\":[{\"@type\":\"ListItem\",\"position\":1,\"name\":\"In\u00edcio\",\"item\":\"https:\\\/\\\/diariodepe.com.br\\\/cri\\\/\"},{\"@type\":\"ListItem\",\"position\":2,\"name\":\"Ve\u00edculo de transmiss\u00e3o em 8K \u201cChina Red\u201d do CMG entra em uso em Paris\"}]},{\"@type\":\"WebSite\",\"@id\":\"https:\\\/\\\/diariodepe.com.br\\\/cri\\\/#website\",\"url\":\"https:\\\/\\\/diariodepe.com.br\\\/cri\\\/\",\"name\":\"CRI e Diario de Pernambuco\",\"description\":\"R\u00e1dio Internacional da China\",\"publisher\":{\"@id\":\"https:\\\/\\\/diariodepe.com.br\\\/cri\\\/#organization\"},\"potentialAction\":[{\"@type\":\"SearchAction\",\"target\":{\"@type\":\"EntryPoint\",\"urlTemplate\":\"https:\\\/\\\/diariodepe.com.br\\\/cri\\\/?s={search_term_string}\"},\"query-input\":{\"@type\":\"PropertyValueSpecification\",\"valueRequired\":true,\"valueName\":\"search_term_string\"}}],\"inLanguage\":\"pt-BR\"},{\"@type\":\"Organization\",\"@id\":\"https:\\\/\\\/diariodepe.com.br\\\/cri\\\/#organization\",\"name\":\"CRI e Diario de Pernambuco\",\"url\":\"https:\\\/\\\/diariodepe.com.br\\\/cri\\\/\",\"logo\":{\"@type\":\"ImageObject\",\"inLanguage\":\"pt-BR\",\"@id\":\"https:\\\/\\\/diariodepe.com.br\\\/cri\\\/#\\\/schema\\\/logo\\\/image\\\/\",\"url\":\"https:\\\/\\\/diariodepe.com.br\\\/cri\\\/wp-content\\\/uploads\\\/sites\\\/2\\\/2022\\\/12\\\/cropped-Logo.jpg\",\"contentUrl\":\"https:\\\/\\\/diariodepe.com.br\\\/cri\\\/wp-content\\\/uploads\\\/sites\\\/2\\\/2022\\\/12\\\/cropped-Logo.jpg\",\"width\":700,\"height\":59,\"caption\":\"CRI e Diario de Pernambuco\"},\"image\":{\"@id\":\"https:\\\/\\\/diariodepe.com.br\\\/cri\\\/#\\\/schema\\\/logo\\\/image\\\/\"}},{\"@type\":\"Person\",\"@id\":\"https:\\\/\\\/diariodepe.com.br\\\/cri\\\/#\\\/schema\\\/person\\\/121bb28d84f1a5b1205ef4ce9c2e0c6b\",\"name\":\"Ismael Lucas S. Pereira\",\"image\":{\"@type\":\"ImageObject\",\"inLanguage\":\"pt-BR\",\"@id\":\"https:\\\/\\\/secure.gravatar.com\\\/avatar\\\/887a0f3b5a7ceea963a48499fb883ffce6b5037362def025c52c2505b15d63e4?s=96&d=mm&r=g\",\"url\":\"https:\\\/\\\/secure.gravatar.com\\\/avatar\\\/887a0f3b5a7ceea963a48499fb883ffce6b5037362def025c52c2505b15d63e4?s=96&d=mm&r=g\",\"contentUrl\":\"https:\\\/\\\/secure.gravatar.com\\\/avatar\\\/887a0f3b5a7ceea963a48499fb883ffce6b5037362def025c52c2505b15d63e4?s=96&d=mm&r=g\",\"caption\":\"Ismael Lucas S. Pereira\"},\"url\":\"https:\\\/\\\/diariodepe.com.br\\\/cri\\\/author\\\/ismael-lucas\\\/\"}]}<\/script>\n<!-- \/ Yoast SEO plugin. -->","yoast_head_json":{"title":"Ve\u00edculo de transmiss\u00e3o em 8K \u201cChina Red\u201d do CMG entra em uso em Paris - CRI e Diario de Pernambuco","robots":{"index":"index","follow":"follow","max-snippet":"max-snippet:-1","max-image-preview":"max-image-preview:large","max-video-preview":"max-video-preview:-1"},"canonical":"https:\/\/diariodepe.com.br\/cri\/2024\/07\/26\/veiculo-de-transmissao-em-8k-china-red-do-cmg-entra-em-uso-em-paris\/","og_locale":"pt_BR","og_type":"article","og_title":"Ve\u00edculo de transmiss\u00e3o em 8K \u201cChina Red\u201d do CMG entra em uso em Paris - CRI e Diario de Pernambuco","og_description":"O\u00a0ve\u00edculo de transmiss\u00e3o em 8K \u201cChina Red\u201d, do Grupo de M\u00eddia da China (CMG, na sigla em ingl\u00eas), foi entregue hoje (25) \u00e0 equipe de produ\u00e7\u00e3o do programa e entrou em uso oficialmente\u00a0em Paris.\u00a0Esta ser\u00e1 a primeira vez que o...","og_url":"https:\/\/diariodepe.com.br\/cri\/2024\/07\/26\/veiculo-de-transmissao-em-8k-china-red-do-cmg-entra-em-uso-em-paris\/","og_site_name":"CRI e Diario de Pernambuco","article_published_time":"2024-07-26T05:55:40+00:00","article_modified_time":"2024-09-28T02:56:46+00:00","og_image":[{"url":"https:\/\/p3crires.cri.cn\/photoworkspace\/cri\/contentimg\/2024\/07\/25\/2024072520055980877.jpg","type":"","width":"","height":""}],"author":"Ismael Lucas S. Pereira","twitter_card":"summary_large_image","twitter_misc":{"Escrito por":"Ismael Lucas S. Pereira","Est. tempo de leitura":"1 minuto"},"schema":{"@context":"https:\/\/schema.org","@graph":[{"@type":"Article","@id":"https:\/\/diariodepe.com.br\/cri\/2024\/07\/26\/veiculo-de-transmissao-em-8k-china-red-do-cmg-entra-em-uso-em-paris\/#article","isPartOf":{"@id":"https:\/\/diariodepe.com.br\/cri\/2024\/07\/26\/veiculo-de-transmissao-em-8k-china-red-do-cmg-entra-em-uso-em-paris\/"},"author":{"name":"Ismael Lucas S. Pereira","@id":"https:\/\/diariodepe.com.br\/cri\/#\/schema\/person\/121bb28d84f1a5b1205ef4ce9c2e0c6b"},"headline":"Ve\u00edculo de transmiss\u00e3o em 8K \u201cChina Red\u201d do CMG entra em uso em Paris","datePublished":"2024-07-26T05:55:40+00:00","dateModified":"2024-09-28T02:56:46+00:00","mainEntityOfPage":{"@id":"https:\/\/diariodepe.com.br\/cri\/2024\/07\/26\/veiculo-de-transmissao-em-8k-china-red-do-cmg-entra-em-uso-em-paris\/"},"wordCount":169,"commentCount":0,"publisher":{"@id":"https:\/\/diariodepe.com.br\/cri\/#organization"},"image":{"@id":"https:\/\/diariodepe.com.br\/cri\/2024\/07\/26\/veiculo-de-transmissao-em-8k-china-red-do-cmg-entra-em-uso-em-paris\/#primaryimage"},"thumbnailUrl":"https:\/\/p3crires.cri.cn\/photoworkspace\/cri\/contentimg\/2024\/07\/25\/2024072520055980877.jpg","articleSection":["China"],"inLanguage":"pt-BR","potentialAction":[{"@type":"CommentAction","name":"Comment","target":["https:\/\/diariodepe.com.br\/cri\/2024\/07\/26\/veiculo-de-transmissao-em-8k-china-red-do-cmg-entra-em-uso-em-paris\/#respond"]}]},{"@type":"WebPage","@id":"https:\/\/diariodepe.com.br\/cri\/2024\/07\/26\/veiculo-de-transmissao-em-8k-china-red-do-cmg-entra-em-uso-em-paris\/","url":"https:\/\/diariodepe.com.br\/cri\/2024\/07\/26\/veiculo-de-transmissao-em-8k-china-red-do-cmg-entra-em-uso-em-paris\/","name":"Ve\u00edculo de transmiss\u00e3o em 8K \u201cChina Red\u201d do CMG entra em uso em Paris - CRI e Diario de Pernambuco","isPartOf":{"@id":"https:\/\/diariodepe.com.br\/cri\/#website"},"primaryImageOfPage":{"@id":"https:\/\/diariodepe.com.br\/cri\/2024\/07\/26\/veiculo-de-transmissao-em-8k-china-red-do-cmg-entra-em-uso-em-paris\/#primaryimage"},"image":{"@id":"https:\/\/diariodepe.com.br\/cri\/2024\/07\/26\/veiculo-de-transmissao-em-8k-china-red-do-cmg-entra-em-uso-em-paris\/#primaryimage"},"thumbnailUrl":"https:\/\/p3crires.cri.cn\/photoworkspace\/cri\/contentimg\/2024\/07\/25\/2024072520055980877.jpg","datePublished":"2024-07-26T05:55:40+00:00","dateModified":"2024-09-28T02:56:46+00:00","breadcrumb":{"@id":"https:\/\/diariodepe.com.br\/cri\/2024\/07\/26\/veiculo-de-transmissao-em-8k-china-red-do-cmg-entra-em-uso-em-paris\/#breadcrumb"},"inLanguage":"pt-BR","potentialAction":[{"@type":"ReadAction","target":["https:\/\/diariodepe.com.br\/cri\/2024\/07\/26\/veiculo-de-transmissao-em-8k-china-red-do-cmg-entra-em-uso-em-paris\/"]}]},{"@type":"ImageObject","inLanguage":"pt-BR","@id":"https:\/\/diariodepe.com.br\/cri\/2024\/07\/26\/veiculo-de-transmissao-em-8k-china-red-do-cmg-entra-em-uso-em-paris\/#primaryimage","url":"https:\/\/p3crires.cri.cn\/photoworkspace\/cri\/contentimg\/2024\/07\/25\/2024072520055980877.jpg","contentUrl":"https:\/\/p3crires.cri.cn\/photoworkspace\/cri\/contentimg\/2024\/07\/25\/2024072520055980877.jpg"},{"@type":"BreadcrumbList","@id":"https:\/\/diariodepe.com.br\/cri\/2024\/07\/26\/veiculo-de-transmissao-em-8k-china-red-do-cmg-entra-em-uso-em-paris\/#breadcrumb","itemListElement":[{"@type":"ListItem","position":1,"name":"In\u00edcio","item":"https:\/\/diariodepe.com.br\/cri\/"},{"@type":"ListItem","position":2,"name":"Ve\u00edculo de transmiss\u00e3o em 8K \u201cChina Red\u201d do CMG entra em uso em Paris"}]},{"@type":"WebSite","@id":"https:\/\/diariodepe.com.br\/cri\/#website","url":"https:\/\/diariodepe.com.br\/cri\/","name":"CRI e Diario de Pernambuco","description":"R\u00e1dio Internacional da China","publisher":{"@id":"https:\/\/diariodepe.com.br\/cri\/#organization"},"potentialAction":[{"@type":"SearchAction","target":{"@type":"EntryPoint","urlTemplate":"https:\/\/diariodepe.com.br\/cri\/?s={search_term_string}"},"query-input":{"@type":"PropertyValueSpecification","valueRequired":true,"valueName":"search_term_string"}}],"inLanguage":"pt-BR"},{"@type":"Organization","@id":"https:\/\/diariodepe.com.br\/cri\/#organization","name":"CRI e Diario de Pernambuco","url":"https:\/\/diariodepe.com.br\/cri\/","logo":{"@type":"ImageObject","inLanguage":"pt-BR","@id":"https:\/\/diariodepe.com.br\/cri\/#\/schema\/logo\/image\/","url":"https:\/\/diariodepe.com.br\/cri\/wp-content\/uploads\/sites\/2\/2022\/12\/cropped-Logo.jpg","contentUrl":"https:\/\/diariodepe.com.br\/cri\/wp-content\/uploads\/sites\/2\/2022\/12\/cropped-Logo.jpg","width":700,"height":59,"caption":"CRI e Diario de Pernambuco"},"image":{"@id":"https:\/\/diariodepe.com.br\/cri\/#\/schema\/logo\/image\/"}},{"@type":"Person","@id":"https:\/\/diariodepe.com.br\/cri\/#\/schema\/person\/121bb28d84f1a5b1205ef4ce9c2e0c6b","name":"Ismael Lucas S. Pereira","image":{"@type":"ImageObject","inLanguage":"pt-BR","@id":"https:\/\/secure.gravatar.com\/avatar\/887a0f3b5a7ceea963a48499fb883ffce6b5037362def025c52c2505b15d63e4?s=96&d=mm&r=g","url":"https:\/\/secure.gravatar.com\/avatar\/887a0f3b5a7ceea963a48499fb883ffce6b5037362def025c52c2505b15d63e4?s=96&d=mm&r=g","contentUrl":"https:\/\/secure.gravatar.com\/avatar\/887a0f3b5a7ceea963a48499fb883ffce6b5037362def025c52c2505b15d63e4?s=96&d=mm&r=g","caption":"Ismael Lucas S. Pereira"},"url":"https:\/\/diariodepe.com.br\/cri\/author\/ismael-lucas\/"}]}},"cc_featured_image_caption":{"caption_text":false,"source_text":false,"source_url":false},"amp_enabled":true,"_links":{"self":[{"href":"https:\/\/diariodepe.com.br\/cri\/wp-json\/wp\/v2\/posts\/6310","targetHints":{"allow":["GET"]}}],"collection":[{"href":"https:\/\/diariodepe.com.br\/cri\/wp-json\/wp\/v2\/posts"}],"about":[{"href":"https:\/\/diariodepe.com.br\/cri\/wp-json\/wp\/v2\/types\/post"}],"author":[{"embeddable":true,"href":"https:\/\/diariodepe.com.br\/cri\/wp-json\/wp\/v2\/users\/2"}],"replies":[{"embeddable":true,"href":"https:\/\/diariodepe.com.br\/cri\/wp-json\/wp\/v2\/comments?post=6310"}],"version-history":[{"count":1,"href":"https:\/\/diariodepe.com.br\/cri\/wp-json\/wp\/v2\/posts\/6310\/revisions"}],"predecessor-version":[{"id":6311,"href":"https:\/\/diariodepe.com.br\/cri\/wp-json\/wp\/v2\/posts\/6310\/revisions\/6311"}],"wp:attachment":[{"href":"https:\/\/diariodepe.com.br\/cri\/wp-json\/wp\/v2\/media?parent=6310"}],"wp:term":[{"taxonomy":"category","embeddable":true,"href":"https:\/\/diariodepe.com.br\/cri\/wp-json\/wp\/v2\/categories?post=6310"},{"taxonomy":"post_tag","embeddable":true,"href":"https:\/\/diariodepe.com.br\/cri\/wp-json\/wp\/v2\/tags?post=6310"}],"curies":[{"name":"wp","href":"https:\/\/api.w.org\/{rel}","templated":true}]}}