{"id":631,"date":"2023-02-21T05:27:31","date_gmt":"2023-02-21T08:27:31","guid":{"rendered":"https:\/\/diariodepe.com.br\/cri\/?p=631"},"modified":"2023-02-21T05:27:34","modified_gmt":"2023-02-21T08:27:34","slug":"comentario-descarrilamento-de-trens-reflete-problemas-estruturais-do-setor-ferroviario-dos-eua","status":"publish","type":"post","link":"https:\/\/diariodepe.com.br\/cri\/2023\/02\/21\/comentario-descarrilamento-de-trens-reflete-problemas-estruturais-do-setor-ferroviario-dos-eua\/","title":{"rendered":"<strong>Coment\u00e1rio: Descarrilamento de trens reflete problemas estruturais do setor ferrovi\u00e1rio dos EUA<\/strong>"},"content":{"rendered":"\n<p>No in\u00edcio deste m\u00eas, um trem de carga da Norfolk Southern transportando materiais qu\u00edmicos descarrilou em East Palestine, no estado de Ohio, Estados Unidos. As poss\u00edveis polui\u00e7\u00f5es causadas pelo incidente continuam preocupando os norte-americanos. Mas, nos \u00faltimos dias, semelhantes acidentes ocorreram no Texas e na Carolina do Sul. O cidad\u00e3o estadunidense precisa questionar quais s\u00e3o as raz\u00f5es para os frequentes acidentes nas ferrovias do pa\u00eds?<\/p>\n\n\n\n<p>Conforme uma reportagem da Newsweek, em menos de dois meses, j\u00e1 aconteceram mais de 10 descarrilamentos de trens nos EUA e anualmente o n\u00famero \u00e9 1.700. E as estat\u00edsticas do Departamento de Transporte dos EUA mostram que 4,5 milh\u00f5es de toneladas de produtos qu\u00edmicos t\u00f3xicos s\u00e3o transportados por ferrovias. Isso significa que os acidentes ferrovi\u00e1rios s\u00e3o muito perigosos.<\/p>\n\n\n\n<p>Se analisarem mais profundamente, n\u00e3o \u00e9 dif\u00edcil considerar que os desastres nas ferrovias norte-americanas s\u00e3o resultado da busca pelo m\u00e1ximo lucro pelas companhias. Para elas, as ferrovias s\u00e3o uma ferramenta de ganhar dinheiro em vez de uma importante infraestrutura.<\/p>\n\n\n\n<p>Por exemplo, nos \u00faltimos anos, a Norfolk Southern, dono do trem descarrilado no estado de Ohio, vem diminuindo seus investimentos em seguran\u00e7a e em manuten\u00e7\u00e3o dos trens, aumentando a frequ\u00eancia dos trens e reduzindo funcion\u00e1rios. Como consequ\u00eancia, o lucro da empresa atingiu US$ 12,7 bilh\u00f5es em 2022, crescendo 14% em compara\u00e7\u00e3o com o ano anterior.<\/p>\n\n\n\n<p>No entanto, sob essa procura pelo maior lucro poss\u00edvel, o desastre do estado de Ohio n\u00e3o seria ocasional, mas inevit\u00e1vel. O acidente revelou os problemas estruturais do modelo de desenvolvimento do setor ferrovi\u00e1rio dos EUA. Al\u00e9m disso, destacou tamb\u00e9m, em um n\u00edvel macro, as defici\u00eancias do neoliberalismo que orienta o desenvolvimento do mundo ocidental ap\u00f3s a Guerra Fria. Este conceito enfatiza a efici\u00eancia econ\u00f4mica, mas n\u00e3o se importa com a administra\u00e7\u00e3o e custos necess\u00e1rios.<\/p>\n\n\n\n<p>\u201c\u00c9 inacredit\u00e1vel.\u201d \u201cEsse \u00e9 nosso pa\u00eds?\u201d \u201cPorque o nosso pa\u00eds se tornou assim?\u201d Os coment\u00e1rios dos internautas norte-americanos s\u00e3o reflex\u00f5es. Num caminho errado h\u00e1 dezenas de anos, os EUA j\u00e1 contam com muitos riscos sistem\u00e1ticos e precisam reformas estruturais para melhorar suas infraestruturas.<\/p>\n","protected":false},"excerpt":{"rendered":"<p>No in\u00edcio deste m\u00eas, um trem de carga da Norfolk Southern transportando materiais qu\u00edmicos descarrilou em East Palestine, no estado de Ohio, Estados Unidos. As poss\u00edveis polui\u00e7\u00f5es causadas pelo incidente continuam preocupando os norte-americanos. Mas, nos \u00faltimos dias, semelhantes acidentes&#8230;<\/p>\n","protected":false},"author":2,"featured_media":632,"comment_status":"open","ping_status":"open","sticky":false,"template":"","format":"standard","meta":{"footnotes":""},"categories":[7],"tags":[],"class_list":["post-631","post","type-post","status-publish","format-standard","has-post-thumbnail","hentry","category-visao"],"yoast_head":"<!-- This site is optimized with the Yoast SEO plugin v27.4 - https:\/\/yoast.com\/product\/yoast-seo-wordpress\/ -->\n<title>Coment\u00e1rio: Descarrilamento de trens reflete problemas estruturais do setor ferrovi\u00e1rio dos EUA - CRI e Diario de Pernambuco<\/title>\n<meta name=\"robots\" content=\"index, follow, max-snippet:-1, max-image-preview:large, max-video-preview:-1\" \/>\n<link rel=\"canonical\" href=\"https:\/\/diariodepe.com.br\/cri\/2023\/02\/21\/comentario-descarrilamento-de-trens-reflete-problemas-estruturais-do-setor-ferroviario-dos-eua\/\" \/>\n<meta property=\"og:locale\" content=\"pt_BR\" \/>\n<meta property=\"og:type\" content=\"article\" \/>\n<meta property=\"og:title\" content=\"Coment\u00e1rio: Descarrilamento de trens reflete problemas estruturais do setor ferrovi\u00e1rio dos EUA - CRI e Diario de Pernambuco\" \/>\n<meta property=\"og:description\" content=\"No in\u00edcio deste m\u00eas, um trem de carga da Norfolk Southern transportando materiais qu\u00edmicos descarrilou em East Palestine, no estado de Ohio, Estados Unidos. As poss\u00edveis polui\u00e7\u00f5es causadas pelo incidente continuam preocupando os norte-americanos. Mas, nos \u00faltimos dias, semelhantes acidentes...\" \/>\n<meta property=\"og:url\" content=\"https:\/\/diariodepe.com.br\/cri\/2023\/02\/21\/comentario-descarrilamento-de-trens-reflete-problemas-estruturais-do-setor-ferroviario-dos-eua\/\" \/>\n<meta property=\"og:site_name\" content=\"CRI e Diario de Pernambuco\" \/>\n<meta property=\"article:published_time\" content=\"2023-02-21T08:27:31+00:00\" \/>\n<meta property=\"article:modified_time\" content=\"2023-02-21T08:27:34+00:00\" \/>\n<meta property=\"og:image\" content=\"https:\/\/diariodepe.com.br\/cri\/wp-content\/uploads\/sites\/2\/2023\/02\/2023021716450498613.png\" \/>\n\t<meta property=\"og:image:width\" content=\"545\" \/>\n\t<meta property=\"og:image:height\" content=\"288\" \/>\n\t<meta property=\"og:image:type\" content=\"image\/png\" \/>\n<meta name=\"author\" content=\"Ismael Lucas S. Pereira\" \/>\n<meta name=\"twitter:card\" content=\"summary_large_image\" \/>\n<meta name=\"twitter:label1\" content=\"Escrito por\" \/>\n\t<meta name=\"twitter:data1\" content=\"Ismael Lucas S. Pereira\" \/>\n\t<meta name=\"twitter:label2\" content=\"Est. tempo de leitura\" \/>\n\t<meta name=\"twitter:data2\" content=\"2 minutos\" \/>\n<script type=\"application\/ld+json\" class=\"yoast-schema-graph\">{\"@context\":\"https:\\\/\\\/schema.org\",\"@graph\":[{\"@type\":\"Article\",\"@id\":\"https:\\\/\\\/diariodepe.com.br\\\/cri\\\/2023\\\/02\\\/21\\\/comentario-descarrilamento-de-trens-reflete-problemas-estruturais-do-setor-ferroviario-dos-eua\\\/#article\",\"isPartOf\":{\"@id\":\"https:\\\/\\\/diariodepe.com.br\\\/cri\\\/2023\\\/02\\\/21\\\/comentario-descarrilamento-de-trens-reflete-problemas-estruturais-do-setor-ferroviario-dos-eua\\\/\"},\"author\":{\"name\":\"Ismael Lucas S. Pereira\",\"@id\":\"https:\\\/\\\/diariodepe.com.br\\\/cri\\\/#\\\/schema\\\/person\\\/121bb28d84f1a5b1205ef4ce9c2e0c6b\"},\"headline\":\"Coment\u00e1rio: Descarrilamento de trens reflete problemas estruturais do setor ferrovi\u00e1rio dos EUA\",\"datePublished\":\"2023-02-21T08:27:31+00:00\",\"dateModified\":\"2023-02-21T08:27:34+00:00\",\"mainEntityOfPage\":{\"@id\":\"https:\\\/\\\/diariodepe.com.br\\\/cri\\\/2023\\\/02\\\/21\\\/comentario-descarrilamento-de-trens-reflete-problemas-estruturais-do-setor-ferroviario-dos-eua\\\/\"},\"wordCount\":388,\"commentCount\":0,\"publisher\":{\"@id\":\"https:\\\/\\\/diariodepe.com.br\\\/cri\\\/#organization\"},\"image\":{\"@id\":\"https:\\\/\\\/diariodepe.com.br\\\/cri\\\/2023\\\/02\\\/21\\\/comentario-descarrilamento-de-trens-reflete-problemas-estruturais-do-setor-ferroviario-dos-eua\\\/#primaryimage\"},\"thumbnailUrl\":\"https:\\\/\\\/diariodepe.com.br\\\/cri\\\/wp-content\\\/uploads\\\/sites\\\/2\\\/2023\\\/02\\\/2023021716450498613.png\",\"articleSection\":[\"Vis\u00e3o\"],\"inLanguage\":\"pt-BR\",\"potentialAction\":[{\"@type\":\"CommentAction\",\"name\":\"Comment\",\"target\":[\"https:\\\/\\\/diariodepe.com.br\\\/cri\\\/2023\\\/02\\\/21\\\/comentario-descarrilamento-de-trens-reflete-problemas-estruturais-do-setor-ferroviario-dos-eua\\\/#respond\"]}]},{\"@type\":\"WebPage\",\"@id\":\"https:\\\/\\\/diariodepe.com.br\\\/cri\\\/2023\\\/02\\\/21\\\/comentario-descarrilamento-de-trens-reflete-problemas-estruturais-do-setor-ferroviario-dos-eua\\\/\",\"url\":\"https:\\\/\\\/diariodepe.com.br\\\/cri\\\/2023\\\/02\\\/21\\\/comentario-descarrilamento-de-trens-reflete-problemas-estruturais-do-setor-ferroviario-dos-eua\\\/\",\"name\":\"Coment\u00e1rio: Descarrilamento de trens reflete problemas estruturais do setor ferrovi\u00e1rio dos EUA - CRI e Diario de Pernambuco\",\"isPartOf\":{\"@id\":\"https:\\\/\\\/diariodepe.com.br\\\/cri\\\/#website\"},\"primaryImageOfPage\":{\"@id\":\"https:\\\/\\\/diariodepe.com.br\\\/cri\\\/2023\\\/02\\\/21\\\/comentario-descarrilamento-de-trens-reflete-problemas-estruturais-do-setor-ferroviario-dos-eua\\\/#primaryimage\"},\"image\":{\"@id\":\"https:\\\/\\\/diariodepe.com.br\\\/cri\\\/2023\\\/02\\\/21\\\/comentario-descarrilamento-de-trens-reflete-problemas-estruturais-do-setor-ferroviario-dos-eua\\\/#primaryimage\"},\"thumbnailUrl\":\"https:\\\/\\\/diariodepe.com.br\\\/cri\\\/wp-content\\\/uploads\\\/sites\\\/2\\\/2023\\\/02\\\/2023021716450498613.png\",\"datePublished\":\"2023-02-21T08:27:31+00:00\",\"dateModified\":\"2023-02-21T08:27:34+00:00\",\"breadcrumb\":{\"@id\":\"https:\\\/\\\/diariodepe.com.br\\\/cri\\\/2023\\\/02\\\/21\\\/comentario-descarrilamento-de-trens-reflete-problemas-estruturais-do-setor-ferroviario-dos-eua\\\/#breadcrumb\"},\"inLanguage\":\"pt-BR\",\"potentialAction\":[{\"@type\":\"ReadAction\",\"target\":[\"https:\\\/\\\/diariodepe.com.br\\\/cri\\\/2023\\\/02\\\/21\\\/comentario-descarrilamento-de-trens-reflete-problemas-estruturais-do-setor-ferroviario-dos-eua\\\/\"]}]},{\"@type\":\"ImageObject\",\"inLanguage\":\"pt-BR\",\"@id\":\"https:\\\/\\\/diariodepe.com.br\\\/cri\\\/2023\\\/02\\\/21\\\/comentario-descarrilamento-de-trens-reflete-problemas-estruturais-do-setor-ferroviario-dos-eua\\\/#primaryimage\",\"url\":\"https:\\\/\\\/diariodepe.com.br\\\/cri\\\/wp-content\\\/uploads\\\/sites\\\/2\\\/2023\\\/02\\\/2023021716450498613.png\",\"contentUrl\":\"https:\\\/\\\/diariodepe.com.br\\\/cri\\\/wp-content\\\/uploads\\\/sites\\\/2\\\/2023\\\/02\\\/2023021716450498613.png\",\"width\":545,\"height\":288},{\"@type\":\"BreadcrumbList\",\"@id\":\"https:\\\/\\\/diariodepe.com.br\\\/cri\\\/2023\\\/02\\\/21\\\/comentario-descarrilamento-de-trens-reflete-problemas-estruturais-do-setor-ferroviario-dos-eua\\\/#breadcrumb\",\"itemListElement\":[{\"@type\":\"ListItem\",\"position\":1,\"name\":\"In\u00edcio\",\"item\":\"https:\\\/\\\/diariodepe.com.br\\\/cri\\\/\"},{\"@type\":\"ListItem\",\"position\":2,\"name\":\"Coment\u00e1rio: Descarrilamento de trens reflete problemas estruturais do setor ferrovi\u00e1rio dos EUA\"}]},{\"@type\":\"WebSite\",\"@id\":\"https:\\\/\\\/diariodepe.com.br\\\/cri\\\/#website\",\"url\":\"https:\\\/\\\/diariodepe.com.br\\\/cri\\\/\",\"name\":\"CRI e Diario de Pernambuco\",\"description\":\"R\u00e1dio Internacional da China\",\"publisher\":{\"@id\":\"https:\\\/\\\/diariodepe.com.br\\\/cri\\\/#organization\"},\"potentialAction\":[{\"@type\":\"SearchAction\",\"target\":{\"@type\":\"EntryPoint\",\"urlTemplate\":\"https:\\\/\\\/diariodepe.com.br\\\/cri\\\/?s={search_term_string}\"},\"query-input\":{\"@type\":\"PropertyValueSpecification\",\"valueRequired\":true,\"valueName\":\"search_term_string\"}}],\"inLanguage\":\"pt-BR\"},{\"@type\":\"Organization\",\"@id\":\"https:\\\/\\\/diariodepe.com.br\\\/cri\\\/#organization\",\"name\":\"CRI e Diario de Pernambuco\",\"url\":\"https:\\\/\\\/diariodepe.com.br\\\/cri\\\/\",\"logo\":{\"@type\":\"ImageObject\",\"inLanguage\":\"pt-BR\",\"@id\":\"https:\\\/\\\/diariodepe.com.br\\\/cri\\\/#\\\/schema\\\/logo\\\/image\\\/\",\"url\":\"https:\\\/\\\/diariodepe.com.br\\\/cri\\\/wp-content\\\/uploads\\\/sites\\\/2\\\/2022\\\/12\\\/cropped-Logo.jpg\",\"contentUrl\":\"https:\\\/\\\/diariodepe.com.br\\\/cri\\\/wp-content\\\/uploads\\\/sites\\\/2\\\/2022\\\/12\\\/cropped-Logo.jpg\",\"width\":700,\"height\":59,\"caption\":\"CRI e Diario de Pernambuco\"},\"image\":{\"@id\":\"https:\\\/\\\/diariodepe.com.br\\\/cri\\\/#\\\/schema\\\/logo\\\/image\\\/\"}},{\"@type\":\"Person\",\"@id\":\"https:\\\/\\\/diariodepe.com.br\\\/cri\\\/#\\\/schema\\\/person\\\/121bb28d84f1a5b1205ef4ce9c2e0c6b\",\"name\":\"Ismael Lucas S. Pereira\",\"image\":{\"@type\":\"ImageObject\",\"inLanguage\":\"pt-BR\",\"@id\":\"https:\\\/\\\/secure.gravatar.com\\\/avatar\\\/887a0f3b5a7ceea963a48499fb883ffce6b5037362def025c52c2505b15d63e4?s=96&d=mm&r=g\",\"url\":\"https:\\\/\\\/secure.gravatar.com\\\/avatar\\\/887a0f3b5a7ceea963a48499fb883ffce6b5037362def025c52c2505b15d63e4?s=96&d=mm&r=g\",\"contentUrl\":\"https:\\\/\\\/secure.gravatar.com\\\/avatar\\\/887a0f3b5a7ceea963a48499fb883ffce6b5037362def025c52c2505b15d63e4?s=96&d=mm&r=g\",\"caption\":\"Ismael Lucas S. Pereira\"},\"url\":\"https:\\\/\\\/diariodepe.com.br\\\/cri\\\/author\\\/ismael-lucas\\\/\"}]}<\/script>\n<!-- \/ Yoast SEO plugin. -->","yoast_head_json":{"title":"Coment\u00e1rio: Descarrilamento de trens reflete problemas estruturais do setor ferrovi\u00e1rio dos EUA - CRI e Diario de Pernambuco","robots":{"index":"index","follow":"follow","max-snippet":"max-snippet:-1","max-image-preview":"max-image-preview:large","max-video-preview":"max-video-preview:-1"},"canonical":"https:\/\/diariodepe.com.br\/cri\/2023\/02\/21\/comentario-descarrilamento-de-trens-reflete-problemas-estruturais-do-setor-ferroviario-dos-eua\/","og_locale":"pt_BR","og_type":"article","og_title":"Coment\u00e1rio: Descarrilamento de trens reflete problemas estruturais do setor ferrovi\u00e1rio dos EUA - CRI e Diario de Pernambuco","og_description":"No in\u00edcio deste m\u00eas, um trem de carga da Norfolk Southern transportando materiais qu\u00edmicos descarrilou em East Palestine, no estado de Ohio, Estados Unidos. As poss\u00edveis polui\u00e7\u00f5es causadas pelo incidente continuam preocupando os norte-americanos. Mas, nos \u00faltimos dias, semelhantes acidentes...","og_url":"https:\/\/diariodepe.com.br\/cri\/2023\/02\/21\/comentario-descarrilamento-de-trens-reflete-problemas-estruturais-do-setor-ferroviario-dos-eua\/","og_site_name":"CRI e Diario de Pernambuco","article_published_time":"2023-02-21T08:27:31+00:00","article_modified_time":"2023-02-21T08:27:34+00:00","og_image":[{"width":545,"height":288,"url":"https:\/\/diariodepe.com.br\/cri\/wp-content\/uploads\/sites\/2\/2023\/02\/2023021716450498613.png","type":"image\/png"}],"author":"Ismael Lucas S. Pereira","twitter_card":"summary_large_image","twitter_misc":{"Escrito por":"Ismael Lucas S. Pereira","Est. tempo de leitura":"2 minutos"},"schema":{"@context":"https:\/\/schema.org","@graph":[{"@type":"Article","@id":"https:\/\/diariodepe.com.br\/cri\/2023\/02\/21\/comentario-descarrilamento-de-trens-reflete-problemas-estruturais-do-setor-ferroviario-dos-eua\/#article","isPartOf":{"@id":"https:\/\/diariodepe.com.br\/cri\/2023\/02\/21\/comentario-descarrilamento-de-trens-reflete-problemas-estruturais-do-setor-ferroviario-dos-eua\/"},"author":{"name":"Ismael Lucas S. Pereira","@id":"https:\/\/diariodepe.com.br\/cri\/#\/schema\/person\/121bb28d84f1a5b1205ef4ce9c2e0c6b"},"headline":"Coment\u00e1rio: Descarrilamento de trens reflete problemas estruturais do setor ferrovi\u00e1rio dos EUA","datePublished":"2023-02-21T08:27:31+00:00","dateModified":"2023-02-21T08:27:34+00:00","mainEntityOfPage":{"@id":"https:\/\/diariodepe.com.br\/cri\/2023\/02\/21\/comentario-descarrilamento-de-trens-reflete-problemas-estruturais-do-setor-ferroviario-dos-eua\/"},"wordCount":388,"commentCount":0,"publisher":{"@id":"https:\/\/diariodepe.com.br\/cri\/#organization"},"image":{"@id":"https:\/\/diariodepe.com.br\/cri\/2023\/02\/21\/comentario-descarrilamento-de-trens-reflete-problemas-estruturais-do-setor-ferroviario-dos-eua\/#primaryimage"},"thumbnailUrl":"https:\/\/diariodepe.com.br\/cri\/wp-content\/uploads\/sites\/2\/2023\/02\/2023021716450498613.png","articleSection":["Vis\u00e3o"],"inLanguage":"pt-BR","potentialAction":[{"@type":"CommentAction","name":"Comment","target":["https:\/\/diariodepe.com.br\/cri\/2023\/02\/21\/comentario-descarrilamento-de-trens-reflete-problemas-estruturais-do-setor-ferroviario-dos-eua\/#respond"]}]},{"@type":"WebPage","@id":"https:\/\/diariodepe.com.br\/cri\/2023\/02\/21\/comentario-descarrilamento-de-trens-reflete-problemas-estruturais-do-setor-ferroviario-dos-eua\/","url":"https:\/\/diariodepe.com.br\/cri\/2023\/02\/21\/comentario-descarrilamento-de-trens-reflete-problemas-estruturais-do-setor-ferroviario-dos-eua\/","name":"Coment\u00e1rio: Descarrilamento de trens reflete problemas estruturais do setor ferrovi\u00e1rio dos EUA - CRI e Diario de Pernambuco","isPartOf":{"@id":"https:\/\/diariodepe.com.br\/cri\/#website"},"primaryImageOfPage":{"@id":"https:\/\/diariodepe.com.br\/cri\/2023\/02\/21\/comentario-descarrilamento-de-trens-reflete-problemas-estruturais-do-setor-ferroviario-dos-eua\/#primaryimage"},"image":{"@id":"https:\/\/diariodepe.com.br\/cri\/2023\/02\/21\/comentario-descarrilamento-de-trens-reflete-problemas-estruturais-do-setor-ferroviario-dos-eua\/#primaryimage"},"thumbnailUrl":"https:\/\/diariodepe.com.br\/cri\/wp-content\/uploads\/sites\/2\/2023\/02\/2023021716450498613.png","datePublished":"2023-02-21T08:27:31+00:00","dateModified":"2023-02-21T08:27:34+00:00","breadcrumb":{"@id":"https:\/\/diariodepe.com.br\/cri\/2023\/02\/21\/comentario-descarrilamento-de-trens-reflete-problemas-estruturais-do-setor-ferroviario-dos-eua\/#breadcrumb"},"inLanguage":"pt-BR","potentialAction":[{"@type":"ReadAction","target":["https:\/\/diariodepe.com.br\/cri\/2023\/02\/21\/comentario-descarrilamento-de-trens-reflete-problemas-estruturais-do-setor-ferroviario-dos-eua\/"]}]},{"@type":"ImageObject","inLanguage":"pt-BR","@id":"https:\/\/diariodepe.com.br\/cri\/2023\/02\/21\/comentario-descarrilamento-de-trens-reflete-problemas-estruturais-do-setor-ferroviario-dos-eua\/#primaryimage","url":"https:\/\/diariodepe.com.br\/cri\/wp-content\/uploads\/sites\/2\/2023\/02\/2023021716450498613.png","contentUrl":"https:\/\/diariodepe.com.br\/cri\/wp-content\/uploads\/sites\/2\/2023\/02\/2023021716450498613.png","width":545,"height":288},{"@type":"BreadcrumbList","@id":"https:\/\/diariodepe.com.br\/cri\/2023\/02\/21\/comentario-descarrilamento-de-trens-reflete-problemas-estruturais-do-setor-ferroviario-dos-eua\/#breadcrumb","itemListElement":[{"@type":"ListItem","position":1,"name":"In\u00edcio","item":"https:\/\/diariodepe.com.br\/cri\/"},{"@type":"ListItem","position":2,"name":"Coment\u00e1rio: Descarrilamento de trens reflete problemas estruturais do setor ferrovi\u00e1rio dos EUA"}]},{"@type":"WebSite","@id":"https:\/\/diariodepe.com.br\/cri\/#website","url":"https:\/\/diariodepe.com.br\/cri\/","name":"CRI e Diario de Pernambuco","description":"R\u00e1dio Internacional da China","publisher":{"@id":"https:\/\/diariodepe.com.br\/cri\/#organization"},"potentialAction":[{"@type":"SearchAction","target":{"@type":"EntryPoint","urlTemplate":"https:\/\/diariodepe.com.br\/cri\/?s={search_term_string}"},"query-input":{"@type":"PropertyValueSpecification","valueRequired":true,"valueName":"search_term_string"}}],"inLanguage":"pt-BR"},{"@type":"Organization","@id":"https:\/\/diariodepe.com.br\/cri\/#organization","name":"CRI e Diario de Pernambuco","url":"https:\/\/diariodepe.com.br\/cri\/","logo":{"@type":"ImageObject","inLanguage":"pt-BR","@id":"https:\/\/diariodepe.com.br\/cri\/#\/schema\/logo\/image\/","url":"https:\/\/diariodepe.com.br\/cri\/wp-content\/uploads\/sites\/2\/2022\/12\/cropped-Logo.jpg","contentUrl":"https:\/\/diariodepe.com.br\/cri\/wp-content\/uploads\/sites\/2\/2022\/12\/cropped-Logo.jpg","width":700,"height":59,"caption":"CRI e Diario de Pernambuco"},"image":{"@id":"https:\/\/diariodepe.com.br\/cri\/#\/schema\/logo\/image\/"}},{"@type":"Person","@id":"https:\/\/diariodepe.com.br\/cri\/#\/schema\/person\/121bb28d84f1a5b1205ef4ce9c2e0c6b","name":"Ismael Lucas S. Pereira","image":{"@type":"ImageObject","inLanguage":"pt-BR","@id":"https:\/\/secure.gravatar.com\/avatar\/887a0f3b5a7ceea963a48499fb883ffce6b5037362def025c52c2505b15d63e4?s=96&d=mm&r=g","url":"https:\/\/secure.gravatar.com\/avatar\/887a0f3b5a7ceea963a48499fb883ffce6b5037362def025c52c2505b15d63e4?s=96&d=mm&r=g","contentUrl":"https:\/\/secure.gravatar.com\/avatar\/887a0f3b5a7ceea963a48499fb883ffce6b5037362def025c52c2505b15d63e4?s=96&d=mm&r=g","caption":"Ismael Lucas S. Pereira"},"url":"https:\/\/diariodepe.com.br\/cri\/author\/ismael-lucas\/"}]}},"cc_featured_image_caption":{"caption_text":"","source_text":"","source_url":""},"amp_enabled":true,"_links":{"self":[{"href":"https:\/\/diariodepe.com.br\/cri\/wp-json\/wp\/v2\/posts\/631","targetHints":{"allow":["GET"]}}],"collection":[{"href":"https:\/\/diariodepe.com.br\/cri\/wp-json\/wp\/v2\/posts"}],"about":[{"href":"https:\/\/diariodepe.com.br\/cri\/wp-json\/wp\/v2\/types\/post"}],"author":[{"embeddable":true,"href":"https:\/\/diariodepe.com.br\/cri\/wp-json\/wp\/v2\/users\/2"}],"replies":[{"embeddable":true,"href":"https:\/\/diariodepe.com.br\/cri\/wp-json\/wp\/v2\/comments?post=631"}],"version-history":[{"count":1,"href":"https:\/\/diariodepe.com.br\/cri\/wp-json\/wp\/v2\/posts\/631\/revisions"}],"predecessor-version":[{"id":633,"href":"https:\/\/diariodepe.com.br\/cri\/wp-json\/wp\/v2\/posts\/631\/revisions\/633"}],"wp:featuredmedia":[{"embeddable":true,"href":"https:\/\/diariodepe.com.br\/cri\/wp-json\/wp\/v2\/media\/632"}],"wp:attachment":[{"href":"https:\/\/diariodepe.com.br\/cri\/wp-json\/wp\/v2\/media?parent=631"}],"wp:term":[{"taxonomy":"category","embeddable":true,"href":"https:\/\/diariodepe.com.br\/cri\/wp-json\/wp\/v2\/categories?post=631"},{"taxonomy":"post_tag","embeddable":true,"href":"https:\/\/diariodepe.com.br\/cri\/wp-json\/wp\/v2\/tags?post=631"}],"curies":[{"name":"wp","href":"https:\/\/api.w.org\/{rel}","templated":true}]}}