{"id":6308,"date":"2024-07-25T21:52:58","date_gmt":"2024-07-26T00:52:58","guid":{"rendered":"https:\/\/diariodepe.com.br\/cri\/?p=6308"},"modified":"2024-09-27T23:54:16","modified_gmt":"2024-09-28T02:54:16","slug":"vice-premie-chines-participa-de-atividades-de-cooperacao-bilateral-na-russia","status":"publish","type":"post","link":"https:\/\/diariodepe.com.br\/cri\/2024\/07\/25\/vice-premie-chines-participa-de-atividades-de-cooperacao-bilateral-na-russia\/","title":{"rendered":"Vice-premi\u00ea chin\u00eas participa de atividades de coopera\u00e7\u00e3o bilateral na R\u00fassia"},"content":{"rendered":"<p data-spm-anchor-id=\"0.0.0.i1\">O vice-primeiro-ministro chin\u00eas, Ding Xuexiang, participou da 11\u00aa Reuni\u00e3o da Comiss\u00e3o de Investimento China-R\u00fassia, da 21\u00aa Reuni\u00e3o da Comiss\u00e3o de Coopera\u00e7\u00e3o Energ\u00e9tica China-R\u00fassia e da cerim\u00f4nia de abertura do 6\u00ba F\u00f3rum Empresarial de Energia Sino-russo entre os dias 21 e 23, na R\u00fassia.<\/p>\n<p>Ding disse na ocasi\u00e3o que este ano \u00e9 o 75\u00ba anivers\u00e1rio de estabelecimento das rela\u00e7\u00f5es diplom\u00e1ticas entre a China e a R\u00fassia. O presidente chin\u00eas, Xi Jinping, e o presidente russo, Vladimir Putin, realizaram muitas comunica\u00e7\u00f5es estrat\u00e9gicas e alcan\u00e7aram uma s\u00e9rie de importantes consensos que tra\u00e7aram um grande plano para o desenvolvimento das rela\u00e7\u00f5es sino-russas e as coopera\u00e7\u00f5es bilaterais.<\/p>\n<p>\u201cA China quer trabalhar junto com a R\u00fassia para aplicar os consensos alcan\u00e7ados pelos dois l\u00edderes, melhorar ainda as coopera\u00e7\u00f5es bilaterais nas \u00e1reas de energia e investimento, e buscar mais efetivamente os benef\u00edcios rec\u00edprocos e o desenvolvimento comum\u201d, acrescentou Ding.<\/p>\n<p>O vice-premi\u00ea chin\u00eas leu a mensagem de congratula\u00e7\u00f5es enviada por Xi Jinping no 6\u00ba F\u00f3rum Empresarial de Energia Sino-russo. Ele salientou que em maio deste ano, os chefes de Estado dos dois pa\u00edses reuniram-se em Beijing, prometendo a promo\u00e7\u00e3o do desenvolvimento de alto n\u00edvel da coopera\u00e7\u00e3o de energia entre as duas partes para garantir a seguran\u00e7a energ\u00e9tica de ambos os lados.<\/p>\n","protected":false},"excerpt":{"rendered":"<p>O vice-primeiro-ministro chin\u00eas, Ding Xuexiang, participou da 11\u00aa Reuni\u00e3o da Comiss\u00e3o de Investimento China-R\u00fassia, da 21\u00aa Reuni\u00e3o da Comiss\u00e3o de Coopera\u00e7\u00e3o Energ\u00e9tica China-R\u00fassia e da cerim\u00f4nia de abertura do 6\u00ba F\u00f3rum Empresarial de Energia Sino-russo entre os dias 21 e&#8230;<\/p>\n","protected":false},"author":2,"featured_media":0,"comment_status":"open","ping_status":"open","sticky":false,"template":"","format":"standard","meta":{"footnotes":""},"categories":[3],"tags":[],"class_list":["post-6308","post","type-post","status-publish","format-standard","hentry","category-china"],"yoast_head":"<!-- This site is optimized with the Yoast SEO plugin v27.4 - https:\/\/yoast.com\/product\/yoast-seo-wordpress\/ -->\n<title>Vice-premi\u00ea chin\u00eas participa de atividades de coopera\u00e7\u00e3o bilateral na R\u00fassia - CRI e Diario de Pernambuco<\/title>\n<meta name=\"robots\" content=\"index, follow, max-snippet:-1, max-image-preview:large, max-video-preview:-1\" \/>\n<link rel=\"canonical\" href=\"https:\/\/diariodepe.com.br\/cri\/2024\/07\/25\/vice-premie-chines-participa-de-atividades-de-cooperacao-bilateral-na-russia\/\" \/>\n<meta property=\"og:locale\" content=\"pt_BR\" \/>\n<meta property=\"og:type\" content=\"article\" \/>\n<meta property=\"og:title\" content=\"Vice-premi\u00ea chin\u00eas participa de atividades de coopera\u00e7\u00e3o bilateral na R\u00fassia - CRI e Diario de Pernambuco\" \/>\n<meta property=\"og:description\" content=\"O vice-primeiro-ministro chin\u00eas, Ding Xuexiang, participou da 11\u00aa Reuni\u00e3o da Comiss\u00e3o de Investimento China-R\u00fassia, da 21\u00aa Reuni\u00e3o da Comiss\u00e3o de Coopera\u00e7\u00e3o Energ\u00e9tica China-R\u00fassia e da cerim\u00f4nia de abertura do 6\u00ba F\u00f3rum Empresarial de Energia Sino-russo entre os dias 21 e...\" \/>\n<meta property=\"og:url\" content=\"https:\/\/diariodepe.com.br\/cri\/2024\/07\/25\/vice-premie-chines-participa-de-atividades-de-cooperacao-bilateral-na-russia\/\" \/>\n<meta property=\"og:site_name\" content=\"CRI e Diario de Pernambuco\" \/>\n<meta property=\"article:published_time\" content=\"2024-07-26T00:52:58+00:00\" \/>\n<meta property=\"article:modified_time\" content=\"2024-09-28T02:54:16+00:00\" \/>\n<meta name=\"author\" content=\"Ismael Lucas S. Pereira\" \/>\n<meta name=\"twitter:card\" content=\"summary_large_image\" \/>\n<meta name=\"twitter:label1\" content=\"Escrito por\" \/>\n\t<meta name=\"twitter:data1\" content=\"Ismael Lucas S. Pereira\" \/>\n\t<meta name=\"twitter:label2\" content=\"Est. tempo de leitura\" \/>\n\t<meta name=\"twitter:data2\" content=\"2 minutos\" \/>\n<script type=\"application\/ld+json\" class=\"yoast-schema-graph\">{\"@context\":\"https:\\\/\\\/schema.org\",\"@graph\":[{\"@type\":\"Article\",\"@id\":\"https:\\\/\\\/diariodepe.com.br\\\/cri\\\/2024\\\/07\\\/25\\\/vice-premie-chines-participa-de-atividades-de-cooperacao-bilateral-na-russia\\\/#article\",\"isPartOf\":{\"@id\":\"https:\\\/\\\/diariodepe.com.br\\\/cri\\\/2024\\\/07\\\/25\\\/vice-premie-chines-participa-de-atividades-de-cooperacao-bilateral-na-russia\\\/\"},\"author\":{\"name\":\"Ismael Lucas S. Pereira\",\"@id\":\"https:\\\/\\\/diariodepe.com.br\\\/cri\\\/#\\\/schema\\\/person\\\/121bb28d84f1a5b1205ef4ce9c2e0c6b\"},\"headline\":\"Vice-premi\u00ea chin\u00eas participa de atividades de coopera\u00e7\u00e3o bilateral na R\u00fassia\",\"datePublished\":\"2024-07-26T00:52:58+00:00\",\"dateModified\":\"2024-09-28T02:54:16+00:00\",\"mainEntityOfPage\":{\"@id\":\"https:\\\/\\\/diariodepe.com.br\\\/cri\\\/2024\\\/07\\\/25\\\/vice-premie-chines-participa-de-atividades-de-cooperacao-bilateral-na-russia\\\/\"},\"wordCount\":248,\"commentCount\":0,\"publisher\":{\"@id\":\"https:\\\/\\\/diariodepe.com.br\\\/cri\\\/#organization\"},\"articleSection\":[\"China\"],\"inLanguage\":\"pt-BR\",\"potentialAction\":[{\"@type\":\"CommentAction\",\"name\":\"Comment\",\"target\":[\"https:\\\/\\\/diariodepe.com.br\\\/cri\\\/2024\\\/07\\\/25\\\/vice-premie-chines-participa-de-atividades-de-cooperacao-bilateral-na-russia\\\/#respond\"]}]},{\"@type\":\"WebPage\",\"@id\":\"https:\\\/\\\/diariodepe.com.br\\\/cri\\\/2024\\\/07\\\/25\\\/vice-premie-chines-participa-de-atividades-de-cooperacao-bilateral-na-russia\\\/\",\"url\":\"https:\\\/\\\/diariodepe.com.br\\\/cri\\\/2024\\\/07\\\/25\\\/vice-premie-chines-participa-de-atividades-de-cooperacao-bilateral-na-russia\\\/\",\"name\":\"Vice-premi\u00ea chin\u00eas participa de atividades de coopera\u00e7\u00e3o bilateral na R\u00fassia - CRI e Diario de Pernambuco\",\"isPartOf\":{\"@id\":\"https:\\\/\\\/diariodepe.com.br\\\/cri\\\/#website\"},\"datePublished\":\"2024-07-26T00:52:58+00:00\",\"dateModified\":\"2024-09-28T02:54:16+00:00\",\"breadcrumb\":{\"@id\":\"https:\\\/\\\/diariodepe.com.br\\\/cri\\\/2024\\\/07\\\/25\\\/vice-premie-chines-participa-de-atividades-de-cooperacao-bilateral-na-russia\\\/#breadcrumb\"},\"inLanguage\":\"pt-BR\",\"potentialAction\":[{\"@type\":\"ReadAction\",\"target\":[\"https:\\\/\\\/diariodepe.com.br\\\/cri\\\/2024\\\/07\\\/25\\\/vice-premie-chines-participa-de-atividades-de-cooperacao-bilateral-na-russia\\\/\"]}]},{\"@type\":\"BreadcrumbList\",\"@id\":\"https:\\\/\\\/diariodepe.com.br\\\/cri\\\/2024\\\/07\\\/25\\\/vice-premie-chines-participa-de-atividades-de-cooperacao-bilateral-na-russia\\\/#breadcrumb\",\"itemListElement\":[{\"@type\":\"ListItem\",\"position\":1,\"name\":\"In\u00edcio\",\"item\":\"https:\\\/\\\/diariodepe.com.br\\\/cri\\\/\"},{\"@type\":\"ListItem\",\"position\":2,\"name\":\"Vice-premi\u00ea chin\u00eas participa de atividades de coopera\u00e7\u00e3o bilateral na R\u00fassia\"}]},{\"@type\":\"WebSite\",\"@id\":\"https:\\\/\\\/diariodepe.com.br\\\/cri\\\/#website\",\"url\":\"https:\\\/\\\/diariodepe.com.br\\\/cri\\\/\",\"name\":\"CRI e Diario de Pernambuco\",\"description\":\"R\u00e1dio Internacional da China\",\"publisher\":{\"@id\":\"https:\\\/\\\/diariodepe.com.br\\\/cri\\\/#organization\"},\"potentialAction\":[{\"@type\":\"SearchAction\",\"target\":{\"@type\":\"EntryPoint\",\"urlTemplate\":\"https:\\\/\\\/diariodepe.com.br\\\/cri\\\/?s={search_term_string}\"},\"query-input\":{\"@type\":\"PropertyValueSpecification\",\"valueRequired\":true,\"valueName\":\"search_term_string\"}}],\"inLanguage\":\"pt-BR\"},{\"@type\":\"Organization\",\"@id\":\"https:\\\/\\\/diariodepe.com.br\\\/cri\\\/#organization\",\"name\":\"CRI e Diario de Pernambuco\",\"url\":\"https:\\\/\\\/diariodepe.com.br\\\/cri\\\/\",\"logo\":{\"@type\":\"ImageObject\",\"inLanguage\":\"pt-BR\",\"@id\":\"https:\\\/\\\/diariodepe.com.br\\\/cri\\\/#\\\/schema\\\/logo\\\/image\\\/\",\"url\":\"https:\\\/\\\/diariodepe.com.br\\\/cri\\\/wp-content\\\/uploads\\\/sites\\\/2\\\/2022\\\/12\\\/cropped-Logo.jpg\",\"contentUrl\":\"https:\\\/\\\/diariodepe.com.br\\\/cri\\\/wp-content\\\/uploads\\\/sites\\\/2\\\/2022\\\/12\\\/cropped-Logo.jpg\",\"width\":700,\"height\":59,\"caption\":\"CRI e Diario de Pernambuco\"},\"image\":{\"@id\":\"https:\\\/\\\/diariodepe.com.br\\\/cri\\\/#\\\/schema\\\/logo\\\/image\\\/\"}},{\"@type\":\"Person\",\"@id\":\"https:\\\/\\\/diariodepe.com.br\\\/cri\\\/#\\\/schema\\\/person\\\/121bb28d84f1a5b1205ef4ce9c2e0c6b\",\"name\":\"Ismael Lucas S. Pereira\",\"image\":{\"@type\":\"ImageObject\",\"inLanguage\":\"pt-BR\",\"@id\":\"https:\\\/\\\/secure.gravatar.com\\\/avatar\\\/887a0f3b5a7ceea963a48499fb883ffce6b5037362def025c52c2505b15d63e4?s=96&d=mm&r=g\",\"url\":\"https:\\\/\\\/secure.gravatar.com\\\/avatar\\\/887a0f3b5a7ceea963a48499fb883ffce6b5037362def025c52c2505b15d63e4?s=96&d=mm&r=g\",\"contentUrl\":\"https:\\\/\\\/secure.gravatar.com\\\/avatar\\\/887a0f3b5a7ceea963a48499fb883ffce6b5037362def025c52c2505b15d63e4?s=96&d=mm&r=g\",\"caption\":\"Ismael Lucas S. Pereira\"},\"url\":\"https:\\\/\\\/diariodepe.com.br\\\/cri\\\/author\\\/ismael-lucas\\\/\"}]}<\/script>\n<!-- \/ Yoast SEO plugin. -->","yoast_head_json":{"title":"Vice-premi\u00ea chin\u00eas participa de atividades de coopera\u00e7\u00e3o bilateral na R\u00fassia - CRI e Diario de Pernambuco","robots":{"index":"index","follow":"follow","max-snippet":"max-snippet:-1","max-image-preview":"max-image-preview:large","max-video-preview":"max-video-preview:-1"},"canonical":"https:\/\/diariodepe.com.br\/cri\/2024\/07\/25\/vice-premie-chines-participa-de-atividades-de-cooperacao-bilateral-na-russia\/","og_locale":"pt_BR","og_type":"article","og_title":"Vice-premi\u00ea chin\u00eas participa de atividades de coopera\u00e7\u00e3o bilateral na R\u00fassia - CRI e Diario de Pernambuco","og_description":"O vice-primeiro-ministro chin\u00eas, Ding Xuexiang, participou da 11\u00aa Reuni\u00e3o da Comiss\u00e3o de Investimento China-R\u00fassia, da 21\u00aa Reuni\u00e3o da Comiss\u00e3o de Coopera\u00e7\u00e3o Energ\u00e9tica China-R\u00fassia e da cerim\u00f4nia de abertura do 6\u00ba F\u00f3rum Empresarial de Energia Sino-russo entre os dias 21 e...","og_url":"https:\/\/diariodepe.com.br\/cri\/2024\/07\/25\/vice-premie-chines-participa-de-atividades-de-cooperacao-bilateral-na-russia\/","og_site_name":"CRI e Diario de Pernambuco","article_published_time":"2024-07-26T00:52:58+00:00","article_modified_time":"2024-09-28T02:54:16+00:00","author":"Ismael Lucas S. Pereira","twitter_card":"summary_large_image","twitter_misc":{"Escrito por":"Ismael Lucas S. Pereira","Est. tempo de leitura":"2 minutos"},"schema":{"@context":"https:\/\/schema.org","@graph":[{"@type":"Article","@id":"https:\/\/diariodepe.com.br\/cri\/2024\/07\/25\/vice-premie-chines-participa-de-atividades-de-cooperacao-bilateral-na-russia\/#article","isPartOf":{"@id":"https:\/\/diariodepe.com.br\/cri\/2024\/07\/25\/vice-premie-chines-participa-de-atividades-de-cooperacao-bilateral-na-russia\/"},"author":{"name":"Ismael Lucas S. Pereira","@id":"https:\/\/diariodepe.com.br\/cri\/#\/schema\/person\/121bb28d84f1a5b1205ef4ce9c2e0c6b"},"headline":"Vice-premi\u00ea chin\u00eas participa de atividades de coopera\u00e7\u00e3o bilateral na R\u00fassia","datePublished":"2024-07-26T00:52:58+00:00","dateModified":"2024-09-28T02:54:16+00:00","mainEntityOfPage":{"@id":"https:\/\/diariodepe.com.br\/cri\/2024\/07\/25\/vice-premie-chines-participa-de-atividades-de-cooperacao-bilateral-na-russia\/"},"wordCount":248,"commentCount":0,"publisher":{"@id":"https:\/\/diariodepe.com.br\/cri\/#organization"},"articleSection":["China"],"inLanguage":"pt-BR","potentialAction":[{"@type":"CommentAction","name":"Comment","target":["https:\/\/diariodepe.com.br\/cri\/2024\/07\/25\/vice-premie-chines-participa-de-atividades-de-cooperacao-bilateral-na-russia\/#respond"]}]},{"@type":"WebPage","@id":"https:\/\/diariodepe.com.br\/cri\/2024\/07\/25\/vice-premie-chines-participa-de-atividades-de-cooperacao-bilateral-na-russia\/","url":"https:\/\/diariodepe.com.br\/cri\/2024\/07\/25\/vice-premie-chines-participa-de-atividades-de-cooperacao-bilateral-na-russia\/","name":"Vice-premi\u00ea chin\u00eas participa de atividades de coopera\u00e7\u00e3o bilateral na R\u00fassia - CRI e Diario de Pernambuco","isPartOf":{"@id":"https:\/\/diariodepe.com.br\/cri\/#website"},"datePublished":"2024-07-26T00:52:58+00:00","dateModified":"2024-09-28T02:54:16+00:00","breadcrumb":{"@id":"https:\/\/diariodepe.com.br\/cri\/2024\/07\/25\/vice-premie-chines-participa-de-atividades-de-cooperacao-bilateral-na-russia\/#breadcrumb"},"inLanguage":"pt-BR","potentialAction":[{"@type":"ReadAction","target":["https:\/\/diariodepe.com.br\/cri\/2024\/07\/25\/vice-premie-chines-participa-de-atividades-de-cooperacao-bilateral-na-russia\/"]}]},{"@type":"BreadcrumbList","@id":"https:\/\/diariodepe.com.br\/cri\/2024\/07\/25\/vice-premie-chines-participa-de-atividades-de-cooperacao-bilateral-na-russia\/#breadcrumb","itemListElement":[{"@type":"ListItem","position":1,"name":"In\u00edcio","item":"https:\/\/diariodepe.com.br\/cri\/"},{"@type":"ListItem","position":2,"name":"Vice-premi\u00ea chin\u00eas participa de atividades de coopera\u00e7\u00e3o bilateral na R\u00fassia"}]},{"@type":"WebSite","@id":"https:\/\/diariodepe.com.br\/cri\/#website","url":"https:\/\/diariodepe.com.br\/cri\/","name":"CRI e Diario de Pernambuco","description":"R\u00e1dio Internacional da China","publisher":{"@id":"https:\/\/diariodepe.com.br\/cri\/#organization"},"potentialAction":[{"@type":"SearchAction","target":{"@type":"EntryPoint","urlTemplate":"https:\/\/diariodepe.com.br\/cri\/?s={search_term_string}"},"query-input":{"@type":"PropertyValueSpecification","valueRequired":true,"valueName":"search_term_string"}}],"inLanguage":"pt-BR"},{"@type":"Organization","@id":"https:\/\/diariodepe.com.br\/cri\/#organization","name":"CRI e Diario de Pernambuco","url":"https:\/\/diariodepe.com.br\/cri\/","logo":{"@type":"ImageObject","inLanguage":"pt-BR","@id":"https:\/\/diariodepe.com.br\/cri\/#\/schema\/logo\/image\/","url":"https:\/\/diariodepe.com.br\/cri\/wp-content\/uploads\/sites\/2\/2022\/12\/cropped-Logo.jpg","contentUrl":"https:\/\/diariodepe.com.br\/cri\/wp-content\/uploads\/sites\/2\/2022\/12\/cropped-Logo.jpg","width":700,"height":59,"caption":"CRI e Diario de Pernambuco"},"image":{"@id":"https:\/\/diariodepe.com.br\/cri\/#\/schema\/logo\/image\/"}},{"@type":"Person","@id":"https:\/\/diariodepe.com.br\/cri\/#\/schema\/person\/121bb28d84f1a5b1205ef4ce9c2e0c6b","name":"Ismael Lucas S. Pereira","image":{"@type":"ImageObject","inLanguage":"pt-BR","@id":"https:\/\/secure.gravatar.com\/avatar\/887a0f3b5a7ceea963a48499fb883ffce6b5037362def025c52c2505b15d63e4?s=96&d=mm&r=g","url":"https:\/\/secure.gravatar.com\/avatar\/887a0f3b5a7ceea963a48499fb883ffce6b5037362def025c52c2505b15d63e4?s=96&d=mm&r=g","contentUrl":"https:\/\/secure.gravatar.com\/avatar\/887a0f3b5a7ceea963a48499fb883ffce6b5037362def025c52c2505b15d63e4?s=96&d=mm&r=g","caption":"Ismael Lucas S. Pereira"},"url":"https:\/\/diariodepe.com.br\/cri\/author\/ismael-lucas\/"}]}},"cc_featured_image_caption":{"caption_text":false,"source_text":false,"source_url":false},"amp_enabled":true,"_links":{"self":[{"href":"https:\/\/diariodepe.com.br\/cri\/wp-json\/wp\/v2\/posts\/6308","targetHints":{"allow":["GET"]}}],"collection":[{"href":"https:\/\/diariodepe.com.br\/cri\/wp-json\/wp\/v2\/posts"}],"about":[{"href":"https:\/\/diariodepe.com.br\/cri\/wp-json\/wp\/v2\/types\/post"}],"author":[{"embeddable":true,"href":"https:\/\/diariodepe.com.br\/cri\/wp-json\/wp\/v2\/users\/2"}],"replies":[{"embeddable":true,"href":"https:\/\/diariodepe.com.br\/cri\/wp-json\/wp\/v2\/comments?post=6308"}],"version-history":[{"count":1,"href":"https:\/\/diariodepe.com.br\/cri\/wp-json\/wp\/v2\/posts\/6308\/revisions"}],"predecessor-version":[{"id":6309,"href":"https:\/\/diariodepe.com.br\/cri\/wp-json\/wp\/v2\/posts\/6308\/revisions\/6309"}],"wp:attachment":[{"href":"https:\/\/diariodepe.com.br\/cri\/wp-json\/wp\/v2\/media?parent=6308"}],"wp:term":[{"taxonomy":"category","embeddable":true,"href":"https:\/\/diariodepe.com.br\/cri\/wp-json\/wp\/v2\/categories?post=6308"},{"taxonomy":"post_tag","embeddable":true,"href":"https:\/\/diariodepe.com.br\/cri\/wp-json\/wp\/v2\/tags?post=6308"}],"curies":[{"name":"wp","href":"https:\/\/api.w.org\/{rel}","templated":true}]}}