{"id":6154,"date":"2024-09-10T05:39:37","date_gmt":"2024-09-10T08:39:37","guid":{"rendered":"https:\/\/diariodepe.com.br\/cri\/?p=6154"},"modified":"2024-09-10T05:39:37","modified_gmt":"2024-09-10T08:39:37","slug":"primeiro-ministro-de-sao-tome-e-principe-chega-a-beijing-para-cupula-do-focac","status":"publish","type":"post","link":"https:\/\/diariodepe.com.br\/cri\/2024\/09\/10\/primeiro-ministro-de-sao-tome-e-principe-chega-a-beijing-para-cupula-do-focac\/","title":{"rendered":"Primeiro-ministro de S\u00e3o Tom\u00e9 e Pr\u00edncipe chega a Beijing para C\u00fapula do FOCAC"},"content":{"rendered":"<p>O primeiro-ministro de S\u00e3o Tom\u00e9 e Pr\u00edncipe, Patrice Trovoada, chegou\u00a0nesta quarta-feira (4)\u00a0a Beijing para participar da C\u00fapula do F\u00f3rum de Coopera\u00e7\u00e3o China-\u00c1frica (FOCAC).<\/p>\n<p>S\u00e3o Tom\u00e9 e Pr\u00edncipe \u00e9 uma na\u00e7\u00e3o insular no sudeste do golfo da Guin\u00e9, que fica no\u00a0centro-oeste da \u00c1frica e \u00e9 composta por S\u00e3o Tom\u00e9, Pr\u00edncipe e outras 14 pequenas ilhas.<\/p>\n<p>Desde a retomada das rela\u00e7\u00f5es diplom\u00e1ticas, China\u00a0e S\u00e3o Tom\u00e9 e Pr\u00edncipe t\u00eam mantido um desenvolvimento constante e saud\u00e1vel do relacionamento bilateral,\u00a0se apoiando\u00a0firmemente em quest\u00f5es que envolvem seus\u00a0respectivos interesses centrais e suas principais preocupa\u00e7\u00f5es.<\/p>\n<p>A China enviou por diversas vezes alimentos, ve\u00edculos e suprimentos ao pa\u00eds africano, realizou quatro fases\u00a0de assist\u00eancia t\u00e9cnica em agricultura,\u00a0pecu\u00e1ria, eletricidade e preven\u00e7\u00e3o e tratamento da mal\u00e1ria,\u00a0tamb\u00e9m concluiu programas de manuten\u00e7\u00e3o de estradas e drenagem de comunidades residenciais, al\u00e9m de 60 projetos de habita\u00e7\u00e3o social.<\/p>\n<p>Os dois pa\u00edses mant\u00eam uma coopera\u00e7\u00e3o estreita em com\u00e9rcio bilateral e em ci\u00eancia e tecnologia. De janeiro a junho deste ano, o com\u00e9rcio bilateral totalizou\u00a0US$9,36\u00a0milh\u00f5es,\u00a0um aumento de 56,5% em rela\u00e7\u00e3o ao\u00a0mesmo per\u00edodo do\u00a0ano passado.<\/p>\n<p>S\u00e3o Tom\u00e9 e Pr\u00edncipe apoia a Iniciativa de Desenvolvimento Global, a Iniciativa de Seguran\u00e7a Global e a Iniciativa de Civiliza\u00e7\u00e3o Global propostas pela China, respeita e aprecia o princ\u00edpio<\/p>\n<p>b\u00e1sico da China de n\u00e3o interfer\u00eancia nos\u00a0assuntos internos\u00a0de outras na\u00e7\u00f5es e enaltece a contribui\u00e7\u00e3o significativa do pa\u00eds asi\u00e1tico\u00a0\u00e0\u00a0causa da independ\u00eancia\u00a0e\u00a0liberta\u00e7\u00e3o\u00a0bem como a moderniza\u00e7\u00e3o da \u00c1frica.<\/p>\n","protected":false},"excerpt":{"rendered":"<p>O primeiro-ministro de S\u00e3o Tom\u00e9 e Pr\u00edncipe, Patrice Trovoada, chegou\u00a0nesta quarta-feira (4)\u00a0a Beijing para participar da C\u00fapula do F\u00f3rum de Coopera\u00e7\u00e3o China-\u00c1frica (FOCAC). S\u00e3o Tom\u00e9 e Pr\u00edncipe \u00e9 uma na\u00e7\u00e3o insular no sudeste do golfo da Guin\u00e9, que fica no\u00a0centro-oeste&#8230;<\/p>\n","protected":false},"author":2,"featured_media":0,"comment_status":"open","ping_status":"open","sticky":false,"template":"","format":"standard","meta":{"footnotes":""},"categories":[3],"tags":[],"class_list":["post-6154","post","type-post","status-publish","format-standard","hentry","category-china"],"yoast_head":"<!-- This site is optimized with the Yoast SEO plugin v27.4 - https:\/\/yoast.com\/product\/yoast-seo-wordpress\/ -->\n<title>Primeiro-ministro de S\u00e3o Tom\u00e9 e Pr\u00edncipe chega a Beijing para C\u00fapula do FOCAC - CRI e Diario de Pernambuco<\/title>\n<meta name=\"robots\" content=\"index, follow, max-snippet:-1, max-image-preview:large, max-video-preview:-1\" \/>\n<link rel=\"canonical\" href=\"https:\/\/diariodepe.com.br\/cri\/2024\/09\/10\/primeiro-ministro-de-sao-tome-e-principe-chega-a-beijing-para-cupula-do-focac\/\" \/>\n<meta property=\"og:locale\" content=\"pt_BR\" \/>\n<meta property=\"og:type\" content=\"article\" \/>\n<meta property=\"og:title\" content=\"Primeiro-ministro de S\u00e3o Tom\u00e9 e Pr\u00edncipe chega a Beijing para C\u00fapula do FOCAC - CRI e Diario de Pernambuco\" \/>\n<meta property=\"og:description\" content=\"O primeiro-ministro de S\u00e3o Tom\u00e9 e Pr\u00edncipe, Patrice Trovoada, chegou\u00a0nesta quarta-feira (4)\u00a0a Beijing para participar da C\u00fapula do F\u00f3rum de Coopera\u00e7\u00e3o China-\u00c1frica (FOCAC). S\u00e3o Tom\u00e9 e Pr\u00edncipe \u00e9 uma na\u00e7\u00e3o insular no sudeste do golfo da Guin\u00e9, que fica no\u00a0centro-oeste...\" \/>\n<meta property=\"og:url\" content=\"https:\/\/diariodepe.com.br\/cri\/2024\/09\/10\/primeiro-ministro-de-sao-tome-e-principe-chega-a-beijing-para-cupula-do-focac\/\" \/>\n<meta property=\"og:site_name\" content=\"CRI e Diario de Pernambuco\" \/>\n<meta property=\"article:published_time\" content=\"2024-09-10T08:39:37+00:00\" \/>\n<meta name=\"author\" content=\"Ismael Lucas S. Pereira\" \/>\n<meta name=\"twitter:card\" content=\"summary_large_image\" \/>\n<meta name=\"twitter:label1\" content=\"Escrito por\" \/>\n\t<meta name=\"twitter:data1\" content=\"Ismael Lucas S. Pereira\" \/>\n<script type=\"application\/ld+json\" class=\"yoast-schema-graph\">{\"@context\":\"https:\\\/\\\/schema.org\",\"@graph\":[{\"@type\":\"Article\",\"@id\":\"https:\\\/\\\/diariodepe.com.br\\\/cri\\\/2024\\\/09\\\/10\\\/primeiro-ministro-de-sao-tome-e-principe-chega-a-beijing-para-cupula-do-focac\\\/#article\",\"isPartOf\":{\"@id\":\"https:\\\/\\\/diariodepe.com.br\\\/cri\\\/2024\\\/09\\\/10\\\/primeiro-ministro-de-sao-tome-e-principe-chega-a-beijing-para-cupula-do-focac\\\/\"},\"author\":{\"name\":\"Ismael Lucas S. Pereira\",\"@id\":\"https:\\\/\\\/diariodepe.com.br\\\/cri\\\/#\\\/schema\\\/person\\\/121bb28d84f1a5b1205ef4ce9c2e0c6b\"},\"headline\":\"Primeiro-ministro de S\u00e3o Tom\u00e9 e Pr\u00edncipe chega a Beijing para C\u00fapula do FOCAC\",\"datePublished\":\"2024-09-10T08:39:37+00:00\",\"mainEntityOfPage\":{\"@id\":\"https:\\\/\\\/diariodepe.com.br\\\/cri\\\/2024\\\/09\\\/10\\\/primeiro-ministro-de-sao-tome-e-principe-chega-a-beijing-para-cupula-do-focac\\\/\"},\"wordCount\":305,\"commentCount\":0,\"publisher\":{\"@id\":\"https:\\\/\\\/diariodepe.com.br\\\/cri\\\/#organization\"},\"articleSection\":[\"China\"],\"inLanguage\":\"pt-BR\",\"potentialAction\":[{\"@type\":\"CommentAction\",\"name\":\"Comment\",\"target\":[\"https:\\\/\\\/diariodepe.com.br\\\/cri\\\/2024\\\/09\\\/10\\\/primeiro-ministro-de-sao-tome-e-principe-chega-a-beijing-para-cupula-do-focac\\\/#respond\"]}]},{\"@type\":\"WebPage\",\"@id\":\"https:\\\/\\\/diariodepe.com.br\\\/cri\\\/2024\\\/09\\\/10\\\/primeiro-ministro-de-sao-tome-e-principe-chega-a-beijing-para-cupula-do-focac\\\/\",\"url\":\"https:\\\/\\\/diariodepe.com.br\\\/cri\\\/2024\\\/09\\\/10\\\/primeiro-ministro-de-sao-tome-e-principe-chega-a-beijing-para-cupula-do-focac\\\/\",\"name\":\"Primeiro-ministro de S\u00e3o Tom\u00e9 e Pr\u00edncipe chega a Beijing para C\u00fapula do FOCAC - CRI e Diario de Pernambuco\",\"isPartOf\":{\"@id\":\"https:\\\/\\\/diariodepe.com.br\\\/cri\\\/#website\"},\"datePublished\":\"2024-09-10T08:39:37+00:00\",\"breadcrumb\":{\"@id\":\"https:\\\/\\\/diariodepe.com.br\\\/cri\\\/2024\\\/09\\\/10\\\/primeiro-ministro-de-sao-tome-e-principe-chega-a-beijing-para-cupula-do-focac\\\/#breadcrumb\"},\"inLanguage\":\"pt-BR\",\"potentialAction\":[{\"@type\":\"ReadAction\",\"target\":[\"https:\\\/\\\/diariodepe.com.br\\\/cri\\\/2024\\\/09\\\/10\\\/primeiro-ministro-de-sao-tome-e-principe-chega-a-beijing-para-cupula-do-focac\\\/\"]}]},{\"@type\":\"BreadcrumbList\",\"@id\":\"https:\\\/\\\/diariodepe.com.br\\\/cri\\\/2024\\\/09\\\/10\\\/primeiro-ministro-de-sao-tome-e-principe-chega-a-beijing-para-cupula-do-focac\\\/#breadcrumb\",\"itemListElement\":[{\"@type\":\"ListItem\",\"position\":1,\"name\":\"In\u00edcio\",\"item\":\"https:\\\/\\\/diariodepe.com.br\\\/cri\\\/\"},{\"@type\":\"ListItem\",\"position\":2,\"name\":\"Primeiro-ministro de S\u00e3o Tom\u00e9 e Pr\u00edncipe chega a Beijing para C\u00fapula do FOCAC\"}]},{\"@type\":\"WebSite\",\"@id\":\"https:\\\/\\\/diariodepe.com.br\\\/cri\\\/#website\",\"url\":\"https:\\\/\\\/diariodepe.com.br\\\/cri\\\/\",\"name\":\"CRI e Diario de Pernambuco\",\"description\":\"R\u00e1dio Internacional da China\",\"publisher\":{\"@id\":\"https:\\\/\\\/diariodepe.com.br\\\/cri\\\/#organization\"},\"potentialAction\":[{\"@type\":\"SearchAction\",\"target\":{\"@type\":\"EntryPoint\",\"urlTemplate\":\"https:\\\/\\\/diariodepe.com.br\\\/cri\\\/?s={search_term_string}\"},\"query-input\":{\"@type\":\"PropertyValueSpecification\",\"valueRequired\":true,\"valueName\":\"search_term_string\"}}],\"inLanguage\":\"pt-BR\"},{\"@type\":\"Organization\",\"@id\":\"https:\\\/\\\/diariodepe.com.br\\\/cri\\\/#organization\",\"name\":\"CRI e Diario de Pernambuco\",\"url\":\"https:\\\/\\\/diariodepe.com.br\\\/cri\\\/\",\"logo\":{\"@type\":\"ImageObject\",\"inLanguage\":\"pt-BR\",\"@id\":\"https:\\\/\\\/diariodepe.com.br\\\/cri\\\/#\\\/schema\\\/logo\\\/image\\\/\",\"url\":\"https:\\\/\\\/diariodepe.com.br\\\/cri\\\/wp-content\\\/uploads\\\/sites\\\/2\\\/2022\\\/12\\\/cropped-Logo.jpg\",\"contentUrl\":\"https:\\\/\\\/diariodepe.com.br\\\/cri\\\/wp-content\\\/uploads\\\/sites\\\/2\\\/2022\\\/12\\\/cropped-Logo.jpg\",\"width\":700,\"height\":59,\"caption\":\"CRI e Diario de Pernambuco\"},\"image\":{\"@id\":\"https:\\\/\\\/diariodepe.com.br\\\/cri\\\/#\\\/schema\\\/logo\\\/image\\\/\"}},{\"@type\":\"Person\",\"@id\":\"https:\\\/\\\/diariodepe.com.br\\\/cri\\\/#\\\/schema\\\/person\\\/121bb28d84f1a5b1205ef4ce9c2e0c6b\",\"name\":\"Ismael Lucas S. Pereira\",\"image\":{\"@type\":\"ImageObject\",\"inLanguage\":\"pt-BR\",\"@id\":\"https:\\\/\\\/secure.gravatar.com\\\/avatar\\\/887a0f3b5a7ceea963a48499fb883ffce6b5037362def025c52c2505b15d63e4?s=96&d=mm&r=g\",\"url\":\"https:\\\/\\\/secure.gravatar.com\\\/avatar\\\/887a0f3b5a7ceea963a48499fb883ffce6b5037362def025c52c2505b15d63e4?s=96&d=mm&r=g\",\"contentUrl\":\"https:\\\/\\\/secure.gravatar.com\\\/avatar\\\/887a0f3b5a7ceea963a48499fb883ffce6b5037362def025c52c2505b15d63e4?s=96&d=mm&r=g\",\"caption\":\"Ismael Lucas S. Pereira\"},\"url\":\"https:\\\/\\\/diariodepe.com.br\\\/cri\\\/author\\\/ismael-lucas\\\/\"}]}<\/script>\n<!-- \/ Yoast SEO plugin. -->","yoast_head_json":{"title":"Primeiro-ministro de S\u00e3o Tom\u00e9 e Pr\u00edncipe chega a Beijing para C\u00fapula do FOCAC - CRI e Diario de Pernambuco","robots":{"index":"index","follow":"follow","max-snippet":"max-snippet:-1","max-image-preview":"max-image-preview:large","max-video-preview":"max-video-preview:-1"},"canonical":"https:\/\/diariodepe.com.br\/cri\/2024\/09\/10\/primeiro-ministro-de-sao-tome-e-principe-chega-a-beijing-para-cupula-do-focac\/","og_locale":"pt_BR","og_type":"article","og_title":"Primeiro-ministro de S\u00e3o Tom\u00e9 e Pr\u00edncipe chega a Beijing para C\u00fapula do FOCAC - CRI e Diario de Pernambuco","og_description":"O primeiro-ministro de S\u00e3o Tom\u00e9 e Pr\u00edncipe, Patrice Trovoada, chegou\u00a0nesta quarta-feira (4)\u00a0a Beijing para participar da C\u00fapula do F\u00f3rum de Coopera\u00e7\u00e3o China-\u00c1frica (FOCAC). S\u00e3o Tom\u00e9 e Pr\u00edncipe \u00e9 uma na\u00e7\u00e3o insular no sudeste do golfo da Guin\u00e9, que fica no\u00a0centro-oeste...","og_url":"https:\/\/diariodepe.com.br\/cri\/2024\/09\/10\/primeiro-ministro-de-sao-tome-e-principe-chega-a-beijing-para-cupula-do-focac\/","og_site_name":"CRI e Diario de Pernambuco","article_published_time":"2024-09-10T08:39:37+00:00","author":"Ismael Lucas S. Pereira","twitter_card":"summary_large_image","twitter_misc":{"Escrito por":"Ismael Lucas S. Pereira"},"schema":{"@context":"https:\/\/schema.org","@graph":[{"@type":"Article","@id":"https:\/\/diariodepe.com.br\/cri\/2024\/09\/10\/primeiro-ministro-de-sao-tome-e-principe-chega-a-beijing-para-cupula-do-focac\/#article","isPartOf":{"@id":"https:\/\/diariodepe.com.br\/cri\/2024\/09\/10\/primeiro-ministro-de-sao-tome-e-principe-chega-a-beijing-para-cupula-do-focac\/"},"author":{"name":"Ismael Lucas S. Pereira","@id":"https:\/\/diariodepe.com.br\/cri\/#\/schema\/person\/121bb28d84f1a5b1205ef4ce9c2e0c6b"},"headline":"Primeiro-ministro de S\u00e3o Tom\u00e9 e Pr\u00edncipe chega a Beijing para C\u00fapula do FOCAC","datePublished":"2024-09-10T08:39:37+00:00","mainEntityOfPage":{"@id":"https:\/\/diariodepe.com.br\/cri\/2024\/09\/10\/primeiro-ministro-de-sao-tome-e-principe-chega-a-beijing-para-cupula-do-focac\/"},"wordCount":305,"commentCount":0,"publisher":{"@id":"https:\/\/diariodepe.com.br\/cri\/#organization"},"articleSection":["China"],"inLanguage":"pt-BR","potentialAction":[{"@type":"CommentAction","name":"Comment","target":["https:\/\/diariodepe.com.br\/cri\/2024\/09\/10\/primeiro-ministro-de-sao-tome-e-principe-chega-a-beijing-para-cupula-do-focac\/#respond"]}]},{"@type":"WebPage","@id":"https:\/\/diariodepe.com.br\/cri\/2024\/09\/10\/primeiro-ministro-de-sao-tome-e-principe-chega-a-beijing-para-cupula-do-focac\/","url":"https:\/\/diariodepe.com.br\/cri\/2024\/09\/10\/primeiro-ministro-de-sao-tome-e-principe-chega-a-beijing-para-cupula-do-focac\/","name":"Primeiro-ministro de S\u00e3o Tom\u00e9 e Pr\u00edncipe chega a Beijing para C\u00fapula do FOCAC - CRI e Diario de Pernambuco","isPartOf":{"@id":"https:\/\/diariodepe.com.br\/cri\/#website"},"datePublished":"2024-09-10T08:39:37+00:00","breadcrumb":{"@id":"https:\/\/diariodepe.com.br\/cri\/2024\/09\/10\/primeiro-ministro-de-sao-tome-e-principe-chega-a-beijing-para-cupula-do-focac\/#breadcrumb"},"inLanguage":"pt-BR","potentialAction":[{"@type":"ReadAction","target":["https:\/\/diariodepe.com.br\/cri\/2024\/09\/10\/primeiro-ministro-de-sao-tome-e-principe-chega-a-beijing-para-cupula-do-focac\/"]}]},{"@type":"BreadcrumbList","@id":"https:\/\/diariodepe.com.br\/cri\/2024\/09\/10\/primeiro-ministro-de-sao-tome-e-principe-chega-a-beijing-para-cupula-do-focac\/#breadcrumb","itemListElement":[{"@type":"ListItem","position":1,"name":"In\u00edcio","item":"https:\/\/diariodepe.com.br\/cri\/"},{"@type":"ListItem","position":2,"name":"Primeiro-ministro de S\u00e3o Tom\u00e9 e Pr\u00edncipe chega a Beijing para C\u00fapula do FOCAC"}]},{"@type":"WebSite","@id":"https:\/\/diariodepe.com.br\/cri\/#website","url":"https:\/\/diariodepe.com.br\/cri\/","name":"CRI e Diario de Pernambuco","description":"R\u00e1dio Internacional da China","publisher":{"@id":"https:\/\/diariodepe.com.br\/cri\/#organization"},"potentialAction":[{"@type":"SearchAction","target":{"@type":"EntryPoint","urlTemplate":"https:\/\/diariodepe.com.br\/cri\/?s={search_term_string}"},"query-input":{"@type":"PropertyValueSpecification","valueRequired":true,"valueName":"search_term_string"}}],"inLanguage":"pt-BR"},{"@type":"Organization","@id":"https:\/\/diariodepe.com.br\/cri\/#organization","name":"CRI e Diario de Pernambuco","url":"https:\/\/diariodepe.com.br\/cri\/","logo":{"@type":"ImageObject","inLanguage":"pt-BR","@id":"https:\/\/diariodepe.com.br\/cri\/#\/schema\/logo\/image\/","url":"https:\/\/diariodepe.com.br\/cri\/wp-content\/uploads\/sites\/2\/2022\/12\/cropped-Logo.jpg","contentUrl":"https:\/\/diariodepe.com.br\/cri\/wp-content\/uploads\/sites\/2\/2022\/12\/cropped-Logo.jpg","width":700,"height":59,"caption":"CRI e Diario de Pernambuco"},"image":{"@id":"https:\/\/diariodepe.com.br\/cri\/#\/schema\/logo\/image\/"}},{"@type":"Person","@id":"https:\/\/diariodepe.com.br\/cri\/#\/schema\/person\/121bb28d84f1a5b1205ef4ce9c2e0c6b","name":"Ismael Lucas S. Pereira","image":{"@type":"ImageObject","inLanguage":"pt-BR","@id":"https:\/\/secure.gravatar.com\/avatar\/887a0f3b5a7ceea963a48499fb883ffce6b5037362def025c52c2505b15d63e4?s=96&d=mm&r=g","url":"https:\/\/secure.gravatar.com\/avatar\/887a0f3b5a7ceea963a48499fb883ffce6b5037362def025c52c2505b15d63e4?s=96&d=mm&r=g","contentUrl":"https:\/\/secure.gravatar.com\/avatar\/887a0f3b5a7ceea963a48499fb883ffce6b5037362def025c52c2505b15d63e4?s=96&d=mm&r=g","caption":"Ismael Lucas S. Pereira"},"url":"https:\/\/diariodepe.com.br\/cri\/author\/ismael-lucas\/"}]}},"cc_featured_image_caption":{"caption_text":false,"source_text":false,"source_url":false},"amp_enabled":true,"_links":{"self":[{"href":"https:\/\/diariodepe.com.br\/cri\/wp-json\/wp\/v2\/posts\/6154","targetHints":{"allow":["GET"]}}],"collection":[{"href":"https:\/\/diariodepe.com.br\/cri\/wp-json\/wp\/v2\/posts"}],"about":[{"href":"https:\/\/diariodepe.com.br\/cri\/wp-json\/wp\/v2\/types\/post"}],"author":[{"embeddable":true,"href":"https:\/\/diariodepe.com.br\/cri\/wp-json\/wp\/v2\/users\/2"}],"replies":[{"embeddable":true,"href":"https:\/\/diariodepe.com.br\/cri\/wp-json\/wp\/v2\/comments?post=6154"}],"version-history":[{"count":1,"href":"https:\/\/diariodepe.com.br\/cri\/wp-json\/wp\/v2\/posts\/6154\/revisions"}],"predecessor-version":[{"id":6155,"href":"https:\/\/diariodepe.com.br\/cri\/wp-json\/wp\/v2\/posts\/6154\/revisions\/6155"}],"wp:attachment":[{"href":"https:\/\/diariodepe.com.br\/cri\/wp-json\/wp\/v2\/media?parent=6154"}],"wp:term":[{"taxonomy":"category","embeddable":true,"href":"https:\/\/diariodepe.com.br\/cri\/wp-json\/wp\/v2\/categories?post=6154"},{"taxonomy":"post_tag","embeddable":true,"href":"https:\/\/diariodepe.com.br\/cri\/wp-json\/wp\/v2\/tags?post=6154"}],"curies":[{"name":"wp","href":"https:\/\/api.w.org\/{rel}","templated":true}]}}