{"id":6152,"date":"2024-09-10T05:38:59","date_gmt":"2024-09-10T08:38:59","guid":{"rendered":"https:\/\/diariodepe.com.br\/cri\/?p=6152"},"modified":"2024-09-10T05:38:59","modified_gmt":"2024-09-10T08:38:59","slug":"pesquisa-cgtn-sobre-china-africa-2-jovens-africanos-elogiam-cooperacao-china-africa","status":"publish","type":"post","link":"https:\/\/diariodepe.com.br\/cri\/2024\/09\/10\/pesquisa-cgtn-sobre-china-africa-2-jovens-africanos-elogiam-cooperacao-china-africa\/","title":{"rendered":"Pesquisa CGTN sobre China-\u00c1frica 2: jovens africanos elogiam coopera\u00e7\u00e3o China-\u00c1frica"},"content":{"rendered":"<p data-spm-anchor-id=\"0.0.0.i1\">Um levantamento sobre o relacionamento China-\u00c1frica mostrou que jovens africanos avaliaram positivamente as filosofias da moderniza\u00e7\u00e3o chinesa e os \u00eaxitos da coopera\u00e7\u00e3o entre as duas partes.<\/p>\n<p>Em uma enquete lan\u00e7ada pela China Global Television Network (CGTN), do Grupo de M\u00eddia da China, em conjunto com a Universidade Renmin da China e por meio do Instituto de Comunica\u00e7\u00e3o Internacional da Nova Era, 98,7% dos entrevistados jovens, entre 18 e 24 anos, consideram a China um pa\u00eds de sucesso e 96,7% esperam ter oportunidades viajar para a China a turismo ou estudo.<\/p>\n<p>Um total de 98,2% elogiou o desenvolvimento econ\u00f4mico da China continuamente a um ritmo r\u00e1pido, enquanto 95,8% considera que a economia chinesa contribuiu muito para a recupera\u00e7\u00e3o econ\u00f4mica mundial.<\/p>\n<p>Al\u00e9m disso, 99% dos jovens expressaram admira\u00e7\u00e3o ao poderio cient\u00edfico e tecnol\u00f3gico da China e 90,5% concordaram que a capacidade inovadora do pa\u00eds teve um progresso r\u00e1pido.<\/p>\n<p>Na pesquisa, 89,9% dos entrevistados consideraram que os pa\u00edses africanos se beneficiaram muito do com\u00e9rcio com a China e 94,9% avaliaram que \u00e9 muito importante manter as rela\u00e7\u00f5es econ\u00f4micas e comerciais sadias e est\u00e1veis entre o continente africano e a China.<\/p>\n<p>A pesquisa foi realizada com 10.125 entrevistados em dez pa\u00edses africanos, incluindo Camar\u00f5es, Botsuana, Egito, Eti\u00f3pia, Gana, Qu\u00eania, Marrocos, Nig\u00e9ria, \u00c1frica do Sul e Tanz\u00e2nia. Entre eles, 3.710 eram jovens entre 18 e 24 anos, representando 36,6% do n\u00famero total.<\/p>\n","protected":false},"excerpt":{"rendered":"<p>Um levantamento sobre o relacionamento China-\u00c1frica mostrou que jovens africanos avaliaram positivamente as filosofias da moderniza\u00e7\u00e3o chinesa e os \u00eaxitos da coopera\u00e7\u00e3o entre as duas partes. Em uma enquete lan\u00e7ada pela China Global Television Network (CGTN), do Grupo de M\u00eddia&#8230;<\/p>\n","protected":false},"author":2,"featured_media":0,"comment_status":"open","ping_status":"open","sticky":false,"template":"","format":"standard","meta":{"footnotes":""},"categories":[3],"tags":[],"class_list":["post-6152","post","type-post","status-publish","format-standard","hentry","category-china"],"yoast_head":"<!-- This site is optimized with the Yoast SEO plugin v27.4 - https:\/\/yoast.com\/product\/yoast-seo-wordpress\/ -->\n<title>Pesquisa CGTN sobre China-\u00c1frica 2: jovens africanos elogiam coopera\u00e7\u00e3o China-\u00c1frica - CRI e Diario de Pernambuco<\/title>\n<meta name=\"robots\" content=\"index, follow, max-snippet:-1, max-image-preview:large, max-video-preview:-1\" \/>\n<link rel=\"canonical\" href=\"https:\/\/diariodepe.com.br\/cri\/2024\/09\/10\/pesquisa-cgtn-sobre-china-africa-2-jovens-africanos-elogiam-cooperacao-china-africa\/\" \/>\n<meta property=\"og:locale\" content=\"pt_BR\" \/>\n<meta property=\"og:type\" content=\"article\" \/>\n<meta property=\"og:title\" content=\"Pesquisa CGTN sobre China-\u00c1frica 2: jovens africanos elogiam coopera\u00e7\u00e3o China-\u00c1frica - CRI e Diario de Pernambuco\" \/>\n<meta property=\"og:description\" content=\"Um levantamento sobre o relacionamento China-\u00c1frica mostrou que jovens africanos avaliaram positivamente as filosofias da moderniza\u00e7\u00e3o chinesa e os \u00eaxitos da coopera\u00e7\u00e3o entre as duas partes. Em uma enquete lan\u00e7ada pela China Global Television Network (CGTN), do Grupo de M\u00eddia...\" \/>\n<meta property=\"og:url\" content=\"https:\/\/diariodepe.com.br\/cri\/2024\/09\/10\/pesquisa-cgtn-sobre-china-africa-2-jovens-africanos-elogiam-cooperacao-china-africa\/\" \/>\n<meta property=\"og:site_name\" content=\"CRI e Diario de Pernambuco\" \/>\n<meta property=\"article:published_time\" content=\"2024-09-10T08:38:59+00:00\" \/>\n<meta name=\"author\" content=\"Ismael Lucas S. Pereira\" \/>\n<meta name=\"twitter:card\" content=\"summary_large_image\" \/>\n<meta name=\"twitter:label1\" content=\"Escrito por\" \/>\n\t<meta name=\"twitter:data1\" content=\"Ismael Lucas S. Pereira\" \/>\n<script type=\"application\/ld+json\" class=\"yoast-schema-graph\">{\"@context\":\"https:\\\/\\\/schema.org\",\"@graph\":[{\"@type\":\"Article\",\"@id\":\"https:\\\/\\\/diariodepe.com.br\\\/cri\\\/2024\\\/09\\\/10\\\/pesquisa-cgtn-sobre-china-africa-2-jovens-africanos-elogiam-cooperacao-china-africa\\\/#article\",\"isPartOf\":{\"@id\":\"https:\\\/\\\/diariodepe.com.br\\\/cri\\\/2024\\\/09\\\/10\\\/pesquisa-cgtn-sobre-china-africa-2-jovens-africanos-elogiam-cooperacao-china-africa\\\/\"},\"author\":{\"name\":\"Ismael Lucas S. Pereira\",\"@id\":\"https:\\\/\\\/diariodepe.com.br\\\/cri\\\/#\\\/schema\\\/person\\\/121bb28d84f1a5b1205ef4ce9c2e0c6b\"},\"headline\":\"Pesquisa CGTN sobre China-\u00c1frica 2: jovens africanos elogiam coopera\u00e7\u00e3o China-\u00c1frica\",\"datePublished\":\"2024-09-10T08:38:59+00:00\",\"mainEntityOfPage\":{\"@id\":\"https:\\\/\\\/diariodepe.com.br\\\/cri\\\/2024\\\/09\\\/10\\\/pesquisa-cgtn-sobre-china-africa-2-jovens-africanos-elogiam-cooperacao-china-africa\\\/\"},\"wordCount\":252,\"commentCount\":0,\"publisher\":{\"@id\":\"https:\\\/\\\/diariodepe.com.br\\\/cri\\\/#organization\"},\"articleSection\":[\"China\"],\"inLanguage\":\"pt-BR\",\"potentialAction\":[{\"@type\":\"CommentAction\",\"name\":\"Comment\",\"target\":[\"https:\\\/\\\/diariodepe.com.br\\\/cri\\\/2024\\\/09\\\/10\\\/pesquisa-cgtn-sobre-china-africa-2-jovens-africanos-elogiam-cooperacao-china-africa\\\/#respond\"]}]},{\"@type\":\"WebPage\",\"@id\":\"https:\\\/\\\/diariodepe.com.br\\\/cri\\\/2024\\\/09\\\/10\\\/pesquisa-cgtn-sobre-china-africa-2-jovens-africanos-elogiam-cooperacao-china-africa\\\/\",\"url\":\"https:\\\/\\\/diariodepe.com.br\\\/cri\\\/2024\\\/09\\\/10\\\/pesquisa-cgtn-sobre-china-africa-2-jovens-africanos-elogiam-cooperacao-china-africa\\\/\",\"name\":\"Pesquisa CGTN sobre China-\u00c1frica 2: jovens africanos elogiam coopera\u00e7\u00e3o China-\u00c1frica - CRI e Diario de Pernambuco\",\"isPartOf\":{\"@id\":\"https:\\\/\\\/diariodepe.com.br\\\/cri\\\/#website\"},\"datePublished\":\"2024-09-10T08:38:59+00:00\",\"breadcrumb\":{\"@id\":\"https:\\\/\\\/diariodepe.com.br\\\/cri\\\/2024\\\/09\\\/10\\\/pesquisa-cgtn-sobre-china-africa-2-jovens-africanos-elogiam-cooperacao-china-africa\\\/#breadcrumb\"},\"inLanguage\":\"pt-BR\",\"potentialAction\":[{\"@type\":\"ReadAction\",\"target\":[\"https:\\\/\\\/diariodepe.com.br\\\/cri\\\/2024\\\/09\\\/10\\\/pesquisa-cgtn-sobre-china-africa-2-jovens-africanos-elogiam-cooperacao-china-africa\\\/\"]}]},{\"@type\":\"BreadcrumbList\",\"@id\":\"https:\\\/\\\/diariodepe.com.br\\\/cri\\\/2024\\\/09\\\/10\\\/pesquisa-cgtn-sobre-china-africa-2-jovens-africanos-elogiam-cooperacao-china-africa\\\/#breadcrumb\",\"itemListElement\":[{\"@type\":\"ListItem\",\"position\":1,\"name\":\"In\u00edcio\",\"item\":\"https:\\\/\\\/diariodepe.com.br\\\/cri\\\/\"},{\"@type\":\"ListItem\",\"position\":2,\"name\":\"Pesquisa CGTN sobre China-\u00c1frica 2: jovens africanos elogiam coopera\u00e7\u00e3o China-\u00c1frica\"}]},{\"@type\":\"WebSite\",\"@id\":\"https:\\\/\\\/diariodepe.com.br\\\/cri\\\/#website\",\"url\":\"https:\\\/\\\/diariodepe.com.br\\\/cri\\\/\",\"name\":\"CRI e Diario de Pernambuco\",\"description\":\"R\u00e1dio Internacional da China\",\"publisher\":{\"@id\":\"https:\\\/\\\/diariodepe.com.br\\\/cri\\\/#organization\"},\"potentialAction\":[{\"@type\":\"SearchAction\",\"target\":{\"@type\":\"EntryPoint\",\"urlTemplate\":\"https:\\\/\\\/diariodepe.com.br\\\/cri\\\/?s={search_term_string}\"},\"query-input\":{\"@type\":\"PropertyValueSpecification\",\"valueRequired\":true,\"valueName\":\"search_term_string\"}}],\"inLanguage\":\"pt-BR\"},{\"@type\":\"Organization\",\"@id\":\"https:\\\/\\\/diariodepe.com.br\\\/cri\\\/#organization\",\"name\":\"CRI e Diario de Pernambuco\",\"url\":\"https:\\\/\\\/diariodepe.com.br\\\/cri\\\/\",\"logo\":{\"@type\":\"ImageObject\",\"inLanguage\":\"pt-BR\",\"@id\":\"https:\\\/\\\/diariodepe.com.br\\\/cri\\\/#\\\/schema\\\/logo\\\/image\\\/\",\"url\":\"https:\\\/\\\/diariodepe.com.br\\\/cri\\\/wp-content\\\/uploads\\\/sites\\\/2\\\/2022\\\/12\\\/cropped-Logo.jpg\",\"contentUrl\":\"https:\\\/\\\/diariodepe.com.br\\\/cri\\\/wp-content\\\/uploads\\\/sites\\\/2\\\/2022\\\/12\\\/cropped-Logo.jpg\",\"width\":700,\"height\":59,\"caption\":\"CRI e Diario de Pernambuco\"},\"image\":{\"@id\":\"https:\\\/\\\/diariodepe.com.br\\\/cri\\\/#\\\/schema\\\/logo\\\/image\\\/\"}},{\"@type\":\"Person\",\"@id\":\"https:\\\/\\\/diariodepe.com.br\\\/cri\\\/#\\\/schema\\\/person\\\/121bb28d84f1a5b1205ef4ce9c2e0c6b\",\"name\":\"Ismael Lucas S. Pereira\",\"image\":{\"@type\":\"ImageObject\",\"inLanguage\":\"pt-BR\",\"@id\":\"https:\\\/\\\/secure.gravatar.com\\\/avatar\\\/887a0f3b5a7ceea963a48499fb883ffce6b5037362def025c52c2505b15d63e4?s=96&d=mm&r=g\",\"url\":\"https:\\\/\\\/secure.gravatar.com\\\/avatar\\\/887a0f3b5a7ceea963a48499fb883ffce6b5037362def025c52c2505b15d63e4?s=96&d=mm&r=g\",\"contentUrl\":\"https:\\\/\\\/secure.gravatar.com\\\/avatar\\\/887a0f3b5a7ceea963a48499fb883ffce6b5037362def025c52c2505b15d63e4?s=96&d=mm&r=g\",\"caption\":\"Ismael Lucas S. Pereira\"},\"url\":\"https:\\\/\\\/diariodepe.com.br\\\/cri\\\/author\\\/ismael-lucas\\\/\"}]}<\/script>\n<!-- \/ Yoast SEO plugin. -->","yoast_head_json":{"title":"Pesquisa CGTN sobre China-\u00c1frica 2: jovens africanos elogiam coopera\u00e7\u00e3o China-\u00c1frica - CRI e Diario de Pernambuco","robots":{"index":"index","follow":"follow","max-snippet":"max-snippet:-1","max-image-preview":"max-image-preview:large","max-video-preview":"max-video-preview:-1"},"canonical":"https:\/\/diariodepe.com.br\/cri\/2024\/09\/10\/pesquisa-cgtn-sobre-china-africa-2-jovens-africanos-elogiam-cooperacao-china-africa\/","og_locale":"pt_BR","og_type":"article","og_title":"Pesquisa CGTN sobre China-\u00c1frica 2: jovens africanos elogiam coopera\u00e7\u00e3o China-\u00c1frica - CRI e Diario de Pernambuco","og_description":"Um levantamento sobre o relacionamento China-\u00c1frica mostrou que jovens africanos avaliaram positivamente as filosofias da moderniza\u00e7\u00e3o chinesa e os \u00eaxitos da coopera\u00e7\u00e3o entre as duas partes. Em uma enquete lan\u00e7ada pela China Global Television Network (CGTN), do Grupo de M\u00eddia...","og_url":"https:\/\/diariodepe.com.br\/cri\/2024\/09\/10\/pesquisa-cgtn-sobre-china-africa-2-jovens-africanos-elogiam-cooperacao-china-africa\/","og_site_name":"CRI e Diario de Pernambuco","article_published_time":"2024-09-10T08:38:59+00:00","author":"Ismael Lucas S. Pereira","twitter_card":"summary_large_image","twitter_misc":{"Escrito por":"Ismael Lucas S. Pereira"},"schema":{"@context":"https:\/\/schema.org","@graph":[{"@type":"Article","@id":"https:\/\/diariodepe.com.br\/cri\/2024\/09\/10\/pesquisa-cgtn-sobre-china-africa-2-jovens-africanos-elogiam-cooperacao-china-africa\/#article","isPartOf":{"@id":"https:\/\/diariodepe.com.br\/cri\/2024\/09\/10\/pesquisa-cgtn-sobre-china-africa-2-jovens-africanos-elogiam-cooperacao-china-africa\/"},"author":{"name":"Ismael Lucas S. Pereira","@id":"https:\/\/diariodepe.com.br\/cri\/#\/schema\/person\/121bb28d84f1a5b1205ef4ce9c2e0c6b"},"headline":"Pesquisa CGTN sobre China-\u00c1frica 2: jovens africanos elogiam coopera\u00e7\u00e3o China-\u00c1frica","datePublished":"2024-09-10T08:38:59+00:00","mainEntityOfPage":{"@id":"https:\/\/diariodepe.com.br\/cri\/2024\/09\/10\/pesquisa-cgtn-sobre-china-africa-2-jovens-africanos-elogiam-cooperacao-china-africa\/"},"wordCount":252,"commentCount":0,"publisher":{"@id":"https:\/\/diariodepe.com.br\/cri\/#organization"},"articleSection":["China"],"inLanguage":"pt-BR","potentialAction":[{"@type":"CommentAction","name":"Comment","target":["https:\/\/diariodepe.com.br\/cri\/2024\/09\/10\/pesquisa-cgtn-sobre-china-africa-2-jovens-africanos-elogiam-cooperacao-china-africa\/#respond"]}]},{"@type":"WebPage","@id":"https:\/\/diariodepe.com.br\/cri\/2024\/09\/10\/pesquisa-cgtn-sobre-china-africa-2-jovens-africanos-elogiam-cooperacao-china-africa\/","url":"https:\/\/diariodepe.com.br\/cri\/2024\/09\/10\/pesquisa-cgtn-sobre-china-africa-2-jovens-africanos-elogiam-cooperacao-china-africa\/","name":"Pesquisa CGTN sobre China-\u00c1frica 2: jovens africanos elogiam coopera\u00e7\u00e3o China-\u00c1frica - CRI e Diario de Pernambuco","isPartOf":{"@id":"https:\/\/diariodepe.com.br\/cri\/#website"},"datePublished":"2024-09-10T08:38:59+00:00","breadcrumb":{"@id":"https:\/\/diariodepe.com.br\/cri\/2024\/09\/10\/pesquisa-cgtn-sobre-china-africa-2-jovens-africanos-elogiam-cooperacao-china-africa\/#breadcrumb"},"inLanguage":"pt-BR","potentialAction":[{"@type":"ReadAction","target":["https:\/\/diariodepe.com.br\/cri\/2024\/09\/10\/pesquisa-cgtn-sobre-china-africa-2-jovens-africanos-elogiam-cooperacao-china-africa\/"]}]},{"@type":"BreadcrumbList","@id":"https:\/\/diariodepe.com.br\/cri\/2024\/09\/10\/pesquisa-cgtn-sobre-china-africa-2-jovens-africanos-elogiam-cooperacao-china-africa\/#breadcrumb","itemListElement":[{"@type":"ListItem","position":1,"name":"In\u00edcio","item":"https:\/\/diariodepe.com.br\/cri\/"},{"@type":"ListItem","position":2,"name":"Pesquisa CGTN sobre China-\u00c1frica 2: jovens africanos elogiam coopera\u00e7\u00e3o China-\u00c1frica"}]},{"@type":"WebSite","@id":"https:\/\/diariodepe.com.br\/cri\/#website","url":"https:\/\/diariodepe.com.br\/cri\/","name":"CRI e Diario de Pernambuco","description":"R\u00e1dio Internacional da China","publisher":{"@id":"https:\/\/diariodepe.com.br\/cri\/#organization"},"potentialAction":[{"@type":"SearchAction","target":{"@type":"EntryPoint","urlTemplate":"https:\/\/diariodepe.com.br\/cri\/?s={search_term_string}"},"query-input":{"@type":"PropertyValueSpecification","valueRequired":true,"valueName":"search_term_string"}}],"inLanguage":"pt-BR"},{"@type":"Organization","@id":"https:\/\/diariodepe.com.br\/cri\/#organization","name":"CRI e Diario de Pernambuco","url":"https:\/\/diariodepe.com.br\/cri\/","logo":{"@type":"ImageObject","inLanguage":"pt-BR","@id":"https:\/\/diariodepe.com.br\/cri\/#\/schema\/logo\/image\/","url":"https:\/\/diariodepe.com.br\/cri\/wp-content\/uploads\/sites\/2\/2022\/12\/cropped-Logo.jpg","contentUrl":"https:\/\/diariodepe.com.br\/cri\/wp-content\/uploads\/sites\/2\/2022\/12\/cropped-Logo.jpg","width":700,"height":59,"caption":"CRI e Diario de Pernambuco"},"image":{"@id":"https:\/\/diariodepe.com.br\/cri\/#\/schema\/logo\/image\/"}},{"@type":"Person","@id":"https:\/\/diariodepe.com.br\/cri\/#\/schema\/person\/121bb28d84f1a5b1205ef4ce9c2e0c6b","name":"Ismael Lucas S. Pereira","image":{"@type":"ImageObject","inLanguage":"pt-BR","@id":"https:\/\/secure.gravatar.com\/avatar\/887a0f3b5a7ceea963a48499fb883ffce6b5037362def025c52c2505b15d63e4?s=96&d=mm&r=g","url":"https:\/\/secure.gravatar.com\/avatar\/887a0f3b5a7ceea963a48499fb883ffce6b5037362def025c52c2505b15d63e4?s=96&d=mm&r=g","contentUrl":"https:\/\/secure.gravatar.com\/avatar\/887a0f3b5a7ceea963a48499fb883ffce6b5037362def025c52c2505b15d63e4?s=96&d=mm&r=g","caption":"Ismael Lucas S. Pereira"},"url":"https:\/\/diariodepe.com.br\/cri\/author\/ismael-lucas\/"}]}},"cc_featured_image_caption":{"caption_text":false,"source_text":false,"source_url":false},"amp_enabled":true,"_links":{"self":[{"href":"https:\/\/diariodepe.com.br\/cri\/wp-json\/wp\/v2\/posts\/6152","targetHints":{"allow":["GET"]}}],"collection":[{"href":"https:\/\/diariodepe.com.br\/cri\/wp-json\/wp\/v2\/posts"}],"about":[{"href":"https:\/\/diariodepe.com.br\/cri\/wp-json\/wp\/v2\/types\/post"}],"author":[{"embeddable":true,"href":"https:\/\/diariodepe.com.br\/cri\/wp-json\/wp\/v2\/users\/2"}],"replies":[{"embeddable":true,"href":"https:\/\/diariodepe.com.br\/cri\/wp-json\/wp\/v2\/comments?post=6152"}],"version-history":[{"count":1,"href":"https:\/\/diariodepe.com.br\/cri\/wp-json\/wp\/v2\/posts\/6152\/revisions"}],"predecessor-version":[{"id":6153,"href":"https:\/\/diariodepe.com.br\/cri\/wp-json\/wp\/v2\/posts\/6152\/revisions\/6153"}],"wp:attachment":[{"href":"https:\/\/diariodepe.com.br\/cri\/wp-json\/wp\/v2\/media?parent=6152"}],"wp:term":[{"taxonomy":"category","embeddable":true,"href":"https:\/\/diariodepe.com.br\/cri\/wp-json\/wp\/v2\/categories?post=6152"},{"taxonomy":"post_tag","embeddable":true,"href":"https:\/\/diariodepe.com.br\/cri\/wp-json\/wp\/v2\/tags?post=6152"}],"curies":[{"name":"wp","href":"https:\/\/api.w.org\/{rel}","templated":true}]}}