{"id":6150,"date":"2024-09-10T05:38:29","date_gmt":"2024-09-10T08:38:29","guid":{"rendered":"https:\/\/diariodepe.com.br\/cri\/?p=6150"},"modified":"2024-09-10T05:38:29","modified_gmt":"2024-09-10T08:38:29","slug":"xi-jinping-encontra-se-com-presidente-da-comissao-da-uniao-africana","status":"publish","type":"post","link":"https:\/\/diariodepe.com.br\/cri\/2024\/09\/10\/xi-jinping-encontra-se-com-presidente-da-comissao-da-uniao-africana\/","title":{"rendered":"Xi Jinping encontra-se com presidente da Comiss\u00e3o da Uni\u00e3o Africana"},"content":{"rendered":"<p data-spm-anchor-id=\"0.0.0.i1\">O presidente chin\u00eas, Xi Jinping, recebeu na manh\u00e3 desta ter\u00e7a-feira (3) no Grande Sal\u00e3o do Povo, em Beijing, o presidente da Comiss\u00e3o da Uni\u00e3o Africana, Moussa Faki, que est\u00e1 na capital chinesa para participar da C\u00fapula do F\u00f3rum de Coopera\u00e7\u00e3o China-\u00c1frica, que ser\u00e1 realizada entre os dias 4 e 6.<\/p>\n<p>O l\u00edder chin\u00eas destacou que a Uni\u00e3o Africana (UA) \u00e9 uma bandeira de unidade e autofortalecimento da \u00c1frica e uma plataforma importante para a coopera\u00e7\u00e3o internacional. Nos \u00faltimos anos, a China e a UA t\u00eam aprofundado a confian\u00e7a pol\u00edtica m\u00fatua e estreitam constantemente a coordena\u00e7\u00e3o em assuntos internacionais e regionais. A parte chinesa est\u00e1 disposta a aproveitar a oportunidade da c\u00fapula para promover mais resultados na coopera\u00e7\u00e3o bilateral em v\u00e1rias \u00e1reas, de forma a impulsionar o desenvolvimento da comunidade com futuro compartilhado China-\u00c1frica para um novo patamar.<\/p>\n<p>Xi Jinping enfatizou que a \u00c1frica \u00e9 um dos polos importantes do mundo e uma prioridade na diplomacia da China. O governo chin\u00eas espera estreitar os interc\u00e2mbios pol\u00edticos com os pa\u00edses africanos, aprofundar a confian\u00e7a estrat\u00e9gica m\u00fatua, intensificar a coopera\u00e7\u00e3o pragm\u00e1tica, compartilhar experi\u00eancias de desenvolvimento e promover o progresso comum. A China tamb\u00e9m est\u00e1 comprometida em fortalecer a unidade e a coopera\u00e7\u00e3o, apoiar firmemente um ao outro e defender uma multipolaridade mundial igualit\u00e1ria e ordenada e uma globaliza\u00e7\u00e3o econ\u00f4mica inclusiva, a fim de salvaguardar em conjunto a imparcialidade e justi\u00e7a internacional e os interesses comuns dos pa\u00edses em desenvolvimento.<\/p>\n<p>Por sua vez, Faki afirmou que, nos seus oito anos como presidente da Comiss\u00e3o da UA, testemunhou o r\u00e1pido desenvolvimento das rela\u00e7\u00f5es com a China. Ele expressou gratid\u00e3o ao governo chin\u00eas, especialmente ao presidente Xi Jinping, pela lideran\u00e7a excepcional no fortalecimento da parceria China-\u00c1frica e no desenvolvimento do mecanismo do F\u00f3rum de Coopera\u00e7\u00e3o China-\u00c1frica. A UA segue firmemente o princ\u00edpio de \u201cUma S\u00f3 China\u201d e apoia firmemente o pa\u00eds na defesa de seus interesses centrais. As importantes iniciativas propostas pelo presidente Xi Jinping, que visam garantir que os povos de todos os pa\u00edses possam compartilhar as oportunidades de paz e desenvolvimento, s\u00e3o essenciais para os pa\u00edses do Sul Global fortalecerem a solidariedade e coopera\u00e7\u00e3o e promoverem um sistema de governan\u00e7a global mais justo e equitativo.<\/p>\n","protected":false},"excerpt":{"rendered":"<p>O presidente chin\u00eas, Xi Jinping, recebeu na manh\u00e3 desta ter\u00e7a-feira (3) no Grande Sal\u00e3o do Povo, em Beijing, o presidente da Comiss\u00e3o da Uni\u00e3o Africana, Moussa Faki, que est\u00e1 na capital chinesa para participar da C\u00fapula do F\u00f3rum de Coopera\u00e7\u00e3o&#8230;<\/p>\n","protected":false},"author":2,"featured_media":0,"comment_status":"open","ping_status":"open","sticky":false,"template":"","format":"standard","meta":{"footnotes":""},"categories":[3],"tags":[],"class_list":["post-6150","post","type-post","status-publish","format-standard","hentry","category-china"],"yoast_head":"<!-- This site is optimized with the Yoast SEO plugin v27.4 - https:\/\/yoast.com\/product\/yoast-seo-wordpress\/ -->\n<title>Xi Jinping encontra-se com presidente da Comiss\u00e3o da Uni\u00e3o Africana - CRI e Diario de Pernambuco<\/title>\n<meta name=\"robots\" content=\"index, follow, max-snippet:-1, max-image-preview:large, max-video-preview:-1\" \/>\n<link rel=\"canonical\" href=\"https:\/\/diariodepe.com.br\/cri\/2024\/09\/10\/xi-jinping-encontra-se-com-presidente-da-comissao-da-uniao-africana\/\" \/>\n<meta property=\"og:locale\" content=\"pt_BR\" \/>\n<meta property=\"og:type\" content=\"article\" \/>\n<meta property=\"og:title\" content=\"Xi Jinping encontra-se com presidente da Comiss\u00e3o da Uni\u00e3o Africana - CRI e Diario de Pernambuco\" \/>\n<meta property=\"og:description\" content=\"O presidente chin\u00eas, Xi Jinping, recebeu na manh\u00e3 desta ter\u00e7a-feira (3) no Grande Sal\u00e3o do Povo, em Beijing, o presidente da Comiss\u00e3o da Uni\u00e3o Africana, Moussa Faki, que est\u00e1 na capital chinesa para participar da C\u00fapula do F\u00f3rum de Coopera\u00e7\u00e3o...\" \/>\n<meta property=\"og:url\" content=\"https:\/\/diariodepe.com.br\/cri\/2024\/09\/10\/xi-jinping-encontra-se-com-presidente-da-comissao-da-uniao-africana\/\" \/>\n<meta property=\"og:site_name\" content=\"CRI e Diario de Pernambuco\" \/>\n<meta property=\"article:published_time\" content=\"2024-09-10T08:38:29+00:00\" \/>\n<meta name=\"author\" content=\"Ismael Lucas S. Pereira\" \/>\n<meta name=\"twitter:card\" content=\"summary_large_image\" \/>\n<meta name=\"twitter:label1\" content=\"Escrito por\" \/>\n\t<meta name=\"twitter:data1\" content=\"Ismael Lucas S. Pereira\" \/>\n<script type=\"application\/ld+json\" class=\"yoast-schema-graph\">{\"@context\":\"https:\\\/\\\/schema.org\",\"@graph\":[{\"@type\":\"Article\",\"@id\":\"https:\\\/\\\/diariodepe.com.br\\\/cri\\\/2024\\\/09\\\/10\\\/xi-jinping-encontra-se-com-presidente-da-comissao-da-uniao-africana\\\/#article\",\"isPartOf\":{\"@id\":\"https:\\\/\\\/diariodepe.com.br\\\/cri\\\/2024\\\/09\\\/10\\\/xi-jinping-encontra-se-com-presidente-da-comissao-da-uniao-africana\\\/\"},\"author\":{\"name\":\"Ismael Lucas S. Pereira\",\"@id\":\"https:\\\/\\\/diariodepe.com.br\\\/cri\\\/#\\\/schema\\\/person\\\/121bb28d84f1a5b1205ef4ce9c2e0c6b\"},\"headline\":\"Xi Jinping encontra-se com presidente da Comiss\u00e3o da Uni\u00e3o Africana\",\"datePublished\":\"2024-09-10T08:38:29+00:00\",\"mainEntityOfPage\":{\"@id\":\"https:\\\/\\\/diariodepe.com.br\\\/cri\\\/2024\\\/09\\\/10\\\/xi-jinping-encontra-se-com-presidente-da-comissao-da-uniao-africana\\\/\"},\"wordCount\":424,\"commentCount\":0,\"publisher\":{\"@id\":\"https:\\\/\\\/diariodepe.com.br\\\/cri\\\/#organization\"},\"articleSection\":[\"China\"],\"inLanguage\":\"pt-BR\",\"potentialAction\":[{\"@type\":\"CommentAction\",\"name\":\"Comment\",\"target\":[\"https:\\\/\\\/diariodepe.com.br\\\/cri\\\/2024\\\/09\\\/10\\\/xi-jinping-encontra-se-com-presidente-da-comissao-da-uniao-africana\\\/#respond\"]}]},{\"@type\":\"WebPage\",\"@id\":\"https:\\\/\\\/diariodepe.com.br\\\/cri\\\/2024\\\/09\\\/10\\\/xi-jinping-encontra-se-com-presidente-da-comissao-da-uniao-africana\\\/\",\"url\":\"https:\\\/\\\/diariodepe.com.br\\\/cri\\\/2024\\\/09\\\/10\\\/xi-jinping-encontra-se-com-presidente-da-comissao-da-uniao-africana\\\/\",\"name\":\"Xi Jinping encontra-se com presidente da Comiss\u00e3o da Uni\u00e3o Africana - CRI e Diario de Pernambuco\",\"isPartOf\":{\"@id\":\"https:\\\/\\\/diariodepe.com.br\\\/cri\\\/#website\"},\"datePublished\":\"2024-09-10T08:38:29+00:00\",\"breadcrumb\":{\"@id\":\"https:\\\/\\\/diariodepe.com.br\\\/cri\\\/2024\\\/09\\\/10\\\/xi-jinping-encontra-se-com-presidente-da-comissao-da-uniao-africana\\\/#breadcrumb\"},\"inLanguage\":\"pt-BR\",\"potentialAction\":[{\"@type\":\"ReadAction\",\"target\":[\"https:\\\/\\\/diariodepe.com.br\\\/cri\\\/2024\\\/09\\\/10\\\/xi-jinping-encontra-se-com-presidente-da-comissao-da-uniao-africana\\\/\"]}]},{\"@type\":\"BreadcrumbList\",\"@id\":\"https:\\\/\\\/diariodepe.com.br\\\/cri\\\/2024\\\/09\\\/10\\\/xi-jinping-encontra-se-com-presidente-da-comissao-da-uniao-africana\\\/#breadcrumb\",\"itemListElement\":[{\"@type\":\"ListItem\",\"position\":1,\"name\":\"In\u00edcio\",\"item\":\"https:\\\/\\\/diariodepe.com.br\\\/cri\\\/\"},{\"@type\":\"ListItem\",\"position\":2,\"name\":\"Xi Jinping encontra-se com presidente da Comiss\u00e3o da Uni\u00e3o Africana\"}]},{\"@type\":\"WebSite\",\"@id\":\"https:\\\/\\\/diariodepe.com.br\\\/cri\\\/#website\",\"url\":\"https:\\\/\\\/diariodepe.com.br\\\/cri\\\/\",\"name\":\"CRI e Diario de Pernambuco\",\"description\":\"R\u00e1dio Internacional da China\",\"publisher\":{\"@id\":\"https:\\\/\\\/diariodepe.com.br\\\/cri\\\/#organization\"},\"potentialAction\":[{\"@type\":\"SearchAction\",\"target\":{\"@type\":\"EntryPoint\",\"urlTemplate\":\"https:\\\/\\\/diariodepe.com.br\\\/cri\\\/?s={search_term_string}\"},\"query-input\":{\"@type\":\"PropertyValueSpecification\",\"valueRequired\":true,\"valueName\":\"search_term_string\"}}],\"inLanguage\":\"pt-BR\"},{\"@type\":\"Organization\",\"@id\":\"https:\\\/\\\/diariodepe.com.br\\\/cri\\\/#organization\",\"name\":\"CRI e Diario de Pernambuco\",\"url\":\"https:\\\/\\\/diariodepe.com.br\\\/cri\\\/\",\"logo\":{\"@type\":\"ImageObject\",\"inLanguage\":\"pt-BR\",\"@id\":\"https:\\\/\\\/diariodepe.com.br\\\/cri\\\/#\\\/schema\\\/logo\\\/image\\\/\",\"url\":\"https:\\\/\\\/diariodepe.com.br\\\/cri\\\/wp-content\\\/uploads\\\/sites\\\/2\\\/2022\\\/12\\\/cropped-Logo.jpg\",\"contentUrl\":\"https:\\\/\\\/diariodepe.com.br\\\/cri\\\/wp-content\\\/uploads\\\/sites\\\/2\\\/2022\\\/12\\\/cropped-Logo.jpg\",\"width\":700,\"height\":59,\"caption\":\"CRI e Diario de Pernambuco\"},\"image\":{\"@id\":\"https:\\\/\\\/diariodepe.com.br\\\/cri\\\/#\\\/schema\\\/logo\\\/image\\\/\"}},{\"@type\":\"Person\",\"@id\":\"https:\\\/\\\/diariodepe.com.br\\\/cri\\\/#\\\/schema\\\/person\\\/121bb28d84f1a5b1205ef4ce9c2e0c6b\",\"name\":\"Ismael Lucas S. Pereira\",\"image\":{\"@type\":\"ImageObject\",\"inLanguage\":\"pt-BR\",\"@id\":\"https:\\\/\\\/secure.gravatar.com\\\/avatar\\\/887a0f3b5a7ceea963a48499fb883ffce6b5037362def025c52c2505b15d63e4?s=96&d=mm&r=g\",\"url\":\"https:\\\/\\\/secure.gravatar.com\\\/avatar\\\/887a0f3b5a7ceea963a48499fb883ffce6b5037362def025c52c2505b15d63e4?s=96&d=mm&r=g\",\"contentUrl\":\"https:\\\/\\\/secure.gravatar.com\\\/avatar\\\/887a0f3b5a7ceea963a48499fb883ffce6b5037362def025c52c2505b15d63e4?s=96&d=mm&r=g\",\"caption\":\"Ismael Lucas S. Pereira\"},\"url\":\"https:\\\/\\\/diariodepe.com.br\\\/cri\\\/author\\\/ismael-lucas\\\/\"}]}<\/script>\n<!-- \/ Yoast SEO plugin. -->","yoast_head_json":{"title":"Xi Jinping encontra-se com presidente da Comiss\u00e3o da Uni\u00e3o Africana - CRI e Diario de Pernambuco","robots":{"index":"index","follow":"follow","max-snippet":"max-snippet:-1","max-image-preview":"max-image-preview:large","max-video-preview":"max-video-preview:-1"},"canonical":"https:\/\/diariodepe.com.br\/cri\/2024\/09\/10\/xi-jinping-encontra-se-com-presidente-da-comissao-da-uniao-africana\/","og_locale":"pt_BR","og_type":"article","og_title":"Xi Jinping encontra-se com presidente da Comiss\u00e3o da Uni\u00e3o Africana - CRI e Diario de Pernambuco","og_description":"O presidente chin\u00eas, Xi Jinping, recebeu na manh\u00e3 desta ter\u00e7a-feira (3) no Grande Sal\u00e3o do Povo, em Beijing, o presidente da Comiss\u00e3o da Uni\u00e3o Africana, Moussa Faki, que est\u00e1 na capital chinesa para participar da C\u00fapula do F\u00f3rum de Coopera\u00e7\u00e3o...","og_url":"https:\/\/diariodepe.com.br\/cri\/2024\/09\/10\/xi-jinping-encontra-se-com-presidente-da-comissao-da-uniao-africana\/","og_site_name":"CRI e Diario de Pernambuco","article_published_time":"2024-09-10T08:38:29+00:00","author":"Ismael Lucas S. Pereira","twitter_card":"summary_large_image","twitter_misc":{"Escrito por":"Ismael Lucas S. Pereira"},"schema":{"@context":"https:\/\/schema.org","@graph":[{"@type":"Article","@id":"https:\/\/diariodepe.com.br\/cri\/2024\/09\/10\/xi-jinping-encontra-se-com-presidente-da-comissao-da-uniao-africana\/#article","isPartOf":{"@id":"https:\/\/diariodepe.com.br\/cri\/2024\/09\/10\/xi-jinping-encontra-se-com-presidente-da-comissao-da-uniao-africana\/"},"author":{"name":"Ismael Lucas S. Pereira","@id":"https:\/\/diariodepe.com.br\/cri\/#\/schema\/person\/121bb28d84f1a5b1205ef4ce9c2e0c6b"},"headline":"Xi Jinping encontra-se com presidente da Comiss\u00e3o da Uni\u00e3o Africana","datePublished":"2024-09-10T08:38:29+00:00","mainEntityOfPage":{"@id":"https:\/\/diariodepe.com.br\/cri\/2024\/09\/10\/xi-jinping-encontra-se-com-presidente-da-comissao-da-uniao-africana\/"},"wordCount":424,"commentCount":0,"publisher":{"@id":"https:\/\/diariodepe.com.br\/cri\/#organization"},"articleSection":["China"],"inLanguage":"pt-BR","potentialAction":[{"@type":"CommentAction","name":"Comment","target":["https:\/\/diariodepe.com.br\/cri\/2024\/09\/10\/xi-jinping-encontra-se-com-presidente-da-comissao-da-uniao-africana\/#respond"]}]},{"@type":"WebPage","@id":"https:\/\/diariodepe.com.br\/cri\/2024\/09\/10\/xi-jinping-encontra-se-com-presidente-da-comissao-da-uniao-africana\/","url":"https:\/\/diariodepe.com.br\/cri\/2024\/09\/10\/xi-jinping-encontra-se-com-presidente-da-comissao-da-uniao-africana\/","name":"Xi Jinping encontra-se com presidente da Comiss\u00e3o da Uni\u00e3o Africana - CRI e Diario de Pernambuco","isPartOf":{"@id":"https:\/\/diariodepe.com.br\/cri\/#website"},"datePublished":"2024-09-10T08:38:29+00:00","breadcrumb":{"@id":"https:\/\/diariodepe.com.br\/cri\/2024\/09\/10\/xi-jinping-encontra-se-com-presidente-da-comissao-da-uniao-africana\/#breadcrumb"},"inLanguage":"pt-BR","potentialAction":[{"@type":"ReadAction","target":["https:\/\/diariodepe.com.br\/cri\/2024\/09\/10\/xi-jinping-encontra-se-com-presidente-da-comissao-da-uniao-africana\/"]}]},{"@type":"BreadcrumbList","@id":"https:\/\/diariodepe.com.br\/cri\/2024\/09\/10\/xi-jinping-encontra-se-com-presidente-da-comissao-da-uniao-africana\/#breadcrumb","itemListElement":[{"@type":"ListItem","position":1,"name":"In\u00edcio","item":"https:\/\/diariodepe.com.br\/cri\/"},{"@type":"ListItem","position":2,"name":"Xi Jinping encontra-se com presidente da Comiss\u00e3o da Uni\u00e3o Africana"}]},{"@type":"WebSite","@id":"https:\/\/diariodepe.com.br\/cri\/#website","url":"https:\/\/diariodepe.com.br\/cri\/","name":"CRI e Diario de Pernambuco","description":"R\u00e1dio Internacional da China","publisher":{"@id":"https:\/\/diariodepe.com.br\/cri\/#organization"},"potentialAction":[{"@type":"SearchAction","target":{"@type":"EntryPoint","urlTemplate":"https:\/\/diariodepe.com.br\/cri\/?s={search_term_string}"},"query-input":{"@type":"PropertyValueSpecification","valueRequired":true,"valueName":"search_term_string"}}],"inLanguage":"pt-BR"},{"@type":"Organization","@id":"https:\/\/diariodepe.com.br\/cri\/#organization","name":"CRI e Diario de Pernambuco","url":"https:\/\/diariodepe.com.br\/cri\/","logo":{"@type":"ImageObject","inLanguage":"pt-BR","@id":"https:\/\/diariodepe.com.br\/cri\/#\/schema\/logo\/image\/","url":"https:\/\/diariodepe.com.br\/cri\/wp-content\/uploads\/sites\/2\/2022\/12\/cropped-Logo.jpg","contentUrl":"https:\/\/diariodepe.com.br\/cri\/wp-content\/uploads\/sites\/2\/2022\/12\/cropped-Logo.jpg","width":700,"height":59,"caption":"CRI e Diario de Pernambuco"},"image":{"@id":"https:\/\/diariodepe.com.br\/cri\/#\/schema\/logo\/image\/"}},{"@type":"Person","@id":"https:\/\/diariodepe.com.br\/cri\/#\/schema\/person\/121bb28d84f1a5b1205ef4ce9c2e0c6b","name":"Ismael Lucas S. Pereira","image":{"@type":"ImageObject","inLanguage":"pt-BR","@id":"https:\/\/secure.gravatar.com\/avatar\/887a0f3b5a7ceea963a48499fb883ffce6b5037362def025c52c2505b15d63e4?s=96&d=mm&r=g","url":"https:\/\/secure.gravatar.com\/avatar\/887a0f3b5a7ceea963a48499fb883ffce6b5037362def025c52c2505b15d63e4?s=96&d=mm&r=g","contentUrl":"https:\/\/secure.gravatar.com\/avatar\/887a0f3b5a7ceea963a48499fb883ffce6b5037362def025c52c2505b15d63e4?s=96&d=mm&r=g","caption":"Ismael Lucas S. Pereira"},"url":"https:\/\/diariodepe.com.br\/cri\/author\/ismael-lucas\/"}]}},"cc_featured_image_caption":{"caption_text":false,"source_text":false,"source_url":false},"amp_enabled":true,"_links":{"self":[{"href":"https:\/\/diariodepe.com.br\/cri\/wp-json\/wp\/v2\/posts\/6150","targetHints":{"allow":["GET"]}}],"collection":[{"href":"https:\/\/diariodepe.com.br\/cri\/wp-json\/wp\/v2\/posts"}],"about":[{"href":"https:\/\/diariodepe.com.br\/cri\/wp-json\/wp\/v2\/types\/post"}],"author":[{"embeddable":true,"href":"https:\/\/diariodepe.com.br\/cri\/wp-json\/wp\/v2\/users\/2"}],"replies":[{"embeddable":true,"href":"https:\/\/diariodepe.com.br\/cri\/wp-json\/wp\/v2\/comments?post=6150"}],"version-history":[{"count":1,"href":"https:\/\/diariodepe.com.br\/cri\/wp-json\/wp\/v2\/posts\/6150\/revisions"}],"predecessor-version":[{"id":6151,"href":"https:\/\/diariodepe.com.br\/cri\/wp-json\/wp\/v2\/posts\/6150\/revisions\/6151"}],"wp:attachment":[{"href":"https:\/\/diariodepe.com.br\/cri\/wp-json\/wp\/v2\/media?parent=6150"}],"wp:term":[{"taxonomy":"category","embeddable":true,"href":"https:\/\/diariodepe.com.br\/cri\/wp-json\/wp\/v2\/categories?post=6150"},{"taxonomy":"post_tag","embeddable":true,"href":"https:\/\/diariodepe.com.br\/cri\/wp-json\/wp\/v2\/tags?post=6150"}],"curies":[{"name":"wp","href":"https:\/\/api.w.org\/{rel}","templated":true}]}}