{"id":6148,"date":"2024-09-10T05:37:32","date_gmt":"2024-09-10T08:37:32","guid":{"rendered":"https:\/\/diariodepe.com.br\/cri\/?p=6148"},"modified":"2024-09-10T05:37:32","modified_gmt":"2024-09-10T08:37:32","slug":"pesquisa-cgtn-sobre-china-africa-1-entrevistados-elogiam-filosofias-chinesas-para-a-cooperacao-com-o-continente","status":"publish","type":"post","link":"https:\/\/diariodepe.com.br\/cri\/2024\/09\/10\/pesquisa-cgtn-sobre-china-africa-1-entrevistados-elogiam-filosofias-chinesas-para-a-cooperacao-com-o-continente\/","title":{"rendered":"Pesquisa CGTN sobre China-\u00c1frica 1: entrevistados elogiam filosofias chinesas para a coopera\u00e7\u00e3o com o continente"},"content":{"rendered":"<p data-spm-anchor-id=\"0.0.0.i1\">A China e a \u00c1frica, sendo o maior pa\u00eds em desenvolvimento e o continente com o maior n\u00famero de pa\u00edses em desenvolvimento do mundo, se tornaram bons amigos, parceiros e irm\u00e3os devido a experi\u00eancias hist\u00f3ricas semelhantes e apelo compartilhado por desenvolvimento.<\/p>\n<p>A China Global Television Network (CGTN), do Grupo de M\u00eddia da China, em conjunto com a Universidade Renmin da China e por meio do Instituto de Comunica\u00e7\u00e3o Internacional da Nova Era, lan\u00e7ou uma pesquisa na \u00c1frica. Os resultados mostraram que 90,4% dos entrevistados consideram que a pr\u00e1tica e as filosofias de coopera\u00e7\u00e3o entre a China e a \u00c1frica ofereceram um bom exemplo para a colabora\u00e7\u00e3o entre na\u00e7\u00f5es em desenvolvimento em assuntos internacionais e tamb\u00e9m proporcionaram programas importantes para a reforma do sistema de governan\u00e7a global.<\/p>\n<p>Na enquete, 81,7% do p\u00fablico considerou que a China sempre respeitou e apoiou as na\u00e7\u00f5es do continente africano e os povos chin\u00eas e africano sempre mantiveram solidariedade e suporte m\u00fatuos, enquanto 86,3% dos participantes esperaram uma comunidade de futuro compartilhado China-\u00c1frica com rela\u00e7\u00f5es mais estreitas.<\/p>\n<p>Desde a funda\u00e7\u00e3o do F\u00f3rum de Coopera\u00e7\u00e3o China-\u00c1frica, as ferrovias e rodovias constru\u00eddas pela China superaram 13 mil quil\u00f4metros e mais de 80 instala\u00e7\u00f5es el\u00e9tricas de grande porte foram constru\u00eddas no continente africano. Na pesquisa da CGTN, 88,9% dos entrevistados consideraram que a coopera\u00e7\u00e3o sino-africana melhorou as condi\u00e7\u00f5es de desenvolvimento da \u00c1frica e 91,6% analisaram que ela contribuiu com a atualiza\u00e7\u00e3o da infraestrutura do continente. Os cinco setores que se classificaram nos primeiros lugares da lista com o maior desejo para o fomento da colabora\u00e7\u00e3o bilateral no futuro s\u00e3o ci\u00eancia e tecnologia, economia e com\u00e9rcio, educa\u00e7\u00e3o, medicina e agricultura.<\/p>\n<p>Entre os entrevistados, 93,8% concordaram que a amizade sino-africana tem uma longa hist\u00f3ria e, ao mesmo tempo, 89,2% manifestaram seu desejo pela realiza\u00e7\u00e3o de mais atividades sobre a cultura chinesa na \u00c1frica.<\/p>\n<p>Os resultados do levantamento tamb\u00e9m revelaram que 89,7% dos participantes apoiaram a China e a \u00c1frica a continuarem com seu apoio m\u00fatuo nas quest\u00f5es relacionadas com os interesses essenciais e com as principais preocupa\u00e7\u00f5es da outra parte.<\/p>\n<p>A pesquisa foi realizada com 10.125 entrevistados em dez pa\u00edses africanos, incluindo Camar\u00f5es, Botsuana, Egito, Eti\u00f3pia, Gana, Qu\u00eania, Marrocos, Nig\u00e9ria, \u00c1frica do Sul e Tanz\u00e2nia.<\/p>\n","protected":false},"excerpt":{"rendered":"<p>A China e a \u00c1frica, sendo o maior pa\u00eds em desenvolvimento e o continente com o maior n\u00famero de pa\u00edses em desenvolvimento do mundo, se tornaram bons amigos, parceiros e irm\u00e3os devido a experi\u00eancias hist\u00f3ricas semelhantes e apelo compartilhado por&#8230;<\/p>\n","protected":false},"author":2,"featured_media":0,"comment_status":"open","ping_status":"open","sticky":false,"template":"","format":"standard","meta":{"footnotes":""},"categories":[3],"tags":[],"class_list":["post-6148","post","type-post","status-publish","format-standard","hentry","category-china"],"yoast_head":"<!-- This site is optimized with the Yoast SEO plugin v27.4 - https:\/\/yoast.com\/product\/yoast-seo-wordpress\/ -->\n<title>Pesquisa CGTN sobre China-\u00c1frica 1: entrevistados elogiam filosofias chinesas para a coopera\u00e7\u00e3o com o continente - CRI e Diario de Pernambuco<\/title>\n<meta name=\"robots\" content=\"index, follow, max-snippet:-1, max-image-preview:large, max-video-preview:-1\" \/>\n<link rel=\"canonical\" href=\"https:\/\/diariodepe.com.br\/cri\/2024\/09\/10\/pesquisa-cgtn-sobre-china-africa-1-entrevistados-elogiam-filosofias-chinesas-para-a-cooperacao-com-o-continente\/\" \/>\n<meta property=\"og:locale\" content=\"pt_BR\" \/>\n<meta property=\"og:type\" content=\"article\" \/>\n<meta property=\"og:title\" content=\"Pesquisa CGTN sobre China-\u00c1frica 1: entrevistados elogiam filosofias chinesas para a coopera\u00e7\u00e3o com o continente - CRI e Diario de Pernambuco\" \/>\n<meta property=\"og:description\" content=\"A China e a \u00c1frica, sendo o maior pa\u00eds em desenvolvimento e o continente com o maior n\u00famero de pa\u00edses em desenvolvimento do mundo, se tornaram bons amigos, parceiros e irm\u00e3os devido a experi\u00eancias hist\u00f3ricas semelhantes e apelo compartilhado por...\" \/>\n<meta property=\"og:url\" content=\"https:\/\/diariodepe.com.br\/cri\/2024\/09\/10\/pesquisa-cgtn-sobre-china-africa-1-entrevistados-elogiam-filosofias-chinesas-para-a-cooperacao-com-o-continente\/\" \/>\n<meta property=\"og:site_name\" content=\"CRI e Diario de Pernambuco\" \/>\n<meta property=\"article:published_time\" content=\"2024-09-10T08:37:32+00:00\" \/>\n<meta name=\"author\" content=\"Ismael Lucas S. Pereira\" \/>\n<meta name=\"twitter:card\" content=\"summary_large_image\" \/>\n<meta name=\"twitter:label1\" content=\"Escrito por\" \/>\n\t<meta name=\"twitter:data1\" content=\"Ismael Lucas S. Pereira\" \/>\n<script type=\"application\/ld+json\" class=\"yoast-schema-graph\">{\"@context\":\"https:\\\/\\\/schema.org\",\"@graph\":[{\"@type\":\"Article\",\"@id\":\"https:\\\/\\\/diariodepe.com.br\\\/cri\\\/2024\\\/09\\\/10\\\/pesquisa-cgtn-sobre-china-africa-1-entrevistados-elogiam-filosofias-chinesas-para-a-cooperacao-com-o-continente\\\/#article\",\"isPartOf\":{\"@id\":\"https:\\\/\\\/diariodepe.com.br\\\/cri\\\/2024\\\/09\\\/10\\\/pesquisa-cgtn-sobre-china-africa-1-entrevistados-elogiam-filosofias-chinesas-para-a-cooperacao-com-o-continente\\\/\"},\"author\":{\"name\":\"Ismael Lucas S. Pereira\",\"@id\":\"https:\\\/\\\/diariodepe.com.br\\\/cri\\\/#\\\/schema\\\/person\\\/121bb28d84f1a5b1205ef4ce9c2e0c6b\"},\"headline\":\"Pesquisa CGTN sobre China-\u00c1frica 1: entrevistados elogiam filosofias chinesas para a coopera\u00e7\u00e3o com o continente\",\"datePublished\":\"2024-09-10T08:37:32+00:00\",\"mainEntityOfPage\":{\"@id\":\"https:\\\/\\\/diariodepe.com.br\\\/cri\\\/2024\\\/09\\\/10\\\/pesquisa-cgtn-sobre-china-africa-1-entrevistados-elogiam-filosofias-chinesas-para-a-cooperacao-com-o-continente\\\/\"},\"wordCount\":419,\"commentCount\":0,\"publisher\":{\"@id\":\"https:\\\/\\\/diariodepe.com.br\\\/cri\\\/#organization\"},\"articleSection\":[\"China\"],\"inLanguage\":\"pt-BR\",\"potentialAction\":[{\"@type\":\"CommentAction\",\"name\":\"Comment\",\"target\":[\"https:\\\/\\\/diariodepe.com.br\\\/cri\\\/2024\\\/09\\\/10\\\/pesquisa-cgtn-sobre-china-africa-1-entrevistados-elogiam-filosofias-chinesas-para-a-cooperacao-com-o-continente\\\/#respond\"]}]},{\"@type\":\"WebPage\",\"@id\":\"https:\\\/\\\/diariodepe.com.br\\\/cri\\\/2024\\\/09\\\/10\\\/pesquisa-cgtn-sobre-china-africa-1-entrevistados-elogiam-filosofias-chinesas-para-a-cooperacao-com-o-continente\\\/\",\"url\":\"https:\\\/\\\/diariodepe.com.br\\\/cri\\\/2024\\\/09\\\/10\\\/pesquisa-cgtn-sobre-china-africa-1-entrevistados-elogiam-filosofias-chinesas-para-a-cooperacao-com-o-continente\\\/\",\"name\":\"Pesquisa CGTN sobre China-\u00c1frica 1: entrevistados elogiam filosofias chinesas para a coopera\u00e7\u00e3o com o continente - CRI e Diario de Pernambuco\",\"isPartOf\":{\"@id\":\"https:\\\/\\\/diariodepe.com.br\\\/cri\\\/#website\"},\"datePublished\":\"2024-09-10T08:37:32+00:00\",\"breadcrumb\":{\"@id\":\"https:\\\/\\\/diariodepe.com.br\\\/cri\\\/2024\\\/09\\\/10\\\/pesquisa-cgtn-sobre-china-africa-1-entrevistados-elogiam-filosofias-chinesas-para-a-cooperacao-com-o-continente\\\/#breadcrumb\"},\"inLanguage\":\"pt-BR\",\"potentialAction\":[{\"@type\":\"ReadAction\",\"target\":[\"https:\\\/\\\/diariodepe.com.br\\\/cri\\\/2024\\\/09\\\/10\\\/pesquisa-cgtn-sobre-china-africa-1-entrevistados-elogiam-filosofias-chinesas-para-a-cooperacao-com-o-continente\\\/\"]}]},{\"@type\":\"BreadcrumbList\",\"@id\":\"https:\\\/\\\/diariodepe.com.br\\\/cri\\\/2024\\\/09\\\/10\\\/pesquisa-cgtn-sobre-china-africa-1-entrevistados-elogiam-filosofias-chinesas-para-a-cooperacao-com-o-continente\\\/#breadcrumb\",\"itemListElement\":[{\"@type\":\"ListItem\",\"position\":1,\"name\":\"In\u00edcio\",\"item\":\"https:\\\/\\\/diariodepe.com.br\\\/cri\\\/\"},{\"@type\":\"ListItem\",\"position\":2,\"name\":\"Pesquisa CGTN sobre China-\u00c1frica 1: entrevistados elogiam filosofias chinesas para a coopera\u00e7\u00e3o com o continente\"}]},{\"@type\":\"WebSite\",\"@id\":\"https:\\\/\\\/diariodepe.com.br\\\/cri\\\/#website\",\"url\":\"https:\\\/\\\/diariodepe.com.br\\\/cri\\\/\",\"name\":\"CRI e Diario de Pernambuco\",\"description\":\"R\u00e1dio Internacional da China\",\"publisher\":{\"@id\":\"https:\\\/\\\/diariodepe.com.br\\\/cri\\\/#organization\"},\"potentialAction\":[{\"@type\":\"SearchAction\",\"target\":{\"@type\":\"EntryPoint\",\"urlTemplate\":\"https:\\\/\\\/diariodepe.com.br\\\/cri\\\/?s={search_term_string}\"},\"query-input\":{\"@type\":\"PropertyValueSpecification\",\"valueRequired\":true,\"valueName\":\"search_term_string\"}}],\"inLanguage\":\"pt-BR\"},{\"@type\":\"Organization\",\"@id\":\"https:\\\/\\\/diariodepe.com.br\\\/cri\\\/#organization\",\"name\":\"CRI e Diario de Pernambuco\",\"url\":\"https:\\\/\\\/diariodepe.com.br\\\/cri\\\/\",\"logo\":{\"@type\":\"ImageObject\",\"inLanguage\":\"pt-BR\",\"@id\":\"https:\\\/\\\/diariodepe.com.br\\\/cri\\\/#\\\/schema\\\/logo\\\/image\\\/\",\"url\":\"https:\\\/\\\/diariodepe.com.br\\\/cri\\\/wp-content\\\/uploads\\\/sites\\\/2\\\/2022\\\/12\\\/cropped-Logo.jpg\",\"contentUrl\":\"https:\\\/\\\/diariodepe.com.br\\\/cri\\\/wp-content\\\/uploads\\\/sites\\\/2\\\/2022\\\/12\\\/cropped-Logo.jpg\",\"width\":700,\"height\":59,\"caption\":\"CRI e Diario de Pernambuco\"},\"image\":{\"@id\":\"https:\\\/\\\/diariodepe.com.br\\\/cri\\\/#\\\/schema\\\/logo\\\/image\\\/\"}},{\"@type\":\"Person\",\"@id\":\"https:\\\/\\\/diariodepe.com.br\\\/cri\\\/#\\\/schema\\\/person\\\/121bb28d84f1a5b1205ef4ce9c2e0c6b\",\"name\":\"Ismael Lucas S. Pereira\",\"image\":{\"@type\":\"ImageObject\",\"inLanguage\":\"pt-BR\",\"@id\":\"https:\\\/\\\/secure.gravatar.com\\\/avatar\\\/887a0f3b5a7ceea963a48499fb883ffce6b5037362def025c52c2505b15d63e4?s=96&d=mm&r=g\",\"url\":\"https:\\\/\\\/secure.gravatar.com\\\/avatar\\\/887a0f3b5a7ceea963a48499fb883ffce6b5037362def025c52c2505b15d63e4?s=96&d=mm&r=g\",\"contentUrl\":\"https:\\\/\\\/secure.gravatar.com\\\/avatar\\\/887a0f3b5a7ceea963a48499fb883ffce6b5037362def025c52c2505b15d63e4?s=96&d=mm&r=g\",\"caption\":\"Ismael Lucas S. Pereira\"},\"url\":\"https:\\\/\\\/diariodepe.com.br\\\/cri\\\/author\\\/ismael-lucas\\\/\"}]}<\/script>\n<!-- \/ Yoast SEO plugin. -->","yoast_head_json":{"title":"Pesquisa CGTN sobre China-\u00c1frica 1: entrevistados elogiam filosofias chinesas para a coopera\u00e7\u00e3o com o continente - CRI e Diario de Pernambuco","robots":{"index":"index","follow":"follow","max-snippet":"max-snippet:-1","max-image-preview":"max-image-preview:large","max-video-preview":"max-video-preview:-1"},"canonical":"https:\/\/diariodepe.com.br\/cri\/2024\/09\/10\/pesquisa-cgtn-sobre-china-africa-1-entrevistados-elogiam-filosofias-chinesas-para-a-cooperacao-com-o-continente\/","og_locale":"pt_BR","og_type":"article","og_title":"Pesquisa CGTN sobre China-\u00c1frica 1: entrevistados elogiam filosofias chinesas para a coopera\u00e7\u00e3o com o continente - CRI e Diario de Pernambuco","og_description":"A China e a \u00c1frica, sendo o maior pa\u00eds em desenvolvimento e o continente com o maior n\u00famero de pa\u00edses em desenvolvimento do mundo, se tornaram bons amigos, parceiros e irm\u00e3os devido a experi\u00eancias hist\u00f3ricas semelhantes e apelo compartilhado por...","og_url":"https:\/\/diariodepe.com.br\/cri\/2024\/09\/10\/pesquisa-cgtn-sobre-china-africa-1-entrevistados-elogiam-filosofias-chinesas-para-a-cooperacao-com-o-continente\/","og_site_name":"CRI e Diario de Pernambuco","article_published_time":"2024-09-10T08:37:32+00:00","author":"Ismael Lucas S. Pereira","twitter_card":"summary_large_image","twitter_misc":{"Escrito por":"Ismael Lucas S. Pereira"},"schema":{"@context":"https:\/\/schema.org","@graph":[{"@type":"Article","@id":"https:\/\/diariodepe.com.br\/cri\/2024\/09\/10\/pesquisa-cgtn-sobre-china-africa-1-entrevistados-elogiam-filosofias-chinesas-para-a-cooperacao-com-o-continente\/#article","isPartOf":{"@id":"https:\/\/diariodepe.com.br\/cri\/2024\/09\/10\/pesquisa-cgtn-sobre-china-africa-1-entrevistados-elogiam-filosofias-chinesas-para-a-cooperacao-com-o-continente\/"},"author":{"name":"Ismael Lucas S. Pereira","@id":"https:\/\/diariodepe.com.br\/cri\/#\/schema\/person\/121bb28d84f1a5b1205ef4ce9c2e0c6b"},"headline":"Pesquisa CGTN sobre China-\u00c1frica 1: entrevistados elogiam filosofias chinesas para a coopera\u00e7\u00e3o com o continente","datePublished":"2024-09-10T08:37:32+00:00","mainEntityOfPage":{"@id":"https:\/\/diariodepe.com.br\/cri\/2024\/09\/10\/pesquisa-cgtn-sobre-china-africa-1-entrevistados-elogiam-filosofias-chinesas-para-a-cooperacao-com-o-continente\/"},"wordCount":419,"commentCount":0,"publisher":{"@id":"https:\/\/diariodepe.com.br\/cri\/#organization"},"articleSection":["China"],"inLanguage":"pt-BR","potentialAction":[{"@type":"CommentAction","name":"Comment","target":["https:\/\/diariodepe.com.br\/cri\/2024\/09\/10\/pesquisa-cgtn-sobre-china-africa-1-entrevistados-elogiam-filosofias-chinesas-para-a-cooperacao-com-o-continente\/#respond"]}]},{"@type":"WebPage","@id":"https:\/\/diariodepe.com.br\/cri\/2024\/09\/10\/pesquisa-cgtn-sobre-china-africa-1-entrevistados-elogiam-filosofias-chinesas-para-a-cooperacao-com-o-continente\/","url":"https:\/\/diariodepe.com.br\/cri\/2024\/09\/10\/pesquisa-cgtn-sobre-china-africa-1-entrevistados-elogiam-filosofias-chinesas-para-a-cooperacao-com-o-continente\/","name":"Pesquisa CGTN sobre China-\u00c1frica 1: entrevistados elogiam filosofias chinesas para a coopera\u00e7\u00e3o com o continente - CRI e Diario de Pernambuco","isPartOf":{"@id":"https:\/\/diariodepe.com.br\/cri\/#website"},"datePublished":"2024-09-10T08:37:32+00:00","breadcrumb":{"@id":"https:\/\/diariodepe.com.br\/cri\/2024\/09\/10\/pesquisa-cgtn-sobre-china-africa-1-entrevistados-elogiam-filosofias-chinesas-para-a-cooperacao-com-o-continente\/#breadcrumb"},"inLanguage":"pt-BR","potentialAction":[{"@type":"ReadAction","target":["https:\/\/diariodepe.com.br\/cri\/2024\/09\/10\/pesquisa-cgtn-sobre-china-africa-1-entrevistados-elogiam-filosofias-chinesas-para-a-cooperacao-com-o-continente\/"]}]},{"@type":"BreadcrumbList","@id":"https:\/\/diariodepe.com.br\/cri\/2024\/09\/10\/pesquisa-cgtn-sobre-china-africa-1-entrevistados-elogiam-filosofias-chinesas-para-a-cooperacao-com-o-continente\/#breadcrumb","itemListElement":[{"@type":"ListItem","position":1,"name":"In\u00edcio","item":"https:\/\/diariodepe.com.br\/cri\/"},{"@type":"ListItem","position":2,"name":"Pesquisa CGTN sobre China-\u00c1frica 1: entrevistados elogiam filosofias chinesas para a coopera\u00e7\u00e3o com o continente"}]},{"@type":"WebSite","@id":"https:\/\/diariodepe.com.br\/cri\/#website","url":"https:\/\/diariodepe.com.br\/cri\/","name":"CRI e Diario de Pernambuco","description":"R\u00e1dio Internacional da China","publisher":{"@id":"https:\/\/diariodepe.com.br\/cri\/#organization"},"potentialAction":[{"@type":"SearchAction","target":{"@type":"EntryPoint","urlTemplate":"https:\/\/diariodepe.com.br\/cri\/?s={search_term_string}"},"query-input":{"@type":"PropertyValueSpecification","valueRequired":true,"valueName":"search_term_string"}}],"inLanguage":"pt-BR"},{"@type":"Organization","@id":"https:\/\/diariodepe.com.br\/cri\/#organization","name":"CRI e Diario de Pernambuco","url":"https:\/\/diariodepe.com.br\/cri\/","logo":{"@type":"ImageObject","inLanguage":"pt-BR","@id":"https:\/\/diariodepe.com.br\/cri\/#\/schema\/logo\/image\/","url":"https:\/\/diariodepe.com.br\/cri\/wp-content\/uploads\/sites\/2\/2022\/12\/cropped-Logo.jpg","contentUrl":"https:\/\/diariodepe.com.br\/cri\/wp-content\/uploads\/sites\/2\/2022\/12\/cropped-Logo.jpg","width":700,"height":59,"caption":"CRI e Diario de Pernambuco"},"image":{"@id":"https:\/\/diariodepe.com.br\/cri\/#\/schema\/logo\/image\/"}},{"@type":"Person","@id":"https:\/\/diariodepe.com.br\/cri\/#\/schema\/person\/121bb28d84f1a5b1205ef4ce9c2e0c6b","name":"Ismael Lucas S. Pereira","image":{"@type":"ImageObject","inLanguage":"pt-BR","@id":"https:\/\/secure.gravatar.com\/avatar\/887a0f3b5a7ceea963a48499fb883ffce6b5037362def025c52c2505b15d63e4?s=96&d=mm&r=g","url":"https:\/\/secure.gravatar.com\/avatar\/887a0f3b5a7ceea963a48499fb883ffce6b5037362def025c52c2505b15d63e4?s=96&d=mm&r=g","contentUrl":"https:\/\/secure.gravatar.com\/avatar\/887a0f3b5a7ceea963a48499fb883ffce6b5037362def025c52c2505b15d63e4?s=96&d=mm&r=g","caption":"Ismael Lucas S. Pereira"},"url":"https:\/\/diariodepe.com.br\/cri\/author\/ismael-lucas\/"}]}},"cc_featured_image_caption":{"caption_text":false,"source_text":false,"source_url":false},"amp_enabled":true,"_links":{"self":[{"href":"https:\/\/diariodepe.com.br\/cri\/wp-json\/wp\/v2\/posts\/6148","targetHints":{"allow":["GET"]}}],"collection":[{"href":"https:\/\/diariodepe.com.br\/cri\/wp-json\/wp\/v2\/posts"}],"about":[{"href":"https:\/\/diariodepe.com.br\/cri\/wp-json\/wp\/v2\/types\/post"}],"author":[{"embeddable":true,"href":"https:\/\/diariodepe.com.br\/cri\/wp-json\/wp\/v2\/users\/2"}],"replies":[{"embeddable":true,"href":"https:\/\/diariodepe.com.br\/cri\/wp-json\/wp\/v2\/comments?post=6148"}],"version-history":[{"count":1,"href":"https:\/\/diariodepe.com.br\/cri\/wp-json\/wp\/v2\/posts\/6148\/revisions"}],"predecessor-version":[{"id":6149,"href":"https:\/\/diariodepe.com.br\/cri\/wp-json\/wp\/v2\/posts\/6148\/revisions\/6149"}],"wp:attachment":[{"href":"https:\/\/diariodepe.com.br\/cri\/wp-json\/wp\/v2\/media?parent=6148"}],"wp:term":[{"taxonomy":"category","embeddable":true,"href":"https:\/\/diariodepe.com.br\/cri\/wp-json\/wp\/v2\/categories?post=6148"},{"taxonomy":"post_tag","embeddable":true,"href":"https:\/\/diariodepe.com.br\/cri\/wp-json\/wp\/v2\/tags?post=6148"}],"curies":[{"name":"wp","href":"https:\/\/api.w.org\/{rel}","templated":true}]}}