{"id":6144,"date":"2024-09-10T05:36:29","date_gmt":"2024-09-10T08:36:29","guid":{"rendered":"https:\/\/diariodepe.com.br\/cri\/?p=6144"},"modified":"2024-09-10T05:36:29","modified_gmt":"2024-09-10T08:36:29","slug":"presidente-da-republica-centro-africana-a-modernizacao-chinesa-e-inspiradora","status":"publish","type":"post","link":"https:\/\/diariodepe.com.br\/cri\/2024\/09\/10\/presidente-da-republica-centro-africana-a-modernizacao-chinesa-e-inspiradora\/","title":{"rendered":"Presidente da Rep\u00fablica Centro-Africana: A moderniza\u00e7\u00e3o chinesa \u00e9 inspiradora"},"content":{"rendered":"<p class=\"photo_img_20190808\"><img decoding=\"async\" src=\"https:\/\/p1crires.cri.cn\/photoworkspace\/cri\/contentimg\/2024\/08\/31\/2024083121142882553.jpeg\" alt=\"\" width=\"1000\" \/><\/p>\n<p>O presidente da Rep\u00fablica Centro-Africana, Faustin-Archange Touad\u00e9ra, disse recentemente em uma entrevista ao Grupo de M\u00eddia da China (CMG, na sigla em ingl\u00eas)\u00a0que a moderniza\u00e7\u00e3o chinesa\u00a0\u00e9\u00a0moldada pela cultura chinesa\u00a0e que esse modelo de desenvolvimento \u00e9 algo muito especial.<\/p>\n<p>Segundo o l\u00edder centro-africano, copiar os\u00a0modelos\u00a0ocidentais\u00a0n\u00e3o \u00e9 o \u00fanico caminho de desenvolvimento. O modelo de desenvolvimento chin\u00eas n\u00e3o apenas fornece uma vis\u00e3o e uma dire\u00e7\u00e3o, mas tamb\u00e9m atribui grande import\u00e2ncia ao bem-estar do povo chin\u00eas e \u00e0 valoriza\u00e7\u00e3o\u00a0e ao desenvolvimento da cultura chinesa.<\/p>\n<p class=\"photo_img_20190808\"><img decoding=\"async\" src=\"https:\/\/p3crires.cri.cn\/photoworkspace\/cri\/contentimg\/2024\/08\/31\/2024083121143762485.jpeg\" alt=\"\" width=\"1000\" \/><\/p>\n<p>Faustin-Archange Touad\u00e9ra\u00a0citou que a coopera\u00e7\u00e3o entre a \u00c1frica e a China tem uma longa hist\u00f3ria e se baseia nas pr\u00f3prias realidades sociais e que os dois lados respeitam mutuamente a soberania e realizam o di\u00e1logo com base no benef\u00edcio rec\u00edproco e nos resultados vantajosos para ambos. \u201cEssa coopera\u00e7\u00e3o \u00e9 franca e sincera, cheia de amizade e fraternidade, a qual se reflete em v\u00e1rios projetos de coopera\u00e7\u00e3o entre a \u00c1frica e a China. \u00c9 por esse motivo que cada vez mais pa\u00edses africanos querem aprofundar sua coopera\u00e7\u00e3o com a China\u201d, salientou o presidente centro-africano.<\/p>\n<p>Em rela\u00e7\u00e3o aos programas definidos no F\u00f3rum de Coopera\u00e7\u00e3o China-\u00c1frica, Touad\u00e9ra\u00a0disse que esses programas correspondem aos interesses do povo da Rep\u00fablica Centro-Africana e que sua implementa\u00e7\u00e3o levou a benef\u00edcios concretos ao povo centro-africano.<\/p>\n<p class=\"photo_img_20190808\"><img decoding=\"async\" src=\"https:\/\/p3crires.cri.cn\/photoworkspace\/cri\/contentimg\/2024\/08\/31\/2024083121144430020.jpeg\" alt=\"\" width=\"1000\" \/><\/p>\n<p>Touad\u00e9ra\u00a0tinha lido o livro Xi Jinping: A Governan\u00e7a da China. Ele disse que a China tem uma popula\u00e7\u00e3o de mais de um bilh\u00e3o de pessoas e que \u00e9 necess\u00e1rio uma lideran\u00e7a forte para dirigir esse pa\u00eds t\u00e3o grande a obter progressos not\u00e1veis. \u201cAo ler esse livro de Xi Jinping, conhecemos profundamente seu pensamento e conceito de governan\u00e7a. Acho que tirar for\u00e7a de tais modelos ser\u00e1 de grande benef\u00edcio para n\u00f3s realizar o trabalho\u201d, comentou ele.<\/p>\n","protected":false},"excerpt":{"rendered":"<p>O presidente da Rep\u00fablica Centro-Africana, Faustin-Archange Touad\u00e9ra, disse recentemente em uma entrevista ao Grupo de M\u00eddia da China (CMG, na sigla em ingl\u00eas)\u00a0que a moderniza\u00e7\u00e3o chinesa\u00a0\u00e9\u00a0moldada pela cultura chinesa\u00a0e que esse modelo de desenvolvimento \u00e9 algo muito especial. Segundo o&#8230;<\/p>\n","protected":false},"author":2,"featured_media":0,"comment_status":"open","ping_status":"open","sticky":false,"template":"","format":"standard","meta":{"footnotes":""},"categories":[3,5],"tags":[],"class_list":["post-6144","post","type-post","status-publish","format-standard","hentry","category-china","category-destaques-capa"],"yoast_head":"<!-- This site is optimized with the Yoast SEO plugin v27.4 - https:\/\/yoast.com\/product\/yoast-seo-wordpress\/ -->\n<title>Presidente da Rep\u00fablica Centro-Africana: A moderniza\u00e7\u00e3o chinesa \u00e9 inspiradora - CRI e Diario de Pernambuco<\/title>\n<meta name=\"robots\" content=\"index, follow, max-snippet:-1, max-image-preview:large, max-video-preview:-1\" \/>\n<link rel=\"canonical\" href=\"https:\/\/diariodepe.com.br\/cri\/2024\/09\/10\/presidente-da-republica-centro-africana-a-modernizacao-chinesa-e-inspiradora\/\" \/>\n<meta property=\"og:locale\" content=\"pt_BR\" \/>\n<meta property=\"og:type\" content=\"article\" \/>\n<meta property=\"og:title\" content=\"Presidente da Rep\u00fablica Centro-Africana: A moderniza\u00e7\u00e3o chinesa \u00e9 inspiradora - CRI e Diario de Pernambuco\" \/>\n<meta property=\"og:description\" content=\"O presidente da Rep\u00fablica Centro-Africana, Faustin-Archange Touad\u00e9ra, disse recentemente em uma entrevista ao Grupo de M\u00eddia da China (CMG, na sigla em ingl\u00eas)\u00a0que a moderniza\u00e7\u00e3o chinesa\u00a0\u00e9\u00a0moldada pela cultura chinesa\u00a0e que esse modelo de desenvolvimento \u00e9 algo muito especial. Segundo o...\" \/>\n<meta property=\"og:url\" content=\"https:\/\/diariodepe.com.br\/cri\/2024\/09\/10\/presidente-da-republica-centro-africana-a-modernizacao-chinesa-e-inspiradora\/\" \/>\n<meta property=\"og:site_name\" content=\"CRI e Diario de Pernambuco\" \/>\n<meta property=\"article:published_time\" content=\"2024-09-10T08:36:29+00:00\" \/>\n<meta property=\"og:image\" content=\"https:\/\/p1crires.cri.cn\/photoworkspace\/cri\/contentimg\/2024\/08\/31\/2024083121142882553.jpeg\" \/>\n<meta name=\"author\" content=\"Ismael Lucas S. Pereira\" \/>\n<meta name=\"twitter:card\" content=\"summary_large_image\" \/>\n<meta name=\"twitter:label1\" content=\"Escrito por\" \/>\n\t<meta name=\"twitter:data1\" content=\"Ismael Lucas S. Pereira\" \/>\n\t<meta name=\"twitter:label2\" content=\"Est. tempo de leitura\" \/>\n\t<meta name=\"twitter:data2\" content=\"3 minutos\" \/>\n<script type=\"application\/ld+json\" class=\"yoast-schema-graph\">{\"@context\":\"https:\\\/\\\/schema.org\",\"@graph\":[{\"@type\":\"Article\",\"@id\":\"https:\\\/\\\/diariodepe.com.br\\\/cri\\\/2024\\\/09\\\/10\\\/presidente-da-republica-centro-africana-a-modernizacao-chinesa-e-inspiradora\\\/#article\",\"isPartOf\":{\"@id\":\"https:\\\/\\\/diariodepe.com.br\\\/cri\\\/2024\\\/09\\\/10\\\/presidente-da-republica-centro-africana-a-modernizacao-chinesa-e-inspiradora\\\/\"},\"author\":{\"name\":\"Ismael Lucas S. Pereira\",\"@id\":\"https:\\\/\\\/diariodepe.com.br\\\/cri\\\/#\\\/schema\\\/person\\\/121bb28d84f1a5b1205ef4ce9c2e0c6b\"},\"headline\":\"Presidente da Rep\u00fablica Centro-Africana: A moderniza\u00e7\u00e3o chinesa \u00e9 inspiradora\",\"datePublished\":\"2024-09-10T08:36:29+00:00\",\"mainEntityOfPage\":{\"@id\":\"https:\\\/\\\/diariodepe.com.br\\\/cri\\\/2024\\\/09\\\/10\\\/presidente-da-republica-centro-africana-a-modernizacao-chinesa-e-inspiradora\\\/\"},\"wordCount\":344,\"commentCount\":0,\"publisher\":{\"@id\":\"https:\\\/\\\/diariodepe.com.br\\\/cri\\\/#organization\"},\"image\":{\"@id\":\"https:\\\/\\\/diariodepe.com.br\\\/cri\\\/2024\\\/09\\\/10\\\/presidente-da-republica-centro-africana-a-modernizacao-chinesa-e-inspiradora\\\/#primaryimage\"},\"thumbnailUrl\":\"https:\\\/\\\/p1crires.cri.cn\\\/photoworkspace\\\/cri\\\/contentimg\\\/2024\\\/08\\\/31\\\/2024083121142882553.jpeg\",\"articleSection\":[\"China\",\"Destaques Capa\"],\"inLanguage\":\"pt-BR\",\"potentialAction\":[{\"@type\":\"CommentAction\",\"name\":\"Comment\",\"target\":[\"https:\\\/\\\/diariodepe.com.br\\\/cri\\\/2024\\\/09\\\/10\\\/presidente-da-republica-centro-africana-a-modernizacao-chinesa-e-inspiradora\\\/#respond\"]}]},{\"@type\":\"WebPage\",\"@id\":\"https:\\\/\\\/diariodepe.com.br\\\/cri\\\/2024\\\/09\\\/10\\\/presidente-da-republica-centro-africana-a-modernizacao-chinesa-e-inspiradora\\\/\",\"url\":\"https:\\\/\\\/diariodepe.com.br\\\/cri\\\/2024\\\/09\\\/10\\\/presidente-da-republica-centro-africana-a-modernizacao-chinesa-e-inspiradora\\\/\",\"name\":\"Presidente da Rep\u00fablica Centro-Africana: A moderniza\u00e7\u00e3o chinesa \u00e9 inspiradora - CRI e Diario de Pernambuco\",\"isPartOf\":{\"@id\":\"https:\\\/\\\/diariodepe.com.br\\\/cri\\\/#website\"},\"primaryImageOfPage\":{\"@id\":\"https:\\\/\\\/diariodepe.com.br\\\/cri\\\/2024\\\/09\\\/10\\\/presidente-da-republica-centro-africana-a-modernizacao-chinesa-e-inspiradora\\\/#primaryimage\"},\"image\":{\"@id\":\"https:\\\/\\\/diariodepe.com.br\\\/cri\\\/2024\\\/09\\\/10\\\/presidente-da-republica-centro-africana-a-modernizacao-chinesa-e-inspiradora\\\/#primaryimage\"},\"thumbnailUrl\":\"https:\\\/\\\/p1crires.cri.cn\\\/photoworkspace\\\/cri\\\/contentimg\\\/2024\\\/08\\\/31\\\/2024083121142882553.jpeg\",\"datePublished\":\"2024-09-10T08:36:29+00:00\",\"breadcrumb\":{\"@id\":\"https:\\\/\\\/diariodepe.com.br\\\/cri\\\/2024\\\/09\\\/10\\\/presidente-da-republica-centro-africana-a-modernizacao-chinesa-e-inspiradora\\\/#breadcrumb\"},\"inLanguage\":\"pt-BR\",\"potentialAction\":[{\"@type\":\"ReadAction\",\"target\":[\"https:\\\/\\\/diariodepe.com.br\\\/cri\\\/2024\\\/09\\\/10\\\/presidente-da-republica-centro-africana-a-modernizacao-chinesa-e-inspiradora\\\/\"]}]},{\"@type\":\"ImageObject\",\"inLanguage\":\"pt-BR\",\"@id\":\"https:\\\/\\\/diariodepe.com.br\\\/cri\\\/2024\\\/09\\\/10\\\/presidente-da-republica-centro-africana-a-modernizacao-chinesa-e-inspiradora\\\/#primaryimage\",\"url\":\"https:\\\/\\\/p1crires.cri.cn\\\/photoworkspace\\\/cri\\\/contentimg\\\/2024\\\/08\\\/31\\\/2024083121142882553.jpeg\",\"contentUrl\":\"https:\\\/\\\/p1crires.cri.cn\\\/photoworkspace\\\/cri\\\/contentimg\\\/2024\\\/08\\\/31\\\/2024083121142882553.jpeg\"},{\"@type\":\"BreadcrumbList\",\"@id\":\"https:\\\/\\\/diariodepe.com.br\\\/cri\\\/2024\\\/09\\\/10\\\/presidente-da-republica-centro-africana-a-modernizacao-chinesa-e-inspiradora\\\/#breadcrumb\",\"itemListElement\":[{\"@type\":\"ListItem\",\"position\":1,\"name\":\"In\u00edcio\",\"item\":\"https:\\\/\\\/diariodepe.com.br\\\/cri\\\/\"},{\"@type\":\"ListItem\",\"position\":2,\"name\":\"Presidente da Rep\u00fablica Centro-Africana: A moderniza\u00e7\u00e3o chinesa \u00e9 inspiradora\"}]},{\"@type\":\"WebSite\",\"@id\":\"https:\\\/\\\/diariodepe.com.br\\\/cri\\\/#website\",\"url\":\"https:\\\/\\\/diariodepe.com.br\\\/cri\\\/\",\"name\":\"CRI e Diario de Pernambuco\",\"description\":\"R\u00e1dio Internacional da China\",\"publisher\":{\"@id\":\"https:\\\/\\\/diariodepe.com.br\\\/cri\\\/#organization\"},\"potentialAction\":[{\"@type\":\"SearchAction\",\"target\":{\"@type\":\"EntryPoint\",\"urlTemplate\":\"https:\\\/\\\/diariodepe.com.br\\\/cri\\\/?s={search_term_string}\"},\"query-input\":{\"@type\":\"PropertyValueSpecification\",\"valueRequired\":true,\"valueName\":\"search_term_string\"}}],\"inLanguage\":\"pt-BR\"},{\"@type\":\"Organization\",\"@id\":\"https:\\\/\\\/diariodepe.com.br\\\/cri\\\/#organization\",\"name\":\"CRI e Diario de Pernambuco\",\"url\":\"https:\\\/\\\/diariodepe.com.br\\\/cri\\\/\",\"logo\":{\"@type\":\"ImageObject\",\"inLanguage\":\"pt-BR\",\"@id\":\"https:\\\/\\\/diariodepe.com.br\\\/cri\\\/#\\\/schema\\\/logo\\\/image\\\/\",\"url\":\"https:\\\/\\\/diariodepe.com.br\\\/cri\\\/wp-content\\\/uploads\\\/sites\\\/2\\\/2022\\\/12\\\/cropped-Logo.jpg\",\"contentUrl\":\"https:\\\/\\\/diariodepe.com.br\\\/cri\\\/wp-content\\\/uploads\\\/sites\\\/2\\\/2022\\\/12\\\/cropped-Logo.jpg\",\"width\":700,\"height\":59,\"caption\":\"CRI e Diario de Pernambuco\"},\"image\":{\"@id\":\"https:\\\/\\\/diariodepe.com.br\\\/cri\\\/#\\\/schema\\\/logo\\\/image\\\/\"}},{\"@type\":\"Person\",\"@id\":\"https:\\\/\\\/diariodepe.com.br\\\/cri\\\/#\\\/schema\\\/person\\\/121bb28d84f1a5b1205ef4ce9c2e0c6b\",\"name\":\"Ismael Lucas S. Pereira\",\"image\":{\"@type\":\"ImageObject\",\"inLanguage\":\"pt-BR\",\"@id\":\"https:\\\/\\\/secure.gravatar.com\\\/avatar\\\/887a0f3b5a7ceea963a48499fb883ffce6b5037362def025c52c2505b15d63e4?s=96&d=mm&r=g\",\"url\":\"https:\\\/\\\/secure.gravatar.com\\\/avatar\\\/887a0f3b5a7ceea963a48499fb883ffce6b5037362def025c52c2505b15d63e4?s=96&d=mm&r=g\",\"contentUrl\":\"https:\\\/\\\/secure.gravatar.com\\\/avatar\\\/887a0f3b5a7ceea963a48499fb883ffce6b5037362def025c52c2505b15d63e4?s=96&d=mm&r=g\",\"caption\":\"Ismael Lucas S. Pereira\"},\"url\":\"https:\\\/\\\/diariodepe.com.br\\\/cri\\\/author\\\/ismael-lucas\\\/\"}]}<\/script>\n<!-- \/ Yoast SEO plugin. -->","yoast_head_json":{"title":"Presidente da Rep\u00fablica Centro-Africana: A moderniza\u00e7\u00e3o chinesa \u00e9 inspiradora - CRI e Diario de Pernambuco","robots":{"index":"index","follow":"follow","max-snippet":"max-snippet:-1","max-image-preview":"max-image-preview:large","max-video-preview":"max-video-preview:-1"},"canonical":"https:\/\/diariodepe.com.br\/cri\/2024\/09\/10\/presidente-da-republica-centro-africana-a-modernizacao-chinesa-e-inspiradora\/","og_locale":"pt_BR","og_type":"article","og_title":"Presidente da Rep\u00fablica Centro-Africana: A moderniza\u00e7\u00e3o chinesa \u00e9 inspiradora - CRI e Diario de Pernambuco","og_description":"O presidente da Rep\u00fablica Centro-Africana, Faustin-Archange Touad\u00e9ra, disse recentemente em uma entrevista ao Grupo de M\u00eddia da China (CMG, na sigla em ingl\u00eas)\u00a0que a moderniza\u00e7\u00e3o chinesa\u00a0\u00e9\u00a0moldada pela cultura chinesa\u00a0e que esse modelo de desenvolvimento \u00e9 algo muito especial. Segundo o...","og_url":"https:\/\/diariodepe.com.br\/cri\/2024\/09\/10\/presidente-da-republica-centro-africana-a-modernizacao-chinesa-e-inspiradora\/","og_site_name":"CRI e Diario de Pernambuco","article_published_time":"2024-09-10T08:36:29+00:00","og_image":[{"url":"https:\/\/p1crires.cri.cn\/photoworkspace\/cri\/contentimg\/2024\/08\/31\/2024083121142882553.jpeg","type":"","width":"","height":""}],"author":"Ismael Lucas S. Pereira","twitter_card":"summary_large_image","twitter_misc":{"Escrito por":"Ismael Lucas S. Pereira","Est. tempo de leitura":"3 minutos"},"schema":{"@context":"https:\/\/schema.org","@graph":[{"@type":"Article","@id":"https:\/\/diariodepe.com.br\/cri\/2024\/09\/10\/presidente-da-republica-centro-africana-a-modernizacao-chinesa-e-inspiradora\/#article","isPartOf":{"@id":"https:\/\/diariodepe.com.br\/cri\/2024\/09\/10\/presidente-da-republica-centro-africana-a-modernizacao-chinesa-e-inspiradora\/"},"author":{"name":"Ismael Lucas S. Pereira","@id":"https:\/\/diariodepe.com.br\/cri\/#\/schema\/person\/121bb28d84f1a5b1205ef4ce9c2e0c6b"},"headline":"Presidente da Rep\u00fablica Centro-Africana: A moderniza\u00e7\u00e3o chinesa \u00e9 inspiradora","datePublished":"2024-09-10T08:36:29+00:00","mainEntityOfPage":{"@id":"https:\/\/diariodepe.com.br\/cri\/2024\/09\/10\/presidente-da-republica-centro-africana-a-modernizacao-chinesa-e-inspiradora\/"},"wordCount":344,"commentCount":0,"publisher":{"@id":"https:\/\/diariodepe.com.br\/cri\/#organization"},"image":{"@id":"https:\/\/diariodepe.com.br\/cri\/2024\/09\/10\/presidente-da-republica-centro-africana-a-modernizacao-chinesa-e-inspiradora\/#primaryimage"},"thumbnailUrl":"https:\/\/p1crires.cri.cn\/photoworkspace\/cri\/contentimg\/2024\/08\/31\/2024083121142882553.jpeg","articleSection":["China","Destaques Capa"],"inLanguage":"pt-BR","potentialAction":[{"@type":"CommentAction","name":"Comment","target":["https:\/\/diariodepe.com.br\/cri\/2024\/09\/10\/presidente-da-republica-centro-africana-a-modernizacao-chinesa-e-inspiradora\/#respond"]}]},{"@type":"WebPage","@id":"https:\/\/diariodepe.com.br\/cri\/2024\/09\/10\/presidente-da-republica-centro-africana-a-modernizacao-chinesa-e-inspiradora\/","url":"https:\/\/diariodepe.com.br\/cri\/2024\/09\/10\/presidente-da-republica-centro-africana-a-modernizacao-chinesa-e-inspiradora\/","name":"Presidente da Rep\u00fablica Centro-Africana: A moderniza\u00e7\u00e3o chinesa \u00e9 inspiradora - CRI e Diario de Pernambuco","isPartOf":{"@id":"https:\/\/diariodepe.com.br\/cri\/#website"},"primaryImageOfPage":{"@id":"https:\/\/diariodepe.com.br\/cri\/2024\/09\/10\/presidente-da-republica-centro-africana-a-modernizacao-chinesa-e-inspiradora\/#primaryimage"},"image":{"@id":"https:\/\/diariodepe.com.br\/cri\/2024\/09\/10\/presidente-da-republica-centro-africana-a-modernizacao-chinesa-e-inspiradora\/#primaryimage"},"thumbnailUrl":"https:\/\/p1crires.cri.cn\/photoworkspace\/cri\/contentimg\/2024\/08\/31\/2024083121142882553.jpeg","datePublished":"2024-09-10T08:36:29+00:00","breadcrumb":{"@id":"https:\/\/diariodepe.com.br\/cri\/2024\/09\/10\/presidente-da-republica-centro-africana-a-modernizacao-chinesa-e-inspiradora\/#breadcrumb"},"inLanguage":"pt-BR","potentialAction":[{"@type":"ReadAction","target":["https:\/\/diariodepe.com.br\/cri\/2024\/09\/10\/presidente-da-republica-centro-africana-a-modernizacao-chinesa-e-inspiradora\/"]}]},{"@type":"ImageObject","inLanguage":"pt-BR","@id":"https:\/\/diariodepe.com.br\/cri\/2024\/09\/10\/presidente-da-republica-centro-africana-a-modernizacao-chinesa-e-inspiradora\/#primaryimage","url":"https:\/\/p1crires.cri.cn\/photoworkspace\/cri\/contentimg\/2024\/08\/31\/2024083121142882553.jpeg","contentUrl":"https:\/\/p1crires.cri.cn\/photoworkspace\/cri\/contentimg\/2024\/08\/31\/2024083121142882553.jpeg"},{"@type":"BreadcrumbList","@id":"https:\/\/diariodepe.com.br\/cri\/2024\/09\/10\/presidente-da-republica-centro-africana-a-modernizacao-chinesa-e-inspiradora\/#breadcrumb","itemListElement":[{"@type":"ListItem","position":1,"name":"In\u00edcio","item":"https:\/\/diariodepe.com.br\/cri\/"},{"@type":"ListItem","position":2,"name":"Presidente da Rep\u00fablica Centro-Africana: A moderniza\u00e7\u00e3o chinesa \u00e9 inspiradora"}]},{"@type":"WebSite","@id":"https:\/\/diariodepe.com.br\/cri\/#website","url":"https:\/\/diariodepe.com.br\/cri\/","name":"CRI e Diario de Pernambuco","description":"R\u00e1dio Internacional da China","publisher":{"@id":"https:\/\/diariodepe.com.br\/cri\/#organization"},"potentialAction":[{"@type":"SearchAction","target":{"@type":"EntryPoint","urlTemplate":"https:\/\/diariodepe.com.br\/cri\/?s={search_term_string}"},"query-input":{"@type":"PropertyValueSpecification","valueRequired":true,"valueName":"search_term_string"}}],"inLanguage":"pt-BR"},{"@type":"Organization","@id":"https:\/\/diariodepe.com.br\/cri\/#organization","name":"CRI e Diario de Pernambuco","url":"https:\/\/diariodepe.com.br\/cri\/","logo":{"@type":"ImageObject","inLanguage":"pt-BR","@id":"https:\/\/diariodepe.com.br\/cri\/#\/schema\/logo\/image\/","url":"https:\/\/diariodepe.com.br\/cri\/wp-content\/uploads\/sites\/2\/2022\/12\/cropped-Logo.jpg","contentUrl":"https:\/\/diariodepe.com.br\/cri\/wp-content\/uploads\/sites\/2\/2022\/12\/cropped-Logo.jpg","width":700,"height":59,"caption":"CRI e Diario de Pernambuco"},"image":{"@id":"https:\/\/diariodepe.com.br\/cri\/#\/schema\/logo\/image\/"}},{"@type":"Person","@id":"https:\/\/diariodepe.com.br\/cri\/#\/schema\/person\/121bb28d84f1a5b1205ef4ce9c2e0c6b","name":"Ismael Lucas S. Pereira","image":{"@type":"ImageObject","inLanguage":"pt-BR","@id":"https:\/\/secure.gravatar.com\/avatar\/887a0f3b5a7ceea963a48499fb883ffce6b5037362def025c52c2505b15d63e4?s=96&d=mm&r=g","url":"https:\/\/secure.gravatar.com\/avatar\/887a0f3b5a7ceea963a48499fb883ffce6b5037362def025c52c2505b15d63e4?s=96&d=mm&r=g","contentUrl":"https:\/\/secure.gravatar.com\/avatar\/887a0f3b5a7ceea963a48499fb883ffce6b5037362def025c52c2505b15d63e4?s=96&d=mm&r=g","caption":"Ismael Lucas S. Pereira"},"url":"https:\/\/diariodepe.com.br\/cri\/author\/ismael-lucas\/"}]}},"cc_featured_image_caption":{"caption_text":false,"source_text":false,"source_url":false},"amp_enabled":true,"_links":{"self":[{"href":"https:\/\/diariodepe.com.br\/cri\/wp-json\/wp\/v2\/posts\/6144","targetHints":{"allow":["GET"]}}],"collection":[{"href":"https:\/\/diariodepe.com.br\/cri\/wp-json\/wp\/v2\/posts"}],"about":[{"href":"https:\/\/diariodepe.com.br\/cri\/wp-json\/wp\/v2\/types\/post"}],"author":[{"embeddable":true,"href":"https:\/\/diariodepe.com.br\/cri\/wp-json\/wp\/v2\/users\/2"}],"replies":[{"embeddable":true,"href":"https:\/\/diariodepe.com.br\/cri\/wp-json\/wp\/v2\/comments?post=6144"}],"version-history":[{"count":1,"href":"https:\/\/diariodepe.com.br\/cri\/wp-json\/wp\/v2\/posts\/6144\/revisions"}],"predecessor-version":[{"id":6145,"href":"https:\/\/diariodepe.com.br\/cri\/wp-json\/wp\/v2\/posts\/6144\/revisions\/6145"}],"wp:attachment":[{"href":"https:\/\/diariodepe.com.br\/cri\/wp-json\/wp\/v2\/media?parent=6144"}],"wp:term":[{"taxonomy":"category","embeddable":true,"href":"https:\/\/diariodepe.com.br\/cri\/wp-json\/wp\/v2\/categories?post=6144"},{"taxonomy":"post_tag","embeddable":true,"href":"https:\/\/diariodepe.com.br\/cri\/wp-json\/wp\/v2\/tags?post=6144"}],"curies":[{"name":"wp","href":"https:\/\/api.w.org\/{rel}","templated":true}]}}