{"id":6142,"date":"2024-09-10T05:35:50","date_gmt":"2024-09-10T08:35:50","guid":{"rendered":"https:\/\/diariodepe.com.br\/cri\/?p=6142"},"modified":"2024-09-10T05:35:50","modified_gmt":"2024-09-10T08:35:50","slug":"beijing-recebe-campanha-de-midia-parceiros-africanos","status":"publish","type":"post","link":"https:\/\/diariodepe.com.br\/cri\/2024\/09\/10\/beijing-recebe-campanha-de-midia-parceiros-africanos\/","title":{"rendered":"Beijing recebe Campanha de M\u00eddia \u201cParceiros Africanos\u201d"},"content":{"rendered":"<p class=\"photo_img_20190808\"><img decoding=\"async\" src=\"https:\/\/p3crires.cri.cn\/photoworkspace\/cri\/contentimg\/2024\/08\/31\/2024083116225784270.jpg\" alt=\"\" width=\"1000\" \/><\/p>\n<p>A Campanha\u00a0de M\u00eddia \u201cParceiros Africanos\u201d\u00a0foi realizada neste s\u00e1bado (31) em Beijing, na qual o chefe do Departamento de Comunica\u00e7\u00e3o do Comit\u00ea Central do Partido Comunista da China, Li Shulei, proferiu um discurso em v\u00eddeo.<\/p>\n<p>O presidente da Uganda, Yoweri Kaguta Museveni, o presidente da Rep\u00fablica Centro-Africana, Faustin-Archange Touad\u00e9ra, e o presidente da Rep\u00fablica das Seicheles, Wavel Ramkalawan, tamb\u00e9m enviaram mensagens de congratula\u00e7\u00e3o em\u00a0v\u00eddeo, expressando a vontade de refor\u00e7ar a comunica\u00e7\u00e3o da m\u00eddia e aprofundar a coopera\u00e7\u00e3o entre a China e a \u00c1frica.<\/p>\n<p class=\"photo_img_20190808\"><img decoding=\"async\" src=\"https:\/\/p1crires.cri.cn\/photoworkspace\/cri\/contentimg\/2024\/08\/31\/2024083116231725744.jpg\" alt=\"\" width=\"1000\" \/><\/p>\n<p>Shen Haixiong, presidente do Grupo de M\u00eddia da China (CMG, na sigla em ingl\u00eas) e vice-chefe do Departamento de Comunica\u00e7\u00e3o do Comit\u00ea Central do Partido Comunista da China, disse no discurso que o CMG assumir\u00e1 ativamente a responsabilidade como principal m\u00eddia internacional, estabelecer\u00e1 pontes e la\u00e7os para o interc\u00e2mbio interpessoal entre a China e a \u00c1frica, al\u00e9m de desempenhar o papel devido para contar bem as hist\u00f3ria da coopera\u00e7\u00e3o sino-africana.<\/p>\n<p class=\"photo_img_20190808\"><img decoding=\"async\" src=\"https:\/\/p1crires.cri.cn\/photoworkspace\/cri\/contentimg\/2024\/08\/31\/2024083116234532955.jpg\" alt=\"\" width=\"1000\" \/><\/p>\n<p>No evento, os participantes consideraram que sob a lideran\u00e7a estrat\u00e9gica do presidente chin\u00eas Xi Jinping e dos l\u00edderes africanos, as rela\u00e7\u00f5es China-\u00c1frica entraram em uma nova fase da constru\u00e7\u00e3o de uma comunidade de futuro compartilhado China-\u00c1frica de alto n\u00edvel. A C\u00fapula do F\u00f3rum de Coopera\u00e7\u00e3o China-\u00c1frica (FOCAC) de 2024 a ser realizada em breve em Beijing, certamente abrir\u00e1 novos horizontes para o desenvolvimento das rela\u00e7\u00f5es China-\u00c1frica e escrever\u00e1 um novo cap\u00edtulo na constru\u00e7\u00e3o de uma comunidade de futuro compartilhado China-\u00c1frica.<\/p>\n<p class=\"photo_img_20190808\"><img decoding=\"async\" src=\"https:\/\/p2crires.cri.cn\/photoworkspace\/cri\/contentimg\/2024\/08\/31\/2024083116240285531.jpg\" alt=\"\" width=\"1000\" \/><\/p>\n<p>Os participantes acreditam que a m\u00eddia \u00e9 um importante ve\u00edculo para promover interc\u00e2mbios de civiliza\u00e7\u00e3o e compreens\u00e3o m\u00fatua, e desempenha um papel \u00fanico na promo\u00e7\u00e3o do entendimento entre os povos. As m\u00eddias da China e da \u00c1frica devem aderir ao conceito de coopera\u00e7\u00e3o ganha-ganha, contar bem as hist\u00f3rias da coopera\u00e7\u00e3o e desenvolvimento China-\u00c1frica, fortalecer o interc\u00e2mbio e a coopera\u00e7\u00e3o no campo da tecnologia de ponta, de modo a consolidar o fundamento do apoio popular para a coopera\u00e7\u00e3o China-\u00c1frica e formar conjuntamente um ambiente global de opini\u00e3o p\u00fablica justa, objetiva e positiva.<\/p>\n<p class=\"photo_img_20190808\"><img decoding=\"async\" src=\"https:\/\/p1crires.cri.cn\/photoworkspace\/cri\/contentimg\/2024\/08\/31\/2024083116241830860.jpg\" alt=\"\" width=\"1000\" \/><\/p>\n<p>Organizado pelo Grupo de M\u00eddia da China, o evento tem como objetivo aprofundar o interc\u00e2mbio e a coopera\u00e7\u00e3o entre as m\u00eddias da China e da \u00c1frica e promover interc\u00e2mbios de civiliza\u00e7\u00e3o e compreens\u00e3o m\u00fatua na era digital. Mais de 200 representantes de organiza\u00e7\u00f5es internacionais, ve\u00edculos de m\u00eddia, think tanks e outros setores da China e de mais de 20 pa\u00edses africanos participaram do evento.\u00a0Tamb\u00e9m estavam presentes embaixadores estrangeiros na China como o embaixador do Cabo Verde, Arlindo do\u00a0Ros\u00e1rio.<\/p>\n","protected":false},"excerpt":{"rendered":"<p>A Campanha\u00a0de M\u00eddia \u201cParceiros Africanos\u201d\u00a0foi realizada neste s\u00e1bado (31) em Beijing, na qual o chefe do Departamento de Comunica\u00e7\u00e3o do Comit\u00ea Central do Partido Comunista da China, Li Shulei, proferiu um discurso em v\u00eddeo. O presidente da Uganda, Yoweri Kaguta&#8230;<\/p>\n","protected":false},"author":2,"featured_media":0,"comment_status":"open","ping_status":"open","sticky":false,"template":"","format":"standard","meta":{"footnotes":""},"categories":[3],"tags":[],"class_list":["post-6142","post","type-post","status-publish","format-standard","hentry","category-china"],"yoast_head":"<!-- This site is optimized with the Yoast SEO plugin v27.4 - https:\/\/yoast.com\/product\/yoast-seo-wordpress\/ -->\n<title>Beijing recebe Campanha de M\u00eddia \u201cParceiros Africanos\u201d - CRI e Diario de Pernambuco<\/title>\n<meta name=\"robots\" content=\"index, follow, max-snippet:-1, max-image-preview:large, max-video-preview:-1\" \/>\n<link rel=\"canonical\" href=\"https:\/\/diariodepe.com.br\/cri\/2024\/09\/10\/beijing-recebe-campanha-de-midia-parceiros-africanos\/\" \/>\n<meta property=\"og:locale\" content=\"pt_BR\" \/>\n<meta property=\"og:type\" content=\"article\" \/>\n<meta property=\"og:title\" content=\"Beijing recebe Campanha de M\u00eddia \u201cParceiros Africanos\u201d - CRI e Diario de Pernambuco\" \/>\n<meta property=\"og:description\" content=\"A Campanha\u00a0de M\u00eddia \u201cParceiros Africanos\u201d\u00a0foi realizada neste s\u00e1bado (31) em Beijing, na qual o chefe do Departamento de Comunica\u00e7\u00e3o do Comit\u00ea Central do Partido Comunista da China, Li Shulei, proferiu um discurso em v\u00eddeo. O presidente da Uganda, Yoweri Kaguta...\" \/>\n<meta property=\"og:url\" content=\"https:\/\/diariodepe.com.br\/cri\/2024\/09\/10\/beijing-recebe-campanha-de-midia-parceiros-africanos\/\" \/>\n<meta property=\"og:site_name\" content=\"CRI e Diario de Pernambuco\" \/>\n<meta property=\"article:published_time\" content=\"2024-09-10T08:35:50+00:00\" \/>\n<meta property=\"og:image\" content=\"https:\/\/p3crires.cri.cn\/photoworkspace\/cri\/contentimg\/2024\/08\/31\/2024083116225784270.jpg\" \/>\n<meta name=\"author\" content=\"Ismael Lucas S. Pereira\" \/>\n<meta name=\"twitter:card\" content=\"summary_large_image\" \/>\n<meta name=\"twitter:label1\" content=\"Escrito por\" \/>\n\t<meta name=\"twitter:data1\" content=\"Ismael Lucas S. Pereira\" \/>\n<script type=\"application\/ld+json\" class=\"yoast-schema-graph\">{\"@context\":\"https:\\\/\\\/schema.org\",\"@graph\":[{\"@type\":\"Article\",\"@id\":\"https:\\\/\\\/diariodepe.com.br\\\/cri\\\/2024\\\/09\\\/10\\\/beijing-recebe-campanha-de-midia-parceiros-africanos\\\/#article\",\"isPartOf\":{\"@id\":\"https:\\\/\\\/diariodepe.com.br\\\/cri\\\/2024\\\/09\\\/10\\\/beijing-recebe-campanha-de-midia-parceiros-africanos\\\/\"},\"author\":{\"name\":\"Ismael Lucas S. Pereira\",\"@id\":\"https:\\\/\\\/diariodepe.com.br\\\/cri\\\/#\\\/schema\\\/person\\\/121bb28d84f1a5b1205ef4ce9c2e0c6b\"},\"headline\":\"Beijing recebe Campanha de M\u00eddia \u201cParceiros Africanos\u201d\",\"datePublished\":\"2024-09-10T08:35:50+00:00\",\"mainEntityOfPage\":{\"@id\":\"https:\\\/\\\/diariodepe.com.br\\\/cri\\\/2024\\\/09\\\/10\\\/beijing-recebe-campanha-de-midia-parceiros-africanos\\\/\"},\"wordCount\":482,\"commentCount\":0,\"publisher\":{\"@id\":\"https:\\\/\\\/diariodepe.com.br\\\/cri\\\/#organization\"},\"image\":{\"@id\":\"https:\\\/\\\/diariodepe.com.br\\\/cri\\\/2024\\\/09\\\/10\\\/beijing-recebe-campanha-de-midia-parceiros-africanos\\\/#primaryimage\"},\"thumbnailUrl\":\"https:\\\/\\\/p3crires.cri.cn\\\/photoworkspace\\\/cri\\\/contentimg\\\/2024\\\/08\\\/31\\\/2024083116225784270.jpg\",\"articleSection\":[\"China\"],\"inLanguage\":\"pt-BR\",\"potentialAction\":[{\"@type\":\"CommentAction\",\"name\":\"Comment\",\"target\":[\"https:\\\/\\\/diariodepe.com.br\\\/cri\\\/2024\\\/09\\\/10\\\/beijing-recebe-campanha-de-midia-parceiros-africanos\\\/#respond\"]}]},{\"@type\":\"WebPage\",\"@id\":\"https:\\\/\\\/diariodepe.com.br\\\/cri\\\/2024\\\/09\\\/10\\\/beijing-recebe-campanha-de-midia-parceiros-africanos\\\/\",\"url\":\"https:\\\/\\\/diariodepe.com.br\\\/cri\\\/2024\\\/09\\\/10\\\/beijing-recebe-campanha-de-midia-parceiros-africanos\\\/\",\"name\":\"Beijing recebe Campanha de M\u00eddia \u201cParceiros Africanos\u201d - CRI e Diario de Pernambuco\",\"isPartOf\":{\"@id\":\"https:\\\/\\\/diariodepe.com.br\\\/cri\\\/#website\"},\"primaryImageOfPage\":{\"@id\":\"https:\\\/\\\/diariodepe.com.br\\\/cri\\\/2024\\\/09\\\/10\\\/beijing-recebe-campanha-de-midia-parceiros-africanos\\\/#primaryimage\"},\"image\":{\"@id\":\"https:\\\/\\\/diariodepe.com.br\\\/cri\\\/2024\\\/09\\\/10\\\/beijing-recebe-campanha-de-midia-parceiros-africanos\\\/#primaryimage\"},\"thumbnailUrl\":\"https:\\\/\\\/p3crires.cri.cn\\\/photoworkspace\\\/cri\\\/contentimg\\\/2024\\\/08\\\/31\\\/2024083116225784270.jpg\",\"datePublished\":\"2024-09-10T08:35:50+00:00\",\"breadcrumb\":{\"@id\":\"https:\\\/\\\/diariodepe.com.br\\\/cri\\\/2024\\\/09\\\/10\\\/beijing-recebe-campanha-de-midia-parceiros-africanos\\\/#breadcrumb\"},\"inLanguage\":\"pt-BR\",\"potentialAction\":[{\"@type\":\"ReadAction\",\"target\":[\"https:\\\/\\\/diariodepe.com.br\\\/cri\\\/2024\\\/09\\\/10\\\/beijing-recebe-campanha-de-midia-parceiros-africanos\\\/\"]}]},{\"@type\":\"ImageObject\",\"inLanguage\":\"pt-BR\",\"@id\":\"https:\\\/\\\/diariodepe.com.br\\\/cri\\\/2024\\\/09\\\/10\\\/beijing-recebe-campanha-de-midia-parceiros-africanos\\\/#primaryimage\",\"url\":\"https:\\\/\\\/p3crires.cri.cn\\\/photoworkspace\\\/cri\\\/contentimg\\\/2024\\\/08\\\/31\\\/2024083116225784270.jpg\",\"contentUrl\":\"https:\\\/\\\/p3crires.cri.cn\\\/photoworkspace\\\/cri\\\/contentimg\\\/2024\\\/08\\\/31\\\/2024083116225784270.jpg\"},{\"@type\":\"BreadcrumbList\",\"@id\":\"https:\\\/\\\/diariodepe.com.br\\\/cri\\\/2024\\\/09\\\/10\\\/beijing-recebe-campanha-de-midia-parceiros-africanos\\\/#breadcrumb\",\"itemListElement\":[{\"@type\":\"ListItem\",\"position\":1,\"name\":\"In\u00edcio\",\"item\":\"https:\\\/\\\/diariodepe.com.br\\\/cri\\\/\"},{\"@type\":\"ListItem\",\"position\":2,\"name\":\"Beijing recebe Campanha de M\u00eddia \u201cParceiros Africanos\u201d\"}]},{\"@type\":\"WebSite\",\"@id\":\"https:\\\/\\\/diariodepe.com.br\\\/cri\\\/#website\",\"url\":\"https:\\\/\\\/diariodepe.com.br\\\/cri\\\/\",\"name\":\"CRI e Diario de Pernambuco\",\"description\":\"R\u00e1dio Internacional da China\",\"publisher\":{\"@id\":\"https:\\\/\\\/diariodepe.com.br\\\/cri\\\/#organization\"},\"potentialAction\":[{\"@type\":\"SearchAction\",\"target\":{\"@type\":\"EntryPoint\",\"urlTemplate\":\"https:\\\/\\\/diariodepe.com.br\\\/cri\\\/?s={search_term_string}\"},\"query-input\":{\"@type\":\"PropertyValueSpecification\",\"valueRequired\":true,\"valueName\":\"search_term_string\"}}],\"inLanguage\":\"pt-BR\"},{\"@type\":\"Organization\",\"@id\":\"https:\\\/\\\/diariodepe.com.br\\\/cri\\\/#organization\",\"name\":\"CRI e Diario de Pernambuco\",\"url\":\"https:\\\/\\\/diariodepe.com.br\\\/cri\\\/\",\"logo\":{\"@type\":\"ImageObject\",\"inLanguage\":\"pt-BR\",\"@id\":\"https:\\\/\\\/diariodepe.com.br\\\/cri\\\/#\\\/schema\\\/logo\\\/image\\\/\",\"url\":\"https:\\\/\\\/diariodepe.com.br\\\/cri\\\/wp-content\\\/uploads\\\/sites\\\/2\\\/2022\\\/12\\\/cropped-Logo.jpg\",\"contentUrl\":\"https:\\\/\\\/diariodepe.com.br\\\/cri\\\/wp-content\\\/uploads\\\/sites\\\/2\\\/2022\\\/12\\\/cropped-Logo.jpg\",\"width\":700,\"height\":59,\"caption\":\"CRI e Diario de Pernambuco\"},\"image\":{\"@id\":\"https:\\\/\\\/diariodepe.com.br\\\/cri\\\/#\\\/schema\\\/logo\\\/image\\\/\"}},{\"@type\":\"Person\",\"@id\":\"https:\\\/\\\/diariodepe.com.br\\\/cri\\\/#\\\/schema\\\/person\\\/121bb28d84f1a5b1205ef4ce9c2e0c6b\",\"name\":\"Ismael Lucas S. Pereira\",\"image\":{\"@type\":\"ImageObject\",\"inLanguage\":\"pt-BR\",\"@id\":\"https:\\\/\\\/secure.gravatar.com\\\/avatar\\\/887a0f3b5a7ceea963a48499fb883ffce6b5037362def025c52c2505b15d63e4?s=96&d=mm&r=g\",\"url\":\"https:\\\/\\\/secure.gravatar.com\\\/avatar\\\/887a0f3b5a7ceea963a48499fb883ffce6b5037362def025c52c2505b15d63e4?s=96&d=mm&r=g\",\"contentUrl\":\"https:\\\/\\\/secure.gravatar.com\\\/avatar\\\/887a0f3b5a7ceea963a48499fb883ffce6b5037362def025c52c2505b15d63e4?s=96&d=mm&r=g\",\"caption\":\"Ismael Lucas S. Pereira\"},\"url\":\"https:\\\/\\\/diariodepe.com.br\\\/cri\\\/author\\\/ismael-lucas\\\/\"}]}<\/script>\n<!-- \/ Yoast SEO plugin. -->","yoast_head_json":{"title":"Beijing recebe Campanha de M\u00eddia \u201cParceiros Africanos\u201d - CRI e Diario de Pernambuco","robots":{"index":"index","follow":"follow","max-snippet":"max-snippet:-1","max-image-preview":"max-image-preview:large","max-video-preview":"max-video-preview:-1"},"canonical":"https:\/\/diariodepe.com.br\/cri\/2024\/09\/10\/beijing-recebe-campanha-de-midia-parceiros-africanos\/","og_locale":"pt_BR","og_type":"article","og_title":"Beijing recebe Campanha de M\u00eddia \u201cParceiros Africanos\u201d - CRI e Diario de Pernambuco","og_description":"A Campanha\u00a0de M\u00eddia \u201cParceiros Africanos\u201d\u00a0foi realizada neste s\u00e1bado (31) em Beijing, na qual o chefe do Departamento de Comunica\u00e7\u00e3o do Comit\u00ea Central do Partido Comunista da China, Li Shulei, proferiu um discurso em v\u00eddeo. O presidente da Uganda, Yoweri Kaguta...","og_url":"https:\/\/diariodepe.com.br\/cri\/2024\/09\/10\/beijing-recebe-campanha-de-midia-parceiros-africanos\/","og_site_name":"CRI e Diario de Pernambuco","article_published_time":"2024-09-10T08:35:50+00:00","og_image":[{"url":"https:\/\/p3crires.cri.cn\/photoworkspace\/cri\/contentimg\/2024\/08\/31\/2024083116225784270.jpg","type":"","width":"","height":""}],"author":"Ismael Lucas S. Pereira","twitter_card":"summary_large_image","twitter_misc":{"Escrito por":"Ismael Lucas S. Pereira"},"schema":{"@context":"https:\/\/schema.org","@graph":[{"@type":"Article","@id":"https:\/\/diariodepe.com.br\/cri\/2024\/09\/10\/beijing-recebe-campanha-de-midia-parceiros-africanos\/#article","isPartOf":{"@id":"https:\/\/diariodepe.com.br\/cri\/2024\/09\/10\/beijing-recebe-campanha-de-midia-parceiros-africanos\/"},"author":{"name":"Ismael Lucas S. Pereira","@id":"https:\/\/diariodepe.com.br\/cri\/#\/schema\/person\/121bb28d84f1a5b1205ef4ce9c2e0c6b"},"headline":"Beijing recebe Campanha de M\u00eddia \u201cParceiros Africanos\u201d","datePublished":"2024-09-10T08:35:50+00:00","mainEntityOfPage":{"@id":"https:\/\/diariodepe.com.br\/cri\/2024\/09\/10\/beijing-recebe-campanha-de-midia-parceiros-africanos\/"},"wordCount":482,"commentCount":0,"publisher":{"@id":"https:\/\/diariodepe.com.br\/cri\/#organization"},"image":{"@id":"https:\/\/diariodepe.com.br\/cri\/2024\/09\/10\/beijing-recebe-campanha-de-midia-parceiros-africanos\/#primaryimage"},"thumbnailUrl":"https:\/\/p3crires.cri.cn\/photoworkspace\/cri\/contentimg\/2024\/08\/31\/2024083116225784270.jpg","articleSection":["China"],"inLanguage":"pt-BR","potentialAction":[{"@type":"CommentAction","name":"Comment","target":["https:\/\/diariodepe.com.br\/cri\/2024\/09\/10\/beijing-recebe-campanha-de-midia-parceiros-africanos\/#respond"]}]},{"@type":"WebPage","@id":"https:\/\/diariodepe.com.br\/cri\/2024\/09\/10\/beijing-recebe-campanha-de-midia-parceiros-africanos\/","url":"https:\/\/diariodepe.com.br\/cri\/2024\/09\/10\/beijing-recebe-campanha-de-midia-parceiros-africanos\/","name":"Beijing recebe Campanha de M\u00eddia \u201cParceiros Africanos\u201d - CRI e Diario de Pernambuco","isPartOf":{"@id":"https:\/\/diariodepe.com.br\/cri\/#website"},"primaryImageOfPage":{"@id":"https:\/\/diariodepe.com.br\/cri\/2024\/09\/10\/beijing-recebe-campanha-de-midia-parceiros-africanos\/#primaryimage"},"image":{"@id":"https:\/\/diariodepe.com.br\/cri\/2024\/09\/10\/beijing-recebe-campanha-de-midia-parceiros-africanos\/#primaryimage"},"thumbnailUrl":"https:\/\/p3crires.cri.cn\/photoworkspace\/cri\/contentimg\/2024\/08\/31\/2024083116225784270.jpg","datePublished":"2024-09-10T08:35:50+00:00","breadcrumb":{"@id":"https:\/\/diariodepe.com.br\/cri\/2024\/09\/10\/beijing-recebe-campanha-de-midia-parceiros-africanos\/#breadcrumb"},"inLanguage":"pt-BR","potentialAction":[{"@type":"ReadAction","target":["https:\/\/diariodepe.com.br\/cri\/2024\/09\/10\/beijing-recebe-campanha-de-midia-parceiros-africanos\/"]}]},{"@type":"ImageObject","inLanguage":"pt-BR","@id":"https:\/\/diariodepe.com.br\/cri\/2024\/09\/10\/beijing-recebe-campanha-de-midia-parceiros-africanos\/#primaryimage","url":"https:\/\/p3crires.cri.cn\/photoworkspace\/cri\/contentimg\/2024\/08\/31\/2024083116225784270.jpg","contentUrl":"https:\/\/p3crires.cri.cn\/photoworkspace\/cri\/contentimg\/2024\/08\/31\/2024083116225784270.jpg"},{"@type":"BreadcrumbList","@id":"https:\/\/diariodepe.com.br\/cri\/2024\/09\/10\/beijing-recebe-campanha-de-midia-parceiros-africanos\/#breadcrumb","itemListElement":[{"@type":"ListItem","position":1,"name":"In\u00edcio","item":"https:\/\/diariodepe.com.br\/cri\/"},{"@type":"ListItem","position":2,"name":"Beijing recebe Campanha de M\u00eddia \u201cParceiros Africanos\u201d"}]},{"@type":"WebSite","@id":"https:\/\/diariodepe.com.br\/cri\/#website","url":"https:\/\/diariodepe.com.br\/cri\/","name":"CRI e Diario de Pernambuco","description":"R\u00e1dio Internacional da China","publisher":{"@id":"https:\/\/diariodepe.com.br\/cri\/#organization"},"potentialAction":[{"@type":"SearchAction","target":{"@type":"EntryPoint","urlTemplate":"https:\/\/diariodepe.com.br\/cri\/?s={search_term_string}"},"query-input":{"@type":"PropertyValueSpecification","valueRequired":true,"valueName":"search_term_string"}}],"inLanguage":"pt-BR"},{"@type":"Organization","@id":"https:\/\/diariodepe.com.br\/cri\/#organization","name":"CRI e Diario de Pernambuco","url":"https:\/\/diariodepe.com.br\/cri\/","logo":{"@type":"ImageObject","inLanguage":"pt-BR","@id":"https:\/\/diariodepe.com.br\/cri\/#\/schema\/logo\/image\/","url":"https:\/\/diariodepe.com.br\/cri\/wp-content\/uploads\/sites\/2\/2022\/12\/cropped-Logo.jpg","contentUrl":"https:\/\/diariodepe.com.br\/cri\/wp-content\/uploads\/sites\/2\/2022\/12\/cropped-Logo.jpg","width":700,"height":59,"caption":"CRI e Diario de Pernambuco"},"image":{"@id":"https:\/\/diariodepe.com.br\/cri\/#\/schema\/logo\/image\/"}},{"@type":"Person","@id":"https:\/\/diariodepe.com.br\/cri\/#\/schema\/person\/121bb28d84f1a5b1205ef4ce9c2e0c6b","name":"Ismael Lucas S. Pereira","image":{"@type":"ImageObject","inLanguage":"pt-BR","@id":"https:\/\/secure.gravatar.com\/avatar\/887a0f3b5a7ceea963a48499fb883ffce6b5037362def025c52c2505b15d63e4?s=96&d=mm&r=g","url":"https:\/\/secure.gravatar.com\/avatar\/887a0f3b5a7ceea963a48499fb883ffce6b5037362def025c52c2505b15d63e4?s=96&d=mm&r=g","contentUrl":"https:\/\/secure.gravatar.com\/avatar\/887a0f3b5a7ceea963a48499fb883ffce6b5037362def025c52c2505b15d63e4?s=96&d=mm&r=g","caption":"Ismael Lucas S. Pereira"},"url":"https:\/\/diariodepe.com.br\/cri\/author\/ismael-lucas\/"}]}},"cc_featured_image_caption":{"caption_text":false,"source_text":false,"source_url":false},"amp_enabled":true,"_links":{"self":[{"href":"https:\/\/diariodepe.com.br\/cri\/wp-json\/wp\/v2\/posts\/6142","targetHints":{"allow":["GET"]}}],"collection":[{"href":"https:\/\/diariodepe.com.br\/cri\/wp-json\/wp\/v2\/posts"}],"about":[{"href":"https:\/\/diariodepe.com.br\/cri\/wp-json\/wp\/v2\/types\/post"}],"author":[{"embeddable":true,"href":"https:\/\/diariodepe.com.br\/cri\/wp-json\/wp\/v2\/users\/2"}],"replies":[{"embeddable":true,"href":"https:\/\/diariodepe.com.br\/cri\/wp-json\/wp\/v2\/comments?post=6142"}],"version-history":[{"count":1,"href":"https:\/\/diariodepe.com.br\/cri\/wp-json\/wp\/v2\/posts\/6142\/revisions"}],"predecessor-version":[{"id":6143,"href":"https:\/\/diariodepe.com.br\/cri\/wp-json\/wp\/v2\/posts\/6142\/revisions\/6143"}],"wp:attachment":[{"href":"https:\/\/diariodepe.com.br\/cri\/wp-json\/wp\/v2\/media?parent=6142"}],"wp:term":[{"taxonomy":"category","embeddable":true,"href":"https:\/\/diariodepe.com.br\/cri\/wp-json\/wp\/v2\/categories?post=6142"},{"taxonomy":"post_tag","embeddable":true,"href":"https:\/\/diariodepe.com.br\/cri\/wp-json\/wp\/v2\/tags?post=6142"}],"curies":[{"name":"wp","href":"https:\/\/api.w.org\/{rel}","templated":true}]}}