{"id":6140,"date":"2024-09-10T05:35:11","date_gmt":"2024-09-10T08:35:11","guid":{"rendered":"https:\/\/diariodepe.com.br\/cri\/?p=6140"},"modified":"2024-09-10T05:35:11","modified_gmt":"2024-09-10T08:35:11","slug":"xi-jinping-a-china-e-a-africa-sempre-foram-uma-comunidade-de-futuro-compartilhado","status":"publish","type":"post","link":"https:\/\/diariodepe.com.br\/cri\/2024\/09\/10\/xi-jinping-a-china-e-a-africa-sempre-foram-uma-comunidade-de-futuro-compartilhado\/","title":{"rendered":"Xi Jinping: A China e a \u00c1frica sempre foram uma comunidade de futuro compartilhado"},"content":{"rendered":"<p class=\"photo_img_20190808\"><img decoding=\"async\" src=\"https:\/\/p2crires.cri.cn\/photoworkspace\/cri\/contentimg\/2024\/08\/30\/2024083020233381313.jpg\" alt=\"\" width=\"1000\" \/><\/p>\n<p>O presidente chin\u00eas, Xi Jinping, enviou uma carta de resposta aos acad\u00eamicos de 50 pa\u00edses africanos, estimulando-os a continuar fornecendo o apoio intelectual para a constru\u00e7\u00e3o de uma comunidade de futuro compartilhado China-\u00c1frica de alto n\u00edvel e defendendo os interesses comuns do \u201cSul Global\u201d.<\/p>\n<p>Xi apontou que o desenvolvimento constante de uma China que busca uma evolu\u00e7\u00e3o pac\u00edfica e est\u00e1 comprometida com a reforma e abertura robustece \u00a0\u00a0ainda mais as for\u00e7as da paz mundial e da justi\u00e7a internacional, bem como injetar\u00e1 um impulso inesgot\u00e1vel no processo da moderniza\u00e7\u00e3o mundial, especialmente no desenvolvimento e na revitaliza\u00e7\u00e3o do \u201cSul Global\u201d.<\/p>\n<p>O l\u00edder chin\u00eas salientou na carta que China e \u00c1frica sempre foram uma comunidade de futuro compartilhado. Segundo Xi, diante da situa\u00e7\u00e3o \u00a0mundial complexa, chineses e africanos devem refor\u00e7ar mais do que nunca a solidariedade e a coopera\u00e7\u00e3o. A nova C\u00fapula do F\u00f3rum de Coopera\u00e7\u00e3o China-\u00c1frica ser\u00e1 realizada em breve, reunindo novamente lideran\u00e7as para abrir uma perspectiva mais brilhante do relacionamento sino-africano.<\/p>\n<p>H\u00e1 poucos dias, 63 acad\u00eamicos de 50 pa\u00edses africanos enviaram uma carta ao presidente chin\u00eas, dando os parab\u00e9ns pelo sucesso da 3\u00aa Sess\u00e3o Plen\u00e1ria do 20\u00ba Comit\u00ea Central do Partido Comunista da China.<\/p>\n","protected":false},"excerpt":{"rendered":"<p>O presidente chin\u00eas, Xi Jinping, enviou uma carta de resposta aos acad\u00eamicos de 50 pa\u00edses africanos, estimulando-os a continuar fornecendo o apoio intelectual para a constru\u00e7\u00e3o de uma comunidade de futuro compartilhado China-\u00c1frica de alto n\u00edvel e defendendo os interesses&#8230;<\/p>\n","protected":false},"author":2,"featured_media":0,"comment_status":"open","ping_status":"open","sticky":false,"template":"","format":"standard","meta":{"footnotes":""},"categories":[3],"tags":[],"class_list":["post-6140","post","type-post","status-publish","format-standard","hentry","category-china"],"yoast_head":"<!-- This site is optimized with the Yoast SEO plugin v27.4 - https:\/\/yoast.com\/product\/yoast-seo-wordpress\/ -->\n<title>Xi Jinping: A China e a \u00c1frica sempre foram uma comunidade de futuro compartilhado - CRI e Diario de Pernambuco<\/title>\n<meta name=\"robots\" content=\"index, follow, max-snippet:-1, max-image-preview:large, max-video-preview:-1\" \/>\n<link rel=\"canonical\" href=\"https:\/\/diariodepe.com.br\/cri\/2024\/09\/10\/xi-jinping-a-china-e-a-africa-sempre-foram-uma-comunidade-de-futuro-compartilhado\/\" \/>\n<meta property=\"og:locale\" content=\"pt_BR\" \/>\n<meta property=\"og:type\" content=\"article\" \/>\n<meta property=\"og:title\" content=\"Xi Jinping: A China e a \u00c1frica sempre foram uma comunidade de futuro compartilhado - CRI e Diario de Pernambuco\" \/>\n<meta property=\"og:description\" content=\"O presidente chin\u00eas, Xi Jinping, enviou uma carta de resposta aos acad\u00eamicos de 50 pa\u00edses africanos, estimulando-os a continuar fornecendo o apoio intelectual para a constru\u00e7\u00e3o de uma comunidade de futuro compartilhado China-\u00c1frica de alto n\u00edvel e defendendo os interesses...\" \/>\n<meta property=\"og:url\" content=\"https:\/\/diariodepe.com.br\/cri\/2024\/09\/10\/xi-jinping-a-china-e-a-africa-sempre-foram-uma-comunidade-de-futuro-compartilhado\/\" \/>\n<meta property=\"og:site_name\" content=\"CRI e Diario de Pernambuco\" \/>\n<meta property=\"article:published_time\" content=\"2024-09-10T08:35:11+00:00\" \/>\n<meta property=\"og:image\" content=\"https:\/\/p2crires.cri.cn\/photoworkspace\/cri\/contentimg\/2024\/08\/30\/2024083020233381313.jpg\" \/>\n<meta name=\"author\" content=\"Ismael Lucas S. Pereira\" \/>\n<meta name=\"twitter:card\" content=\"summary_large_image\" \/>\n<meta name=\"twitter:label1\" content=\"Escrito por\" \/>\n\t<meta name=\"twitter:data1\" content=\"Ismael Lucas S. Pereira\" \/>\n\t<meta name=\"twitter:label2\" content=\"Est. tempo de leitura\" \/>\n\t<meta name=\"twitter:data2\" content=\"2 minutos\" \/>\n<script type=\"application\/ld+json\" class=\"yoast-schema-graph\">{\"@context\":\"https:\\\/\\\/schema.org\",\"@graph\":[{\"@type\":\"Article\",\"@id\":\"https:\\\/\\\/diariodepe.com.br\\\/cri\\\/2024\\\/09\\\/10\\\/xi-jinping-a-china-e-a-africa-sempre-foram-uma-comunidade-de-futuro-compartilhado\\\/#article\",\"isPartOf\":{\"@id\":\"https:\\\/\\\/diariodepe.com.br\\\/cri\\\/2024\\\/09\\\/10\\\/xi-jinping-a-china-e-a-africa-sempre-foram-uma-comunidade-de-futuro-compartilhado\\\/\"},\"author\":{\"name\":\"Ismael Lucas S. Pereira\",\"@id\":\"https:\\\/\\\/diariodepe.com.br\\\/cri\\\/#\\\/schema\\\/person\\\/121bb28d84f1a5b1205ef4ce9c2e0c6b\"},\"headline\":\"Xi Jinping: A China e a \u00c1frica sempre foram uma comunidade de futuro compartilhado\",\"datePublished\":\"2024-09-10T08:35:11+00:00\",\"mainEntityOfPage\":{\"@id\":\"https:\\\/\\\/diariodepe.com.br\\\/cri\\\/2024\\\/09\\\/10\\\/xi-jinping-a-china-e-a-africa-sempre-foram-uma-comunidade-de-futuro-compartilhado\\\/\"},\"wordCount\":231,\"commentCount\":0,\"publisher\":{\"@id\":\"https:\\\/\\\/diariodepe.com.br\\\/cri\\\/#organization\"},\"image\":{\"@id\":\"https:\\\/\\\/diariodepe.com.br\\\/cri\\\/2024\\\/09\\\/10\\\/xi-jinping-a-china-e-a-africa-sempre-foram-uma-comunidade-de-futuro-compartilhado\\\/#primaryimage\"},\"thumbnailUrl\":\"https:\\\/\\\/p2crires.cri.cn\\\/photoworkspace\\\/cri\\\/contentimg\\\/2024\\\/08\\\/30\\\/2024083020233381313.jpg\",\"articleSection\":[\"China\"],\"inLanguage\":\"pt-BR\",\"potentialAction\":[{\"@type\":\"CommentAction\",\"name\":\"Comment\",\"target\":[\"https:\\\/\\\/diariodepe.com.br\\\/cri\\\/2024\\\/09\\\/10\\\/xi-jinping-a-china-e-a-africa-sempre-foram-uma-comunidade-de-futuro-compartilhado\\\/#respond\"]}]},{\"@type\":\"WebPage\",\"@id\":\"https:\\\/\\\/diariodepe.com.br\\\/cri\\\/2024\\\/09\\\/10\\\/xi-jinping-a-china-e-a-africa-sempre-foram-uma-comunidade-de-futuro-compartilhado\\\/\",\"url\":\"https:\\\/\\\/diariodepe.com.br\\\/cri\\\/2024\\\/09\\\/10\\\/xi-jinping-a-china-e-a-africa-sempre-foram-uma-comunidade-de-futuro-compartilhado\\\/\",\"name\":\"Xi Jinping: A China e a \u00c1frica sempre foram uma comunidade de futuro compartilhado - CRI e Diario de Pernambuco\",\"isPartOf\":{\"@id\":\"https:\\\/\\\/diariodepe.com.br\\\/cri\\\/#website\"},\"primaryImageOfPage\":{\"@id\":\"https:\\\/\\\/diariodepe.com.br\\\/cri\\\/2024\\\/09\\\/10\\\/xi-jinping-a-china-e-a-africa-sempre-foram-uma-comunidade-de-futuro-compartilhado\\\/#primaryimage\"},\"image\":{\"@id\":\"https:\\\/\\\/diariodepe.com.br\\\/cri\\\/2024\\\/09\\\/10\\\/xi-jinping-a-china-e-a-africa-sempre-foram-uma-comunidade-de-futuro-compartilhado\\\/#primaryimage\"},\"thumbnailUrl\":\"https:\\\/\\\/p2crires.cri.cn\\\/photoworkspace\\\/cri\\\/contentimg\\\/2024\\\/08\\\/30\\\/2024083020233381313.jpg\",\"datePublished\":\"2024-09-10T08:35:11+00:00\",\"breadcrumb\":{\"@id\":\"https:\\\/\\\/diariodepe.com.br\\\/cri\\\/2024\\\/09\\\/10\\\/xi-jinping-a-china-e-a-africa-sempre-foram-uma-comunidade-de-futuro-compartilhado\\\/#breadcrumb\"},\"inLanguage\":\"pt-BR\",\"potentialAction\":[{\"@type\":\"ReadAction\",\"target\":[\"https:\\\/\\\/diariodepe.com.br\\\/cri\\\/2024\\\/09\\\/10\\\/xi-jinping-a-china-e-a-africa-sempre-foram-uma-comunidade-de-futuro-compartilhado\\\/\"]}]},{\"@type\":\"ImageObject\",\"inLanguage\":\"pt-BR\",\"@id\":\"https:\\\/\\\/diariodepe.com.br\\\/cri\\\/2024\\\/09\\\/10\\\/xi-jinping-a-china-e-a-africa-sempre-foram-uma-comunidade-de-futuro-compartilhado\\\/#primaryimage\",\"url\":\"https:\\\/\\\/p2crires.cri.cn\\\/photoworkspace\\\/cri\\\/contentimg\\\/2024\\\/08\\\/30\\\/2024083020233381313.jpg\",\"contentUrl\":\"https:\\\/\\\/p2crires.cri.cn\\\/photoworkspace\\\/cri\\\/contentimg\\\/2024\\\/08\\\/30\\\/2024083020233381313.jpg\"},{\"@type\":\"BreadcrumbList\",\"@id\":\"https:\\\/\\\/diariodepe.com.br\\\/cri\\\/2024\\\/09\\\/10\\\/xi-jinping-a-china-e-a-africa-sempre-foram-uma-comunidade-de-futuro-compartilhado\\\/#breadcrumb\",\"itemListElement\":[{\"@type\":\"ListItem\",\"position\":1,\"name\":\"In\u00edcio\",\"item\":\"https:\\\/\\\/diariodepe.com.br\\\/cri\\\/\"},{\"@type\":\"ListItem\",\"position\":2,\"name\":\"Xi Jinping: A China e a \u00c1frica sempre foram uma comunidade de futuro compartilhado\"}]},{\"@type\":\"WebSite\",\"@id\":\"https:\\\/\\\/diariodepe.com.br\\\/cri\\\/#website\",\"url\":\"https:\\\/\\\/diariodepe.com.br\\\/cri\\\/\",\"name\":\"CRI e Diario de Pernambuco\",\"description\":\"R\u00e1dio Internacional da China\",\"publisher\":{\"@id\":\"https:\\\/\\\/diariodepe.com.br\\\/cri\\\/#organization\"},\"potentialAction\":[{\"@type\":\"SearchAction\",\"target\":{\"@type\":\"EntryPoint\",\"urlTemplate\":\"https:\\\/\\\/diariodepe.com.br\\\/cri\\\/?s={search_term_string}\"},\"query-input\":{\"@type\":\"PropertyValueSpecification\",\"valueRequired\":true,\"valueName\":\"search_term_string\"}}],\"inLanguage\":\"pt-BR\"},{\"@type\":\"Organization\",\"@id\":\"https:\\\/\\\/diariodepe.com.br\\\/cri\\\/#organization\",\"name\":\"CRI e Diario de Pernambuco\",\"url\":\"https:\\\/\\\/diariodepe.com.br\\\/cri\\\/\",\"logo\":{\"@type\":\"ImageObject\",\"inLanguage\":\"pt-BR\",\"@id\":\"https:\\\/\\\/diariodepe.com.br\\\/cri\\\/#\\\/schema\\\/logo\\\/image\\\/\",\"url\":\"https:\\\/\\\/diariodepe.com.br\\\/cri\\\/wp-content\\\/uploads\\\/sites\\\/2\\\/2022\\\/12\\\/cropped-Logo.jpg\",\"contentUrl\":\"https:\\\/\\\/diariodepe.com.br\\\/cri\\\/wp-content\\\/uploads\\\/sites\\\/2\\\/2022\\\/12\\\/cropped-Logo.jpg\",\"width\":700,\"height\":59,\"caption\":\"CRI e Diario de Pernambuco\"},\"image\":{\"@id\":\"https:\\\/\\\/diariodepe.com.br\\\/cri\\\/#\\\/schema\\\/logo\\\/image\\\/\"}},{\"@type\":\"Person\",\"@id\":\"https:\\\/\\\/diariodepe.com.br\\\/cri\\\/#\\\/schema\\\/person\\\/121bb28d84f1a5b1205ef4ce9c2e0c6b\",\"name\":\"Ismael Lucas S. Pereira\",\"image\":{\"@type\":\"ImageObject\",\"inLanguage\":\"pt-BR\",\"@id\":\"https:\\\/\\\/secure.gravatar.com\\\/avatar\\\/887a0f3b5a7ceea963a48499fb883ffce6b5037362def025c52c2505b15d63e4?s=96&d=mm&r=g\",\"url\":\"https:\\\/\\\/secure.gravatar.com\\\/avatar\\\/887a0f3b5a7ceea963a48499fb883ffce6b5037362def025c52c2505b15d63e4?s=96&d=mm&r=g\",\"contentUrl\":\"https:\\\/\\\/secure.gravatar.com\\\/avatar\\\/887a0f3b5a7ceea963a48499fb883ffce6b5037362def025c52c2505b15d63e4?s=96&d=mm&r=g\",\"caption\":\"Ismael Lucas S. Pereira\"},\"url\":\"https:\\\/\\\/diariodepe.com.br\\\/cri\\\/author\\\/ismael-lucas\\\/\"}]}<\/script>\n<!-- \/ Yoast SEO plugin. -->","yoast_head_json":{"title":"Xi Jinping: A China e a \u00c1frica sempre foram uma comunidade de futuro compartilhado - CRI e Diario de Pernambuco","robots":{"index":"index","follow":"follow","max-snippet":"max-snippet:-1","max-image-preview":"max-image-preview:large","max-video-preview":"max-video-preview:-1"},"canonical":"https:\/\/diariodepe.com.br\/cri\/2024\/09\/10\/xi-jinping-a-china-e-a-africa-sempre-foram-uma-comunidade-de-futuro-compartilhado\/","og_locale":"pt_BR","og_type":"article","og_title":"Xi Jinping: A China e a \u00c1frica sempre foram uma comunidade de futuro compartilhado - CRI e Diario de Pernambuco","og_description":"O presidente chin\u00eas, Xi Jinping, enviou uma carta de resposta aos acad\u00eamicos de 50 pa\u00edses africanos, estimulando-os a continuar fornecendo o apoio intelectual para a constru\u00e7\u00e3o de uma comunidade de futuro compartilhado China-\u00c1frica de alto n\u00edvel e defendendo os interesses...","og_url":"https:\/\/diariodepe.com.br\/cri\/2024\/09\/10\/xi-jinping-a-china-e-a-africa-sempre-foram-uma-comunidade-de-futuro-compartilhado\/","og_site_name":"CRI e Diario de Pernambuco","article_published_time":"2024-09-10T08:35:11+00:00","og_image":[{"url":"https:\/\/p2crires.cri.cn\/photoworkspace\/cri\/contentimg\/2024\/08\/30\/2024083020233381313.jpg","type":"","width":"","height":""}],"author":"Ismael Lucas S. Pereira","twitter_card":"summary_large_image","twitter_misc":{"Escrito por":"Ismael Lucas S. Pereira","Est. tempo de leitura":"2 minutos"},"schema":{"@context":"https:\/\/schema.org","@graph":[{"@type":"Article","@id":"https:\/\/diariodepe.com.br\/cri\/2024\/09\/10\/xi-jinping-a-china-e-a-africa-sempre-foram-uma-comunidade-de-futuro-compartilhado\/#article","isPartOf":{"@id":"https:\/\/diariodepe.com.br\/cri\/2024\/09\/10\/xi-jinping-a-china-e-a-africa-sempre-foram-uma-comunidade-de-futuro-compartilhado\/"},"author":{"name":"Ismael Lucas S. Pereira","@id":"https:\/\/diariodepe.com.br\/cri\/#\/schema\/person\/121bb28d84f1a5b1205ef4ce9c2e0c6b"},"headline":"Xi Jinping: A China e a \u00c1frica sempre foram uma comunidade de futuro compartilhado","datePublished":"2024-09-10T08:35:11+00:00","mainEntityOfPage":{"@id":"https:\/\/diariodepe.com.br\/cri\/2024\/09\/10\/xi-jinping-a-china-e-a-africa-sempre-foram-uma-comunidade-de-futuro-compartilhado\/"},"wordCount":231,"commentCount":0,"publisher":{"@id":"https:\/\/diariodepe.com.br\/cri\/#organization"},"image":{"@id":"https:\/\/diariodepe.com.br\/cri\/2024\/09\/10\/xi-jinping-a-china-e-a-africa-sempre-foram-uma-comunidade-de-futuro-compartilhado\/#primaryimage"},"thumbnailUrl":"https:\/\/p2crires.cri.cn\/photoworkspace\/cri\/contentimg\/2024\/08\/30\/2024083020233381313.jpg","articleSection":["China"],"inLanguage":"pt-BR","potentialAction":[{"@type":"CommentAction","name":"Comment","target":["https:\/\/diariodepe.com.br\/cri\/2024\/09\/10\/xi-jinping-a-china-e-a-africa-sempre-foram-uma-comunidade-de-futuro-compartilhado\/#respond"]}]},{"@type":"WebPage","@id":"https:\/\/diariodepe.com.br\/cri\/2024\/09\/10\/xi-jinping-a-china-e-a-africa-sempre-foram-uma-comunidade-de-futuro-compartilhado\/","url":"https:\/\/diariodepe.com.br\/cri\/2024\/09\/10\/xi-jinping-a-china-e-a-africa-sempre-foram-uma-comunidade-de-futuro-compartilhado\/","name":"Xi Jinping: A China e a \u00c1frica sempre foram uma comunidade de futuro compartilhado - CRI e Diario de Pernambuco","isPartOf":{"@id":"https:\/\/diariodepe.com.br\/cri\/#website"},"primaryImageOfPage":{"@id":"https:\/\/diariodepe.com.br\/cri\/2024\/09\/10\/xi-jinping-a-china-e-a-africa-sempre-foram-uma-comunidade-de-futuro-compartilhado\/#primaryimage"},"image":{"@id":"https:\/\/diariodepe.com.br\/cri\/2024\/09\/10\/xi-jinping-a-china-e-a-africa-sempre-foram-uma-comunidade-de-futuro-compartilhado\/#primaryimage"},"thumbnailUrl":"https:\/\/p2crires.cri.cn\/photoworkspace\/cri\/contentimg\/2024\/08\/30\/2024083020233381313.jpg","datePublished":"2024-09-10T08:35:11+00:00","breadcrumb":{"@id":"https:\/\/diariodepe.com.br\/cri\/2024\/09\/10\/xi-jinping-a-china-e-a-africa-sempre-foram-uma-comunidade-de-futuro-compartilhado\/#breadcrumb"},"inLanguage":"pt-BR","potentialAction":[{"@type":"ReadAction","target":["https:\/\/diariodepe.com.br\/cri\/2024\/09\/10\/xi-jinping-a-china-e-a-africa-sempre-foram-uma-comunidade-de-futuro-compartilhado\/"]}]},{"@type":"ImageObject","inLanguage":"pt-BR","@id":"https:\/\/diariodepe.com.br\/cri\/2024\/09\/10\/xi-jinping-a-china-e-a-africa-sempre-foram-uma-comunidade-de-futuro-compartilhado\/#primaryimage","url":"https:\/\/p2crires.cri.cn\/photoworkspace\/cri\/contentimg\/2024\/08\/30\/2024083020233381313.jpg","contentUrl":"https:\/\/p2crires.cri.cn\/photoworkspace\/cri\/contentimg\/2024\/08\/30\/2024083020233381313.jpg"},{"@type":"BreadcrumbList","@id":"https:\/\/diariodepe.com.br\/cri\/2024\/09\/10\/xi-jinping-a-china-e-a-africa-sempre-foram-uma-comunidade-de-futuro-compartilhado\/#breadcrumb","itemListElement":[{"@type":"ListItem","position":1,"name":"In\u00edcio","item":"https:\/\/diariodepe.com.br\/cri\/"},{"@type":"ListItem","position":2,"name":"Xi Jinping: A China e a \u00c1frica sempre foram uma comunidade de futuro compartilhado"}]},{"@type":"WebSite","@id":"https:\/\/diariodepe.com.br\/cri\/#website","url":"https:\/\/diariodepe.com.br\/cri\/","name":"CRI e Diario de Pernambuco","description":"R\u00e1dio Internacional da China","publisher":{"@id":"https:\/\/diariodepe.com.br\/cri\/#organization"},"potentialAction":[{"@type":"SearchAction","target":{"@type":"EntryPoint","urlTemplate":"https:\/\/diariodepe.com.br\/cri\/?s={search_term_string}"},"query-input":{"@type":"PropertyValueSpecification","valueRequired":true,"valueName":"search_term_string"}}],"inLanguage":"pt-BR"},{"@type":"Organization","@id":"https:\/\/diariodepe.com.br\/cri\/#organization","name":"CRI e Diario de Pernambuco","url":"https:\/\/diariodepe.com.br\/cri\/","logo":{"@type":"ImageObject","inLanguage":"pt-BR","@id":"https:\/\/diariodepe.com.br\/cri\/#\/schema\/logo\/image\/","url":"https:\/\/diariodepe.com.br\/cri\/wp-content\/uploads\/sites\/2\/2022\/12\/cropped-Logo.jpg","contentUrl":"https:\/\/diariodepe.com.br\/cri\/wp-content\/uploads\/sites\/2\/2022\/12\/cropped-Logo.jpg","width":700,"height":59,"caption":"CRI e Diario de Pernambuco"},"image":{"@id":"https:\/\/diariodepe.com.br\/cri\/#\/schema\/logo\/image\/"}},{"@type":"Person","@id":"https:\/\/diariodepe.com.br\/cri\/#\/schema\/person\/121bb28d84f1a5b1205ef4ce9c2e0c6b","name":"Ismael Lucas S. Pereira","image":{"@type":"ImageObject","inLanguage":"pt-BR","@id":"https:\/\/secure.gravatar.com\/avatar\/887a0f3b5a7ceea963a48499fb883ffce6b5037362def025c52c2505b15d63e4?s=96&d=mm&r=g","url":"https:\/\/secure.gravatar.com\/avatar\/887a0f3b5a7ceea963a48499fb883ffce6b5037362def025c52c2505b15d63e4?s=96&d=mm&r=g","contentUrl":"https:\/\/secure.gravatar.com\/avatar\/887a0f3b5a7ceea963a48499fb883ffce6b5037362def025c52c2505b15d63e4?s=96&d=mm&r=g","caption":"Ismael Lucas S. Pereira"},"url":"https:\/\/diariodepe.com.br\/cri\/author\/ismael-lucas\/"}]}},"cc_featured_image_caption":{"caption_text":false,"source_text":false,"source_url":false},"amp_enabled":true,"_links":{"self":[{"href":"https:\/\/diariodepe.com.br\/cri\/wp-json\/wp\/v2\/posts\/6140","targetHints":{"allow":["GET"]}}],"collection":[{"href":"https:\/\/diariodepe.com.br\/cri\/wp-json\/wp\/v2\/posts"}],"about":[{"href":"https:\/\/diariodepe.com.br\/cri\/wp-json\/wp\/v2\/types\/post"}],"author":[{"embeddable":true,"href":"https:\/\/diariodepe.com.br\/cri\/wp-json\/wp\/v2\/users\/2"}],"replies":[{"embeddable":true,"href":"https:\/\/diariodepe.com.br\/cri\/wp-json\/wp\/v2\/comments?post=6140"}],"version-history":[{"count":1,"href":"https:\/\/diariodepe.com.br\/cri\/wp-json\/wp\/v2\/posts\/6140\/revisions"}],"predecessor-version":[{"id":6141,"href":"https:\/\/diariodepe.com.br\/cri\/wp-json\/wp\/v2\/posts\/6140\/revisions\/6141"}],"wp:attachment":[{"href":"https:\/\/diariodepe.com.br\/cri\/wp-json\/wp\/v2\/media?parent=6140"}],"wp:term":[{"taxonomy":"category","embeddable":true,"href":"https:\/\/diariodepe.com.br\/cri\/wp-json\/wp\/v2\/categories?post=6140"},{"taxonomy":"post_tag","embeddable":true,"href":"https:\/\/diariodepe.com.br\/cri\/wp-json\/wp\/v2\/tags?post=6140"}],"curies":[{"name":"wp","href":"https:\/\/api.w.org\/{rel}","templated":true}]}}