{"id":6087,"date":"2024-08-30T23:26:14","date_gmt":"2024-08-31T02:26:14","guid":{"rendered":"https:\/\/diariodepe.com.br\/cri\/?p=6087"},"modified":"2024-08-30T23:26:14","modified_gmt":"2024-08-31T02:26:14","slug":"beijing-sediara-8a-conferencia-de-empresarios-china-africa-em-setembro","status":"publish","type":"post","link":"https:\/\/diariodepe.com.br\/cri\/2024\/08\/30\/beijing-sediara-8a-conferencia-de-empresarios-china-africa-em-setembro\/","title":{"rendered":"Beijing sediar\u00e1 8\u00aa Confer\u00eancia de Empres\u00e1rios China-\u00c1frica em setembro"},"content":{"rendered":"<p data-spm-anchor-id=\"0.0.0.i1\">A Confer\u00eancia de Empres\u00e1rios China-\u00c1frica, organizada conjuntamente pelo Conselho Chin\u00eas para a Promo\u00e7\u00e3o do Com\u00e9rcio Internacional (CCPIT, em ingl\u00eas) e pelo Minist\u00e9rio do Com\u00e9rcio da China, \u00e9 o evento econ\u00f4mico e comercial de mais alto n\u00edvel do setor empresarial no \u00e2mbito do F\u00f3rum de Coopera\u00e7\u00e3o China-\u00c1frica. Na coletiva de imprensa, realizada nesta sexta-feira (30), a porta-voz da CCPIT, Wang Linjie, afirmou que a confer\u00eancia ser\u00e1 realizada no dia 6 de setembro em Beijing, com destaque para o tema \u201cDar as M\u00e3os para Avan\u00e7ar na Moderniza\u00e7\u00e3o e Construir uma Comunidade China-\u00c1frica de Alto N\u00edvel com um Futuro Compartilhado\u201d.<\/p>\n<p>Segundo a porta-voz, o setor empresarial tem sido um elo importante na coopera\u00e7\u00e3o amistosa entre a China e a \u00c1frica. A China mant\u00e9m sua posi\u00e7\u00e3o como o maior parceiro comercial da \u00c1frica h\u00e1 15 anos consecutivos, e a \u00c1frica \u00e9 o segundo maior mercado de obras contratadas pela China no exterior. At\u00e9 o momento, 408 empresas e associa\u00e7\u00f5es comerciais de 48 pa\u00edses africanos se inscreveram para participar do evento, das quais se referem tanto aos setores tradicionais, como energia e minera\u00e7\u00e3o, infraestrutura, finan\u00e7as e com\u00e9rcio, quanto \u00e0s ind\u00fastrias emergentes, como tecnologia eletr\u00f4nica, sat\u00e9lites de comunica\u00e7\u00e3o e biomedicina. A confer\u00eancia contar\u00e1 com empresas l\u00edderes na coopera\u00e7\u00e3o China-\u00c1frica, bem como um n\u00famero significativo de pequenas e m\u00e9dias empresas.<\/p>\n<p>A Confer\u00eancia dos Empres\u00e1rios China-\u00c1frica, criada desde 2003, \u00e9 realizada a cada tr\u00eas anos, alternadamente na China e nos pa\u00edses africanos, e j\u00e1 soma sete edi\u00e7\u00f5es at\u00e9 o momento.<\/p>\n","protected":false},"excerpt":{"rendered":"<p>A Confer\u00eancia de Empres\u00e1rios China-\u00c1frica, organizada conjuntamente pelo Conselho Chin\u00eas para a Promo\u00e7\u00e3o do Com\u00e9rcio Internacional (CCPIT, em ingl\u00eas) e pelo Minist\u00e9rio do Com\u00e9rcio da China, \u00e9 o evento econ\u00f4mico e comercial de mais alto n\u00edvel do setor empresarial no&#8230;<\/p>\n","protected":false},"author":2,"featured_media":0,"comment_status":"open","ping_status":"open","sticky":false,"template":"","format":"standard","meta":{"footnotes":""},"categories":[3],"tags":[],"class_list":["post-6087","post","type-post","status-publish","format-standard","hentry","category-china"],"yoast_head":"<!-- This site is optimized with the Yoast SEO plugin v27.4 - https:\/\/yoast.com\/product\/yoast-seo-wordpress\/ -->\n<title>Beijing sediar\u00e1 8\u00aa Confer\u00eancia de Empres\u00e1rios China-\u00c1frica em setembro - CRI e Diario de Pernambuco<\/title>\n<meta name=\"robots\" content=\"index, follow, max-snippet:-1, max-image-preview:large, max-video-preview:-1\" \/>\n<link rel=\"canonical\" href=\"https:\/\/diariodepe.com.br\/cri\/2024\/08\/30\/beijing-sediara-8a-conferencia-de-empresarios-china-africa-em-setembro\/\" \/>\n<meta property=\"og:locale\" content=\"pt_BR\" \/>\n<meta property=\"og:type\" content=\"article\" \/>\n<meta property=\"og:title\" content=\"Beijing sediar\u00e1 8\u00aa Confer\u00eancia de Empres\u00e1rios China-\u00c1frica em setembro - CRI e Diario de Pernambuco\" \/>\n<meta property=\"og:description\" content=\"A Confer\u00eancia de Empres\u00e1rios China-\u00c1frica, organizada conjuntamente pelo Conselho Chin\u00eas para a Promo\u00e7\u00e3o do Com\u00e9rcio Internacional (CCPIT, em ingl\u00eas) e pelo Minist\u00e9rio do Com\u00e9rcio da China, \u00e9 o evento econ\u00f4mico e comercial de mais alto n\u00edvel do setor empresarial no...\" \/>\n<meta property=\"og:url\" content=\"https:\/\/diariodepe.com.br\/cri\/2024\/08\/30\/beijing-sediara-8a-conferencia-de-empresarios-china-africa-em-setembro\/\" \/>\n<meta property=\"og:site_name\" content=\"CRI e Diario de Pernambuco\" \/>\n<meta property=\"article:published_time\" content=\"2024-08-31T02:26:14+00:00\" \/>\n<meta name=\"author\" content=\"Ismael Lucas S. Pereira\" \/>\n<meta name=\"twitter:card\" content=\"summary_large_image\" \/>\n<meta name=\"twitter:label1\" content=\"Escrito por\" \/>\n\t<meta name=\"twitter:data1\" content=\"Ismael Lucas S. Pereira\" \/>\n<script type=\"application\/ld+json\" class=\"yoast-schema-graph\">{\"@context\":\"https:\\\/\\\/schema.org\",\"@graph\":[{\"@type\":\"Article\",\"@id\":\"https:\\\/\\\/diariodepe.com.br\\\/cri\\\/2024\\\/08\\\/30\\\/beijing-sediara-8a-conferencia-de-empresarios-china-africa-em-setembro\\\/#article\",\"isPartOf\":{\"@id\":\"https:\\\/\\\/diariodepe.com.br\\\/cri\\\/2024\\\/08\\\/30\\\/beijing-sediara-8a-conferencia-de-empresarios-china-africa-em-setembro\\\/\"},\"author\":{\"name\":\"Ismael Lucas S. Pereira\",\"@id\":\"https:\\\/\\\/diariodepe.com.br\\\/cri\\\/#\\\/schema\\\/person\\\/121bb28d84f1a5b1205ef4ce9c2e0c6b\"},\"headline\":\"Beijing sediar\u00e1 8\u00aa Confer\u00eancia de Empres\u00e1rios China-\u00c1frica em setembro\",\"datePublished\":\"2024-08-31T02:26:14+00:00\",\"mainEntityOfPage\":{\"@id\":\"https:\\\/\\\/diariodepe.com.br\\\/cri\\\/2024\\\/08\\\/30\\\/beijing-sediara-8a-conferencia-de-empresarios-china-africa-em-setembro\\\/\"},\"wordCount\":288,\"commentCount\":0,\"publisher\":{\"@id\":\"https:\\\/\\\/diariodepe.com.br\\\/cri\\\/#organization\"},\"articleSection\":[\"China\"],\"inLanguage\":\"pt-BR\",\"potentialAction\":[{\"@type\":\"CommentAction\",\"name\":\"Comment\",\"target\":[\"https:\\\/\\\/diariodepe.com.br\\\/cri\\\/2024\\\/08\\\/30\\\/beijing-sediara-8a-conferencia-de-empresarios-china-africa-em-setembro\\\/#respond\"]}]},{\"@type\":\"WebPage\",\"@id\":\"https:\\\/\\\/diariodepe.com.br\\\/cri\\\/2024\\\/08\\\/30\\\/beijing-sediara-8a-conferencia-de-empresarios-china-africa-em-setembro\\\/\",\"url\":\"https:\\\/\\\/diariodepe.com.br\\\/cri\\\/2024\\\/08\\\/30\\\/beijing-sediara-8a-conferencia-de-empresarios-china-africa-em-setembro\\\/\",\"name\":\"Beijing sediar\u00e1 8\u00aa Confer\u00eancia de Empres\u00e1rios China-\u00c1frica em setembro - CRI e Diario de Pernambuco\",\"isPartOf\":{\"@id\":\"https:\\\/\\\/diariodepe.com.br\\\/cri\\\/#website\"},\"datePublished\":\"2024-08-31T02:26:14+00:00\",\"breadcrumb\":{\"@id\":\"https:\\\/\\\/diariodepe.com.br\\\/cri\\\/2024\\\/08\\\/30\\\/beijing-sediara-8a-conferencia-de-empresarios-china-africa-em-setembro\\\/#breadcrumb\"},\"inLanguage\":\"pt-BR\",\"potentialAction\":[{\"@type\":\"ReadAction\",\"target\":[\"https:\\\/\\\/diariodepe.com.br\\\/cri\\\/2024\\\/08\\\/30\\\/beijing-sediara-8a-conferencia-de-empresarios-china-africa-em-setembro\\\/\"]}]},{\"@type\":\"BreadcrumbList\",\"@id\":\"https:\\\/\\\/diariodepe.com.br\\\/cri\\\/2024\\\/08\\\/30\\\/beijing-sediara-8a-conferencia-de-empresarios-china-africa-em-setembro\\\/#breadcrumb\",\"itemListElement\":[{\"@type\":\"ListItem\",\"position\":1,\"name\":\"In\u00edcio\",\"item\":\"https:\\\/\\\/diariodepe.com.br\\\/cri\\\/\"},{\"@type\":\"ListItem\",\"position\":2,\"name\":\"Beijing sediar\u00e1 8\u00aa Confer\u00eancia de Empres\u00e1rios China-\u00c1frica em setembro\"}]},{\"@type\":\"WebSite\",\"@id\":\"https:\\\/\\\/diariodepe.com.br\\\/cri\\\/#website\",\"url\":\"https:\\\/\\\/diariodepe.com.br\\\/cri\\\/\",\"name\":\"CRI e Diario de Pernambuco\",\"description\":\"R\u00e1dio Internacional da China\",\"publisher\":{\"@id\":\"https:\\\/\\\/diariodepe.com.br\\\/cri\\\/#organization\"},\"potentialAction\":[{\"@type\":\"SearchAction\",\"target\":{\"@type\":\"EntryPoint\",\"urlTemplate\":\"https:\\\/\\\/diariodepe.com.br\\\/cri\\\/?s={search_term_string}\"},\"query-input\":{\"@type\":\"PropertyValueSpecification\",\"valueRequired\":true,\"valueName\":\"search_term_string\"}}],\"inLanguage\":\"pt-BR\"},{\"@type\":\"Organization\",\"@id\":\"https:\\\/\\\/diariodepe.com.br\\\/cri\\\/#organization\",\"name\":\"CRI e Diario de Pernambuco\",\"url\":\"https:\\\/\\\/diariodepe.com.br\\\/cri\\\/\",\"logo\":{\"@type\":\"ImageObject\",\"inLanguage\":\"pt-BR\",\"@id\":\"https:\\\/\\\/diariodepe.com.br\\\/cri\\\/#\\\/schema\\\/logo\\\/image\\\/\",\"url\":\"https:\\\/\\\/diariodepe.com.br\\\/cri\\\/wp-content\\\/uploads\\\/sites\\\/2\\\/2022\\\/12\\\/cropped-Logo.jpg\",\"contentUrl\":\"https:\\\/\\\/diariodepe.com.br\\\/cri\\\/wp-content\\\/uploads\\\/sites\\\/2\\\/2022\\\/12\\\/cropped-Logo.jpg\",\"width\":700,\"height\":59,\"caption\":\"CRI e Diario de Pernambuco\"},\"image\":{\"@id\":\"https:\\\/\\\/diariodepe.com.br\\\/cri\\\/#\\\/schema\\\/logo\\\/image\\\/\"}},{\"@type\":\"Person\",\"@id\":\"https:\\\/\\\/diariodepe.com.br\\\/cri\\\/#\\\/schema\\\/person\\\/121bb28d84f1a5b1205ef4ce9c2e0c6b\",\"name\":\"Ismael Lucas S. Pereira\",\"image\":{\"@type\":\"ImageObject\",\"inLanguage\":\"pt-BR\",\"@id\":\"https:\\\/\\\/secure.gravatar.com\\\/avatar\\\/887a0f3b5a7ceea963a48499fb883ffce6b5037362def025c52c2505b15d63e4?s=96&d=mm&r=g\",\"url\":\"https:\\\/\\\/secure.gravatar.com\\\/avatar\\\/887a0f3b5a7ceea963a48499fb883ffce6b5037362def025c52c2505b15d63e4?s=96&d=mm&r=g\",\"contentUrl\":\"https:\\\/\\\/secure.gravatar.com\\\/avatar\\\/887a0f3b5a7ceea963a48499fb883ffce6b5037362def025c52c2505b15d63e4?s=96&d=mm&r=g\",\"caption\":\"Ismael Lucas S. Pereira\"},\"url\":\"https:\\\/\\\/diariodepe.com.br\\\/cri\\\/author\\\/ismael-lucas\\\/\"}]}<\/script>\n<!-- \/ Yoast SEO plugin. -->","yoast_head_json":{"title":"Beijing sediar\u00e1 8\u00aa Confer\u00eancia de Empres\u00e1rios China-\u00c1frica em setembro - CRI e Diario de Pernambuco","robots":{"index":"index","follow":"follow","max-snippet":"max-snippet:-1","max-image-preview":"max-image-preview:large","max-video-preview":"max-video-preview:-1"},"canonical":"https:\/\/diariodepe.com.br\/cri\/2024\/08\/30\/beijing-sediara-8a-conferencia-de-empresarios-china-africa-em-setembro\/","og_locale":"pt_BR","og_type":"article","og_title":"Beijing sediar\u00e1 8\u00aa Confer\u00eancia de Empres\u00e1rios China-\u00c1frica em setembro - CRI e Diario de Pernambuco","og_description":"A Confer\u00eancia de Empres\u00e1rios China-\u00c1frica, organizada conjuntamente pelo Conselho Chin\u00eas para a Promo\u00e7\u00e3o do Com\u00e9rcio Internacional (CCPIT, em ingl\u00eas) e pelo Minist\u00e9rio do Com\u00e9rcio da China, \u00e9 o evento econ\u00f4mico e comercial de mais alto n\u00edvel do setor empresarial no...","og_url":"https:\/\/diariodepe.com.br\/cri\/2024\/08\/30\/beijing-sediara-8a-conferencia-de-empresarios-china-africa-em-setembro\/","og_site_name":"CRI e Diario de Pernambuco","article_published_time":"2024-08-31T02:26:14+00:00","author":"Ismael Lucas S. Pereira","twitter_card":"summary_large_image","twitter_misc":{"Escrito por":"Ismael Lucas S. Pereira"},"schema":{"@context":"https:\/\/schema.org","@graph":[{"@type":"Article","@id":"https:\/\/diariodepe.com.br\/cri\/2024\/08\/30\/beijing-sediara-8a-conferencia-de-empresarios-china-africa-em-setembro\/#article","isPartOf":{"@id":"https:\/\/diariodepe.com.br\/cri\/2024\/08\/30\/beijing-sediara-8a-conferencia-de-empresarios-china-africa-em-setembro\/"},"author":{"name":"Ismael Lucas S. Pereira","@id":"https:\/\/diariodepe.com.br\/cri\/#\/schema\/person\/121bb28d84f1a5b1205ef4ce9c2e0c6b"},"headline":"Beijing sediar\u00e1 8\u00aa Confer\u00eancia de Empres\u00e1rios China-\u00c1frica em setembro","datePublished":"2024-08-31T02:26:14+00:00","mainEntityOfPage":{"@id":"https:\/\/diariodepe.com.br\/cri\/2024\/08\/30\/beijing-sediara-8a-conferencia-de-empresarios-china-africa-em-setembro\/"},"wordCount":288,"commentCount":0,"publisher":{"@id":"https:\/\/diariodepe.com.br\/cri\/#organization"},"articleSection":["China"],"inLanguage":"pt-BR","potentialAction":[{"@type":"CommentAction","name":"Comment","target":["https:\/\/diariodepe.com.br\/cri\/2024\/08\/30\/beijing-sediara-8a-conferencia-de-empresarios-china-africa-em-setembro\/#respond"]}]},{"@type":"WebPage","@id":"https:\/\/diariodepe.com.br\/cri\/2024\/08\/30\/beijing-sediara-8a-conferencia-de-empresarios-china-africa-em-setembro\/","url":"https:\/\/diariodepe.com.br\/cri\/2024\/08\/30\/beijing-sediara-8a-conferencia-de-empresarios-china-africa-em-setembro\/","name":"Beijing sediar\u00e1 8\u00aa Confer\u00eancia de Empres\u00e1rios China-\u00c1frica em setembro - CRI e Diario de Pernambuco","isPartOf":{"@id":"https:\/\/diariodepe.com.br\/cri\/#website"},"datePublished":"2024-08-31T02:26:14+00:00","breadcrumb":{"@id":"https:\/\/diariodepe.com.br\/cri\/2024\/08\/30\/beijing-sediara-8a-conferencia-de-empresarios-china-africa-em-setembro\/#breadcrumb"},"inLanguage":"pt-BR","potentialAction":[{"@type":"ReadAction","target":["https:\/\/diariodepe.com.br\/cri\/2024\/08\/30\/beijing-sediara-8a-conferencia-de-empresarios-china-africa-em-setembro\/"]}]},{"@type":"BreadcrumbList","@id":"https:\/\/diariodepe.com.br\/cri\/2024\/08\/30\/beijing-sediara-8a-conferencia-de-empresarios-china-africa-em-setembro\/#breadcrumb","itemListElement":[{"@type":"ListItem","position":1,"name":"In\u00edcio","item":"https:\/\/diariodepe.com.br\/cri\/"},{"@type":"ListItem","position":2,"name":"Beijing sediar\u00e1 8\u00aa Confer\u00eancia de Empres\u00e1rios China-\u00c1frica em setembro"}]},{"@type":"WebSite","@id":"https:\/\/diariodepe.com.br\/cri\/#website","url":"https:\/\/diariodepe.com.br\/cri\/","name":"CRI e Diario de Pernambuco","description":"R\u00e1dio Internacional da China","publisher":{"@id":"https:\/\/diariodepe.com.br\/cri\/#organization"},"potentialAction":[{"@type":"SearchAction","target":{"@type":"EntryPoint","urlTemplate":"https:\/\/diariodepe.com.br\/cri\/?s={search_term_string}"},"query-input":{"@type":"PropertyValueSpecification","valueRequired":true,"valueName":"search_term_string"}}],"inLanguage":"pt-BR"},{"@type":"Organization","@id":"https:\/\/diariodepe.com.br\/cri\/#organization","name":"CRI e Diario de Pernambuco","url":"https:\/\/diariodepe.com.br\/cri\/","logo":{"@type":"ImageObject","inLanguage":"pt-BR","@id":"https:\/\/diariodepe.com.br\/cri\/#\/schema\/logo\/image\/","url":"https:\/\/diariodepe.com.br\/cri\/wp-content\/uploads\/sites\/2\/2022\/12\/cropped-Logo.jpg","contentUrl":"https:\/\/diariodepe.com.br\/cri\/wp-content\/uploads\/sites\/2\/2022\/12\/cropped-Logo.jpg","width":700,"height":59,"caption":"CRI e Diario de Pernambuco"},"image":{"@id":"https:\/\/diariodepe.com.br\/cri\/#\/schema\/logo\/image\/"}},{"@type":"Person","@id":"https:\/\/diariodepe.com.br\/cri\/#\/schema\/person\/121bb28d84f1a5b1205ef4ce9c2e0c6b","name":"Ismael Lucas S. Pereira","image":{"@type":"ImageObject","inLanguage":"pt-BR","@id":"https:\/\/secure.gravatar.com\/avatar\/887a0f3b5a7ceea963a48499fb883ffce6b5037362def025c52c2505b15d63e4?s=96&d=mm&r=g","url":"https:\/\/secure.gravatar.com\/avatar\/887a0f3b5a7ceea963a48499fb883ffce6b5037362def025c52c2505b15d63e4?s=96&d=mm&r=g","contentUrl":"https:\/\/secure.gravatar.com\/avatar\/887a0f3b5a7ceea963a48499fb883ffce6b5037362def025c52c2505b15d63e4?s=96&d=mm&r=g","caption":"Ismael Lucas S. Pereira"},"url":"https:\/\/diariodepe.com.br\/cri\/author\/ismael-lucas\/"}]}},"cc_featured_image_caption":{"caption_text":false,"source_text":false,"source_url":false},"amp_enabled":true,"_links":{"self":[{"href":"https:\/\/diariodepe.com.br\/cri\/wp-json\/wp\/v2\/posts\/6087","targetHints":{"allow":["GET"]}}],"collection":[{"href":"https:\/\/diariodepe.com.br\/cri\/wp-json\/wp\/v2\/posts"}],"about":[{"href":"https:\/\/diariodepe.com.br\/cri\/wp-json\/wp\/v2\/types\/post"}],"author":[{"embeddable":true,"href":"https:\/\/diariodepe.com.br\/cri\/wp-json\/wp\/v2\/users\/2"}],"replies":[{"embeddable":true,"href":"https:\/\/diariodepe.com.br\/cri\/wp-json\/wp\/v2\/comments?post=6087"}],"version-history":[{"count":1,"href":"https:\/\/diariodepe.com.br\/cri\/wp-json\/wp\/v2\/posts\/6087\/revisions"}],"predecessor-version":[{"id":6088,"href":"https:\/\/diariodepe.com.br\/cri\/wp-json\/wp\/v2\/posts\/6087\/revisions\/6088"}],"wp:attachment":[{"href":"https:\/\/diariodepe.com.br\/cri\/wp-json\/wp\/v2\/media?parent=6087"}],"wp:term":[{"taxonomy":"category","embeddable":true,"href":"https:\/\/diariodepe.com.br\/cri\/wp-json\/wp\/v2\/categories?post=6087"},{"taxonomy":"post_tag","embeddable":true,"href":"https:\/\/diariodepe.com.br\/cri\/wp-json\/wp\/v2\/tags?post=6087"}],"curies":[{"name":"wp","href":"https:\/\/api.w.org\/{rel}","templated":true}]}}