{"id":6085,"date":"2024-08-30T23:25:20","date_gmt":"2024-08-31T02:25:20","guid":{"rendered":"https:\/\/diariodepe.com.br\/cri\/?p=6085"},"modified":"2024-08-30T23:25:20","modified_gmt":"2024-08-31T02:25:20","slug":"personalidades-africanas-elogiam-cooperacao-china-africa","status":"publish","type":"post","link":"https:\/\/diariodepe.com.br\/cri\/2024\/08\/30\/personalidades-africanas-elogiam-cooperacao-china-africa\/","title":{"rendered":"Personalidades africanas elogiam coopera\u00e7\u00e3o China-\u00c1frica"},"content":{"rendered":"<p data-spm-anchor-id=\"0.0.0.i1\">Workshop sobre conhecimento de desenvolvimento compartilhado para os pa\u00edses africanos de l\u00edngua francesa, promovido pelo Minist\u00e9rio do Com\u00e9rcio da China, foi realizado recentemente em Beijing.<\/p>\n<p>Personalidades africanas que participaram da atividade elogiaram os resultados frut\u00edferos da coopera\u00e7\u00e3o China-\u00c1frica e aguardam com expectativa a C\u00fapula do F\u00f3rum de Coopera\u00e7\u00e3o China-\u00c1frica (FOCAC), em 2024.<\/p>\n<p class=\"photo_img_20190808\"><img decoding=\"async\" src=\"https:\/\/p1crires.cri.cn\/photoworkspace\/cri\/contentimg\/2024\/08\/30\/2024083019402931372.png\" alt=\"\" \/><\/p>\n<p>Benoit Negendakumana, assessor s\u00eanior do vice-presidente do Senado do Burundi, considera que a China \u00e9 uma parceira confi\u00e1vel para os pa\u00edses africanos. Segundo ele, o pa\u00eds asi\u00e1tico sempre respeitou a vontade e as necessidades reais das na\u00e7\u00f5es africanas, nunca interferiu nos assuntos internos, n\u00e3o imp\u00f4s nenhuma condi\u00e7\u00e3o pol\u00edtica \u00e0 assist\u00eancia e nem buscou interesses pol\u00edticos em investimentos e financiamentos.<\/p>\n<p>Negendakumana acredita que a C\u00fapula do FOCAC deste ano ser\u00e1 uma oportunidade importante para aprofundar a coopera\u00e7\u00e3o entre os dois lados e espera que a China e a \u00c1frica expandam continuamente os interc\u00e2mbios em diversas \u00e1reas.<\/p>\n<p class=\"photo_img_20190808\"><img decoding=\"async\" src=\"https:\/\/p4crires.cri.cn\/photoworkspace\/cri\/contentimg\/2024\/08\/30\/2024083019404143734.png\" alt=\"\" \/><\/p>\n<p>O presidente da Ag\u00eancia de Not\u00edcias do Gab\u00e3o, Ghislain Ruffin Etoughet Nzuet, expressou sua gratid\u00e3o \u00e0 China pelos esfor\u00e7os incans\u00e1veis na promo\u00e7\u00e3o do desenvolvimento e do progresso da \u00c1frica.<\/p>\n<p>\u201cGostaria de prestar uma homenagem \u00e0 grande amizade entre os povos africano e chin\u00eas\u201d, destacou Nzuet. O presidente da ag\u00eancia do Gab\u00e3o tamb\u00e9m salientou que a proposta de quatro pontos do presidente chin\u00eas, Xi Jinping, sobre a constru\u00e7\u00e3o de uma comunidade de futuro compartilhado China-\u00c1frica na nova era \u00e9 muito apreciada no continente africano.<\/p>\n","protected":false},"excerpt":{"rendered":"<p>Workshop sobre conhecimento de desenvolvimento compartilhado para os pa\u00edses africanos de l\u00edngua francesa, promovido pelo Minist\u00e9rio do Com\u00e9rcio da China, foi realizado recentemente em Beijing. Personalidades africanas que participaram da atividade elogiaram os resultados frut\u00edferos da coopera\u00e7\u00e3o China-\u00c1frica e aguardam&#8230;<\/p>\n","protected":false},"author":2,"featured_media":0,"comment_status":"open","ping_status":"open","sticky":false,"template":"","format":"standard","meta":{"footnotes":""},"categories":[3],"tags":[],"class_list":["post-6085","post","type-post","status-publish","format-standard","hentry","category-china"],"yoast_head":"<!-- This site is optimized with the Yoast SEO plugin v27.4 - https:\/\/yoast.com\/product\/yoast-seo-wordpress\/ -->\n<title>Personalidades africanas elogiam coopera\u00e7\u00e3o China-\u00c1frica - CRI e Diario de Pernambuco<\/title>\n<meta name=\"robots\" content=\"index, follow, max-snippet:-1, max-image-preview:large, max-video-preview:-1\" \/>\n<link rel=\"canonical\" href=\"https:\/\/diariodepe.com.br\/cri\/2024\/08\/30\/personalidades-africanas-elogiam-cooperacao-china-africa\/\" \/>\n<meta property=\"og:locale\" content=\"pt_BR\" \/>\n<meta property=\"og:type\" content=\"article\" \/>\n<meta property=\"og:title\" content=\"Personalidades africanas elogiam coopera\u00e7\u00e3o China-\u00c1frica - CRI e Diario de Pernambuco\" \/>\n<meta property=\"og:description\" content=\"Workshop sobre conhecimento de desenvolvimento compartilhado para os pa\u00edses africanos de l\u00edngua francesa, promovido pelo Minist\u00e9rio do Com\u00e9rcio da China, foi realizado recentemente em Beijing. Personalidades africanas que participaram da atividade elogiaram os resultados frut\u00edferos da coopera\u00e7\u00e3o China-\u00c1frica e aguardam...\" \/>\n<meta property=\"og:url\" content=\"https:\/\/diariodepe.com.br\/cri\/2024\/08\/30\/personalidades-africanas-elogiam-cooperacao-china-africa\/\" \/>\n<meta property=\"og:site_name\" content=\"CRI e Diario de Pernambuco\" \/>\n<meta property=\"article:published_time\" content=\"2024-08-31T02:25:20+00:00\" \/>\n<meta property=\"og:image\" content=\"https:\/\/p1crires.cri.cn\/photoworkspace\/cri\/contentimg\/2024\/08\/30\/2024083019402931372.png\" \/>\n<meta name=\"author\" content=\"Ismael Lucas S. Pereira\" \/>\n<meta name=\"twitter:card\" content=\"summary_large_image\" \/>\n<meta name=\"twitter:label1\" content=\"Escrito por\" \/>\n\t<meta name=\"twitter:data1\" content=\"Ismael Lucas S. Pereira\" \/>\n<script type=\"application\/ld+json\" class=\"yoast-schema-graph\">{\"@context\":\"https:\\\/\\\/schema.org\",\"@graph\":[{\"@type\":\"Article\",\"@id\":\"https:\\\/\\\/diariodepe.com.br\\\/cri\\\/2024\\\/08\\\/30\\\/personalidades-africanas-elogiam-cooperacao-china-africa\\\/#article\",\"isPartOf\":{\"@id\":\"https:\\\/\\\/diariodepe.com.br\\\/cri\\\/2024\\\/08\\\/30\\\/personalidades-africanas-elogiam-cooperacao-china-africa\\\/\"},\"author\":{\"name\":\"Ismael Lucas S. Pereira\",\"@id\":\"https:\\\/\\\/diariodepe.com.br\\\/cri\\\/#\\\/schema\\\/person\\\/121bb28d84f1a5b1205ef4ce9c2e0c6b\"},\"headline\":\"Personalidades africanas elogiam coopera\u00e7\u00e3o China-\u00c1frica\",\"datePublished\":\"2024-08-31T02:25:20+00:00\",\"mainEntityOfPage\":{\"@id\":\"https:\\\/\\\/diariodepe.com.br\\\/cri\\\/2024\\\/08\\\/30\\\/personalidades-africanas-elogiam-cooperacao-china-africa\\\/\"},\"wordCount\":271,\"commentCount\":0,\"publisher\":{\"@id\":\"https:\\\/\\\/diariodepe.com.br\\\/cri\\\/#organization\"},\"image\":{\"@id\":\"https:\\\/\\\/diariodepe.com.br\\\/cri\\\/2024\\\/08\\\/30\\\/personalidades-africanas-elogiam-cooperacao-china-africa\\\/#primaryimage\"},\"thumbnailUrl\":\"https:\\\/\\\/p1crires.cri.cn\\\/photoworkspace\\\/cri\\\/contentimg\\\/2024\\\/08\\\/30\\\/2024083019402931372.png\",\"articleSection\":[\"China\"],\"inLanguage\":\"pt-BR\",\"potentialAction\":[{\"@type\":\"CommentAction\",\"name\":\"Comment\",\"target\":[\"https:\\\/\\\/diariodepe.com.br\\\/cri\\\/2024\\\/08\\\/30\\\/personalidades-africanas-elogiam-cooperacao-china-africa\\\/#respond\"]}]},{\"@type\":\"WebPage\",\"@id\":\"https:\\\/\\\/diariodepe.com.br\\\/cri\\\/2024\\\/08\\\/30\\\/personalidades-africanas-elogiam-cooperacao-china-africa\\\/\",\"url\":\"https:\\\/\\\/diariodepe.com.br\\\/cri\\\/2024\\\/08\\\/30\\\/personalidades-africanas-elogiam-cooperacao-china-africa\\\/\",\"name\":\"Personalidades africanas elogiam coopera\u00e7\u00e3o China-\u00c1frica - CRI e Diario de Pernambuco\",\"isPartOf\":{\"@id\":\"https:\\\/\\\/diariodepe.com.br\\\/cri\\\/#website\"},\"primaryImageOfPage\":{\"@id\":\"https:\\\/\\\/diariodepe.com.br\\\/cri\\\/2024\\\/08\\\/30\\\/personalidades-africanas-elogiam-cooperacao-china-africa\\\/#primaryimage\"},\"image\":{\"@id\":\"https:\\\/\\\/diariodepe.com.br\\\/cri\\\/2024\\\/08\\\/30\\\/personalidades-africanas-elogiam-cooperacao-china-africa\\\/#primaryimage\"},\"thumbnailUrl\":\"https:\\\/\\\/p1crires.cri.cn\\\/photoworkspace\\\/cri\\\/contentimg\\\/2024\\\/08\\\/30\\\/2024083019402931372.png\",\"datePublished\":\"2024-08-31T02:25:20+00:00\",\"breadcrumb\":{\"@id\":\"https:\\\/\\\/diariodepe.com.br\\\/cri\\\/2024\\\/08\\\/30\\\/personalidades-africanas-elogiam-cooperacao-china-africa\\\/#breadcrumb\"},\"inLanguage\":\"pt-BR\",\"potentialAction\":[{\"@type\":\"ReadAction\",\"target\":[\"https:\\\/\\\/diariodepe.com.br\\\/cri\\\/2024\\\/08\\\/30\\\/personalidades-africanas-elogiam-cooperacao-china-africa\\\/\"]}]},{\"@type\":\"ImageObject\",\"inLanguage\":\"pt-BR\",\"@id\":\"https:\\\/\\\/diariodepe.com.br\\\/cri\\\/2024\\\/08\\\/30\\\/personalidades-africanas-elogiam-cooperacao-china-africa\\\/#primaryimage\",\"url\":\"https:\\\/\\\/p1crires.cri.cn\\\/photoworkspace\\\/cri\\\/contentimg\\\/2024\\\/08\\\/30\\\/2024083019402931372.png\",\"contentUrl\":\"https:\\\/\\\/p1crires.cri.cn\\\/photoworkspace\\\/cri\\\/contentimg\\\/2024\\\/08\\\/30\\\/2024083019402931372.png\"},{\"@type\":\"BreadcrumbList\",\"@id\":\"https:\\\/\\\/diariodepe.com.br\\\/cri\\\/2024\\\/08\\\/30\\\/personalidades-africanas-elogiam-cooperacao-china-africa\\\/#breadcrumb\",\"itemListElement\":[{\"@type\":\"ListItem\",\"position\":1,\"name\":\"In\u00edcio\",\"item\":\"https:\\\/\\\/diariodepe.com.br\\\/cri\\\/\"},{\"@type\":\"ListItem\",\"position\":2,\"name\":\"Personalidades africanas elogiam coopera\u00e7\u00e3o China-\u00c1frica\"}]},{\"@type\":\"WebSite\",\"@id\":\"https:\\\/\\\/diariodepe.com.br\\\/cri\\\/#website\",\"url\":\"https:\\\/\\\/diariodepe.com.br\\\/cri\\\/\",\"name\":\"CRI e Diario de Pernambuco\",\"description\":\"R\u00e1dio Internacional da China\",\"publisher\":{\"@id\":\"https:\\\/\\\/diariodepe.com.br\\\/cri\\\/#organization\"},\"potentialAction\":[{\"@type\":\"SearchAction\",\"target\":{\"@type\":\"EntryPoint\",\"urlTemplate\":\"https:\\\/\\\/diariodepe.com.br\\\/cri\\\/?s={search_term_string}\"},\"query-input\":{\"@type\":\"PropertyValueSpecification\",\"valueRequired\":true,\"valueName\":\"search_term_string\"}}],\"inLanguage\":\"pt-BR\"},{\"@type\":\"Organization\",\"@id\":\"https:\\\/\\\/diariodepe.com.br\\\/cri\\\/#organization\",\"name\":\"CRI e Diario de Pernambuco\",\"url\":\"https:\\\/\\\/diariodepe.com.br\\\/cri\\\/\",\"logo\":{\"@type\":\"ImageObject\",\"inLanguage\":\"pt-BR\",\"@id\":\"https:\\\/\\\/diariodepe.com.br\\\/cri\\\/#\\\/schema\\\/logo\\\/image\\\/\",\"url\":\"https:\\\/\\\/diariodepe.com.br\\\/cri\\\/wp-content\\\/uploads\\\/sites\\\/2\\\/2022\\\/12\\\/cropped-Logo.jpg\",\"contentUrl\":\"https:\\\/\\\/diariodepe.com.br\\\/cri\\\/wp-content\\\/uploads\\\/sites\\\/2\\\/2022\\\/12\\\/cropped-Logo.jpg\",\"width\":700,\"height\":59,\"caption\":\"CRI e Diario de Pernambuco\"},\"image\":{\"@id\":\"https:\\\/\\\/diariodepe.com.br\\\/cri\\\/#\\\/schema\\\/logo\\\/image\\\/\"}},{\"@type\":\"Person\",\"@id\":\"https:\\\/\\\/diariodepe.com.br\\\/cri\\\/#\\\/schema\\\/person\\\/121bb28d84f1a5b1205ef4ce9c2e0c6b\",\"name\":\"Ismael Lucas S. Pereira\",\"image\":{\"@type\":\"ImageObject\",\"inLanguage\":\"pt-BR\",\"@id\":\"https:\\\/\\\/secure.gravatar.com\\\/avatar\\\/887a0f3b5a7ceea963a48499fb883ffce6b5037362def025c52c2505b15d63e4?s=96&d=mm&r=g\",\"url\":\"https:\\\/\\\/secure.gravatar.com\\\/avatar\\\/887a0f3b5a7ceea963a48499fb883ffce6b5037362def025c52c2505b15d63e4?s=96&d=mm&r=g\",\"contentUrl\":\"https:\\\/\\\/secure.gravatar.com\\\/avatar\\\/887a0f3b5a7ceea963a48499fb883ffce6b5037362def025c52c2505b15d63e4?s=96&d=mm&r=g\",\"caption\":\"Ismael Lucas S. Pereira\"},\"url\":\"https:\\\/\\\/diariodepe.com.br\\\/cri\\\/author\\\/ismael-lucas\\\/\"}]}<\/script>\n<!-- \/ Yoast SEO plugin. -->","yoast_head_json":{"title":"Personalidades africanas elogiam coopera\u00e7\u00e3o China-\u00c1frica - CRI e Diario de Pernambuco","robots":{"index":"index","follow":"follow","max-snippet":"max-snippet:-1","max-image-preview":"max-image-preview:large","max-video-preview":"max-video-preview:-1"},"canonical":"https:\/\/diariodepe.com.br\/cri\/2024\/08\/30\/personalidades-africanas-elogiam-cooperacao-china-africa\/","og_locale":"pt_BR","og_type":"article","og_title":"Personalidades africanas elogiam coopera\u00e7\u00e3o China-\u00c1frica - CRI e Diario de Pernambuco","og_description":"Workshop sobre conhecimento de desenvolvimento compartilhado para os pa\u00edses africanos de l\u00edngua francesa, promovido pelo Minist\u00e9rio do Com\u00e9rcio da China, foi realizado recentemente em Beijing. Personalidades africanas que participaram da atividade elogiaram os resultados frut\u00edferos da coopera\u00e7\u00e3o China-\u00c1frica e aguardam...","og_url":"https:\/\/diariodepe.com.br\/cri\/2024\/08\/30\/personalidades-africanas-elogiam-cooperacao-china-africa\/","og_site_name":"CRI e Diario de Pernambuco","article_published_time":"2024-08-31T02:25:20+00:00","og_image":[{"url":"https:\/\/p1crires.cri.cn\/photoworkspace\/cri\/contentimg\/2024\/08\/30\/2024083019402931372.png","type":"","width":"","height":""}],"author":"Ismael Lucas S. Pereira","twitter_card":"summary_large_image","twitter_misc":{"Escrito por":"Ismael Lucas S. Pereira"},"schema":{"@context":"https:\/\/schema.org","@graph":[{"@type":"Article","@id":"https:\/\/diariodepe.com.br\/cri\/2024\/08\/30\/personalidades-africanas-elogiam-cooperacao-china-africa\/#article","isPartOf":{"@id":"https:\/\/diariodepe.com.br\/cri\/2024\/08\/30\/personalidades-africanas-elogiam-cooperacao-china-africa\/"},"author":{"name":"Ismael Lucas S. Pereira","@id":"https:\/\/diariodepe.com.br\/cri\/#\/schema\/person\/121bb28d84f1a5b1205ef4ce9c2e0c6b"},"headline":"Personalidades africanas elogiam coopera\u00e7\u00e3o China-\u00c1frica","datePublished":"2024-08-31T02:25:20+00:00","mainEntityOfPage":{"@id":"https:\/\/diariodepe.com.br\/cri\/2024\/08\/30\/personalidades-africanas-elogiam-cooperacao-china-africa\/"},"wordCount":271,"commentCount":0,"publisher":{"@id":"https:\/\/diariodepe.com.br\/cri\/#organization"},"image":{"@id":"https:\/\/diariodepe.com.br\/cri\/2024\/08\/30\/personalidades-africanas-elogiam-cooperacao-china-africa\/#primaryimage"},"thumbnailUrl":"https:\/\/p1crires.cri.cn\/photoworkspace\/cri\/contentimg\/2024\/08\/30\/2024083019402931372.png","articleSection":["China"],"inLanguage":"pt-BR","potentialAction":[{"@type":"CommentAction","name":"Comment","target":["https:\/\/diariodepe.com.br\/cri\/2024\/08\/30\/personalidades-africanas-elogiam-cooperacao-china-africa\/#respond"]}]},{"@type":"WebPage","@id":"https:\/\/diariodepe.com.br\/cri\/2024\/08\/30\/personalidades-africanas-elogiam-cooperacao-china-africa\/","url":"https:\/\/diariodepe.com.br\/cri\/2024\/08\/30\/personalidades-africanas-elogiam-cooperacao-china-africa\/","name":"Personalidades africanas elogiam coopera\u00e7\u00e3o China-\u00c1frica - CRI e Diario de Pernambuco","isPartOf":{"@id":"https:\/\/diariodepe.com.br\/cri\/#website"},"primaryImageOfPage":{"@id":"https:\/\/diariodepe.com.br\/cri\/2024\/08\/30\/personalidades-africanas-elogiam-cooperacao-china-africa\/#primaryimage"},"image":{"@id":"https:\/\/diariodepe.com.br\/cri\/2024\/08\/30\/personalidades-africanas-elogiam-cooperacao-china-africa\/#primaryimage"},"thumbnailUrl":"https:\/\/p1crires.cri.cn\/photoworkspace\/cri\/contentimg\/2024\/08\/30\/2024083019402931372.png","datePublished":"2024-08-31T02:25:20+00:00","breadcrumb":{"@id":"https:\/\/diariodepe.com.br\/cri\/2024\/08\/30\/personalidades-africanas-elogiam-cooperacao-china-africa\/#breadcrumb"},"inLanguage":"pt-BR","potentialAction":[{"@type":"ReadAction","target":["https:\/\/diariodepe.com.br\/cri\/2024\/08\/30\/personalidades-africanas-elogiam-cooperacao-china-africa\/"]}]},{"@type":"ImageObject","inLanguage":"pt-BR","@id":"https:\/\/diariodepe.com.br\/cri\/2024\/08\/30\/personalidades-africanas-elogiam-cooperacao-china-africa\/#primaryimage","url":"https:\/\/p1crires.cri.cn\/photoworkspace\/cri\/contentimg\/2024\/08\/30\/2024083019402931372.png","contentUrl":"https:\/\/p1crires.cri.cn\/photoworkspace\/cri\/contentimg\/2024\/08\/30\/2024083019402931372.png"},{"@type":"BreadcrumbList","@id":"https:\/\/diariodepe.com.br\/cri\/2024\/08\/30\/personalidades-africanas-elogiam-cooperacao-china-africa\/#breadcrumb","itemListElement":[{"@type":"ListItem","position":1,"name":"In\u00edcio","item":"https:\/\/diariodepe.com.br\/cri\/"},{"@type":"ListItem","position":2,"name":"Personalidades africanas elogiam coopera\u00e7\u00e3o China-\u00c1frica"}]},{"@type":"WebSite","@id":"https:\/\/diariodepe.com.br\/cri\/#website","url":"https:\/\/diariodepe.com.br\/cri\/","name":"CRI e Diario de Pernambuco","description":"R\u00e1dio Internacional da China","publisher":{"@id":"https:\/\/diariodepe.com.br\/cri\/#organization"},"potentialAction":[{"@type":"SearchAction","target":{"@type":"EntryPoint","urlTemplate":"https:\/\/diariodepe.com.br\/cri\/?s={search_term_string}"},"query-input":{"@type":"PropertyValueSpecification","valueRequired":true,"valueName":"search_term_string"}}],"inLanguage":"pt-BR"},{"@type":"Organization","@id":"https:\/\/diariodepe.com.br\/cri\/#organization","name":"CRI e Diario de Pernambuco","url":"https:\/\/diariodepe.com.br\/cri\/","logo":{"@type":"ImageObject","inLanguage":"pt-BR","@id":"https:\/\/diariodepe.com.br\/cri\/#\/schema\/logo\/image\/","url":"https:\/\/diariodepe.com.br\/cri\/wp-content\/uploads\/sites\/2\/2022\/12\/cropped-Logo.jpg","contentUrl":"https:\/\/diariodepe.com.br\/cri\/wp-content\/uploads\/sites\/2\/2022\/12\/cropped-Logo.jpg","width":700,"height":59,"caption":"CRI e Diario de Pernambuco"},"image":{"@id":"https:\/\/diariodepe.com.br\/cri\/#\/schema\/logo\/image\/"}},{"@type":"Person","@id":"https:\/\/diariodepe.com.br\/cri\/#\/schema\/person\/121bb28d84f1a5b1205ef4ce9c2e0c6b","name":"Ismael Lucas S. Pereira","image":{"@type":"ImageObject","inLanguage":"pt-BR","@id":"https:\/\/secure.gravatar.com\/avatar\/887a0f3b5a7ceea963a48499fb883ffce6b5037362def025c52c2505b15d63e4?s=96&d=mm&r=g","url":"https:\/\/secure.gravatar.com\/avatar\/887a0f3b5a7ceea963a48499fb883ffce6b5037362def025c52c2505b15d63e4?s=96&d=mm&r=g","contentUrl":"https:\/\/secure.gravatar.com\/avatar\/887a0f3b5a7ceea963a48499fb883ffce6b5037362def025c52c2505b15d63e4?s=96&d=mm&r=g","caption":"Ismael Lucas S. Pereira"},"url":"https:\/\/diariodepe.com.br\/cri\/author\/ismael-lucas\/"}]}},"cc_featured_image_caption":{"caption_text":false,"source_text":false,"source_url":false},"amp_enabled":true,"_links":{"self":[{"href":"https:\/\/diariodepe.com.br\/cri\/wp-json\/wp\/v2\/posts\/6085","targetHints":{"allow":["GET"]}}],"collection":[{"href":"https:\/\/diariodepe.com.br\/cri\/wp-json\/wp\/v2\/posts"}],"about":[{"href":"https:\/\/diariodepe.com.br\/cri\/wp-json\/wp\/v2\/types\/post"}],"author":[{"embeddable":true,"href":"https:\/\/diariodepe.com.br\/cri\/wp-json\/wp\/v2\/users\/2"}],"replies":[{"embeddable":true,"href":"https:\/\/diariodepe.com.br\/cri\/wp-json\/wp\/v2\/comments?post=6085"}],"version-history":[{"count":1,"href":"https:\/\/diariodepe.com.br\/cri\/wp-json\/wp\/v2\/posts\/6085\/revisions"}],"predecessor-version":[{"id":6086,"href":"https:\/\/diariodepe.com.br\/cri\/wp-json\/wp\/v2\/posts\/6085\/revisions\/6086"}],"wp:attachment":[{"href":"https:\/\/diariodepe.com.br\/cri\/wp-json\/wp\/v2\/media?parent=6085"}],"wp:term":[{"taxonomy":"category","embeddable":true,"href":"https:\/\/diariodepe.com.br\/cri\/wp-json\/wp\/v2\/categories?post=6085"},{"taxonomy":"post_tag","embeddable":true,"href":"https:\/\/diariodepe.com.br\/cri\/wp-json\/wp\/v2\/tags?post=6085"}],"curies":[{"name":"wp","href":"https:\/\/api.w.org\/{rel}","templated":true}]}}