{"id":6064,"date":"2024-08-27T23:06:02","date_gmt":"2024-08-28T02:06:02","guid":{"rendered":"https:\/\/diariodepe.com.br\/cri\/?p=6064"},"modified":"2024-08-27T23:06:02","modified_gmt":"2024-08-28T02:06:02","slug":"china-e-eua-iniciam-nova-rodada-de-comunicacao-estrategica-em-beijing","status":"publish","type":"post","link":"https:\/\/diariodepe.com.br\/cri\/2024\/08\/27\/china-e-eua-iniciam-nova-rodada-de-comunicacao-estrategica-em-beijing\/","title":{"rendered":"China e EUA iniciam nova rodada de comunica\u00e7\u00e3o estrat\u00e9gica em Beijing"},"content":{"rendered":"<p>Wang Yi, diretor do Escrit\u00f3rio da Comiss\u00e3o Central de Rela\u00e7\u00f5es Exteriores, iniciou\u00a0a\u00a0nova rodada de comunica\u00e7\u00e3o estrat\u00e9gica China-EUA com o conselheiro de Seguran\u00e7a Nacional dos Estados Unidos, Jake Sullivan, em Beijing nesta\u00a0ter\u00e7a-feira\u00a0(27).<\/p>\n<p>Wang, tamb\u00e9m membro do Bir\u00f4 Pol\u00edtico do Comit\u00ea Central do Partido Comunista da China, disse que o relacionamento entre a China e os EUA \u00e9 de grande import\u00e2ncia para ambos os pa\u00edses e para o mundo. Segundo ele, nos \u00faltimos anos, o relacionamento sino-estadunidense passou por altos e baixos, as experi\u00eancias valem a pena ser resumidas\u00a0e h\u00e1 li\u00e7\u00f5es que precisam ser tiradas. \u00c9 crucial seguir a dire\u00e7\u00e3o geral de respeito m\u00fatuo, coexist\u00eancia pac\u00edfica e coopera\u00e7\u00e3o ganha-ganha.<\/p>\n<p>Wang salientou que cumprir os entendimentos comuns alcan\u00e7ados pelos dois chefes de Estado em S\u00e3o Francisco \u00e9 a principal tarefa da nova rodada de comunica\u00e7\u00e3o estrat\u00e9gica China-EUA.\u00a0Ele espera que nos pr\u00f3ximos dois dias, os dois lados possam ter uma comunica\u00e7\u00e3o profunda\u00a0para que\u00a0as rela\u00e7\u00f5es bilaterais avancem rumo \u00e0 perspectiva\u00a0de S\u00e3o Francisco\u00a0e alcancem um\u00a0desenvolvimento est\u00e1vel, saud\u00e1vel e sustent\u00e1vel.<\/p>\n<p>Sullivan disse que o\u00a0presidente\u00a0Joe\u00a0Biden est\u00e1 comprometido em administrar o relacionamento EUA-China de forma respons\u00e1vel, evitando que a concorr\u00eancia se transforme em conflito e cooperando em \u00e1reas de interesses\u00a0comuns. Ele espera\u00a0manter um di\u00e1logo frut\u00edfero com a China em uma ampla gama de quest\u00f5es por meio dessa comunica\u00e7\u00e3o estrat\u00e9gica e implementar os\u00a0consensos\u00a0alcan\u00e7ados\u00a0pelos dois chefes de Estado.<\/p>\n","protected":false},"excerpt":{"rendered":"<p>Wang Yi, diretor do Escrit\u00f3rio da Comiss\u00e3o Central de Rela\u00e7\u00f5es Exteriores, iniciou\u00a0a\u00a0nova rodada de comunica\u00e7\u00e3o estrat\u00e9gica China-EUA com o conselheiro de Seguran\u00e7a Nacional dos Estados Unidos, Jake Sullivan, em Beijing nesta\u00a0ter\u00e7a-feira\u00a0(27). Wang, tamb\u00e9m membro do Bir\u00f4 Pol\u00edtico do Comit\u00ea Central&#8230;<\/p>\n","protected":false},"author":2,"featured_media":6065,"comment_status":"open","ping_status":"open","sticky":false,"template":"","format":"standard","meta":{"footnotes":""},"categories":[5],"tags":[],"class_list":["post-6064","post","type-post","status-publish","format-standard","has-post-thumbnail","hentry","category-destaques-capa"],"yoast_head":"<!-- This site is optimized with the Yoast SEO plugin v27.4 - https:\/\/yoast.com\/product\/yoast-seo-wordpress\/ -->\n<title>China e EUA iniciam nova rodada de comunica\u00e7\u00e3o estrat\u00e9gica em Beijing - CRI e Diario de Pernambuco<\/title>\n<meta name=\"robots\" content=\"index, follow, max-snippet:-1, max-image-preview:large, max-video-preview:-1\" \/>\n<link rel=\"canonical\" href=\"https:\/\/diariodepe.com.br\/cri\/2024\/08\/27\/china-e-eua-iniciam-nova-rodada-de-comunicacao-estrategica-em-beijing\/\" \/>\n<meta property=\"og:locale\" content=\"pt_BR\" \/>\n<meta property=\"og:type\" content=\"article\" \/>\n<meta property=\"og:title\" content=\"China e EUA iniciam nova rodada de comunica\u00e7\u00e3o estrat\u00e9gica em Beijing - CRI e Diario de Pernambuco\" \/>\n<meta property=\"og:description\" content=\"Wang Yi, diretor do Escrit\u00f3rio da Comiss\u00e3o Central de Rela\u00e7\u00f5es Exteriores, iniciou\u00a0a\u00a0nova rodada de comunica\u00e7\u00e3o estrat\u00e9gica China-EUA com o conselheiro de Seguran\u00e7a Nacional dos Estados Unidos, Jake Sullivan, em Beijing nesta\u00a0ter\u00e7a-feira\u00a0(27). Wang, tamb\u00e9m membro do Bir\u00f4 Pol\u00edtico do Comit\u00ea Central...\" \/>\n<meta property=\"og:url\" content=\"https:\/\/diariodepe.com.br\/cri\/2024\/08\/27\/china-e-eua-iniciam-nova-rodada-de-comunicacao-estrategica-em-beijing\/\" \/>\n<meta property=\"og:site_name\" content=\"CRI e Diario de Pernambuco\" \/>\n<meta property=\"article:published_time\" content=\"2024-08-28T02:06:02+00:00\" \/>\n<meta property=\"og:image\" content=\"https:\/\/diariodepe.com.br\/cri\/wp-content\/uploads\/sites\/2\/2024\/08\/2024082720272067935.jpg\" \/>\n\t<meta property=\"og:image:width\" content=\"1400\" \/>\n\t<meta property=\"og:image:height\" content=\"788\" \/>\n\t<meta property=\"og:image:type\" content=\"image\/jpeg\" \/>\n<meta name=\"author\" content=\"Ismael Lucas S. Pereira\" \/>\n<meta name=\"twitter:card\" content=\"summary_large_image\" \/>\n<meta name=\"twitter:label1\" content=\"Escrito por\" \/>\n\t<meta name=\"twitter:data1\" content=\"Ismael Lucas S. Pereira\" \/>\n\t<meta name=\"twitter:label2\" content=\"Est. tempo de leitura\" \/>\n\t<meta name=\"twitter:data2\" content=\"2 minutos\" \/>\n<script type=\"application\/ld+json\" class=\"yoast-schema-graph\">{\"@context\":\"https:\\\/\\\/schema.org\",\"@graph\":[{\"@type\":\"Article\",\"@id\":\"https:\\\/\\\/diariodepe.com.br\\\/cri\\\/2024\\\/08\\\/27\\\/china-e-eua-iniciam-nova-rodada-de-comunicacao-estrategica-em-beijing\\\/#article\",\"isPartOf\":{\"@id\":\"https:\\\/\\\/diariodepe.com.br\\\/cri\\\/2024\\\/08\\\/27\\\/china-e-eua-iniciam-nova-rodada-de-comunicacao-estrategica-em-beijing\\\/\"},\"author\":{\"name\":\"Ismael Lucas S. Pereira\",\"@id\":\"https:\\\/\\\/diariodepe.com.br\\\/cri\\\/#\\\/schema\\\/person\\\/121bb28d84f1a5b1205ef4ce9c2e0c6b\"},\"headline\":\"China e EUA iniciam nova rodada de comunica\u00e7\u00e3o estrat\u00e9gica em Beijing\",\"datePublished\":\"2024-08-28T02:06:02+00:00\",\"mainEntityOfPage\":{\"@id\":\"https:\\\/\\\/diariodepe.com.br\\\/cri\\\/2024\\\/08\\\/27\\\/china-e-eua-iniciam-nova-rodada-de-comunicacao-estrategica-em-beijing\\\/\"},\"wordCount\":281,\"commentCount\":0,\"publisher\":{\"@id\":\"https:\\\/\\\/diariodepe.com.br\\\/cri\\\/#organization\"},\"image\":{\"@id\":\"https:\\\/\\\/diariodepe.com.br\\\/cri\\\/2024\\\/08\\\/27\\\/china-e-eua-iniciam-nova-rodada-de-comunicacao-estrategica-em-beijing\\\/#primaryimage\"},\"thumbnailUrl\":\"https:\\\/\\\/diariodepe.com.br\\\/cri\\\/wp-content\\\/uploads\\\/sites\\\/2\\\/2024\\\/08\\\/2024082720272067935.jpg\",\"articleSection\":[\"Destaques Capa\"],\"inLanguage\":\"pt-BR\",\"potentialAction\":[{\"@type\":\"CommentAction\",\"name\":\"Comment\",\"target\":[\"https:\\\/\\\/diariodepe.com.br\\\/cri\\\/2024\\\/08\\\/27\\\/china-e-eua-iniciam-nova-rodada-de-comunicacao-estrategica-em-beijing\\\/#respond\"]}]},{\"@type\":\"WebPage\",\"@id\":\"https:\\\/\\\/diariodepe.com.br\\\/cri\\\/2024\\\/08\\\/27\\\/china-e-eua-iniciam-nova-rodada-de-comunicacao-estrategica-em-beijing\\\/\",\"url\":\"https:\\\/\\\/diariodepe.com.br\\\/cri\\\/2024\\\/08\\\/27\\\/china-e-eua-iniciam-nova-rodada-de-comunicacao-estrategica-em-beijing\\\/\",\"name\":\"China e EUA iniciam nova rodada de comunica\u00e7\u00e3o estrat\u00e9gica em Beijing - CRI e Diario de Pernambuco\",\"isPartOf\":{\"@id\":\"https:\\\/\\\/diariodepe.com.br\\\/cri\\\/#website\"},\"primaryImageOfPage\":{\"@id\":\"https:\\\/\\\/diariodepe.com.br\\\/cri\\\/2024\\\/08\\\/27\\\/china-e-eua-iniciam-nova-rodada-de-comunicacao-estrategica-em-beijing\\\/#primaryimage\"},\"image\":{\"@id\":\"https:\\\/\\\/diariodepe.com.br\\\/cri\\\/2024\\\/08\\\/27\\\/china-e-eua-iniciam-nova-rodada-de-comunicacao-estrategica-em-beijing\\\/#primaryimage\"},\"thumbnailUrl\":\"https:\\\/\\\/diariodepe.com.br\\\/cri\\\/wp-content\\\/uploads\\\/sites\\\/2\\\/2024\\\/08\\\/2024082720272067935.jpg\",\"datePublished\":\"2024-08-28T02:06:02+00:00\",\"breadcrumb\":{\"@id\":\"https:\\\/\\\/diariodepe.com.br\\\/cri\\\/2024\\\/08\\\/27\\\/china-e-eua-iniciam-nova-rodada-de-comunicacao-estrategica-em-beijing\\\/#breadcrumb\"},\"inLanguage\":\"pt-BR\",\"potentialAction\":[{\"@type\":\"ReadAction\",\"target\":[\"https:\\\/\\\/diariodepe.com.br\\\/cri\\\/2024\\\/08\\\/27\\\/china-e-eua-iniciam-nova-rodada-de-comunicacao-estrategica-em-beijing\\\/\"]}]},{\"@type\":\"ImageObject\",\"inLanguage\":\"pt-BR\",\"@id\":\"https:\\\/\\\/diariodepe.com.br\\\/cri\\\/2024\\\/08\\\/27\\\/china-e-eua-iniciam-nova-rodada-de-comunicacao-estrategica-em-beijing\\\/#primaryimage\",\"url\":\"https:\\\/\\\/diariodepe.com.br\\\/cri\\\/wp-content\\\/uploads\\\/sites\\\/2\\\/2024\\\/08\\\/2024082720272067935.jpg\",\"contentUrl\":\"https:\\\/\\\/diariodepe.com.br\\\/cri\\\/wp-content\\\/uploads\\\/sites\\\/2\\\/2024\\\/08\\\/2024082720272067935.jpg\",\"width\":1400,\"height\":788},{\"@type\":\"BreadcrumbList\",\"@id\":\"https:\\\/\\\/diariodepe.com.br\\\/cri\\\/2024\\\/08\\\/27\\\/china-e-eua-iniciam-nova-rodada-de-comunicacao-estrategica-em-beijing\\\/#breadcrumb\",\"itemListElement\":[{\"@type\":\"ListItem\",\"position\":1,\"name\":\"In\u00edcio\",\"item\":\"https:\\\/\\\/diariodepe.com.br\\\/cri\\\/\"},{\"@type\":\"ListItem\",\"position\":2,\"name\":\"China e EUA iniciam nova rodada de comunica\u00e7\u00e3o estrat\u00e9gica em Beijing\"}]},{\"@type\":\"WebSite\",\"@id\":\"https:\\\/\\\/diariodepe.com.br\\\/cri\\\/#website\",\"url\":\"https:\\\/\\\/diariodepe.com.br\\\/cri\\\/\",\"name\":\"CRI e Diario de Pernambuco\",\"description\":\"R\u00e1dio Internacional da China\",\"publisher\":{\"@id\":\"https:\\\/\\\/diariodepe.com.br\\\/cri\\\/#organization\"},\"potentialAction\":[{\"@type\":\"SearchAction\",\"target\":{\"@type\":\"EntryPoint\",\"urlTemplate\":\"https:\\\/\\\/diariodepe.com.br\\\/cri\\\/?s={search_term_string}\"},\"query-input\":{\"@type\":\"PropertyValueSpecification\",\"valueRequired\":true,\"valueName\":\"search_term_string\"}}],\"inLanguage\":\"pt-BR\"},{\"@type\":\"Organization\",\"@id\":\"https:\\\/\\\/diariodepe.com.br\\\/cri\\\/#organization\",\"name\":\"CRI e Diario de Pernambuco\",\"url\":\"https:\\\/\\\/diariodepe.com.br\\\/cri\\\/\",\"logo\":{\"@type\":\"ImageObject\",\"inLanguage\":\"pt-BR\",\"@id\":\"https:\\\/\\\/diariodepe.com.br\\\/cri\\\/#\\\/schema\\\/logo\\\/image\\\/\",\"url\":\"https:\\\/\\\/diariodepe.com.br\\\/cri\\\/wp-content\\\/uploads\\\/sites\\\/2\\\/2022\\\/12\\\/cropped-Logo.jpg\",\"contentUrl\":\"https:\\\/\\\/diariodepe.com.br\\\/cri\\\/wp-content\\\/uploads\\\/sites\\\/2\\\/2022\\\/12\\\/cropped-Logo.jpg\",\"width\":700,\"height\":59,\"caption\":\"CRI e Diario de Pernambuco\"},\"image\":{\"@id\":\"https:\\\/\\\/diariodepe.com.br\\\/cri\\\/#\\\/schema\\\/logo\\\/image\\\/\"}},{\"@type\":\"Person\",\"@id\":\"https:\\\/\\\/diariodepe.com.br\\\/cri\\\/#\\\/schema\\\/person\\\/121bb28d84f1a5b1205ef4ce9c2e0c6b\",\"name\":\"Ismael Lucas S. Pereira\",\"image\":{\"@type\":\"ImageObject\",\"inLanguage\":\"pt-BR\",\"@id\":\"https:\\\/\\\/secure.gravatar.com\\\/avatar\\\/887a0f3b5a7ceea963a48499fb883ffce6b5037362def025c52c2505b15d63e4?s=96&d=mm&r=g\",\"url\":\"https:\\\/\\\/secure.gravatar.com\\\/avatar\\\/887a0f3b5a7ceea963a48499fb883ffce6b5037362def025c52c2505b15d63e4?s=96&d=mm&r=g\",\"contentUrl\":\"https:\\\/\\\/secure.gravatar.com\\\/avatar\\\/887a0f3b5a7ceea963a48499fb883ffce6b5037362def025c52c2505b15d63e4?s=96&d=mm&r=g\",\"caption\":\"Ismael Lucas S. Pereira\"},\"url\":\"https:\\\/\\\/diariodepe.com.br\\\/cri\\\/author\\\/ismael-lucas\\\/\"}]}<\/script>\n<!-- \/ Yoast SEO plugin. -->","yoast_head_json":{"title":"China e EUA iniciam nova rodada de comunica\u00e7\u00e3o estrat\u00e9gica em Beijing - CRI e Diario de Pernambuco","robots":{"index":"index","follow":"follow","max-snippet":"max-snippet:-1","max-image-preview":"max-image-preview:large","max-video-preview":"max-video-preview:-1"},"canonical":"https:\/\/diariodepe.com.br\/cri\/2024\/08\/27\/china-e-eua-iniciam-nova-rodada-de-comunicacao-estrategica-em-beijing\/","og_locale":"pt_BR","og_type":"article","og_title":"China e EUA iniciam nova rodada de comunica\u00e7\u00e3o estrat\u00e9gica em Beijing - CRI e Diario de Pernambuco","og_description":"Wang Yi, diretor do Escrit\u00f3rio da Comiss\u00e3o Central de Rela\u00e7\u00f5es Exteriores, iniciou\u00a0a\u00a0nova rodada de comunica\u00e7\u00e3o estrat\u00e9gica China-EUA com o conselheiro de Seguran\u00e7a Nacional dos Estados Unidos, Jake Sullivan, em Beijing nesta\u00a0ter\u00e7a-feira\u00a0(27). Wang, tamb\u00e9m membro do Bir\u00f4 Pol\u00edtico do Comit\u00ea Central...","og_url":"https:\/\/diariodepe.com.br\/cri\/2024\/08\/27\/china-e-eua-iniciam-nova-rodada-de-comunicacao-estrategica-em-beijing\/","og_site_name":"CRI e Diario de Pernambuco","article_published_time":"2024-08-28T02:06:02+00:00","og_image":[{"width":1400,"height":788,"url":"https:\/\/diariodepe.com.br\/cri\/wp-content\/uploads\/sites\/2\/2024\/08\/2024082720272067935.jpg","type":"image\/jpeg"}],"author":"Ismael Lucas S. Pereira","twitter_card":"summary_large_image","twitter_misc":{"Escrito por":"Ismael Lucas S. Pereira","Est. tempo de leitura":"2 minutos"},"schema":{"@context":"https:\/\/schema.org","@graph":[{"@type":"Article","@id":"https:\/\/diariodepe.com.br\/cri\/2024\/08\/27\/china-e-eua-iniciam-nova-rodada-de-comunicacao-estrategica-em-beijing\/#article","isPartOf":{"@id":"https:\/\/diariodepe.com.br\/cri\/2024\/08\/27\/china-e-eua-iniciam-nova-rodada-de-comunicacao-estrategica-em-beijing\/"},"author":{"name":"Ismael Lucas S. Pereira","@id":"https:\/\/diariodepe.com.br\/cri\/#\/schema\/person\/121bb28d84f1a5b1205ef4ce9c2e0c6b"},"headline":"China e EUA iniciam nova rodada de comunica\u00e7\u00e3o estrat\u00e9gica em Beijing","datePublished":"2024-08-28T02:06:02+00:00","mainEntityOfPage":{"@id":"https:\/\/diariodepe.com.br\/cri\/2024\/08\/27\/china-e-eua-iniciam-nova-rodada-de-comunicacao-estrategica-em-beijing\/"},"wordCount":281,"commentCount":0,"publisher":{"@id":"https:\/\/diariodepe.com.br\/cri\/#organization"},"image":{"@id":"https:\/\/diariodepe.com.br\/cri\/2024\/08\/27\/china-e-eua-iniciam-nova-rodada-de-comunicacao-estrategica-em-beijing\/#primaryimage"},"thumbnailUrl":"https:\/\/diariodepe.com.br\/cri\/wp-content\/uploads\/sites\/2\/2024\/08\/2024082720272067935.jpg","articleSection":["Destaques Capa"],"inLanguage":"pt-BR","potentialAction":[{"@type":"CommentAction","name":"Comment","target":["https:\/\/diariodepe.com.br\/cri\/2024\/08\/27\/china-e-eua-iniciam-nova-rodada-de-comunicacao-estrategica-em-beijing\/#respond"]}]},{"@type":"WebPage","@id":"https:\/\/diariodepe.com.br\/cri\/2024\/08\/27\/china-e-eua-iniciam-nova-rodada-de-comunicacao-estrategica-em-beijing\/","url":"https:\/\/diariodepe.com.br\/cri\/2024\/08\/27\/china-e-eua-iniciam-nova-rodada-de-comunicacao-estrategica-em-beijing\/","name":"China e EUA iniciam nova rodada de comunica\u00e7\u00e3o estrat\u00e9gica em Beijing - CRI e Diario de Pernambuco","isPartOf":{"@id":"https:\/\/diariodepe.com.br\/cri\/#website"},"primaryImageOfPage":{"@id":"https:\/\/diariodepe.com.br\/cri\/2024\/08\/27\/china-e-eua-iniciam-nova-rodada-de-comunicacao-estrategica-em-beijing\/#primaryimage"},"image":{"@id":"https:\/\/diariodepe.com.br\/cri\/2024\/08\/27\/china-e-eua-iniciam-nova-rodada-de-comunicacao-estrategica-em-beijing\/#primaryimage"},"thumbnailUrl":"https:\/\/diariodepe.com.br\/cri\/wp-content\/uploads\/sites\/2\/2024\/08\/2024082720272067935.jpg","datePublished":"2024-08-28T02:06:02+00:00","breadcrumb":{"@id":"https:\/\/diariodepe.com.br\/cri\/2024\/08\/27\/china-e-eua-iniciam-nova-rodada-de-comunicacao-estrategica-em-beijing\/#breadcrumb"},"inLanguage":"pt-BR","potentialAction":[{"@type":"ReadAction","target":["https:\/\/diariodepe.com.br\/cri\/2024\/08\/27\/china-e-eua-iniciam-nova-rodada-de-comunicacao-estrategica-em-beijing\/"]}]},{"@type":"ImageObject","inLanguage":"pt-BR","@id":"https:\/\/diariodepe.com.br\/cri\/2024\/08\/27\/china-e-eua-iniciam-nova-rodada-de-comunicacao-estrategica-em-beijing\/#primaryimage","url":"https:\/\/diariodepe.com.br\/cri\/wp-content\/uploads\/sites\/2\/2024\/08\/2024082720272067935.jpg","contentUrl":"https:\/\/diariodepe.com.br\/cri\/wp-content\/uploads\/sites\/2\/2024\/08\/2024082720272067935.jpg","width":1400,"height":788},{"@type":"BreadcrumbList","@id":"https:\/\/diariodepe.com.br\/cri\/2024\/08\/27\/china-e-eua-iniciam-nova-rodada-de-comunicacao-estrategica-em-beijing\/#breadcrumb","itemListElement":[{"@type":"ListItem","position":1,"name":"In\u00edcio","item":"https:\/\/diariodepe.com.br\/cri\/"},{"@type":"ListItem","position":2,"name":"China e EUA iniciam nova rodada de comunica\u00e7\u00e3o estrat\u00e9gica em Beijing"}]},{"@type":"WebSite","@id":"https:\/\/diariodepe.com.br\/cri\/#website","url":"https:\/\/diariodepe.com.br\/cri\/","name":"CRI e Diario de Pernambuco","description":"R\u00e1dio Internacional da China","publisher":{"@id":"https:\/\/diariodepe.com.br\/cri\/#organization"},"potentialAction":[{"@type":"SearchAction","target":{"@type":"EntryPoint","urlTemplate":"https:\/\/diariodepe.com.br\/cri\/?s={search_term_string}"},"query-input":{"@type":"PropertyValueSpecification","valueRequired":true,"valueName":"search_term_string"}}],"inLanguage":"pt-BR"},{"@type":"Organization","@id":"https:\/\/diariodepe.com.br\/cri\/#organization","name":"CRI e Diario de Pernambuco","url":"https:\/\/diariodepe.com.br\/cri\/","logo":{"@type":"ImageObject","inLanguage":"pt-BR","@id":"https:\/\/diariodepe.com.br\/cri\/#\/schema\/logo\/image\/","url":"https:\/\/diariodepe.com.br\/cri\/wp-content\/uploads\/sites\/2\/2022\/12\/cropped-Logo.jpg","contentUrl":"https:\/\/diariodepe.com.br\/cri\/wp-content\/uploads\/sites\/2\/2022\/12\/cropped-Logo.jpg","width":700,"height":59,"caption":"CRI e Diario de Pernambuco"},"image":{"@id":"https:\/\/diariodepe.com.br\/cri\/#\/schema\/logo\/image\/"}},{"@type":"Person","@id":"https:\/\/diariodepe.com.br\/cri\/#\/schema\/person\/121bb28d84f1a5b1205ef4ce9c2e0c6b","name":"Ismael Lucas S. Pereira","image":{"@type":"ImageObject","inLanguage":"pt-BR","@id":"https:\/\/secure.gravatar.com\/avatar\/887a0f3b5a7ceea963a48499fb883ffce6b5037362def025c52c2505b15d63e4?s=96&d=mm&r=g","url":"https:\/\/secure.gravatar.com\/avatar\/887a0f3b5a7ceea963a48499fb883ffce6b5037362def025c52c2505b15d63e4?s=96&d=mm&r=g","contentUrl":"https:\/\/secure.gravatar.com\/avatar\/887a0f3b5a7ceea963a48499fb883ffce6b5037362def025c52c2505b15d63e4?s=96&d=mm&r=g","caption":"Ismael Lucas S. Pereira"},"url":"https:\/\/diariodepe.com.br\/cri\/author\/ismael-lucas\/"}]}},"cc_featured_image_caption":{"caption_text":false,"source_text":false,"source_url":false},"amp_enabled":true,"_links":{"self":[{"href":"https:\/\/diariodepe.com.br\/cri\/wp-json\/wp\/v2\/posts\/6064","targetHints":{"allow":["GET"]}}],"collection":[{"href":"https:\/\/diariodepe.com.br\/cri\/wp-json\/wp\/v2\/posts"}],"about":[{"href":"https:\/\/diariodepe.com.br\/cri\/wp-json\/wp\/v2\/types\/post"}],"author":[{"embeddable":true,"href":"https:\/\/diariodepe.com.br\/cri\/wp-json\/wp\/v2\/users\/2"}],"replies":[{"embeddable":true,"href":"https:\/\/diariodepe.com.br\/cri\/wp-json\/wp\/v2\/comments?post=6064"}],"version-history":[{"count":1,"href":"https:\/\/diariodepe.com.br\/cri\/wp-json\/wp\/v2\/posts\/6064\/revisions"}],"predecessor-version":[{"id":6066,"href":"https:\/\/diariodepe.com.br\/cri\/wp-json\/wp\/v2\/posts\/6064\/revisions\/6066"}],"wp:featuredmedia":[{"embeddable":true,"href":"https:\/\/diariodepe.com.br\/cri\/wp-json\/wp\/v2\/media\/6065"}],"wp:attachment":[{"href":"https:\/\/diariodepe.com.br\/cri\/wp-json\/wp\/v2\/media?parent=6064"}],"wp:term":[{"taxonomy":"category","embeddable":true,"href":"https:\/\/diariodepe.com.br\/cri\/wp-json\/wp\/v2\/categories?post=6064"},{"taxonomy":"post_tag","embeddable":true,"href":"https:\/\/diariodepe.com.br\/cri\/wp-json\/wp\/v2\/tags?post=6064"}],"curies":[{"name":"wp","href":"https:\/\/api.w.org\/{rel}","templated":true}]}}