{"id":6062,"date":"2024-08-27T23:05:20","date_gmt":"2024-08-28T02:05:20","guid":{"rendered":"https:\/\/diariodepe.com.br\/cri\/?p=6062"},"modified":"2024-08-27T23:05:20","modified_gmt":"2024-08-28T02:05:20","slug":"a-historia-verde-da-china-por-tras-do-passeio-em-grupo-dos-elefantes","status":"publish","type":"post","link":"https:\/\/diariodepe.com.br\/cri\/2024\/08\/27\/a-historia-verde-da-china-por-tras-do-passeio-em-grupo-dos-elefantes\/","title":{"rendered":"A hist\u00f3ria verde da China por tr\u00e1s do \u201cpasseio\u201d em grupo dos elefantes"},"content":{"rendered":"<p class=\"photo_img_20190808\"><img decoding=\"async\" src=\"https:\/\/p1crires.cri.cn\/photoworkspace\/cri\/contentimg\/2024\/08\/27\/2024082722072432238.jpg\" alt=\"\" width=\"1000\" \/><\/p>\n<p>Nos \u00faltimos dois dias, os elefantes asi\u00e1ticos em Xishuangbanna, na prov\u00edncia\u00a0chinesa\u00a0de Yunnan, sa\u00edram mais uma vez em grupo para \u201cpassear\u201d. Sob a prote\u00e7\u00e3o da pol\u00edcia local e de monitores, 42 elefantes brincaram durante todo o caminho, e finalmente voltaram\u00a0\u00e0 reserva em seguran\u00e7a.<\/p>\n<p>Esse \u00e9 um microcosmo da prote\u00e7\u00e3o ecol\u00f3gica da China. A prov\u00edncia de Yunnan, localizada na fronteira sudoeste da China, \u00e9 uma das regi\u00f5es mais ricas em biodiversidade do mundo. Durante\u00a0a\u00a0recente visita a Yunnan, o nosso rep\u00f3rter\u00a0ficou sabendo de v\u00e1rias\u00a0\u201chist\u00f3rias verdes\u201d.<\/p>\n<p>Por exemplo, o governo local criou o maior banco de recursos de germoplasma de vida selvagem da \u00c1sia e cooperou com muitas organiza\u00e7\u00f5es nacionais\u00a0e internacionais no armazenamento e na pesquisa da \u00e1rea.<\/p>\n<p>Na China, a conserva\u00e7\u00e3o ecol\u00f3gica est\u00e1 enraizada\u00a0no cora\u00e7\u00e3o das pessoas. Na\u00a0recente 3a\u00a0Sess\u00e3o Plen\u00e1ria do 20o\u00a0Comit\u00ea Central do PCCh, foram adotadas disposi\u00e7\u00f5es espec\u00edficas sobre o aprofundamento da reforma institucional\u00a0da\u00a0civiliza\u00e7\u00e3o ecol\u00f3gica, sendo proposto a melhora do\u00a0sistema de governan\u00e7a do ambiente ecol\u00f3gico e o fortalecimento\u00a0do mecanismo de coordena\u00e7\u00e3o para a conserva\u00e7\u00e3o da biodiversidade. De fato, proteger e melhorar o ambiente ecol\u00f3gico \u00e9 proteger e\u00a0desenvolver as for\u00e7as produtivas.<\/p>\n<p class=\"photo_img_20190808\"><img decoding=\"async\" src=\"https:\/\/p4crires.cri.cn\/photoworkspace\/cri\/contentimg\/2024\/08\/27\/2024082722074119830.jpg\" alt=\"\" width=\"1000\" \/><\/p>\n<p>O verde \u00e9 a cor principal do desenvolvimento de alta qualidade da China.\u00a0Com a aplica\u00e7\u00e3o de\u00a0uma s\u00e9rie de pol\u00edticas relacionadas, a vasta terra da China est\u00e1 repleta de cor verde.<\/p>\n<p>A maior e mais completa cadeia da ind\u00fastria\u00a0de novas energias\u00a0do mundo foi constru\u00edda.\u00a0O\u00a0consumo de energia e a intensidade de emiss\u00e3o de carbono por unidade do PIB\u00a0foram reduzidos em mais de 26% e 35% respectivamente em 2023, em compara\u00e7\u00e3o com 2012.\u00a0No final de junho deste ano, as energias\u00a0renov\u00e1veis\u00a0representavam\u00a053,8% da capacidade instalada total de gera\u00e7\u00e3o de energia da China. O pa\u00eds\u00a0tornou-se uma for\u00e7a importante na transforma\u00e7\u00e3o verde do mundo.<\/p>\n<p>\u201c\u00c1guas l\u00edmpidas\u00a0e montanhas verdes s\u00e3o\u00a0t\u00e3o valiosas quano montanhas\u00a0de ouro.\u201d\u00a0Diversas hist\u00f3rias\u00a0mostram que a China est\u00e1 buscando uma moderniza\u00e7\u00e3o na qual os seres humanos convivam em harmonia com a natureza. No futuro, a China contribuir\u00e1 com ainda mais abordagens para a governan\u00e7a ecol\u00f3gica global.<\/p>\n","protected":false},"excerpt":{"rendered":"<p>Nos \u00faltimos dois dias, os elefantes asi\u00e1ticos em Xishuangbanna, na prov\u00edncia\u00a0chinesa\u00a0de Yunnan, sa\u00edram mais uma vez em grupo para \u201cpassear\u201d. Sob a prote\u00e7\u00e3o da pol\u00edcia local e de monitores, 42 elefantes brincaram durante todo o caminho, e finalmente voltaram\u00a0\u00e0 reserva&#8230;<\/p>\n","protected":false},"author":2,"featured_media":0,"comment_status":"open","ping_status":"open","sticky":false,"template":"","format":"standard","meta":{"footnotes":""},"categories":[7],"tags":[],"class_list":["post-6062","post","type-post","status-publish","format-standard","hentry","category-visao"],"yoast_head":"<!-- This site is optimized with the Yoast SEO plugin v27.4 - https:\/\/yoast.com\/product\/yoast-seo-wordpress\/ -->\n<title>A hist\u00f3ria verde da China por tr\u00e1s do \u201cpasseio\u201d em grupo dos elefantes - CRI e Diario de Pernambuco<\/title>\n<meta name=\"robots\" content=\"index, follow, max-snippet:-1, max-image-preview:large, max-video-preview:-1\" \/>\n<link rel=\"canonical\" href=\"https:\/\/diariodepe.com.br\/cri\/2024\/08\/27\/a-historia-verde-da-china-por-tras-do-passeio-em-grupo-dos-elefantes\/\" \/>\n<meta property=\"og:locale\" content=\"pt_BR\" \/>\n<meta property=\"og:type\" content=\"article\" \/>\n<meta property=\"og:title\" content=\"A hist\u00f3ria verde da China por tr\u00e1s do \u201cpasseio\u201d em grupo dos elefantes - CRI e Diario de Pernambuco\" \/>\n<meta property=\"og:description\" content=\"Nos \u00faltimos dois dias, os elefantes asi\u00e1ticos em Xishuangbanna, na prov\u00edncia\u00a0chinesa\u00a0de Yunnan, sa\u00edram mais uma vez em grupo para \u201cpassear\u201d. Sob a prote\u00e7\u00e3o da pol\u00edcia local e de monitores, 42 elefantes brincaram durante todo o caminho, e finalmente voltaram\u00a0\u00e0 reserva...\" \/>\n<meta property=\"og:url\" content=\"https:\/\/diariodepe.com.br\/cri\/2024\/08\/27\/a-historia-verde-da-china-por-tras-do-passeio-em-grupo-dos-elefantes\/\" \/>\n<meta property=\"og:site_name\" content=\"CRI e Diario de Pernambuco\" \/>\n<meta property=\"article:published_time\" content=\"2024-08-28T02:05:20+00:00\" \/>\n<meta property=\"og:image\" content=\"https:\/\/p1crires.cri.cn\/photoworkspace\/cri\/contentimg\/2024\/08\/27\/2024082722072432238.jpg\" \/>\n<meta name=\"author\" content=\"Ismael Lucas S. Pereira\" \/>\n<meta name=\"twitter:card\" content=\"summary_large_image\" \/>\n<meta name=\"twitter:label1\" content=\"Escrito por\" \/>\n\t<meta name=\"twitter:data1\" content=\"Ismael Lucas S. Pereira\" \/>\n\t<meta name=\"twitter:label2\" content=\"Est. tempo de leitura\" \/>\n\t<meta name=\"twitter:data2\" content=\"3 minutos\" \/>\n<script type=\"application\/ld+json\" class=\"yoast-schema-graph\">{\"@context\":\"https:\\\/\\\/schema.org\",\"@graph\":[{\"@type\":\"Article\",\"@id\":\"https:\\\/\\\/diariodepe.com.br\\\/cri\\\/2024\\\/08\\\/27\\\/a-historia-verde-da-china-por-tras-do-passeio-em-grupo-dos-elefantes\\\/#article\",\"isPartOf\":{\"@id\":\"https:\\\/\\\/diariodepe.com.br\\\/cri\\\/2024\\\/08\\\/27\\\/a-historia-verde-da-china-por-tras-do-passeio-em-grupo-dos-elefantes\\\/\"},\"author\":{\"name\":\"Ismael Lucas S. Pereira\",\"@id\":\"https:\\\/\\\/diariodepe.com.br\\\/cri\\\/#\\\/schema\\\/person\\\/121bb28d84f1a5b1205ef4ce9c2e0c6b\"},\"headline\":\"A hist\u00f3ria verde da China por tr\u00e1s do \u201cpasseio\u201d em grupo dos elefantes\",\"datePublished\":\"2024-08-28T02:05:20+00:00\",\"mainEntityOfPage\":{\"@id\":\"https:\\\/\\\/diariodepe.com.br\\\/cri\\\/2024\\\/08\\\/27\\\/a-historia-verde-da-china-por-tras-do-passeio-em-grupo-dos-elefantes\\\/\"},\"wordCount\":403,\"commentCount\":0,\"publisher\":{\"@id\":\"https:\\\/\\\/diariodepe.com.br\\\/cri\\\/#organization\"},\"image\":{\"@id\":\"https:\\\/\\\/diariodepe.com.br\\\/cri\\\/2024\\\/08\\\/27\\\/a-historia-verde-da-china-por-tras-do-passeio-em-grupo-dos-elefantes\\\/#primaryimage\"},\"thumbnailUrl\":\"https:\\\/\\\/p1crires.cri.cn\\\/photoworkspace\\\/cri\\\/contentimg\\\/2024\\\/08\\\/27\\\/2024082722072432238.jpg\",\"articleSection\":[\"Vis\u00e3o\"],\"inLanguage\":\"pt-BR\",\"potentialAction\":[{\"@type\":\"CommentAction\",\"name\":\"Comment\",\"target\":[\"https:\\\/\\\/diariodepe.com.br\\\/cri\\\/2024\\\/08\\\/27\\\/a-historia-verde-da-china-por-tras-do-passeio-em-grupo-dos-elefantes\\\/#respond\"]}]},{\"@type\":\"WebPage\",\"@id\":\"https:\\\/\\\/diariodepe.com.br\\\/cri\\\/2024\\\/08\\\/27\\\/a-historia-verde-da-china-por-tras-do-passeio-em-grupo-dos-elefantes\\\/\",\"url\":\"https:\\\/\\\/diariodepe.com.br\\\/cri\\\/2024\\\/08\\\/27\\\/a-historia-verde-da-china-por-tras-do-passeio-em-grupo-dos-elefantes\\\/\",\"name\":\"A hist\u00f3ria verde da China por tr\u00e1s do \u201cpasseio\u201d em grupo dos elefantes - CRI e Diario de Pernambuco\",\"isPartOf\":{\"@id\":\"https:\\\/\\\/diariodepe.com.br\\\/cri\\\/#website\"},\"primaryImageOfPage\":{\"@id\":\"https:\\\/\\\/diariodepe.com.br\\\/cri\\\/2024\\\/08\\\/27\\\/a-historia-verde-da-china-por-tras-do-passeio-em-grupo-dos-elefantes\\\/#primaryimage\"},\"image\":{\"@id\":\"https:\\\/\\\/diariodepe.com.br\\\/cri\\\/2024\\\/08\\\/27\\\/a-historia-verde-da-china-por-tras-do-passeio-em-grupo-dos-elefantes\\\/#primaryimage\"},\"thumbnailUrl\":\"https:\\\/\\\/p1crires.cri.cn\\\/photoworkspace\\\/cri\\\/contentimg\\\/2024\\\/08\\\/27\\\/2024082722072432238.jpg\",\"datePublished\":\"2024-08-28T02:05:20+00:00\",\"breadcrumb\":{\"@id\":\"https:\\\/\\\/diariodepe.com.br\\\/cri\\\/2024\\\/08\\\/27\\\/a-historia-verde-da-china-por-tras-do-passeio-em-grupo-dos-elefantes\\\/#breadcrumb\"},\"inLanguage\":\"pt-BR\",\"potentialAction\":[{\"@type\":\"ReadAction\",\"target\":[\"https:\\\/\\\/diariodepe.com.br\\\/cri\\\/2024\\\/08\\\/27\\\/a-historia-verde-da-china-por-tras-do-passeio-em-grupo-dos-elefantes\\\/\"]}]},{\"@type\":\"ImageObject\",\"inLanguage\":\"pt-BR\",\"@id\":\"https:\\\/\\\/diariodepe.com.br\\\/cri\\\/2024\\\/08\\\/27\\\/a-historia-verde-da-china-por-tras-do-passeio-em-grupo-dos-elefantes\\\/#primaryimage\",\"url\":\"https:\\\/\\\/p1crires.cri.cn\\\/photoworkspace\\\/cri\\\/contentimg\\\/2024\\\/08\\\/27\\\/2024082722072432238.jpg\",\"contentUrl\":\"https:\\\/\\\/p1crires.cri.cn\\\/photoworkspace\\\/cri\\\/contentimg\\\/2024\\\/08\\\/27\\\/2024082722072432238.jpg\"},{\"@type\":\"BreadcrumbList\",\"@id\":\"https:\\\/\\\/diariodepe.com.br\\\/cri\\\/2024\\\/08\\\/27\\\/a-historia-verde-da-china-por-tras-do-passeio-em-grupo-dos-elefantes\\\/#breadcrumb\",\"itemListElement\":[{\"@type\":\"ListItem\",\"position\":1,\"name\":\"In\u00edcio\",\"item\":\"https:\\\/\\\/diariodepe.com.br\\\/cri\\\/\"},{\"@type\":\"ListItem\",\"position\":2,\"name\":\"A hist\u00f3ria verde da China por tr\u00e1s do \u201cpasseio\u201d em grupo dos elefantes\"}]},{\"@type\":\"WebSite\",\"@id\":\"https:\\\/\\\/diariodepe.com.br\\\/cri\\\/#website\",\"url\":\"https:\\\/\\\/diariodepe.com.br\\\/cri\\\/\",\"name\":\"CRI e Diario de Pernambuco\",\"description\":\"R\u00e1dio Internacional da China\",\"publisher\":{\"@id\":\"https:\\\/\\\/diariodepe.com.br\\\/cri\\\/#organization\"},\"potentialAction\":[{\"@type\":\"SearchAction\",\"target\":{\"@type\":\"EntryPoint\",\"urlTemplate\":\"https:\\\/\\\/diariodepe.com.br\\\/cri\\\/?s={search_term_string}\"},\"query-input\":{\"@type\":\"PropertyValueSpecification\",\"valueRequired\":true,\"valueName\":\"search_term_string\"}}],\"inLanguage\":\"pt-BR\"},{\"@type\":\"Organization\",\"@id\":\"https:\\\/\\\/diariodepe.com.br\\\/cri\\\/#organization\",\"name\":\"CRI e Diario de Pernambuco\",\"url\":\"https:\\\/\\\/diariodepe.com.br\\\/cri\\\/\",\"logo\":{\"@type\":\"ImageObject\",\"inLanguage\":\"pt-BR\",\"@id\":\"https:\\\/\\\/diariodepe.com.br\\\/cri\\\/#\\\/schema\\\/logo\\\/image\\\/\",\"url\":\"https:\\\/\\\/diariodepe.com.br\\\/cri\\\/wp-content\\\/uploads\\\/sites\\\/2\\\/2022\\\/12\\\/cropped-Logo.jpg\",\"contentUrl\":\"https:\\\/\\\/diariodepe.com.br\\\/cri\\\/wp-content\\\/uploads\\\/sites\\\/2\\\/2022\\\/12\\\/cropped-Logo.jpg\",\"width\":700,\"height\":59,\"caption\":\"CRI e Diario de Pernambuco\"},\"image\":{\"@id\":\"https:\\\/\\\/diariodepe.com.br\\\/cri\\\/#\\\/schema\\\/logo\\\/image\\\/\"}},{\"@type\":\"Person\",\"@id\":\"https:\\\/\\\/diariodepe.com.br\\\/cri\\\/#\\\/schema\\\/person\\\/121bb28d84f1a5b1205ef4ce9c2e0c6b\",\"name\":\"Ismael Lucas S. Pereira\",\"image\":{\"@type\":\"ImageObject\",\"inLanguage\":\"pt-BR\",\"@id\":\"https:\\\/\\\/secure.gravatar.com\\\/avatar\\\/887a0f3b5a7ceea963a48499fb883ffce6b5037362def025c52c2505b15d63e4?s=96&d=mm&r=g\",\"url\":\"https:\\\/\\\/secure.gravatar.com\\\/avatar\\\/887a0f3b5a7ceea963a48499fb883ffce6b5037362def025c52c2505b15d63e4?s=96&d=mm&r=g\",\"contentUrl\":\"https:\\\/\\\/secure.gravatar.com\\\/avatar\\\/887a0f3b5a7ceea963a48499fb883ffce6b5037362def025c52c2505b15d63e4?s=96&d=mm&r=g\",\"caption\":\"Ismael Lucas S. Pereira\"},\"url\":\"https:\\\/\\\/diariodepe.com.br\\\/cri\\\/author\\\/ismael-lucas\\\/\"}]}<\/script>\n<!-- \/ Yoast SEO plugin. -->","yoast_head_json":{"title":"A hist\u00f3ria verde da China por tr\u00e1s do \u201cpasseio\u201d em grupo dos elefantes - CRI e Diario de Pernambuco","robots":{"index":"index","follow":"follow","max-snippet":"max-snippet:-1","max-image-preview":"max-image-preview:large","max-video-preview":"max-video-preview:-1"},"canonical":"https:\/\/diariodepe.com.br\/cri\/2024\/08\/27\/a-historia-verde-da-china-por-tras-do-passeio-em-grupo-dos-elefantes\/","og_locale":"pt_BR","og_type":"article","og_title":"A hist\u00f3ria verde da China por tr\u00e1s do \u201cpasseio\u201d em grupo dos elefantes - CRI e Diario de Pernambuco","og_description":"Nos \u00faltimos dois dias, os elefantes asi\u00e1ticos em Xishuangbanna, na prov\u00edncia\u00a0chinesa\u00a0de Yunnan, sa\u00edram mais uma vez em grupo para \u201cpassear\u201d. Sob a prote\u00e7\u00e3o da pol\u00edcia local e de monitores, 42 elefantes brincaram durante todo o caminho, e finalmente voltaram\u00a0\u00e0 reserva...","og_url":"https:\/\/diariodepe.com.br\/cri\/2024\/08\/27\/a-historia-verde-da-china-por-tras-do-passeio-em-grupo-dos-elefantes\/","og_site_name":"CRI e Diario de Pernambuco","article_published_time":"2024-08-28T02:05:20+00:00","og_image":[{"url":"https:\/\/p1crires.cri.cn\/photoworkspace\/cri\/contentimg\/2024\/08\/27\/2024082722072432238.jpg","type":"","width":"","height":""}],"author":"Ismael Lucas S. Pereira","twitter_card":"summary_large_image","twitter_misc":{"Escrito por":"Ismael Lucas S. Pereira","Est. tempo de leitura":"3 minutos"},"schema":{"@context":"https:\/\/schema.org","@graph":[{"@type":"Article","@id":"https:\/\/diariodepe.com.br\/cri\/2024\/08\/27\/a-historia-verde-da-china-por-tras-do-passeio-em-grupo-dos-elefantes\/#article","isPartOf":{"@id":"https:\/\/diariodepe.com.br\/cri\/2024\/08\/27\/a-historia-verde-da-china-por-tras-do-passeio-em-grupo-dos-elefantes\/"},"author":{"name":"Ismael Lucas S. Pereira","@id":"https:\/\/diariodepe.com.br\/cri\/#\/schema\/person\/121bb28d84f1a5b1205ef4ce9c2e0c6b"},"headline":"A hist\u00f3ria verde da China por tr\u00e1s do \u201cpasseio\u201d em grupo dos elefantes","datePublished":"2024-08-28T02:05:20+00:00","mainEntityOfPage":{"@id":"https:\/\/diariodepe.com.br\/cri\/2024\/08\/27\/a-historia-verde-da-china-por-tras-do-passeio-em-grupo-dos-elefantes\/"},"wordCount":403,"commentCount":0,"publisher":{"@id":"https:\/\/diariodepe.com.br\/cri\/#organization"},"image":{"@id":"https:\/\/diariodepe.com.br\/cri\/2024\/08\/27\/a-historia-verde-da-china-por-tras-do-passeio-em-grupo-dos-elefantes\/#primaryimage"},"thumbnailUrl":"https:\/\/p1crires.cri.cn\/photoworkspace\/cri\/contentimg\/2024\/08\/27\/2024082722072432238.jpg","articleSection":["Vis\u00e3o"],"inLanguage":"pt-BR","potentialAction":[{"@type":"CommentAction","name":"Comment","target":["https:\/\/diariodepe.com.br\/cri\/2024\/08\/27\/a-historia-verde-da-china-por-tras-do-passeio-em-grupo-dos-elefantes\/#respond"]}]},{"@type":"WebPage","@id":"https:\/\/diariodepe.com.br\/cri\/2024\/08\/27\/a-historia-verde-da-china-por-tras-do-passeio-em-grupo-dos-elefantes\/","url":"https:\/\/diariodepe.com.br\/cri\/2024\/08\/27\/a-historia-verde-da-china-por-tras-do-passeio-em-grupo-dos-elefantes\/","name":"A hist\u00f3ria verde da China por tr\u00e1s do \u201cpasseio\u201d em grupo dos elefantes - CRI e Diario de Pernambuco","isPartOf":{"@id":"https:\/\/diariodepe.com.br\/cri\/#website"},"primaryImageOfPage":{"@id":"https:\/\/diariodepe.com.br\/cri\/2024\/08\/27\/a-historia-verde-da-china-por-tras-do-passeio-em-grupo-dos-elefantes\/#primaryimage"},"image":{"@id":"https:\/\/diariodepe.com.br\/cri\/2024\/08\/27\/a-historia-verde-da-china-por-tras-do-passeio-em-grupo-dos-elefantes\/#primaryimage"},"thumbnailUrl":"https:\/\/p1crires.cri.cn\/photoworkspace\/cri\/contentimg\/2024\/08\/27\/2024082722072432238.jpg","datePublished":"2024-08-28T02:05:20+00:00","breadcrumb":{"@id":"https:\/\/diariodepe.com.br\/cri\/2024\/08\/27\/a-historia-verde-da-china-por-tras-do-passeio-em-grupo-dos-elefantes\/#breadcrumb"},"inLanguage":"pt-BR","potentialAction":[{"@type":"ReadAction","target":["https:\/\/diariodepe.com.br\/cri\/2024\/08\/27\/a-historia-verde-da-china-por-tras-do-passeio-em-grupo-dos-elefantes\/"]}]},{"@type":"ImageObject","inLanguage":"pt-BR","@id":"https:\/\/diariodepe.com.br\/cri\/2024\/08\/27\/a-historia-verde-da-china-por-tras-do-passeio-em-grupo-dos-elefantes\/#primaryimage","url":"https:\/\/p1crires.cri.cn\/photoworkspace\/cri\/contentimg\/2024\/08\/27\/2024082722072432238.jpg","contentUrl":"https:\/\/p1crires.cri.cn\/photoworkspace\/cri\/contentimg\/2024\/08\/27\/2024082722072432238.jpg"},{"@type":"BreadcrumbList","@id":"https:\/\/diariodepe.com.br\/cri\/2024\/08\/27\/a-historia-verde-da-china-por-tras-do-passeio-em-grupo-dos-elefantes\/#breadcrumb","itemListElement":[{"@type":"ListItem","position":1,"name":"In\u00edcio","item":"https:\/\/diariodepe.com.br\/cri\/"},{"@type":"ListItem","position":2,"name":"A hist\u00f3ria verde da China por tr\u00e1s do \u201cpasseio\u201d em grupo dos elefantes"}]},{"@type":"WebSite","@id":"https:\/\/diariodepe.com.br\/cri\/#website","url":"https:\/\/diariodepe.com.br\/cri\/","name":"CRI e Diario de Pernambuco","description":"R\u00e1dio Internacional da China","publisher":{"@id":"https:\/\/diariodepe.com.br\/cri\/#organization"},"potentialAction":[{"@type":"SearchAction","target":{"@type":"EntryPoint","urlTemplate":"https:\/\/diariodepe.com.br\/cri\/?s={search_term_string}"},"query-input":{"@type":"PropertyValueSpecification","valueRequired":true,"valueName":"search_term_string"}}],"inLanguage":"pt-BR"},{"@type":"Organization","@id":"https:\/\/diariodepe.com.br\/cri\/#organization","name":"CRI e Diario de Pernambuco","url":"https:\/\/diariodepe.com.br\/cri\/","logo":{"@type":"ImageObject","inLanguage":"pt-BR","@id":"https:\/\/diariodepe.com.br\/cri\/#\/schema\/logo\/image\/","url":"https:\/\/diariodepe.com.br\/cri\/wp-content\/uploads\/sites\/2\/2022\/12\/cropped-Logo.jpg","contentUrl":"https:\/\/diariodepe.com.br\/cri\/wp-content\/uploads\/sites\/2\/2022\/12\/cropped-Logo.jpg","width":700,"height":59,"caption":"CRI e Diario de Pernambuco"},"image":{"@id":"https:\/\/diariodepe.com.br\/cri\/#\/schema\/logo\/image\/"}},{"@type":"Person","@id":"https:\/\/diariodepe.com.br\/cri\/#\/schema\/person\/121bb28d84f1a5b1205ef4ce9c2e0c6b","name":"Ismael Lucas S. Pereira","image":{"@type":"ImageObject","inLanguage":"pt-BR","@id":"https:\/\/secure.gravatar.com\/avatar\/887a0f3b5a7ceea963a48499fb883ffce6b5037362def025c52c2505b15d63e4?s=96&d=mm&r=g","url":"https:\/\/secure.gravatar.com\/avatar\/887a0f3b5a7ceea963a48499fb883ffce6b5037362def025c52c2505b15d63e4?s=96&d=mm&r=g","contentUrl":"https:\/\/secure.gravatar.com\/avatar\/887a0f3b5a7ceea963a48499fb883ffce6b5037362def025c52c2505b15d63e4?s=96&d=mm&r=g","caption":"Ismael Lucas S. Pereira"},"url":"https:\/\/diariodepe.com.br\/cri\/author\/ismael-lucas\/"}]}},"cc_featured_image_caption":{"caption_text":false,"source_text":false,"source_url":false},"amp_enabled":true,"_links":{"self":[{"href":"https:\/\/diariodepe.com.br\/cri\/wp-json\/wp\/v2\/posts\/6062","targetHints":{"allow":["GET"]}}],"collection":[{"href":"https:\/\/diariodepe.com.br\/cri\/wp-json\/wp\/v2\/posts"}],"about":[{"href":"https:\/\/diariodepe.com.br\/cri\/wp-json\/wp\/v2\/types\/post"}],"author":[{"embeddable":true,"href":"https:\/\/diariodepe.com.br\/cri\/wp-json\/wp\/v2\/users\/2"}],"replies":[{"embeddable":true,"href":"https:\/\/diariodepe.com.br\/cri\/wp-json\/wp\/v2\/comments?post=6062"}],"version-history":[{"count":1,"href":"https:\/\/diariodepe.com.br\/cri\/wp-json\/wp\/v2\/posts\/6062\/revisions"}],"predecessor-version":[{"id":6063,"href":"https:\/\/diariodepe.com.br\/cri\/wp-json\/wp\/v2\/posts\/6062\/revisions\/6063"}],"wp:attachment":[{"href":"https:\/\/diariodepe.com.br\/cri\/wp-json\/wp\/v2\/media?parent=6062"}],"wp:term":[{"taxonomy":"category","embeddable":true,"href":"https:\/\/diariodepe.com.br\/cri\/wp-json\/wp\/v2\/categories?post=6062"},{"taxonomy":"post_tag","embeddable":true,"href":"https:\/\/diariodepe.com.br\/cri\/wp-json\/wp\/v2\/tags?post=6062"}],"curies":[{"name":"wp","href":"https:\/\/api.w.org\/{rel}","templated":true}]}}