{"id":606,"date":"2023-02-14T23:54:54","date_gmt":"2023-02-15T02:54:54","guid":{"rendered":"https:\/\/diariodepe.com.br\/cri\/?p=606"},"modified":"2023-02-14T23:54:56","modified_gmt":"2023-02-15T02:54:56","slug":"a-china-e-a-construcao-de-uma-comunidade-de-intercambio-cultural","status":"publish","type":"post","link":"https:\/\/diariodepe.com.br\/cri\/2023\/02\/14\/a-china-e-a-construcao-de-uma-comunidade-de-intercambio-cultural\/","title":{"rendered":"<strong>A China e a \u201cconstru\u00e7\u00e3o de uma comunidade de interc\u00e2mbio cultural\u201d<\/strong>"},"content":{"rendered":"\n<p>Desde o in\u00edcio do processo de financeiriza\u00e7\u00e3o da economia internacional e , no in\u00edcio da d\u00e9cada de 1990, o fim das primeiras experi\u00eancias socialistas, o mundo tornou-se cada mais inst\u00e1vel com crises financeiras recorrentes que trazem consigo um imenso rastro de destrui\u00e7\u00e3o em todos os aspectos. A pobreza, a concentra\u00e7\u00e3o de renda e a falta de esperan\u00e7a de popula\u00e7\u00f5es inteiras no futuro t\u00eam aberto condi\u00e7\u00f5es a um mundo cada vez mais intolerante e onde ideologias de extrema-direita, em sua maioria nascidas e desenvolvidas nos Estado Unidos e exportadas ao mundo, ganham terreno. Por exemplo, nos Estados Unidos o racismo praticado dentro do pa\u00eds se transforma em pol\u00edtica de Estado quando este pa\u00eds age fora de seu territ\u00f3rio. O fascismo, o neocolonialismo e o imperialismo est\u00e3o, mais do que nunca, presentes no horizonte internacional.&nbsp;<\/p>\n\n\n\n<p>Muitos analistas anunciaram o \u201cfim da globaliza\u00e7\u00e3o\u201d. N\u00e3o acreditamos nisso. O que est\u00e1 chegando ao fim \u00e9 uma forma n\u00e3o inclusiva de globaliza\u00e7\u00e3o. Uma globaliza\u00e7\u00e3o voltada aos interesses de um \u00fanico pa\u00eds, que patrocinou uma chamada \u201cglobaliza\u00e7\u00e3o financeira\u201d, e que em nenhum momento atendeu aos interesses dos povos da periferia do sistema. Esta globaliza\u00e7\u00e3o est\u00e1 em seu fim. Um fim melanc\u00f3lico com a pot\u00eancia hegem\u00f4nica do mundo patrocinando guerras e intoler\u00e2ncia por toda parte. Por outro lado, a Rep\u00fablica Popular da China com a Iniciativa Cintur\u00e3o e Rota e a decis\u00e3o firme de construir uma \u201ccomunidade de destino compartilhado\u201d oferece ao mundo uma outra globaliza\u00e7\u00e3o: inclusiva, tolerante, pacifista e que gere valor e riqueza material a todos os pa\u00edses envolvidos nos projetos do Cintur\u00e3o e Rota.&nbsp;<\/p>\n\n\n\n<p>Mas esta iniciativa n\u00e3o se encerra somente na constru\u00e7\u00e3o de grandes obras de infraestruturas. Enquanto alguns pa\u00edses estavam buscando politizar a quest\u00e3o da pandemia, a China foi pioneira no lan\u00e7amento do Cintur\u00e3o e Rota para a Sa\u00fade. Outras iniciativas com o mesmo esp\u00edrito inclusivo t\u00eam sido diariamente debatidas entre autoridades chinesas e estrangeiras. Por\u00e9m, a que nos tem chamado muito a aten\u00e7\u00e3o \u00e9 a chamada \u201cconstru\u00e7\u00e3o de uma comunidade de interc\u00e2mbio cultural\u201d. Esta iniciativa chinesa leva em considera\u00e7\u00e3o que os grandes desafios que enfrenta hoje a humanidade n\u00e3o passam somente por maior integra\u00e7\u00e3o econ\u00f4mica entre os pa\u00edses ou coopera\u00e7\u00e3o em \u00e1reas-chave no setor de ci\u00eancia, tecnologia e inova\u00e7\u00e3o. Existe uma quest\u00e3o nodal que \u00e9 a necessidade da constru\u00e7\u00e3o de uma outra subjetividade no mundo que tamb\u00e9m acompanhe a supera\u00e7\u00e3o da \u201cglobaliza\u00e7\u00e3o financeira\u201d proposta pelos EUA cujos resultados est\u00e3o a\u00ed: guerras, fome, desemprego, racismo, fascismo, intoler\u00e2ncia.&nbsp;<\/p>\n\n\n\n<p>Essa iniciativa chinesa de construir uma comunidade de interc\u00e2mbio cultural \u00e9 parte da necessidade de se construir um ambiente onde as diferentes formas de pensar e de sistemas pol\u00edticos ou mesmo de ideologia deixem de ser obst\u00e1culos para a constru\u00e7\u00e3o de um mundo melhor. Ao contr\u00e1rio, das grandes diferen\u00e7as e do di\u00e1logo podem se encontrar solu\u00e7\u00f5es a um grande problema que afeta a humanidade: a falta de confian\u00e7a entre os diferentes pa\u00edses e diferentes povos e civiliza\u00e7\u00f5es. Todos n\u00f3s sabemos que a \u00e9poca em que um \u00fanico pa\u00eds ou o que chamam de \u201cOcidente\u201d podiam ditar as regras para o restante do mundo e usar as diferen\u00e7as entre povos e pa\u00edses como forma de atingir seus pr\u00f3prios interesses. Grandes parcelas da humanidade que inclui pa\u00edses como a China, \u00cdndia, R\u00fassia, Brasil, Rep\u00fablica Isl\u00e2mica do Ir\u00e3 e parcelas significantes da Am\u00e9rica Latina e \u00c1sia j\u00e1 perceberam que juntos e exercitando a toler\u00e2ncia m\u00fatua o mundo poder\u00e1 atingir um outro patamar de conviv\u00eancia e toler\u00e2ncia.&nbsp;<\/p>\n\n\n\n<p>Devemos louvar e levar \u00e0s \u00faltimas consequ\u00eancias esta iniciativa chinesa de constru\u00e7\u00e3o de uma comunidade de interc\u00e2mbio cultural. Por exemplo, em um pa\u00eds como o Brasil s\u00e3o v\u00e1rias as iniciativas neste sentido. Desde a promo\u00e7\u00e3o de viagens de grandes delega\u00e7\u00f5es de estudantes, professores, jornalistas e profissionais de diversas \u00e1reas de atua\u00e7\u00e3o at\u00e9 a a\u00e7\u00e3o do Instituto Conf\u00facio. Este instituto n\u00e3o pode ser visto somente como um meio de divulgar a l\u00edngua e a cultura chinesas. \u00c9 um instrumento efetivo de difus\u00e3o de cultura de paz e toler\u00e2ncia. A base material do mundo mudou significativamente nas \u00faltimas quatro d\u00e9cadas. Povos e pa\u00edses clamam por voz e igualdade nas rela\u00e7\u00f5es internacionais. Clamam por toler\u00e2ncia e pelo fim da pilhagem e da viol\u00eancia. Repetimos: devemos ir \u00e0s \u00faltimas consequ\u00eancias no sentido de apoiar essa iniciativa de constru\u00e7\u00e3o de uma comunidade de interc\u00e2mbio cultural.<\/p>\n\n\n\n<p>Autor: Elias Jabbour, professor associado da Faculdade de Ci\u00eancias Econ\u00f4micas da Universidade do Estado do Rio de Janeiro. Ganhador do Special Book Award of China 2022.<\/p>\n","protected":false},"excerpt":{"rendered":"<p>Desde o in\u00edcio do processo de financeiriza\u00e7\u00e3o da economia internacional e , no in\u00edcio da d\u00e9cada de 1990, o fim das primeiras experi\u00eancias socialistas, o mundo tornou-se cada mais inst\u00e1vel com crises financeiras recorrentes que trazem consigo um imenso rastro&#8230;<\/p>\n","protected":false},"author":2,"featured_media":0,"comment_status":"open","ping_status":"open","sticky":false,"template":"","format":"standard","meta":{"footnotes":""},"categories":[7],"tags":[],"class_list":["post-606","post","type-post","status-publish","format-standard","hentry","category-visao"],"yoast_head":"<!-- This site is optimized with the Yoast SEO plugin v27.4 - https:\/\/yoast.com\/product\/yoast-seo-wordpress\/ -->\n<title>A China e a \u201cconstru\u00e7\u00e3o de uma comunidade de interc\u00e2mbio cultural\u201d - CRI e Diario de Pernambuco<\/title>\n<meta name=\"robots\" content=\"index, follow, max-snippet:-1, max-image-preview:large, max-video-preview:-1\" \/>\n<link rel=\"canonical\" href=\"https:\/\/diariodepe.com.br\/cri\/2023\/02\/14\/a-china-e-a-construcao-de-uma-comunidade-de-intercambio-cultural\/\" \/>\n<meta property=\"og:locale\" content=\"pt_BR\" \/>\n<meta property=\"og:type\" content=\"article\" \/>\n<meta property=\"og:title\" content=\"A China e a \u201cconstru\u00e7\u00e3o de uma comunidade de interc\u00e2mbio cultural\u201d - CRI e Diario de Pernambuco\" \/>\n<meta property=\"og:description\" content=\"Desde o in\u00edcio do processo de financeiriza\u00e7\u00e3o da economia internacional e , no in\u00edcio da d\u00e9cada de 1990, o fim das primeiras experi\u00eancias socialistas, o mundo tornou-se cada mais inst\u00e1vel com crises financeiras recorrentes que trazem consigo um imenso rastro...\" \/>\n<meta property=\"og:url\" content=\"https:\/\/diariodepe.com.br\/cri\/2023\/02\/14\/a-china-e-a-construcao-de-uma-comunidade-de-intercambio-cultural\/\" \/>\n<meta property=\"og:site_name\" content=\"CRI e Diario de Pernambuco\" \/>\n<meta property=\"article:published_time\" content=\"2023-02-15T02:54:54+00:00\" \/>\n<meta property=\"article:modified_time\" content=\"2023-02-15T02:54:56+00:00\" \/>\n<meta name=\"author\" content=\"Ismael Lucas S. Pereira\" \/>\n<meta name=\"twitter:card\" content=\"summary_large_image\" \/>\n<meta name=\"twitter:label1\" content=\"Escrito por\" \/>\n\t<meta name=\"twitter:data1\" content=\"Ismael Lucas S. Pereira\" \/>\n\t<meta name=\"twitter:label2\" content=\"Est. tempo de leitura\" \/>\n\t<meta name=\"twitter:data2\" content=\"5 minutos\" \/>\n<script type=\"application\/ld+json\" class=\"yoast-schema-graph\">{\"@context\":\"https:\\\/\\\/schema.org\",\"@graph\":[{\"@type\":\"Article\",\"@id\":\"https:\\\/\\\/diariodepe.com.br\\\/cri\\\/2023\\\/02\\\/14\\\/a-china-e-a-construcao-de-uma-comunidade-de-intercambio-cultural\\\/#article\",\"isPartOf\":{\"@id\":\"https:\\\/\\\/diariodepe.com.br\\\/cri\\\/2023\\\/02\\\/14\\\/a-china-e-a-construcao-de-uma-comunidade-de-intercambio-cultural\\\/\"},\"author\":{\"name\":\"Ismael Lucas S. Pereira\",\"@id\":\"https:\\\/\\\/diariodepe.com.br\\\/cri\\\/#\\\/schema\\\/person\\\/121bb28d84f1a5b1205ef4ce9c2e0c6b\"},\"headline\":\"A China e a \u201cconstru\u00e7\u00e3o de uma comunidade de interc\u00e2mbio cultural\u201d\",\"datePublished\":\"2023-02-15T02:54:54+00:00\",\"dateModified\":\"2023-02-15T02:54:56+00:00\",\"mainEntityOfPage\":{\"@id\":\"https:\\\/\\\/diariodepe.com.br\\\/cri\\\/2023\\\/02\\\/14\\\/a-china-e-a-construcao-de-uma-comunidade-de-intercambio-cultural\\\/\"},\"wordCount\":855,\"commentCount\":0,\"publisher\":{\"@id\":\"https:\\\/\\\/diariodepe.com.br\\\/cri\\\/#organization\"},\"articleSection\":[\"Vis\u00e3o\"],\"inLanguage\":\"pt-BR\",\"potentialAction\":[{\"@type\":\"CommentAction\",\"name\":\"Comment\",\"target\":[\"https:\\\/\\\/diariodepe.com.br\\\/cri\\\/2023\\\/02\\\/14\\\/a-china-e-a-construcao-de-uma-comunidade-de-intercambio-cultural\\\/#respond\"]}]},{\"@type\":\"WebPage\",\"@id\":\"https:\\\/\\\/diariodepe.com.br\\\/cri\\\/2023\\\/02\\\/14\\\/a-china-e-a-construcao-de-uma-comunidade-de-intercambio-cultural\\\/\",\"url\":\"https:\\\/\\\/diariodepe.com.br\\\/cri\\\/2023\\\/02\\\/14\\\/a-china-e-a-construcao-de-uma-comunidade-de-intercambio-cultural\\\/\",\"name\":\"A China e a \u201cconstru\u00e7\u00e3o de uma comunidade de interc\u00e2mbio cultural\u201d - CRI e Diario de Pernambuco\",\"isPartOf\":{\"@id\":\"https:\\\/\\\/diariodepe.com.br\\\/cri\\\/#website\"},\"datePublished\":\"2023-02-15T02:54:54+00:00\",\"dateModified\":\"2023-02-15T02:54:56+00:00\",\"breadcrumb\":{\"@id\":\"https:\\\/\\\/diariodepe.com.br\\\/cri\\\/2023\\\/02\\\/14\\\/a-china-e-a-construcao-de-uma-comunidade-de-intercambio-cultural\\\/#breadcrumb\"},\"inLanguage\":\"pt-BR\",\"potentialAction\":[{\"@type\":\"ReadAction\",\"target\":[\"https:\\\/\\\/diariodepe.com.br\\\/cri\\\/2023\\\/02\\\/14\\\/a-china-e-a-construcao-de-uma-comunidade-de-intercambio-cultural\\\/\"]}]},{\"@type\":\"BreadcrumbList\",\"@id\":\"https:\\\/\\\/diariodepe.com.br\\\/cri\\\/2023\\\/02\\\/14\\\/a-china-e-a-construcao-de-uma-comunidade-de-intercambio-cultural\\\/#breadcrumb\",\"itemListElement\":[{\"@type\":\"ListItem\",\"position\":1,\"name\":\"In\u00edcio\",\"item\":\"https:\\\/\\\/diariodepe.com.br\\\/cri\\\/\"},{\"@type\":\"ListItem\",\"position\":2,\"name\":\"A China e a \u201cconstru\u00e7\u00e3o de uma comunidade de interc\u00e2mbio cultural\u201d\"}]},{\"@type\":\"WebSite\",\"@id\":\"https:\\\/\\\/diariodepe.com.br\\\/cri\\\/#website\",\"url\":\"https:\\\/\\\/diariodepe.com.br\\\/cri\\\/\",\"name\":\"CRI e Diario de Pernambuco\",\"description\":\"R\u00e1dio Internacional da China\",\"publisher\":{\"@id\":\"https:\\\/\\\/diariodepe.com.br\\\/cri\\\/#organization\"},\"potentialAction\":[{\"@type\":\"SearchAction\",\"target\":{\"@type\":\"EntryPoint\",\"urlTemplate\":\"https:\\\/\\\/diariodepe.com.br\\\/cri\\\/?s={search_term_string}\"},\"query-input\":{\"@type\":\"PropertyValueSpecification\",\"valueRequired\":true,\"valueName\":\"search_term_string\"}}],\"inLanguage\":\"pt-BR\"},{\"@type\":\"Organization\",\"@id\":\"https:\\\/\\\/diariodepe.com.br\\\/cri\\\/#organization\",\"name\":\"CRI e Diario de Pernambuco\",\"url\":\"https:\\\/\\\/diariodepe.com.br\\\/cri\\\/\",\"logo\":{\"@type\":\"ImageObject\",\"inLanguage\":\"pt-BR\",\"@id\":\"https:\\\/\\\/diariodepe.com.br\\\/cri\\\/#\\\/schema\\\/logo\\\/image\\\/\",\"url\":\"https:\\\/\\\/diariodepe.com.br\\\/cri\\\/wp-content\\\/uploads\\\/sites\\\/2\\\/2022\\\/12\\\/cropped-Logo.jpg\",\"contentUrl\":\"https:\\\/\\\/diariodepe.com.br\\\/cri\\\/wp-content\\\/uploads\\\/sites\\\/2\\\/2022\\\/12\\\/cropped-Logo.jpg\",\"width\":700,\"height\":59,\"caption\":\"CRI e Diario de Pernambuco\"},\"image\":{\"@id\":\"https:\\\/\\\/diariodepe.com.br\\\/cri\\\/#\\\/schema\\\/logo\\\/image\\\/\"}},{\"@type\":\"Person\",\"@id\":\"https:\\\/\\\/diariodepe.com.br\\\/cri\\\/#\\\/schema\\\/person\\\/121bb28d84f1a5b1205ef4ce9c2e0c6b\",\"name\":\"Ismael Lucas S. Pereira\",\"image\":{\"@type\":\"ImageObject\",\"inLanguage\":\"pt-BR\",\"@id\":\"https:\\\/\\\/secure.gravatar.com\\\/avatar\\\/887a0f3b5a7ceea963a48499fb883ffce6b5037362def025c52c2505b15d63e4?s=96&d=mm&r=g\",\"url\":\"https:\\\/\\\/secure.gravatar.com\\\/avatar\\\/887a0f3b5a7ceea963a48499fb883ffce6b5037362def025c52c2505b15d63e4?s=96&d=mm&r=g\",\"contentUrl\":\"https:\\\/\\\/secure.gravatar.com\\\/avatar\\\/887a0f3b5a7ceea963a48499fb883ffce6b5037362def025c52c2505b15d63e4?s=96&d=mm&r=g\",\"caption\":\"Ismael Lucas S. Pereira\"},\"url\":\"https:\\\/\\\/diariodepe.com.br\\\/cri\\\/author\\\/ismael-lucas\\\/\"}]}<\/script>\n<!-- \/ Yoast SEO plugin. -->","yoast_head_json":{"title":"A China e a \u201cconstru\u00e7\u00e3o de uma comunidade de interc\u00e2mbio cultural\u201d - CRI e Diario de Pernambuco","robots":{"index":"index","follow":"follow","max-snippet":"max-snippet:-1","max-image-preview":"max-image-preview:large","max-video-preview":"max-video-preview:-1"},"canonical":"https:\/\/diariodepe.com.br\/cri\/2023\/02\/14\/a-china-e-a-construcao-de-uma-comunidade-de-intercambio-cultural\/","og_locale":"pt_BR","og_type":"article","og_title":"A China e a \u201cconstru\u00e7\u00e3o de uma comunidade de interc\u00e2mbio cultural\u201d - CRI e Diario de Pernambuco","og_description":"Desde o in\u00edcio do processo de financeiriza\u00e7\u00e3o da economia internacional e , no in\u00edcio da d\u00e9cada de 1990, o fim das primeiras experi\u00eancias socialistas, o mundo tornou-se cada mais inst\u00e1vel com crises financeiras recorrentes que trazem consigo um imenso rastro...","og_url":"https:\/\/diariodepe.com.br\/cri\/2023\/02\/14\/a-china-e-a-construcao-de-uma-comunidade-de-intercambio-cultural\/","og_site_name":"CRI e Diario de Pernambuco","article_published_time":"2023-02-15T02:54:54+00:00","article_modified_time":"2023-02-15T02:54:56+00:00","author":"Ismael Lucas S. Pereira","twitter_card":"summary_large_image","twitter_misc":{"Escrito por":"Ismael Lucas S. Pereira","Est. tempo de leitura":"5 minutos"},"schema":{"@context":"https:\/\/schema.org","@graph":[{"@type":"Article","@id":"https:\/\/diariodepe.com.br\/cri\/2023\/02\/14\/a-china-e-a-construcao-de-uma-comunidade-de-intercambio-cultural\/#article","isPartOf":{"@id":"https:\/\/diariodepe.com.br\/cri\/2023\/02\/14\/a-china-e-a-construcao-de-uma-comunidade-de-intercambio-cultural\/"},"author":{"name":"Ismael Lucas S. Pereira","@id":"https:\/\/diariodepe.com.br\/cri\/#\/schema\/person\/121bb28d84f1a5b1205ef4ce9c2e0c6b"},"headline":"A China e a \u201cconstru\u00e7\u00e3o de uma comunidade de interc\u00e2mbio cultural\u201d","datePublished":"2023-02-15T02:54:54+00:00","dateModified":"2023-02-15T02:54:56+00:00","mainEntityOfPage":{"@id":"https:\/\/diariodepe.com.br\/cri\/2023\/02\/14\/a-china-e-a-construcao-de-uma-comunidade-de-intercambio-cultural\/"},"wordCount":855,"commentCount":0,"publisher":{"@id":"https:\/\/diariodepe.com.br\/cri\/#organization"},"articleSection":["Vis\u00e3o"],"inLanguage":"pt-BR","potentialAction":[{"@type":"CommentAction","name":"Comment","target":["https:\/\/diariodepe.com.br\/cri\/2023\/02\/14\/a-china-e-a-construcao-de-uma-comunidade-de-intercambio-cultural\/#respond"]}]},{"@type":"WebPage","@id":"https:\/\/diariodepe.com.br\/cri\/2023\/02\/14\/a-china-e-a-construcao-de-uma-comunidade-de-intercambio-cultural\/","url":"https:\/\/diariodepe.com.br\/cri\/2023\/02\/14\/a-china-e-a-construcao-de-uma-comunidade-de-intercambio-cultural\/","name":"A China e a \u201cconstru\u00e7\u00e3o de uma comunidade de interc\u00e2mbio cultural\u201d - CRI e Diario de Pernambuco","isPartOf":{"@id":"https:\/\/diariodepe.com.br\/cri\/#website"},"datePublished":"2023-02-15T02:54:54+00:00","dateModified":"2023-02-15T02:54:56+00:00","breadcrumb":{"@id":"https:\/\/diariodepe.com.br\/cri\/2023\/02\/14\/a-china-e-a-construcao-de-uma-comunidade-de-intercambio-cultural\/#breadcrumb"},"inLanguage":"pt-BR","potentialAction":[{"@type":"ReadAction","target":["https:\/\/diariodepe.com.br\/cri\/2023\/02\/14\/a-china-e-a-construcao-de-uma-comunidade-de-intercambio-cultural\/"]}]},{"@type":"BreadcrumbList","@id":"https:\/\/diariodepe.com.br\/cri\/2023\/02\/14\/a-china-e-a-construcao-de-uma-comunidade-de-intercambio-cultural\/#breadcrumb","itemListElement":[{"@type":"ListItem","position":1,"name":"In\u00edcio","item":"https:\/\/diariodepe.com.br\/cri\/"},{"@type":"ListItem","position":2,"name":"A China e a \u201cconstru\u00e7\u00e3o de uma comunidade de interc\u00e2mbio cultural\u201d"}]},{"@type":"WebSite","@id":"https:\/\/diariodepe.com.br\/cri\/#website","url":"https:\/\/diariodepe.com.br\/cri\/","name":"CRI e Diario de Pernambuco","description":"R\u00e1dio Internacional da China","publisher":{"@id":"https:\/\/diariodepe.com.br\/cri\/#organization"},"potentialAction":[{"@type":"SearchAction","target":{"@type":"EntryPoint","urlTemplate":"https:\/\/diariodepe.com.br\/cri\/?s={search_term_string}"},"query-input":{"@type":"PropertyValueSpecification","valueRequired":true,"valueName":"search_term_string"}}],"inLanguage":"pt-BR"},{"@type":"Organization","@id":"https:\/\/diariodepe.com.br\/cri\/#organization","name":"CRI e Diario de Pernambuco","url":"https:\/\/diariodepe.com.br\/cri\/","logo":{"@type":"ImageObject","inLanguage":"pt-BR","@id":"https:\/\/diariodepe.com.br\/cri\/#\/schema\/logo\/image\/","url":"https:\/\/diariodepe.com.br\/cri\/wp-content\/uploads\/sites\/2\/2022\/12\/cropped-Logo.jpg","contentUrl":"https:\/\/diariodepe.com.br\/cri\/wp-content\/uploads\/sites\/2\/2022\/12\/cropped-Logo.jpg","width":700,"height":59,"caption":"CRI e Diario de Pernambuco"},"image":{"@id":"https:\/\/diariodepe.com.br\/cri\/#\/schema\/logo\/image\/"}},{"@type":"Person","@id":"https:\/\/diariodepe.com.br\/cri\/#\/schema\/person\/121bb28d84f1a5b1205ef4ce9c2e0c6b","name":"Ismael Lucas S. Pereira","image":{"@type":"ImageObject","inLanguage":"pt-BR","@id":"https:\/\/secure.gravatar.com\/avatar\/887a0f3b5a7ceea963a48499fb883ffce6b5037362def025c52c2505b15d63e4?s=96&d=mm&r=g","url":"https:\/\/secure.gravatar.com\/avatar\/887a0f3b5a7ceea963a48499fb883ffce6b5037362def025c52c2505b15d63e4?s=96&d=mm&r=g","contentUrl":"https:\/\/secure.gravatar.com\/avatar\/887a0f3b5a7ceea963a48499fb883ffce6b5037362def025c52c2505b15d63e4?s=96&d=mm&r=g","caption":"Ismael Lucas S. Pereira"},"url":"https:\/\/diariodepe.com.br\/cri\/author\/ismael-lucas\/"}]}},"cc_featured_image_caption":{"caption_text":"","source_text":"","source_url":""},"amp_enabled":true,"_links":{"self":[{"href":"https:\/\/diariodepe.com.br\/cri\/wp-json\/wp\/v2\/posts\/606","targetHints":{"allow":["GET"]}}],"collection":[{"href":"https:\/\/diariodepe.com.br\/cri\/wp-json\/wp\/v2\/posts"}],"about":[{"href":"https:\/\/diariodepe.com.br\/cri\/wp-json\/wp\/v2\/types\/post"}],"author":[{"embeddable":true,"href":"https:\/\/diariodepe.com.br\/cri\/wp-json\/wp\/v2\/users\/2"}],"replies":[{"embeddable":true,"href":"https:\/\/diariodepe.com.br\/cri\/wp-json\/wp\/v2\/comments?post=606"}],"version-history":[{"count":1,"href":"https:\/\/diariodepe.com.br\/cri\/wp-json\/wp\/v2\/posts\/606\/revisions"}],"predecessor-version":[{"id":607,"href":"https:\/\/diariodepe.com.br\/cri\/wp-json\/wp\/v2\/posts\/606\/revisions\/607"}],"wp:attachment":[{"href":"https:\/\/diariodepe.com.br\/cri\/wp-json\/wp\/v2\/media?parent=606"}],"wp:term":[{"taxonomy":"category","embeddable":true,"href":"https:\/\/diariodepe.com.br\/cri\/wp-json\/wp\/v2\/categories?post=606"},{"taxonomy":"post_tag","embeddable":true,"href":"https:\/\/diariodepe.com.br\/cri\/wp-json\/wp\/v2\/tags?post=606"}],"curies":[{"name":"wp","href":"https:\/\/api.w.org\/{rel}","templated":true}]}}