{"id":6045,"date":"2024-08-26T03:57:42","date_gmt":"2024-08-26T06:57:42","guid":{"rendered":"https:\/\/diariodepe.com.br\/cri\/?p=6045"},"modified":"2024-08-26T03:57:42","modified_gmt":"2024-08-26T06:57:42","slug":"xi-jinping-reitera-dialogo-e-cooperacao-em-conversa-com-primeiro-ministro-britanico","status":"publish","type":"post","link":"https:\/\/diariodepe.com.br\/cri\/2024\/08\/26\/xi-jinping-reitera-dialogo-e-cooperacao-em-conversa-com-primeiro-ministro-britanico\/","title":{"rendered":"Xi Jinping reitera di\u00e1logo e coopera\u00e7\u00e3o em conversa com primeiro-ministro brit\u00e2nico"},"content":{"rendered":"<div class=\"list-brief\" data-spm-anchor-id=\"0.0.0.i1\">\n<div class=\"whoShare-con\"><img decoding=\"async\" src=\"https:\/\/p2crires.cri.cn\/photoworkspace\/cri\/contentimg\/2024\/08\/23\/2024082319455981557.jpeg\" alt=\"\" \/><\/div>\n<\/div>\n<div id=\"abody\" class=\"abody\">\n<p>O presidente chin\u00eas, Xi Jinping, conversou por telefone na tarde desta sexta-feira (23) com o primeiro-ministro brit\u00e2nico, Keir Starmer.<\/p>\n<p>Xi Jinping congratulou Starmer por ter assumido o cargo de primeiro-ministro brit\u00e2nico, dizendo que a China e o Reino Unido, membros permanentes do Conselho de Seguran\u00e7a das Na\u00e7\u00f5es Unidas e duas das principais economias mundiais, devem tratar as rela\u00e7\u00f5es bilaterais com uma vis\u00e3o estrat\u00e9gica de longo prazo.<\/p>\n<p>Os dois pa\u00edses tamb\u00e9m devem defender a parceria, refor\u00e7ar di\u00e1logos e\u00a0 coopera\u00e7\u00f5es, favorecendo os dois pa\u00edses e o resto do mundo com o relacionamento sino-brit\u00e2nico est\u00e1vel e de benef\u00edcio rec\u00edproco.<\/p>\n<p>O l\u00edder chin\u00eas disse ainda que a China est\u00e1 promovendo a constru\u00e7\u00e3o de um pa\u00eds forte e a revitaliza\u00e7\u00e3o nacional por meio da moderniza\u00e7\u00e3o chinesa e que o pa\u00eds continua no caminho de um desenvolvimento pac\u00edfico. A parte brit\u00e2nica deve tratar a China com uma vis\u00e3o objetiva e racional, destacou Xi Jinping.<\/p>\n<p>O presidnte Xi Jinping apontou que a parte chinesa est\u00e1 disposta a dialogar de forma igualit\u00e1ria com o Reino Unido, com base em respeito m\u00fatuo, aumento da confian\u00e7a m\u00fatua, refor\u00e7o da sinergia das estrat\u00e9gias de desenvolvimento, amplia\u00e7\u00e3o das coopera\u00e7\u00f5es em finan\u00e7as, economia verde, intelig\u00eancia artificial e cultura, para que o benef\u00edcio rec\u00edproco e o ganho m\u00fatuo se tornem a t\u00f4nica geral das rela\u00e7\u00f5es sino-brit\u00e2nicas.<\/p>\n<p>Starmer parabenizou os atletas chineses pelos excelentes resultados nos Jogos Ol\u00edmpicos de Paris, acrescentando que um relacionamento bilateral mais estreito corresponde aos interesses de longo prazo para ambos os lados.<\/p>\n<p>O Reino Unido quer manter a comunica\u00e7\u00e3o e o di\u00e1logo com a China em diversos n\u00edveis e setores e desenvolver um relacionamento bilateral duradouro, est\u00e1vel e estrat\u00e9gico. Al\u00e9m disso, o primeiro-ministro brit\u00e2nico reiterou a posi\u00e7\u00e3o inalterada sobre a pol\u00edtica de uma s\u00f3 China.<\/p>\n<\/div>\n","protected":false},"excerpt":{"rendered":"<p>O presidente chin\u00eas, Xi Jinping, conversou por telefone na tarde desta sexta-feira (23) com o primeiro-ministro brit\u00e2nico, Keir Starmer. Xi Jinping congratulou Starmer por ter assumido o cargo de primeiro-ministro brit\u00e2nico, dizendo que a China e o Reino Unido, membros&#8230;<\/p>\n","protected":false},"author":2,"featured_media":0,"comment_status":"open","ping_status":"open","sticky":false,"template":"","format":"standard","meta":{"footnotes":""},"categories":[3],"tags":[],"class_list":["post-6045","post","type-post","status-publish","format-standard","hentry","category-china"],"yoast_head":"<!-- This site is optimized with the Yoast SEO plugin v27.4 - https:\/\/yoast.com\/product\/yoast-seo-wordpress\/ -->\n<title>Xi Jinping reitera di\u00e1logo e coopera\u00e7\u00e3o em conversa com primeiro-ministro brit\u00e2nico - CRI e Diario de Pernambuco<\/title>\n<meta name=\"robots\" content=\"index, follow, max-snippet:-1, max-image-preview:large, max-video-preview:-1\" \/>\n<link rel=\"canonical\" href=\"https:\/\/diariodepe.com.br\/cri\/2024\/08\/26\/xi-jinping-reitera-dialogo-e-cooperacao-em-conversa-com-primeiro-ministro-britanico\/\" \/>\n<meta property=\"og:locale\" content=\"pt_BR\" \/>\n<meta property=\"og:type\" content=\"article\" \/>\n<meta property=\"og:title\" content=\"Xi Jinping reitera di\u00e1logo e coopera\u00e7\u00e3o em conversa com primeiro-ministro brit\u00e2nico - CRI e Diario de Pernambuco\" \/>\n<meta property=\"og:description\" content=\"O presidente chin\u00eas, Xi Jinping, conversou por telefone na tarde desta sexta-feira (23) com o primeiro-ministro brit\u00e2nico, Keir Starmer. Xi Jinping congratulou Starmer por ter assumido o cargo de primeiro-ministro brit\u00e2nico, dizendo que a China e o Reino Unido, membros...\" \/>\n<meta property=\"og:url\" content=\"https:\/\/diariodepe.com.br\/cri\/2024\/08\/26\/xi-jinping-reitera-dialogo-e-cooperacao-em-conversa-com-primeiro-ministro-britanico\/\" \/>\n<meta property=\"og:site_name\" content=\"CRI e Diario de Pernambuco\" \/>\n<meta property=\"article:published_time\" content=\"2024-08-26T06:57:42+00:00\" \/>\n<meta property=\"og:image\" content=\"https:\/\/p2crires.cri.cn\/photoworkspace\/cri\/contentimg\/2024\/08\/23\/2024082319455981557.jpeg\" \/>\n<meta name=\"author\" content=\"Ismael Lucas S. Pereira\" \/>\n<meta name=\"twitter:card\" content=\"summary_large_image\" \/>\n<meta name=\"twitter:label1\" content=\"Escrito por\" \/>\n\t<meta name=\"twitter:data1\" content=\"Ismael Lucas S. Pereira\" \/>\n\t<meta name=\"twitter:label2\" content=\"Est. tempo de leitura\" \/>\n\t<meta name=\"twitter:data2\" content=\"2 minutos\" \/>\n<script type=\"application\/ld+json\" class=\"yoast-schema-graph\">{\"@context\":\"https:\\\/\\\/schema.org\",\"@graph\":[{\"@type\":\"Article\",\"@id\":\"https:\\\/\\\/diariodepe.com.br\\\/cri\\\/2024\\\/08\\\/26\\\/xi-jinping-reitera-dialogo-e-cooperacao-em-conversa-com-primeiro-ministro-britanico\\\/#article\",\"isPartOf\":{\"@id\":\"https:\\\/\\\/diariodepe.com.br\\\/cri\\\/2024\\\/08\\\/26\\\/xi-jinping-reitera-dialogo-e-cooperacao-em-conversa-com-primeiro-ministro-britanico\\\/\"},\"author\":{\"name\":\"Ismael Lucas S. Pereira\",\"@id\":\"https:\\\/\\\/diariodepe.com.br\\\/cri\\\/#\\\/schema\\\/person\\\/121bb28d84f1a5b1205ef4ce9c2e0c6b\"},\"headline\":\"Xi Jinping reitera di\u00e1logo e coopera\u00e7\u00e3o em conversa com primeiro-ministro brit\u00e2nico\",\"datePublished\":\"2024-08-26T06:57:42+00:00\",\"mainEntityOfPage\":{\"@id\":\"https:\\\/\\\/diariodepe.com.br\\\/cri\\\/2024\\\/08\\\/26\\\/xi-jinping-reitera-dialogo-e-cooperacao-em-conversa-com-primeiro-ministro-britanico\\\/\"},\"wordCount\":352,\"commentCount\":0,\"publisher\":{\"@id\":\"https:\\\/\\\/diariodepe.com.br\\\/cri\\\/#organization\"},\"image\":{\"@id\":\"https:\\\/\\\/diariodepe.com.br\\\/cri\\\/2024\\\/08\\\/26\\\/xi-jinping-reitera-dialogo-e-cooperacao-em-conversa-com-primeiro-ministro-britanico\\\/#primaryimage\"},\"thumbnailUrl\":\"https:\\\/\\\/p2crires.cri.cn\\\/photoworkspace\\\/cri\\\/contentimg\\\/2024\\\/08\\\/23\\\/2024082319455981557.jpeg\",\"articleSection\":[\"China\"],\"inLanguage\":\"pt-BR\",\"potentialAction\":[{\"@type\":\"CommentAction\",\"name\":\"Comment\",\"target\":[\"https:\\\/\\\/diariodepe.com.br\\\/cri\\\/2024\\\/08\\\/26\\\/xi-jinping-reitera-dialogo-e-cooperacao-em-conversa-com-primeiro-ministro-britanico\\\/#respond\"]}]},{\"@type\":\"WebPage\",\"@id\":\"https:\\\/\\\/diariodepe.com.br\\\/cri\\\/2024\\\/08\\\/26\\\/xi-jinping-reitera-dialogo-e-cooperacao-em-conversa-com-primeiro-ministro-britanico\\\/\",\"url\":\"https:\\\/\\\/diariodepe.com.br\\\/cri\\\/2024\\\/08\\\/26\\\/xi-jinping-reitera-dialogo-e-cooperacao-em-conversa-com-primeiro-ministro-britanico\\\/\",\"name\":\"Xi Jinping reitera di\u00e1logo e coopera\u00e7\u00e3o em conversa com primeiro-ministro brit\u00e2nico - CRI e Diario de Pernambuco\",\"isPartOf\":{\"@id\":\"https:\\\/\\\/diariodepe.com.br\\\/cri\\\/#website\"},\"primaryImageOfPage\":{\"@id\":\"https:\\\/\\\/diariodepe.com.br\\\/cri\\\/2024\\\/08\\\/26\\\/xi-jinping-reitera-dialogo-e-cooperacao-em-conversa-com-primeiro-ministro-britanico\\\/#primaryimage\"},\"image\":{\"@id\":\"https:\\\/\\\/diariodepe.com.br\\\/cri\\\/2024\\\/08\\\/26\\\/xi-jinping-reitera-dialogo-e-cooperacao-em-conversa-com-primeiro-ministro-britanico\\\/#primaryimage\"},\"thumbnailUrl\":\"https:\\\/\\\/p2crires.cri.cn\\\/photoworkspace\\\/cri\\\/contentimg\\\/2024\\\/08\\\/23\\\/2024082319455981557.jpeg\",\"datePublished\":\"2024-08-26T06:57:42+00:00\",\"breadcrumb\":{\"@id\":\"https:\\\/\\\/diariodepe.com.br\\\/cri\\\/2024\\\/08\\\/26\\\/xi-jinping-reitera-dialogo-e-cooperacao-em-conversa-com-primeiro-ministro-britanico\\\/#breadcrumb\"},\"inLanguage\":\"pt-BR\",\"potentialAction\":[{\"@type\":\"ReadAction\",\"target\":[\"https:\\\/\\\/diariodepe.com.br\\\/cri\\\/2024\\\/08\\\/26\\\/xi-jinping-reitera-dialogo-e-cooperacao-em-conversa-com-primeiro-ministro-britanico\\\/\"]}]},{\"@type\":\"ImageObject\",\"inLanguage\":\"pt-BR\",\"@id\":\"https:\\\/\\\/diariodepe.com.br\\\/cri\\\/2024\\\/08\\\/26\\\/xi-jinping-reitera-dialogo-e-cooperacao-em-conversa-com-primeiro-ministro-britanico\\\/#primaryimage\",\"url\":\"https:\\\/\\\/p2crires.cri.cn\\\/photoworkspace\\\/cri\\\/contentimg\\\/2024\\\/08\\\/23\\\/2024082319455981557.jpeg\",\"contentUrl\":\"https:\\\/\\\/p2crires.cri.cn\\\/photoworkspace\\\/cri\\\/contentimg\\\/2024\\\/08\\\/23\\\/2024082319455981557.jpeg\"},{\"@type\":\"BreadcrumbList\",\"@id\":\"https:\\\/\\\/diariodepe.com.br\\\/cri\\\/2024\\\/08\\\/26\\\/xi-jinping-reitera-dialogo-e-cooperacao-em-conversa-com-primeiro-ministro-britanico\\\/#breadcrumb\",\"itemListElement\":[{\"@type\":\"ListItem\",\"position\":1,\"name\":\"In\u00edcio\",\"item\":\"https:\\\/\\\/diariodepe.com.br\\\/cri\\\/\"},{\"@type\":\"ListItem\",\"position\":2,\"name\":\"Xi Jinping reitera di\u00e1logo e coopera\u00e7\u00e3o em conversa com primeiro-ministro brit\u00e2nico\"}]},{\"@type\":\"WebSite\",\"@id\":\"https:\\\/\\\/diariodepe.com.br\\\/cri\\\/#website\",\"url\":\"https:\\\/\\\/diariodepe.com.br\\\/cri\\\/\",\"name\":\"CRI e Diario de Pernambuco\",\"description\":\"R\u00e1dio Internacional da China\",\"publisher\":{\"@id\":\"https:\\\/\\\/diariodepe.com.br\\\/cri\\\/#organization\"},\"potentialAction\":[{\"@type\":\"SearchAction\",\"target\":{\"@type\":\"EntryPoint\",\"urlTemplate\":\"https:\\\/\\\/diariodepe.com.br\\\/cri\\\/?s={search_term_string}\"},\"query-input\":{\"@type\":\"PropertyValueSpecification\",\"valueRequired\":true,\"valueName\":\"search_term_string\"}}],\"inLanguage\":\"pt-BR\"},{\"@type\":\"Organization\",\"@id\":\"https:\\\/\\\/diariodepe.com.br\\\/cri\\\/#organization\",\"name\":\"CRI e Diario de Pernambuco\",\"url\":\"https:\\\/\\\/diariodepe.com.br\\\/cri\\\/\",\"logo\":{\"@type\":\"ImageObject\",\"inLanguage\":\"pt-BR\",\"@id\":\"https:\\\/\\\/diariodepe.com.br\\\/cri\\\/#\\\/schema\\\/logo\\\/image\\\/\",\"url\":\"https:\\\/\\\/diariodepe.com.br\\\/cri\\\/wp-content\\\/uploads\\\/sites\\\/2\\\/2022\\\/12\\\/cropped-Logo.jpg\",\"contentUrl\":\"https:\\\/\\\/diariodepe.com.br\\\/cri\\\/wp-content\\\/uploads\\\/sites\\\/2\\\/2022\\\/12\\\/cropped-Logo.jpg\",\"width\":700,\"height\":59,\"caption\":\"CRI e Diario de Pernambuco\"},\"image\":{\"@id\":\"https:\\\/\\\/diariodepe.com.br\\\/cri\\\/#\\\/schema\\\/logo\\\/image\\\/\"}},{\"@type\":\"Person\",\"@id\":\"https:\\\/\\\/diariodepe.com.br\\\/cri\\\/#\\\/schema\\\/person\\\/121bb28d84f1a5b1205ef4ce9c2e0c6b\",\"name\":\"Ismael Lucas S. Pereira\",\"image\":{\"@type\":\"ImageObject\",\"inLanguage\":\"pt-BR\",\"@id\":\"https:\\\/\\\/secure.gravatar.com\\\/avatar\\\/887a0f3b5a7ceea963a48499fb883ffce6b5037362def025c52c2505b15d63e4?s=96&d=mm&r=g\",\"url\":\"https:\\\/\\\/secure.gravatar.com\\\/avatar\\\/887a0f3b5a7ceea963a48499fb883ffce6b5037362def025c52c2505b15d63e4?s=96&d=mm&r=g\",\"contentUrl\":\"https:\\\/\\\/secure.gravatar.com\\\/avatar\\\/887a0f3b5a7ceea963a48499fb883ffce6b5037362def025c52c2505b15d63e4?s=96&d=mm&r=g\",\"caption\":\"Ismael Lucas S. Pereira\"},\"url\":\"https:\\\/\\\/diariodepe.com.br\\\/cri\\\/author\\\/ismael-lucas\\\/\"}]}<\/script>\n<!-- \/ Yoast SEO plugin. -->","yoast_head_json":{"title":"Xi Jinping reitera di\u00e1logo e coopera\u00e7\u00e3o em conversa com primeiro-ministro brit\u00e2nico - CRI e Diario de Pernambuco","robots":{"index":"index","follow":"follow","max-snippet":"max-snippet:-1","max-image-preview":"max-image-preview:large","max-video-preview":"max-video-preview:-1"},"canonical":"https:\/\/diariodepe.com.br\/cri\/2024\/08\/26\/xi-jinping-reitera-dialogo-e-cooperacao-em-conversa-com-primeiro-ministro-britanico\/","og_locale":"pt_BR","og_type":"article","og_title":"Xi Jinping reitera di\u00e1logo e coopera\u00e7\u00e3o em conversa com primeiro-ministro brit\u00e2nico - CRI e Diario de Pernambuco","og_description":"O presidente chin\u00eas, Xi Jinping, conversou por telefone na tarde desta sexta-feira (23) com o primeiro-ministro brit\u00e2nico, Keir Starmer. Xi Jinping congratulou Starmer por ter assumido o cargo de primeiro-ministro brit\u00e2nico, dizendo que a China e o Reino Unido, membros...","og_url":"https:\/\/diariodepe.com.br\/cri\/2024\/08\/26\/xi-jinping-reitera-dialogo-e-cooperacao-em-conversa-com-primeiro-ministro-britanico\/","og_site_name":"CRI e Diario de Pernambuco","article_published_time":"2024-08-26T06:57:42+00:00","og_image":[{"url":"https:\/\/p2crires.cri.cn\/photoworkspace\/cri\/contentimg\/2024\/08\/23\/2024082319455981557.jpeg","type":"","width":"","height":""}],"author":"Ismael Lucas S. Pereira","twitter_card":"summary_large_image","twitter_misc":{"Escrito por":"Ismael Lucas S. Pereira","Est. tempo de leitura":"2 minutos"},"schema":{"@context":"https:\/\/schema.org","@graph":[{"@type":"Article","@id":"https:\/\/diariodepe.com.br\/cri\/2024\/08\/26\/xi-jinping-reitera-dialogo-e-cooperacao-em-conversa-com-primeiro-ministro-britanico\/#article","isPartOf":{"@id":"https:\/\/diariodepe.com.br\/cri\/2024\/08\/26\/xi-jinping-reitera-dialogo-e-cooperacao-em-conversa-com-primeiro-ministro-britanico\/"},"author":{"name":"Ismael Lucas S. Pereira","@id":"https:\/\/diariodepe.com.br\/cri\/#\/schema\/person\/121bb28d84f1a5b1205ef4ce9c2e0c6b"},"headline":"Xi Jinping reitera di\u00e1logo e coopera\u00e7\u00e3o em conversa com primeiro-ministro brit\u00e2nico","datePublished":"2024-08-26T06:57:42+00:00","mainEntityOfPage":{"@id":"https:\/\/diariodepe.com.br\/cri\/2024\/08\/26\/xi-jinping-reitera-dialogo-e-cooperacao-em-conversa-com-primeiro-ministro-britanico\/"},"wordCount":352,"commentCount":0,"publisher":{"@id":"https:\/\/diariodepe.com.br\/cri\/#organization"},"image":{"@id":"https:\/\/diariodepe.com.br\/cri\/2024\/08\/26\/xi-jinping-reitera-dialogo-e-cooperacao-em-conversa-com-primeiro-ministro-britanico\/#primaryimage"},"thumbnailUrl":"https:\/\/p2crires.cri.cn\/photoworkspace\/cri\/contentimg\/2024\/08\/23\/2024082319455981557.jpeg","articleSection":["China"],"inLanguage":"pt-BR","potentialAction":[{"@type":"CommentAction","name":"Comment","target":["https:\/\/diariodepe.com.br\/cri\/2024\/08\/26\/xi-jinping-reitera-dialogo-e-cooperacao-em-conversa-com-primeiro-ministro-britanico\/#respond"]}]},{"@type":"WebPage","@id":"https:\/\/diariodepe.com.br\/cri\/2024\/08\/26\/xi-jinping-reitera-dialogo-e-cooperacao-em-conversa-com-primeiro-ministro-britanico\/","url":"https:\/\/diariodepe.com.br\/cri\/2024\/08\/26\/xi-jinping-reitera-dialogo-e-cooperacao-em-conversa-com-primeiro-ministro-britanico\/","name":"Xi Jinping reitera di\u00e1logo e coopera\u00e7\u00e3o em conversa com primeiro-ministro brit\u00e2nico - CRI e Diario de Pernambuco","isPartOf":{"@id":"https:\/\/diariodepe.com.br\/cri\/#website"},"primaryImageOfPage":{"@id":"https:\/\/diariodepe.com.br\/cri\/2024\/08\/26\/xi-jinping-reitera-dialogo-e-cooperacao-em-conversa-com-primeiro-ministro-britanico\/#primaryimage"},"image":{"@id":"https:\/\/diariodepe.com.br\/cri\/2024\/08\/26\/xi-jinping-reitera-dialogo-e-cooperacao-em-conversa-com-primeiro-ministro-britanico\/#primaryimage"},"thumbnailUrl":"https:\/\/p2crires.cri.cn\/photoworkspace\/cri\/contentimg\/2024\/08\/23\/2024082319455981557.jpeg","datePublished":"2024-08-26T06:57:42+00:00","breadcrumb":{"@id":"https:\/\/diariodepe.com.br\/cri\/2024\/08\/26\/xi-jinping-reitera-dialogo-e-cooperacao-em-conversa-com-primeiro-ministro-britanico\/#breadcrumb"},"inLanguage":"pt-BR","potentialAction":[{"@type":"ReadAction","target":["https:\/\/diariodepe.com.br\/cri\/2024\/08\/26\/xi-jinping-reitera-dialogo-e-cooperacao-em-conversa-com-primeiro-ministro-britanico\/"]}]},{"@type":"ImageObject","inLanguage":"pt-BR","@id":"https:\/\/diariodepe.com.br\/cri\/2024\/08\/26\/xi-jinping-reitera-dialogo-e-cooperacao-em-conversa-com-primeiro-ministro-britanico\/#primaryimage","url":"https:\/\/p2crires.cri.cn\/photoworkspace\/cri\/contentimg\/2024\/08\/23\/2024082319455981557.jpeg","contentUrl":"https:\/\/p2crires.cri.cn\/photoworkspace\/cri\/contentimg\/2024\/08\/23\/2024082319455981557.jpeg"},{"@type":"BreadcrumbList","@id":"https:\/\/diariodepe.com.br\/cri\/2024\/08\/26\/xi-jinping-reitera-dialogo-e-cooperacao-em-conversa-com-primeiro-ministro-britanico\/#breadcrumb","itemListElement":[{"@type":"ListItem","position":1,"name":"In\u00edcio","item":"https:\/\/diariodepe.com.br\/cri\/"},{"@type":"ListItem","position":2,"name":"Xi Jinping reitera di\u00e1logo e coopera\u00e7\u00e3o em conversa com primeiro-ministro brit\u00e2nico"}]},{"@type":"WebSite","@id":"https:\/\/diariodepe.com.br\/cri\/#website","url":"https:\/\/diariodepe.com.br\/cri\/","name":"CRI e Diario de Pernambuco","description":"R\u00e1dio Internacional da China","publisher":{"@id":"https:\/\/diariodepe.com.br\/cri\/#organization"},"potentialAction":[{"@type":"SearchAction","target":{"@type":"EntryPoint","urlTemplate":"https:\/\/diariodepe.com.br\/cri\/?s={search_term_string}"},"query-input":{"@type":"PropertyValueSpecification","valueRequired":true,"valueName":"search_term_string"}}],"inLanguage":"pt-BR"},{"@type":"Organization","@id":"https:\/\/diariodepe.com.br\/cri\/#organization","name":"CRI e Diario de Pernambuco","url":"https:\/\/diariodepe.com.br\/cri\/","logo":{"@type":"ImageObject","inLanguage":"pt-BR","@id":"https:\/\/diariodepe.com.br\/cri\/#\/schema\/logo\/image\/","url":"https:\/\/diariodepe.com.br\/cri\/wp-content\/uploads\/sites\/2\/2022\/12\/cropped-Logo.jpg","contentUrl":"https:\/\/diariodepe.com.br\/cri\/wp-content\/uploads\/sites\/2\/2022\/12\/cropped-Logo.jpg","width":700,"height":59,"caption":"CRI e Diario de Pernambuco"},"image":{"@id":"https:\/\/diariodepe.com.br\/cri\/#\/schema\/logo\/image\/"}},{"@type":"Person","@id":"https:\/\/diariodepe.com.br\/cri\/#\/schema\/person\/121bb28d84f1a5b1205ef4ce9c2e0c6b","name":"Ismael Lucas S. Pereira","image":{"@type":"ImageObject","inLanguage":"pt-BR","@id":"https:\/\/secure.gravatar.com\/avatar\/887a0f3b5a7ceea963a48499fb883ffce6b5037362def025c52c2505b15d63e4?s=96&d=mm&r=g","url":"https:\/\/secure.gravatar.com\/avatar\/887a0f3b5a7ceea963a48499fb883ffce6b5037362def025c52c2505b15d63e4?s=96&d=mm&r=g","contentUrl":"https:\/\/secure.gravatar.com\/avatar\/887a0f3b5a7ceea963a48499fb883ffce6b5037362def025c52c2505b15d63e4?s=96&d=mm&r=g","caption":"Ismael Lucas S. Pereira"},"url":"https:\/\/diariodepe.com.br\/cri\/author\/ismael-lucas\/"}]}},"cc_featured_image_caption":{"caption_text":false,"source_text":false,"source_url":false},"amp_enabled":true,"_links":{"self":[{"href":"https:\/\/diariodepe.com.br\/cri\/wp-json\/wp\/v2\/posts\/6045","targetHints":{"allow":["GET"]}}],"collection":[{"href":"https:\/\/diariodepe.com.br\/cri\/wp-json\/wp\/v2\/posts"}],"about":[{"href":"https:\/\/diariodepe.com.br\/cri\/wp-json\/wp\/v2\/types\/post"}],"author":[{"embeddable":true,"href":"https:\/\/diariodepe.com.br\/cri\/wp-json\/wp\/v2\/users\/2"}],"replies":[{"embeddable":true,"href":"https:\/\/diariodepe.com.br\/cri\/wp-json\/wp\/v2\/comments?post=6045"}],"version-history":[{"count":1,"href":"https:\/\/diariodepe.com.br\/cri\/wp-json\/wp\/v2\/posts\/6045\/revisions"}],"predecessor-version":[{"id":6046,"href":"https:\/\/diariodepe.com.br\/cri\/wp-json\/wp\/v2\/posts\/6045\/revisions\/6046"}],"wp:attachment":[{"href":"https:\/\/diariodepe.com.br\/cri\/wp-json\/wp\/v2\/media?parent=6045"}],"wp:term":[{"taxonomy":"category","embeddable":true,"href":"https:\/\/diariodepe.com.br\/cri\/wp-json\/wp\/v2\/categories?post=6045"},{"taxonomy":"post_tag","embeddable":true,"href":"https:\/\/diariodepe.com.br\/cri\/wp-json\/wp\/v2\/tags?post=6045"}],"curies":[{"name":"wp","href":"https:\/\/api.w.org\/{rel}","templated":true}]}}