{"id":6043,"date":"2024-08-26T03:57:01","date_gmt":"2024-08-26T06:57:01","guid":{"rendered":"https:\/\/diariodepe.com.br\/cri\/?p=6043"},"modified":"2024-08-26T03:57:01","modified_gmt":"2024-08-26T06:57:01","slug":"biro-politico-do-comite-central-do-pcch-delibera-sobre-grande-desenvolvimento-do-oeste","status":"publish","type":"post","link":"https:\/\/diariodepe.com.br\/cri\/2024\/08\/26\/biro-politico-do-comite-central-do-pcch-delibera-sobre-grande-desenvolvimento-do-oeste\/","title":{"rendered":"Bir\u00f4 Pol\u00edtico do Comit\u00ea Central do PCCh delibera sobre Grande Desenvolvimento do Oeste"},"content":{"rendered":"<p>O Bir\u00f4 Pol\u00edtico do Comit\u00ea Central do Partido Comunista da China (PCCh) reuniu-se nesta sexta-feira (23) para deliberar acerca de Diversas Pol\u00edticas e Medidas para Promover a Forma\u00e7\u00e3o de um Novo Paradigma no Grande Desenvolvimento do Oeste.<\/p>\n<p>A reuni\u00e3o foi presidida pelo secret\u00e1rio-geral do Comit\u00ea Central do PCCh, Xi Jinping. Na ocasi\u00e3o, os participantes apontaram que o Grande Desenvolvimento do Oeste \u00e9 uma decis\u00e3o estrat\u00e9gica importante tomada pelo Comit\u00ea Central do Partido. Ao implementar essa decis\u00e3o, \u00e9 preciso focar na prote\u00e7\u00e3o, abertura e desenvolvimento de alta qualidade e acelerar os esfor\u00e7os para formar um novo paradigma, al\u00e9m de elevar o poderio geral da regi\u00e3o e sua capacidade de desenvolvimento sustent\u00e1vel.<\/p>\n<p>Segundo foi destacado na reuni\u00e3o, \u00e9 necess\u00e1rio aprofundar a reforma em todas as \u00e1reas, emancipar e desenvolver ainda mais as for\u00e7as produtivas sociais, bem como estimular e aumentar a vitalidade social, de modo a encontrar um caminho de moderniza\u00e7\u00e3o adequado \u00e0 realidade do oeste da China. Os comit\u00eas do Partido de diversos n\u00edveis e os governos locais devem dedicar esfor\u00e7os constantes e s\u00f3lidos para implementar as disposi\u00e7\u00f5es e tarefas, escrevendo novos cap\u00edtulos do Grande Desenvolvimento do Oeste.<\/p>\n","protected":false},"excerpt":{"rendered":"<p>O Bir\u00f4 Pol\u00edtico do Comit\u00ea Central do Partido Comunista da China (PCCh) reuniu-se nesta sexta-feira (23) para deliberar acerca de Diversas Pol\u00edticas e Medidas para Promover a Forma\u00e7\u00e3o de um Novo Paradigma no Grande Desenvolvimento do Oeste. A reuni\u00e3o foi&#8230;<\/p>\n","protected":false},"author":2,"featured_media":0,"comment_status":"open","ping_status":"open","sticky":false,"template":"","format":"standard","meta":{"footnotes":""},"categories":[3],"tags":[],"class_list":["post-6043","post","type-post","status-publish","format-standard","hentry","category-china"],"yoast_head":"<!-- This site is optimized with the Yoast SEO plugin v27.4 - https:\/\/yoast.com\/product\/yoast-seo-wordpress\/ -->\n<title>Bir\u00f4 Pol\u00edtico do Comit\u00ea Central do PCCh delibera sobre Grande Desenvolvimento do Oeste - CRI e Diario de Pernambuco<\/title>\n<meta name=\"robots\" content=\"index, follow, max-snippet:-1, max-image-preview:large, max-video-preview:-1\" \/>\n<link rel=\"canonical\" href=\"https:\/\/diariodepe.com.br\/cri\/2024\/08\/26\/biro-politico-do-comite-central-do-pcch-delibera-sobre-grande-desenvolvimento-do-oeste\/\" \/>\n<meta property=\"og:locale\" content=\"pt_BR\" \/>\n<meta property=\"og:type\" content=\"article\" \/>\n<meta property=\"og:title\" content=\"Bir\u00f4 Pol\u00edtico do Comit\u00ea Central do PCCh delibera sobre Grande Desenvolvimento do Oeste - CRI e Diario de Pernambuco\" \/>\n<meta property=\"og:description\" content=\"O Bir\u00f4 Pol\u00edtico do Comit\u00ea Central do Partido Comunista da China (PCCh) reuniu-se nesta sexta-feira (23) para deliberar acerca de Diversas Pol\u00edticas e Medidas para Promover a Forma\u00e7\u00e3o de um Novo Paradigma no Grande Desenvolvimento do Oeste. A reuni\u00e3o foi...\" \/>\n<meta property=\"og:url\" content=\"https:\/\/diariodepe.com.br\/cri\/2024\/08\/26\/biro-politico-do-comite-central-do-pcch-delibera-sobre-grande-desenvolvimento-do-oeste\/\" \/>\n<meta property=\"og:site_name\" content=\"CRI e Diario de Pernambuco\" \/>\n<meta property=\"article:published_time\" content=\"2024-08-26T06:57:01+00:00\" \/>\n<meta name=\"author\" content=\"Ismael Lucas S. Pereira\" \/>\n<meta name=\"twitter:card\" content=\"summary_large_image\" \/>\n<meta name=\"twitter:label1\" content=\"Escrito por\" \/>\n\t<meta name=\"twitter:data1\" content=\"Ismael Lucas S. Pereira\" \/>\n\t<meta name=\"twitter:label2\" content=\"Est. tempo de leitura\" \/>\n\t<meta name=\"twitter:data2\" content=\"1 minuto\" \/>\n<script type=\"application\/ld+json\" class=\"yoast-schema-graph\">{\"@context\":\"https:\\\/\\\/schema.org\",\"@graph\":[{\"@type\":\"Article\",\"@id\":\"https:\\\/\\\/diariodepe.com.br\\\/cri\\\/2024\\\/08\\\/26\\\/biro-politico-do-comite-central-do-pcch-delibera-sobre-grande-desenvolvimento-do-oeste\\\/#article\",\"isPartOf\":{\"@id\":\"https:\\\/\\\/diariodepe.com.br\\\/cri\\\/2024\\\/08\\\/26\\\/biro-politico-do-comite-central-do-pcch-delibera-sobre-grande-desenvolvimento-do-oeste\\\/\"},\"author\":{\"name\":\"Ismael Lucas S. Pereira\",\"@id\":\"https:\\\/\\\/diariodepe.com.br\\\/cri\\\/#\\\/schema\\\/person\\\/121bb28d84f1a5b1205ef4ce9c2e0c6b\"},\"headline\":\"Bir\u00f4 Pol\u00edtico do Comit\u00ea Central do PCCh delibera sobre Grande Desenvolvimento do Oeste\",\"datePublished\":\"2024-08-26T06:57:01+00:00\",\"mainEntityOfPage\":{\"@id\":\"https:\\\/\\\/diariodepe.com.br\\\/cri\\\/2024\\\/08\\\/26\\\/biro-politico-do-comite-central-do-pcch-delibera-sobre-grande-desenvolvimento-do-oeste\\\/\"},\"wordCount\":220,\"commentCount\":0,\"publisher\":{\"@id\":\"https:\\\/\\\/diariodepe.com.br\\\/cri\\\/#organization\"},\"articleSection\":[\"China\"],\"inLanguage\":\"pt-BR\",\"potentialAction\":[{\"@type\":\"CommentAction\",\"name\":\"Comment\",\"target\":[\"https:\\\/\\\/diariodepe.com.br\\\/cri\\\/2024\\\/08\\\/26\\\/biro-politico-do-comite-central-do-pcch-delibera-sobre-grande-desenvolvimento-do-oeste\\\/#respond\"]}]},{\"@type\":\"WebPage\",\"@id\":\"https:\\\/\\\/diariodepe.com.br\\\/cri\\\/2024\\\/08\\\/26\\\/biro-politico-do-comite-central-do-pcch-delibera-sobre-grande-desenvolvimento-do-oeste\\\/\",\"url\":\"https:\\\/\\\/diariodepe.com.br\\\/cri\\\/2024\\\/08\\\/26\\\/biro-politico-do-comite-central-do-pcch-delibera-sobre-grande-desenvolvimento-do-oeste\\\/\",\"name\":\"Bir\u00f4 Pol\u00edtico do Comit\u00ea Central do PCCh delibera sobre Grande Desenvolvimento do Oeste - CRI e Diario de Pernambuco\",\"isPartOf\":{\"@id\":\"https:\\\/\\\/diariodepe.com.br\\\/cri\\\/#website\"},\"datePublished\":\"2024-08-26T06:57:01+00:00\",\"breadcrumb\":{\"@id\":\"https:\\\/\\\/diariodepe.com.br\\\/cri\\\/2024\\\/08\\\/26\\\/biro-politico-do-comite-central-do-pcch-delibera-sobre-grande-desenvolvimento-do-oeste\\\/#breadcrumb\"},\"inLanguage\":\"pt-BR\",\"potentialAction\":[{\"@type\":\"ReadAction\",\"target\":[\"https:\\\/\\\/diariodepe.com.br\\\/cri\\\/2024\\\/08\\\/26\\\/biro-politico-do-comite-central-do-pcch-delibera-sobre-grande-desenvolvimento-do-oeste\\\/\"]}]},{\"@type\":\"BreadcrumbList\",\"@id\":\"https:\\\/\\\/diariodepe.com.br\\\/cri\\\/2024\\\/08\\\/26\\\/biro-politico-do-comite-central-do-pcch-delibera-sobre-grande-desenvolvimento-do-oeste\\\/#breadcrumb\",\"itemListElement\":[{\"@type\":\"ListItem\",\"position\":1,\"name\":\"In\u00edcio\",\"item\":\"https:\\\/\\\/diariodepe.com.br\\\/cri\\\/\"},{\"@type\":\"ListItem\",\"position\":2,\"name\":\"Bir\u00f4 Pol\u00edtico do Comit\u00ea Central do PCCh delibera sobre Grande Desenvolvimento do Oeste\"}]},{\"@type\":\"WebSite\",\"@id\":\"https:\\\/\\\/diariodepe.com.br\\\/cri\\\/#website\",\"url\":\"https:\\\/\\\/diariodepe.com.br\\\/cri\\\/\",\"name\":\"CRI e Diario de Pernambuco\",\"description\":\"R\u00e1dio Internacional da China\",\"publisher\":{\"@id\":\"https:\\\/\\\/diariodepe.com.br\\\/cri\\\/#organization\"},\"potentialAction\":[{\"@type\":\"SearchAction\",\"target\":{\"@type\":\"EntryPoint\",\"urlTemplate\":\"https:\\\/\\\/diariodepe.com.br\\\/cri\\\/?s={search_term_string}\"},\"query-input\":{\"@type\":\"PropertyValueSpecification\",\"valueRequired\":true,\"valueName\":\"search_term_string\"}}],\"inLanguage\":\"pt-BR\"},{\"@type\":\"Organization\",\"@id\":\"https:\\\/\\\/diariodepe.com.br\\\/cri\\\/#organization\",\"name\":\"CRI e Diario de Pernambuco\",\"url\":\"https:\\\/\\\/diariodepe.com.br\\\/cri\\\/\",\"logo\":{\"@type\":\"ImageObject\",\"inLanguage\":\"pt-BR\",\"@id\":\"https:\\\/\\\/diariodepe.com.br\\\/cri\\\/#\\\/schema\\\/logo\\\/image\\\/\",\"url\":\"https:\\\/\\\/diariodepe.com.br\\\/cri\\\/wp-content\\\/uploads\\\/sites\\\/2\\\/2022\\\/12\\\/cropped-Logo.jpg\",\"contentUrl\":\"https:\\\/\\\/diariodepe.com.br\\\/cri\\\/wp-content\\\/uploads\\\/sites\\\/2\\\/2022\\\/12\\\/cropped-Logo.jpg\",\"width\":700,\"height\":59,\"caption\":\"CRI e Diario de Pernambuco\"},\"image\":{\"@id\":\"https:\\\/\\\/diariodepe.com.br\\\/cri\\\/#\\\/schema\\\/logo\\\/image\\\/\"}},{\"@type\":\"Person\",\"@id\":\"https:\\\/\\\/diariodepe.com.br\\\/cri\\\/#\\\/schema\\\/person\\\/121bb28d84f1a5b1205ef4ce9c2e0c6b\",\"name\":\"Ismael Lucas S. Pereira\",\"image\":{\"@type\":\"ImageObject\",\"inLanguage\":\"pt-BR\",\"@id\":\"https:\\\/\\\/secure.gravatar.com\\\/avatar\\\/887a0f3b5a7ceea963a48499fb883ffce6b5037362def025c52c2505b15d63e4?s=96&d=mm&r=g\",\"url\":\"https:\\\/\\\/secure.gravatar.com\\\/avatar\\\/887a0f3b5a7ceea963a48499fb883ffce6b5037362def025c52c2505b15d63e4?s=96&d=mm&r=g\",\"contentUrl\":\"https:\\\/\\\/secure.gravatar.com\\\/avatar\\\/887a0f3b5a7ceea963a48499fb883ffce6b5037362def025c52c2505b15d63e4?s=96&d=mm&r=g\",\"caption\":\"Ismael Lucas S. Pereira\"},\"url\":\"https:\\\/\\\/diariodepe.com.br\\\/cri\\\/author\\\/ismael-lucas\\\/\"}]}<\/script>\n<!-- \/ Yoast SEO plugin. -->","yoast_head_json":{"title":"Bir\u00f4 Pol\u00edtico do Comit\u00ea Central do PCCh delibera sobre Grande Desenvolvimento do Oeste - CRI e Diario de Pernambuco","robots":{"index":"index","follow":"follow","max-snippet":"max-snippet:-1","max-image-preview":"max-image-preview:large","max-video-preview":"max-video-preview:-1"},"canonical":"https:\/\/diariodepe.com.br\/cri\/2024\/08\/26\/biro-politico-do-comite-central-do-pcch-delibera-sobre-grande-desenvolvimento-do-oeste\/","og_locale":"pt_BR","og_type":"article","og_title":"Bir\u00f4 Pol\u00edtico do Comit\u00ea Central do PCCh delibera sobre Grande Desenvolvimento do Oeste - CRI e Diario de Pernambuco","og_description":"O Bir\u00f4 Pol\u00edtico do Comit\u00ea Central do Partido Comunista da China (PCCh) reuniu-se nesta sexta-feira (23) para deliberar acerca de Diversas Pol\u00edticas e Medidas para Promover a Forma\u00e7\u00e3o de um Novo Paradigma no Grande Desenvolvimento do Oeste. A reuni\u00e3o foi...","og_url":"https:\/\/diariodepe.com.br\/cri\/2024\/08\/26\/biro-politico-do-comite-central-do-pcch-delibera-sobre-grande-desenvolvimento-do-oeste\/","og_site_name":"CRI e Diario de Pernambuco","article_published_time":"2024-08-26T06:57:01+00:00","author":"Ismael Lucas S. Pereira","twitter_card":"summary_large_image","twitter_misc":{"Escrito por":"Ismael Lucas S. Pereira","Est. tempo de leitura":"1 minuto"},"schema":{"@context":"https:\/\/schema.org","@graph":[{"@type":"Article","@id":"https:\/\/diariodepe.com.br\/cri\/2024\/08\/26\/biro-politico-do-comite-central-do-pcch-delibera-sobre-grande-desenvolvimento-do-oeste\/#article","isPartOf":{"@id":"https:\/\/diariodepe.com.br\/cri\/2024\/08\/26\/biro-politico-do-comite-central-do-pcch-delibera-sobre-grande-desenvolvimento-do-oeste\/"},"author":{"name":"Ismael Lucas S. Pereira","@id":"https:\/\/diariodepe.com.br\/cri\/#\/schema\/person\/121bb28d84f1a5b1205ef4ce9c2e0c6b"},"headline":"Bir\u00f4 Pol\u00edtico do Comit\u00ea Central do PCCh delibera sobre Grande Desenvolvimento do Oeste","datePublished":"2024-08-26T06:57:01+00:00","mainEntityOfPage":{"@id":"https:\/\/diariodepe.com.br\/cri\/2024\/08\/26\/biro-politico-do-comite-central-do-pcch-delibera-sobre-grande-desenvolvimento-do-oeste\/"},"wordCount":220,"commentCount":0,"publisher":{"@id":"https:\/\/diariodepe.com.br\/cri\/#organization"},"articleSection":["China"],"inLanguage":"pt-BR","potentialAction":[{"@type":"CommentAction","name":"Comment","target":["https:\/\/diariodepe.com.br\/cri\/2024\/08\/26\/biro-politico-do-comite-central-do-pcch-delibera-sobre-grande-desenvolvimento-do-oeste\/#respond"]}]},{"@type":"WebPage","@id":"https:\/\/diariodepe.com.br\/cri\/2024\/08\/26\/biro-politico-do-comite-central-do-pcch-delibera-sobre-grande-desenvolvimento-do-oeste\/","url":"https:\/\/diariodepe.com.br\/cri\/2024\/08\/26\/biro-politico-do-comite-central-do-pcch-delibera-sobre-grande-desenvolvimento-do-oeste\/","name":"Bir\u00f4 Pol\u00edtico do Comit\u00ea Central do PCCh delibera sobre Grande Desenvolvimento do Oeste - CRI e Diario de Pernambuco","isPartOf":{"@id":"https:\/\/diariodepe.com.br\/cri\/#website"},"datePublished":"2024-08-26T06:57:01+00:00","breadcrumb":{"@id":"https:\/\/diariodepe.com.br\/cri\/2024\/08\/26\/biro-politico-do-comite-central-do-pcch-delibera-sobre-grande-desenvolvimento-do-oeste\/#breadcrumb"},"inLanguage":"pt-BR","potentialAction":[{"@type":"ReadAction","target":["https:\/\/diariodepe.com.br\/cri\/2024\/08\/26\/biro-politico-do-comite-central-do-pcch-delibera-sobre-grande-desenvolvimento-do-oeste\/"]}]},{"@type":"BreadcrumbList","@id":"https:\/\/diariodepe.com.br\/cri\/2024\/08\/26\/biro-politico-do-comite-central-do-pcch-delibera-sobre-grande-desenvolvimento-do-oeste\/#breadcrumb","itemListElement":[{"@type":"ListItem","position":1,"name":"In\u00edcio","item":"https:\/\/diariodepe.com.br\/cri\/"},{"@type":"ListItem","position":2,"name":"Bir\u00f4 Pol\u00edtico do Comit\u00ea Central do PCCh delibera sobre Grande Desenvolvimento do Oeste"}]},{"@type":"WebSite","@id":"https:\/\/diariodepe.com.br\/cri\/#website","url":"https:\/\/diariodepe.com.br\/cri\/","name":"CRI e Diario de Pernambuco","description":"R\u00e1dio Internacional da China","publisher":{"@id":"https:\/\/diariodepe.com.br\/cri\/#organization"},"potentialAction":[{"@type":"SearchAction","target":{"@type":"EntryPoint","urlTemplate":"https:\/\/diariodepe.com.br\/cri\/?s={search_term_string}"},"query-input":{"@type":"PropertyValueSpecification","valueRequired":true,"valueName":"search_term_string"}}],"inLanguage":"pt-BR"},{"@type":"Organization","@id":"https:\/\/diariodepe.com.br\/cri\/#organization","name":"CRI e Diario de Pernambuco","url":"https:\/\/diariodepe.com.br\/cri\/","logo":{"@type":"ImageObject","inLanguage":"pt-BR","@id":"https:\/\/diariodepe.com.br\/cri\/#\/schema\/logo\/image\/","url":"https:\/\/diariodepe.com.br\/cri\/wp-content\/uploads\/sites\/2\/2022\/12\/cropped-Logo.jpg","contentUrl":"https:\/\/diariodepe.com.br\/cri\/wp-content\/uploads\/sites\/2\/2022\/12\/cropped-Logo.jpg","width":700,"height":59,"caption":"CRI e Diario de Pernambuco"},"image":{"@id":"https:\/\/diariodepe.com.br\/cri\/#\/schema\/logo\/image\/"}},{"@type":"Person","@id":"https:\/\/diariodepe.com.br\/cri\/#\/schema\/person\/121bb28d84f1a5b1205ef4ce9c2e0c6b","name":"Ismael Lucas S. Pereira","image":{"@type":"ImageObject","inLanguage":"pt-BR","@id":"https:\/\/secure.gravatar.com\/avatar\/887a0f3b5a7ceea963a48499fb883ffce6b5037362def025c52c2505b15d63e4?s=96&d=mm&r=g","url":"https:\/\/secure.gravatar.com\/avatar\/887a0f3b5a7ceea963a48499fb883ffce6b5037362def025c52c2505b15d63e4?s=96&d=mm&r=g","contentUrl":"https:\/\/secure.gravatar.com\/avatar\/887a0f3b5a7ceea963a48499fb883ffce6b5037362def025c52c2505b15d63e4?s=96&d=mm&r=g","caption":"Ismael Lucas S. Pereira"},"url":"https:\/\/diariodepe.com.br\/cri\/author\/ismael-lucas\/"}]}},"cc_featured_image_caption":{"caption_text":false,"source_text":false,"source_url":false},"amp_enabled":true,"_links":{"self":[{"href":"https:\/\/diariodepe.com.br\/cri\/wp-json\/wp\/v2\/posts\/6043","targetHints":{"allow":["GET"]}}],"collection":[{"href":"https:\/\/diariodepe.com.br\/cri\/wp-json\/wp\/v2\/posts"}],"about":[{"href":"https:\/\/diariodepe.com.br\/cri\/wp-json\/wp\/v2\/types\/post"}],"author":[{"embeddable":true,"href":"https:\/\/diariodepe.com.br\/cri\/wp-json\/wp\/v2\/users\/2"}],"replies":[{"embeddable":true,"href":"https:\/\/diariodepe.com.br\/cri\/wp-json\/wp\/v2\/comments?post=6043"}],"version-history":[{"count":1,"href":"https:\/\/diariodepe.com.br\/cri\/wp-json\/wp\/v2\/posts\/6043\/revisions"}],"predecessor-version":[{"id":6044,"href":"https:\/\/diariodepe.com.br\/cri\/wp-json\/wp\/v2\/posts\/6043\/revisions\/6044"}],"wp:attachment":[{"href":"https:\/\/diariodepe.com.br\/cri\/wp-json\/wp\/v2\/media?parent=6043"}],"wp:term":[{"taxonomy":"category","embeddable":true,"href":"https:\/\/diariodepe.com.br\/cri\/wp-json\/wp\/v2\/categories?post=6043"},{"taxonomy":"post_tag","embeddable":true,"href":"https:\/\/diariodepe.com.br\/cri\/wp-json\/wp\/v2\/tags?post=6043"}],"curies":[{"name":"wp","href":"https:\/\/api.w.org\/{rel}","templated":true}]}}