{"id":6039,"date":"2024-08-23T00:08:17","date_gmt":"2024-08-23T03:08:17","guid":{"rendered":"https:\/\/diariodepe.com.br\/cri\/?p=6039"},"modified":"2024-08-23T00:08:17","modified_gmt":"2024-08-23T03:08:17","slug":"ue-nao-pode-perder-ultima-janela-de-oportunidade-para-resolver-disputa-sobre-veiculos-eletricos","status":"publish","type":"post","link":"https:\/\/diariodepe.com.br\/cri\/2024\/08\/23\/ue-nao-pode-perder-ultima-janela-de-oportunidade-para-resolver-disputa-sobre-veiculos-eletricos\/","title":{"rendered":"UE n\u00e3o pode perder \u00faltima \u201cjanela de oportunidade\u201d para resolver disputa sobre ve\u00edculos el\u00e9tricos"},"content":{"rendered":"<p class=\"photo_img_20190808\" data-spm-anchor-id=\"0.0.0.i1\"><img decoding=\"async\" src=\"https:\/\/p1crires.cri.cn\/photoworkspace\/cri\/contentimg\/2024\/08\/21\/2024082120552142703.png\" alt=\"\" \/><\/p>\n<p>No m\u00eas passado, a Comiss\u00e3o Europeia imp\u00f4s tarifas adicionais provis\u00f3rias de at\u00e9 37,6% sobre os fabricantes chineses de ve\u00edculos el\u00e9tricos, depois de haver iniciado uma investiga\u00e7\u00e3o antissubs\u00eddios sobre tais produtos em outubro de 2023.<\/p>\n<p>Na ter\u00e7a-feira (20), a Comiss\u00e3o Europeia publicou um projeto de resolu\u00e7\u00e3o para tornar essas tarifas definitivas, com taxas ligeiramente revisadas, sujeitas \u00e0 aprova\u00e7\u00e3o dos Estados-membros da Uni\u00e3o Europeia (UE).<\/p>\n<p>De acordo com as informa\u00e7\u00f5es divulgadas, as al\u00edquotas de tarifas antissubs\u00eddio para as tr\u00eas fabricantes chinesas de ve\u00edculos el\u00e9tricos inclu\u00eddas na amostra, BYD, Geely e SAIC, s\u00e3o de 17,0%, 19,3% e 36,3%, respectivamente.<\/p>\n<p>Desde o final de junho deste ano, a China e a Uni\u00e3o Europeia realizaram mais de 10 rodadas de consultas t\u00e9cnicas para resolver a disputa sobre ve\u00edculos el\u00e9tricos. No entanto, a divulga\u00e7\u00e3o do veredicto emitido pelo lado europeu n\u00e3o incorporou totalmente as opini\u00f5es do lado chin\u00eas e seguiu insistindo na abordagem errada. Ela se baseia em \u201cfatos\u201d determinados unilateralmente pela contraparte europeia, em vez de levar em considera\u00e7\u00e3o os elementos mutuamente acordados por ambos os lados. Isso contraria as \u201cregras, o Estado de direito e a justi\u00e7a\u201d defendidos pelos europeus.<\/p>\n<p>Algumas an\u00e1lises apontaram que a Uni\u00e3o Europeia pode perder investimentos chineses com as tarifas adicionais sobre carros el\u00e9tricos do pa\u00eds asi\u00e1tico. Portanto, os pa\u00edses do bloco precisam dizer \u201cn\u00e3o\u201d \u00e0 Comiss\u00e3o Europeia, que est\u00e1 estabelecendo tarifas altas.<\/p>\n<p>A ess\u00eancia da coopera\u00e7\u00e3o entre a China e a UE \u00e9 o benef\u00edcio e o ganho m\u00fatuos. A China sempre se comprometeu, com a maior sinceridade, a lidar adequadamente com as disputas comerciais com a UE por meio de di\u00e1logo e consultas. Mas isso n\u00e3o significa que ficar\u00e1 de bra\u00e7os cruzados, vendo seus interesses serem prejudicados e se tornando uma v\u00edtima do protecionismo comercial.<\/p>\n<p>No dia 9 deste m\u00eas, a China solicitou a solu\u00e7\u00e3o da OMC sobre as controv\u00e9rsias tarif\u00e1rias com a UE. Isso emitiu um sinal claro para a comunidade internacional: a China tomar\u00e1 todas as medidas necess\u00e1rias para defender firmemente os direitos e interesses leg\u00edtimos de suas empresas.<\/p>\n<p>De acordo com a agenda regional, a Comiss\u00e3o Europeia tomar\u00e1 uma decis\u00e3o final at\u00e9 4 de novembro. \u00c0 medida que a \u201cjanela de oportunidade\u201d final se aproxima, o lado europeu precisa ouvir atentamente as vozes internas e acelerar as discuss\u00f5es com a contraparte chinesa sobre as solu\u00e7\u00f5es adequadas para evitar a escalada do atrito comercial e o impacto sobre a confian\u00e7a m\u00fatua e a coopera\u00e7\u00e3o entre a China e a UE.<\/p>\n","protected":false},"excerpt":{"rendered":"<p>No m\u00eas passado, a Comiss\u00e3o Europeia imp\u00f4s tarifas adicionais provis\u00f3rias de at\u00e9 37,6% sobre os fabricantes chineses de ve\u00edculos el\u00e9tricos, depois de haver iniciado uma investiga\u00e7\u00e3o antissubs\u00eddios sobre tais produtos em outubro de 2023. Na ter\u00e7a-feira (20), a Comiss\u00e3o Europeia&#8230;<\/p>\n","protected":false},"author":2,"featured_media":0,"comment_status":"open","ping_status":"open","sticky":false,"template":"","format":"standard","meta":{"footnotes":""},"categories":[1],"tags":[],"class_list":["post-6039","post","type-post","status-publish","format-standard","hentry","category-estudio-paulista"],"yoast_head":"<!-- This site is optimized with the Yoast SEO plugin v27.4 - https:\/\/yoast.com\/product\/yoast-seo-wordpress\/ -->\n<title>UE n\u00e3o pode perder \u00faltima \u201cjanela de oportunidade\u201d para resolver disputa sobre ve\u00edculos el\u00e9tricos - CRI e Diario de Pernambuco<\/title>\n<meta name=\"robots\" content=\"index, follow, max-snippet:-1, max-image-preview:large, max-video-preview:-1\" \/>\n<link rel=\"canonical\" href=\"https:\/\/diariodepe.com.br\/cri\/2024\/08\/23\/ue-nao-pode-perder-ultima-janela-de-oportunidade-para-resolver-disputa-sobre-veiculos-eletricos\/\" \/>\n<meta property=\"og:locale\" content=\"pt_BR\" \/>\n<meta property=\"og:type\" content=\"article\" \/>\n<meta property=\"og:title\" content=\"UE n\u00e3o pode perder \u00faltima \u201cjanela de oportunidade\u201d para resolver disputa sobre ve\u00edculos el\u00e9tricos - CRI e Diario de Pernambuco\" \/>\n<meta property=\"og:description\" content=\"No m\u00eas passado, a Comiss\u00e3o Europeia imp\u00f4s tarifas adicionais provis\u00f3rias de at\u00e9 37,6% sobre os fabricantes chineses de ve\u00edculos el\u00e9tricos, depois de haver iniciado uma investiga\u00e7\u00e3o antissubs\u00eddios sobre tais produtos em outubro de 2023. Na ter\u00e7a-feira (20), a Comiss\u00e3o Europeia...\" \/>\n<meta property=\"og:url\" content=\"https:\/\/diariodepe.com.br\/cri\/2024\/08\/23\/ue-nao-pode-perder-ultima-janela-de-oportunidade-para-resolver-disputa-sobre-veiculos-eletricos\/\" \/>\n<meta property=\"og:site_name\" content=\"CRI e Diario de Pernambuco\" \/>\n<meta property=\"article:published_time\" content=\"2024-08-23T03:08:17+00:00\" \/>\n<meta property=\"og:image\" content=\"https:\/\/p1crires.cri.cn\/photoworkspace\/cri\/contentimg\/2024\/08\/21\/2024082120552142703.png\" \/>\n<meta name=\"author\" content=\"Ismael Lucas S. Pereira\" \/>\n<meta name=\"twitter:card\" content=\"summary_large_image\" \/>\n<meta name=\"twitter:label1\" content=\"Escrito por\" \/>\n\t<meta name=\"twitter:data1\" content=\"Ismael Lucas S. Pereira\" \/>\n\t<meta name=\"twitter:label2\" content=\"Est. tempo de leitura\" \/>\n\t<meta name=\"twitter:data2\" content=\"3 minutos\" \/>\n<script type=\"application\/ld+json\" class=\"yoast-schema-graph\">{\"@context\":\"https:\\\/\\\/schema.org\",\"@graph\":[{\"@type\":\"Article\",\"@id\":\"https:\\\/\\\/diariodepe.com.br\\\/cri\\\/2024\\\/08\\\/23\\\/ue-nao-pode-perder-ultima-janela-de-oportunidade-para-resolver-disputa-sobre-veiculos-eletricos\\\/#article\",\"isPartOf\":{\"@id\":\"https:\\\/\\\/diariodepe.com.br\\\/cri\\\/2024\\\/08\\\/23\\\/ue-nao-pode-perder-ultima-janela-de-oportunidade-para-resolver-disputa-sobre-veiculos-eletricos\\\/\"},\"author\":{\"name\":\"Ismael Lucas S. Pereira\",\"@id\":\"https:\\\/\\\/diariodepe.com.br\\\/cri\\\/#\\\/schema\\\/person\\\/121bb28d84f1a5b1205ef4ce9c2e0c6b\"},\"headline\":\"UE n\u00e3o pode perder \u00faltima \u201cjanela de oportunidade\u201d para resolver disputa sobre ve\u00edculos el\u00e9tricos\",\"datePublished\":\"2024-08-23T03:08:17+00:00\",\"mainEntityOfPage\":{\"@id\":\"https:\\\/\\\/diariodepe.com.br\\\/cri\\\/2024\\\/08\\\/23\\\/ue-nao-pode-perder-ultima-janela-de-oportunidade-para-resolver-disputa-sobre-veiculos-eletricos\\\/\"},\"wordCount\":468,\"commentCount\":0,\"publisher\":{\"@id\":\"https:\\\/\\\/diariodepe.com.br\\\/cri\\\/#organization\"},\"image\":{\"@id\":\"https:\\\/\\\/diariodepe.com.br\\\/cri\\\/2024\\\/08\\\/23\\\/ue-nao-pode-perder-ultima-janela-de-oportunidade-para-resolver-disputa-sobre-veiculos-eletricos\\\/#primaryimage\"},\"thumbnailUrl\":\"https:\\\/\\\/p1crires.cri.cn\\\/photoworkspace\\\/cri\\\/contentimg\\\/2024\\\/08\\\/21\\\/2024082120552142703.png\",\"articleSection\":[\"Est\u00fadio Paulista\"],\"inLanguage\":\"pt-BR\",\"potentialAction\":[{\"@type\":\"CommentAction\",\"name\":\"Comment\",\"target\":[\"https:\\\/\\\/diariodepe.com.br\\\/cri\\\/2024\\\/08\\\/23\\\/ue-nao-pode-perder-ultima-janela-de-oportunidade-para-resolver-disputa-sobre-veiculos-eletricos\\\/#respond\"]}]},{\"@type\":\"WebPage\",\"@id\":\"https:\\\/\\\/diariodepe.com.br\\\/cri\\\/2024\\\/08\\\/23\\\/ue-nao-pode-perder-ultima-janela-de-oportunidade-para-resolver-disputa-sobre-veiculos-eletricos\\\/\",\"url\":\"https:\\\/\\\/diariodepe.com.br\\\/cri\\\/2024\\\/08\\\/23\\\/ue-nao-pode-perder-ultima-janela-de-oportunidade-para-resolver-disputa-sobre-veiculos-eletricos\\\/\",\"name\":\"UE n\u00e3o pode perder \u00faltima \u201cjanela de oportunidade\u201d para resolver disputa sobre ve\u00edculos el\u00e9tricos - CRI e Diario de Pernambuco\",\"isPartOf\":{\"@id\":\"https:\\\/\\\/diariodepe.com.br\\\/cri\\\/#website\"},\"primaryImageOfPage\":{\"@id\":\"https:\\\/\\\/diariodepe.com.br\\\/cri\\\/2024\\\/08\\\/23\\\/ue-nao-pode-perder-ultima-janela-de-oportunidade-para-resolver-disputa-sobre-veiculos-eletricos\\\/#primaryimage\"},\"image\":{\"@id\":\"https:\\\/\\\/diariodepe.com.br\\\/cri\\\/2024\\\/08\\\/23\\\/ue-nao-pode-perder-ultima-janela-de-oportunidade-para-resolver-disputa-sobre-veiculos-eletricos\\\/#primaryimage\"},\"thumbnailUrl\":\"https:\\\/\\\/p1crires.cri.cn\\\/photoworkspace\\\/cri\\\/contentimg\\\/2024\\\/08\\\/21\\\/2024082120552142703.png\",\"datePublished\":\"2024-08-23T03:08:17+00:00\",\"breadcrumb\":{\"@id\":\"https:\\\/\\\/diariodepe.com.br\\\/cri\\\/2024\\\/08\\\/23\\\/ue-nao-pode-perder-ultima-janela-de-oportunidade-para-resolver-disputa-sobre-veiculos-eletricos\\\/#breadcrumb\"},\"inLanguage\":\"pt-BR\",\"potentialAction\":[{\"@type\":\"ReadAction\",\"target\":[\"https:\\\/\\\/diariodepe.com.br\\\/cri\\\/2024\\\/08\\\/23\\\/ue-nao-pode-perder-ultima-janela-de-oportunidade-para-resolver-disputa-sobre-veiculos-eletricos\\\/\"]}]},{\"@type\":\"ImageObject\",\"inLanguage\":\"pt-BR\",\"@id\":\"https:\\\/\\\/diariodepe.com.br\\\/cri\\\/2024\\\/08\\\/23\\\/ue-nao-pode-perder-ultima-janela-de-oportunidade-para-resolver-disputa-sobre-veiculos-eletricos\\\/#primaryimage\",\"url\":\"https:\\\/\\\/p1crires.cri.cn\\\/photoworkspace\\\/cri\\\/contentimg\\\/2024\\\/08\\\/21\\\/2024082120552142703.png\",\"contentUrl\":\"https:\\\/\\\/p1crires.cri.cn\\\/photoworkspace\\\/cri\\\/contentimg\\\/2024\\\/08\\\/21\\\/2024082120552142703.png\"},{\"@type\":\"BreadcrumbList\",\"@id\":\"https:\\\/\\\/diariodepe.com.br\\\/cri\\\/2024\\\/08\\\/23\\\/ue-nao-pode-perder-ultima-janela-de-oportunidade-para-resolver-disputa-sobre-veiculos-eletricos\\\/#breadcrumb\",\"itemListElement\":[{\"@type\":\"ListItem\",\"position\":1,\"name\":\"In\u00edcio\",\"item\":\"https:\\\/\\\/diariodepe.com.br\\\/cri\\\/\"},{\"@type\":\"ListItem\",\"position\":2,\"name\":\"UE n\u00e3o pode perder \u00faltima \u201cjanela de oportunidade\u201d para resolver disputa sobre ve\u00edculos el\u00e9tricos\"}]},{\"@type\":\"WebSite\",\"@id\":\"https:\\\/\\\/diariodepe.com.br\\\/cri\\\/#website\",\"url\":\"https:\\\/\\\/diariodepe.com.br\\\/cri\\\/\",\"name\":\"CRI e Diario de Pernambuco\",\"description\":\"R\u00e1dio Internacional da China\",\"publisher\":{\"@id\":\"https:\\\/\\\/diariodepe.com.br\\\/cri\\\/#organization\"},\"potentialAction\":[{\"@type\":\"SearchAction\",\"target\":{\"@type\":\"EntryPoint\",\"urlTemplate\":\"https:\\\/\\\/diariodepe.com.br\\\/cri\\\/?s={search_term_string}\"},\"query-input\":{\"@type\":\"PropertyValueSpecification\",\"valueRequired\":true,\"valueName\":\"search_term_string\"}}],\"inLanguage\":\"pt-BR\"},{\"@type\":\"Organization\",\"@id\":\"https:\\\/\\\/diariodepe.com.br\\\/cri\\\/#organization\",\"name\":\"CRI e Diario de Pernambuco\",\"url\":\"https:\\\/\\\/diariodepe.com.br\\\/cri\\\/\",\"logo\":{\"@type\":\"ImageObject\",\"inLanguage\":\"pt-BR\",\"@id\":\"https:\\\/\\\/diariodepe.com.br\\\/cri\\\/#\\\/schema\\\/logo\\\/image\\\/\",\"url\":\"https:\\\/\\\/diariodepe.com.br\\\/cri\\\/wp-content\\\/uploads\\\/sites\\\/2\\\/2022\\\/12\\\/cropped-Logo.jpg\",\"contentUrl\":\"https:\\\/\\\/diariodepe.com.br\\\/cri\\\/wp-content\\\/uploads\\\/sites\\\/2\\\/2022\\\/12\\\/cropped-Logo.jpg\",\"width\":700,\"height\":59,\"caption\":\"CRI e Diario de Pernambuco\"},\"image\":{\"@id\":\"https:\\\/\\\/diariodepe.com.br\\\/cri\\\/#\\\/schema\\\/logo\\\/image\\\/\"}},{\"@type\":\"Person\",\"@id\":\"https:\\\/\\\/diariodepe.com.br\\\/cri\\\/#\\\/schema\\\/person\\\/121bb28d84f1a5b1205ef4ce9c2e0c6b\",\"name\":\"Ismael Lucas S. Pereira\",\"image\":{\"@type\":\"ImageObject\",\"inLanguage\":\"pt-BR\",\"@id\":\"https:\\\/\\\/secure.gravatar.com\\\/avatar\\\/887a0f3b5a7ceea963a48499fb883ffce6b5037362def025c52c2505b15d63e4?s=96&d=mm&r=g\",\"url\":\"https:\\\/\\\/secure.gravatar.com\\\/avatar\\\/887a0f3b5a7ceea963a48499fb883ffce6b5037362def025c52c2505b15d63e4?s=96&d=mm&r=g\",\"contentUrl\":\"https:\\\/\\\/secure.gravatar.com\\\/avatar\\\/887a0f3b5a7ceea963a48499fb883ffce6b5037362def025c52c2505b15d63e4?s=96&d=mm&r=g\",\"caption\":\"Ismael Lucas S. Pereira\"},\"url\":\"https:\\\/\\\/diariodepe.com.br\\\/cri\\\/author\\\/ismael-lucas\\\/\"}]}<\/script>\n<!-- \/ Yoast SEO plugin. -->","yoast_head_json":{"title":"UE n\u00e3o pode perder \u00faltima \u201cjanela de oportunidade\u201d para resolver disputa sobre ve\u00edculos el\u00e9tricos - CRI e Diario de Pernambuco","robots":{"index":"index","follow":"follow","max-snippet":"max-snippet:-1","max-image-preview":"max-image-preview:large","max-video-preview":"max-video-preview:-1"},"canonical":"https:\/\/diariodepe.com.br\/cri\/2024\/08\/23\/ue-nao-pode-perder-ultima-janela-de-oportunidade-para-resolver-disputa-sobre-veiculos-eletricos\/","og_locale":"pt_BR","og_type":"article","og_title":"UE n\u00e3o pode perder \u00faltima \u201cjanela de oportunidade\u201d para resolver disputa sobre ve\u00edculos el\u00e9tricos - CRI e Diario de Pernambuco","og_description":"No m\u00eas passado, a Comiss\u00e3o Europeia imp\u00f4s tarifas adicionais provis\u00f3rias de at\u00e9 37,6% sobre os fabricantes chineses de ve\u00edculos el\u00e9tricos, depois de haver iniciado uma investiga\u00e7\u00e3o antissubs\u00eddios sobre tais produtos em outubro de 2023. Na ter\u00e7a-feira (20), a Comiss\u00e3o Europeia...","og_url":"https:\/\/diariodepe.com.br\/cri\/2024\/08\/23\/ue-nao-pode-perder-ultima-janela-de-oportunidade-para-resolver-disputa-sobre-veiculos-eletricos\/","og_site_name":"CRI e Diario de Pernambuco","article_published_time":"2024-08-23T03:08:17+00:00","og_image":[{"url":"https:\/\/p1crires.cri.cn\/photoworkspace\/cri\/contentimg\/2024\/08\/21\/2024082120552142703.png","type":"","width":"","height":""}],"author":"Ismael Lucas S. Pereira","twitter_card":"summary_large_image","twitter_misc":{"Escrito por":"Ismael Lucas S. Pereira","Est. tempo de leitura":"3 minutos"},"schema":{"@context":"https:\/\/schema.org","@graph":[{"@type":"Article","@id":"https:\/\/diariodepe.com.br\/cri\/2024\/08\/23\/ue-nao-pode-perder-ultima-janela-de-oportunidade-para-resolver-disputa-sobre-veiculos-eletricos\/#article","isPartOf":{"@id":"https:\/\/diariodepe.com.br\/cri\/2024\/08\/23\/ue-nao-pode-perder-ultima-janela-de-oportunidade-para-resolver-disputa-sobre-veiculos-eletricos\/"},"author":{"name":"Ismael Lucas S. Pereira","@id":"https:\/\/diariodepe.com.br\/cri\/#\/schema\/person\/121bb28d84f1a5b1205ef4ce9c2e0c6b"},"headline":"UE n\u00e3o pode perder \u00faltima \u201cjanela de oportunidade\u201d para resolver disputa sobre ve\u00edculos el\u00e9tricos","datePublished":"2024-08-23T03:08:17+00:00","mainEntityOfPage":{"@id":"https:\/\/diariodepe.com.br\/cri\/2024\/08\/23\/ue-nao-pode-perder-ultima-janela-de-oportunidade-para-resolver-disputa-sobre-veiculos-eletricos\/"},"wordCount":468,"commentCount":0,"publisher":{"@id":"https:\/\/diariodepe.com.br\/cri\/#organization"},"image":{"@id":"https:\/\/diariodepe.com.br\/cri\/2024\/08\/23\/ue-nao-pode-perder-ultima-janela-de-oportunidade-para-resolver-disputa-sobre-veiculos-eletricos\/#primaryimage"},"thumbnailUrl":"https:\/\/p1crires.cri.cn\/photoworkspace\/cri\/contentimg\/2024\/08\/21\/2024082120552142703.png","articleSection":["Est\u00fadio Paulista"],"inLanguage":"pt-BR","potentialAction":[{"@type":"CommentAction","name":"Comment","target":["https:\/\/diariodepe.com.br\/cri\/2024\/08\/23\/ue-nao-pode-perder-ultima-janela-de-oportunidade-para-resolver-disputa-sobre-veiculos-eletricos\/#respond"]}]},{"@type":"WebPage","@id":"https:\/\/diariodepe.com.br\/cri\/2024\/08\/23\/ue-nao-pode-perder-ultima-janela-de-oportunidade-para-resolver-disputa-sobre-veiculos-eletricos\/","url":"https:\/\/diariodepe.com.br\/cri\/2024\/08\/23\/ue-nao-pode-perder-ultima-janela-de-oportunidade-para-resolver-disputa-sobre-veiculos-eletricos\/","name":"UE n\u00e3o pode perder \u00faltima \u201cjanela de oportunidade\u201d para resolver disputa sobre ve\u00edculos el\u00e9tricos - CRI e Diario de Pernambuco","isPartOf":{"@id":"https:\/\/diariodepe.com.br\/cri\/#website"},"primaryImageOfPage":{"@id":"https:\/\/diariodepe.com.br\/cri\/2024\/08\/23\/ue-nao-pode-perder-ultima-janela-de-oportunidade-para-resolver-disputa-sobre-veiculos-eletricos\/#primaryimage"},"image":{"@id":"https:\/\/diariodepe.com.br\/cri\/2024\/08\/23\/ue-nao-pode-perder-ultima-janela-de-oportunidade-para-resolver-disputa-sobre-veiculos-eletricos\/#primaryimage"},"thumbnailUrl":"https:\/\/p1crires.cri.cn\/photoworkspace\/cri\/contentimg\/2024\/08\/21\/2024082120552142703.png","datePublished":"2024-08-23T03:08:17+00:00","breadcrumb":{"@id":"https:\/\/diariodepe.com.br\/cri\/2024\/08\/23\/ue-nao-pode-perder-ultima-janela-de-oportunidade-para-resolver-disputa-sobre-veiculos-eletricos\/#breadcrumb"},"inLanguage":"pt-BR","potentialAction":[{"@type":"ReadAction","target":["https:\/\/diariodepe.com.br\/cri\/2024\/08\/23\/ue-nao-pode-perder-ultima-janela-de-oportunidade-para-resolver-disputa-sobre-veiculos-eletricos\/"]}]},{"@type":"ImageObject","inLanguage":"pt-BR","@id":"https:\/\/diariodepe.com.br\/cri\/2024\/08\/23\/ue-nao-pode-perder-ultima-janela-de-oportunidade-para-resolver-disputa-sobre-veiculos-eletricos\/#primaryimage","url":"https:\/\/p1crires.cri.cn\/photoworkspace\/cri\/contentimg\/2024\/08\/21\/2024082120552142703.png","contentUrl":"https:\/\/p1crires.cri.cn\/photoworkspace\/cri\/contentimg\/2024\/08\/21\/2024082120552142703.png"},{"@type":"BreadcrumbList","@id":"https:\/\/diariodepe.com.br\/cri\/2024\/08\/23\/ue-nao-pode-perder-ultima-janela-de-oportunidade-para-resolver-disputa-sobre-veiculos-eletricos\/#breadcrumb","itemListElement":[{"@type":"ListItem","position":1,"name":"In\u00edcio","item":"https:\/\/diariodepe.com.br\/cri\/"},{"@type":"ListItem","position":2,"name":"UE n\u00e3o pode perder \u00faltima \u201cjanela de oportunidade\u201d para resolver disputa sobre ve\u00edculos el\u00e9tricos"}]},{"@type":"WebSite","@id":"https:\/\/diariodepe.com.br\/cri\/#website","url":"https:\/\/diariodepe.com.br\/cri\/","name":"CRI e Diario de Pernambuco","description":"R\u00e1dio Internacional da China","publisher":{"@id":"https:\/\/diariodepe.com.br\/cri\/#organization"},"potentialAction":[{"@type":"SearchAction","target":{"@type":"EntryPoint","urlTemplate":"https:\/\/diariodepe.com.br\/cri\/?s={search_term_string}"},"query-input":{"@type":"PropertyValueSpecification","valueRequired":true,"valueName":"search_term_string"}}],"inLanguage":"pt-BR"},{"@type":"Organization","@id":"https:\/\/diariodepe.com.br\/cri\/#organization","name":"CRI e Diario de Pernambuco","url":"https:\/\/diariodepe.com.br\/cri\/","logo":{"@type":"ImageObject","inLanguage":"pt-BR","@id":"https:\/\/diariodepe.com.br\/cri\/#\/schema\/logo\/image\/","url":"https:\/\/diariodepe.com.br\/cri\/wp-content\/uploads\/sites\/2\/2022\/12\/cropped-Logo.jpg","contentUrl":"https:\/\/diariodepe.com.br\/cri\/wp-content\/uploads\/sites\/2\/2022\/12\/cropped-Logo.jpg","width":700,"height":59,"caption":"CRI e Diario de Pernambuco"},"image":{"@id":"https:\/\/diariodepe.com.br\/cri\/#\/schema\/logo\/image\/"}},{"@type":"Person","@id":"https:\/\/diariodepe.com.br\/cri\/#\/schema\/person\/121bb28d84f1a5b1205ef4ce9c2e0c6b","name":"Ismael Lucas S. Pereira","image":{"@type":"ImageObject","inLanguage":"pt-BR","@id":"https:\/\/secure.gravatar.com\/avatar\/887a0f3b5a7ceea963a48499fb883ffce6b5037362def025c52c2505b15d63e4?s=96&d=mm&r=g","url":"https:\/\/secure.gravatar.com\/avatar\/887a0f3b5a7ceea963a48499fb883ffce6b5037362def025c52c2505b15d63e4?s=96&d=mm&r=g","contentUrl":"https:\/\/secure.gravatar.com\/avatar\/887a0f3b5a7ceea963a48499fb883ffce6b5037362def025c52c2505b15d63e4?s=96&d=mm&r=g","caption":"Ismael Lucas S. Pereira"},"url":"https:\/\/diariodepe.com.br\/cri\/author\/ismael-lucas\/"}]}},"cc_featured_image_caption":{"caption_text":false,"source_text":false,"source_url":false},"amp_enabled":true,"_links":{"self":[{"href":"https:\/\/diariodepe.com.br\/cri\/wp-json\/wp\/v2\/posts\/6039","targetHints":{"allow":["GET"]}}],"collection":[{"href":"https:\/\/diariodepe.com.br\/cri\/wp-json\/wp\/v2\/posts"}],"about":[{"href":"https:\/\/diariodepe.com.br\/cri\/wp-json\/wp\/v2\/types\/post"}],"author":[{"embeddable":true,"href":"https:\/\/diariodepe.com.br\/cri\/wp-json\/wp\/v2\/users\/2"}],"replies":[{"embeddable":true,"href":"https:\/\/diariodepe.com.br\/cri\/wp-json\/wp\/v2\/comments?post=6039"}],"version-history":[{"count":1,"href":"https:\/\/diariodepe.com.br\/cri\/wp-json\/wp\/v2\/posts\/6039\/revisions"}],"predecessor-version":[{"id":6040,"href":"https:\/\/diariodepe.com.br\/cri\/wp-json\/wp\/v2\/posts\/6039\/revisions\/6040"}],"wp:attachment":[{"href":"https:\/\/diariodepe.com.br\/cri\/wp-json\/wp\/v2\/media?parent=6039"}],"wp:term":[{"taxonomy":"category","embeddable":true,"href":"https:\/\/diariodepe.com.br\/cri\/wp-json\/wp\/v2\/categories?post=6039"},{"taxonomy":"post_tag","embeddable":true,"href":"https:\/\/diariodepe.com.br\/cri\/wp-json\/wp\/v2\/tags?post=6039"}],"curies":[{"name":"wp","href":"https:\/\/api.w.org\/{rel}","templated":true}]}}