{"id":6037,"date":"2024-08-23T00:07:42","date_gmt":"2024-08-23T03:07:42","guid":{"rendered":"https:\/\/diariodepe.com.br\/cri\/?p=6037"},"modified":"2024-08-23T00:07:42","modified_gmt":"2024-08-23T03:07:42","slug":"comentario-amizade-tradicional-china-vietna-ganha-nova-vitalidade","status":"publish","type":"post","link":"https:\/\/diariodepe.com.br\/cri\/2024\/08\/23\/comentario-amizade-tradicional-china-vietna-ganha-nova-vitalidade\/","title":{"rendered":"Coment\u00e1rio: Amizade tradicional China-Vietn\u00e3 ganha nova vitalidade"},"content":{"rendered":"<p>Nas rela\u00e7\u00f5es entre pa\u00edses, quando se fala de \u201ccamarada e irm\u00e3o\u201d muitas pessoas imediatamente pensam na China e no Vietn\u00e3. Historicamente, essas duas na\u00e7\u00f5es socialistas vizinhas t\u00eam se apoiado mutuamente e aprendido uma com a outra. No final do ano passado, ambas as partes anunciaram a constru\u00e7\u00e3o de uma comunidade de futuro compartilhado de import\u00e2ncia estrat\u00e9gica, iniciando uma nova fase no desenvolvimento das rela\u00e7\u00f5es entre os dois partidos e pa\u00edses. Atualmente, em um momento crucial para o desenvolvimento e a revitaliza\u00e7\u00e3o das duas na\u00e7\u00f5es, como a amizade tradicional entre a China e o Vietn\u00e3 pode ganhar nova vitalidade? Entre 18 e 20 de agosto, durante a visita de Estado do secret\u00e1rio-geral do Comit\u00ea Central do Partido Comunista do Vietn\u00e3 (PCV) e presidente vietnamita, To Lam, \u00e0 China, ambas as partes deram uma resposta conjunta.<\/p>\n<p>Na reuni\u00e3o do dia 19, o secret\u00e1rio-geral do Comit\u00ea Central do Partido Comunista da China (PCCh) e presidente do pa\u00eds, Xi Jinping, e To Lam destacaram unanimemente os termos \u201cprioridade\u201d e \u201caprofundamento\u201d. O l\u00edder chin\u00eas disse que a China sempre considera o Vietn\u00e3 como prioridade na sua diplomacia de vizinhan\u00e7a, e que ambas as partes devem continuar a aprofundar a constru\u00e7\u00e3o de uma comunidade de futuro compartilhado de significado estrat\u00e9gico. A parte vietnamita declarou que a China \u00e9 uma escolha estrat\u00e9gica e tem a prioridade m\u00e1xima na pol\u00edtica externa do Vietn\u00e3. To Lam disse tamb\u00e9m que seu pa\u00eds ir\u00e1 aprofundar a parceria de coopera\u00e7\u00e3o estrat\u00e9gica global Vietn\u00e3-China e avan\u00e7ar na constru\u00e7\u00e3o da comunidade de futuro compartilhado de significado estrat\u00e9gico entre as duas na\u00e7\u00f5es.<\/p>\n<p>A confian\u00e7a pol\u00edtica \u00e9 a base para o aprofundamento da constru\u00e7\u00e3o da comunidade de futuro compartilhado entre os dois pa\u00edses. A China manifestou apoio ao Vietn\u00e3 na manuten\u00e7\u00e3o da lideran\u00e7a do partido, seguindo um caminho socialista adaptado \u00e0 pr\u00f3pria situa\u00e7\u00e3o e na promo\u00e7\u00e3o profunda da reforma e abertura e da moderniza\u00e7\u00e3o socialista. A parte vietnamita reafirmou seu firme compromisso com a pol\u00edtica de Uma S\u00f3 China, seu apoio firme \u00e0 unifica\u00e7\u00e3o nacional do pa\u00eds e sua oposi\u00e7\u00e3o resoluta a qualquer for\u00e7a que interfira nos assuntos internos chineses.<\/p>\n<p>No primeiro semestre deste ano, o com\u00e9rcio bilateral entre a China e o Vietn\u00e3 cresceu 20,6% em rela\u00e7\u00e3o ao ano anterior. Durante a visita de To Lam, as duas partes tamb\u00e9m discutiram o fortalecimento da coopera\u00e7\u00e3o em \u00e1reas como agricultura, infraestrutura, energia, economia digital, desenvolvimento verde e minerais cr\u00edticos.<\/p>\n<p>As rela\u00e7\u00f5es entre os pa\u00edses est\u00e3o baseadas na afinidade entre seus povos. As obras cinematogr\u00e1ficas contempor\u00e2neas chinesas s\u00e3o muito apreciadas pelo p\u00fablico vietnamita, e as m\u00fasicas pop vietnamitas est\u00e3o em alta nas redes sociais chinesas. Recentemente, devido a pol\u00edticas de voos diretos e facilita\u00e7\u00e3o de vistos, a prov\u00edncia fronteiri\u00e7a chinesa de Yunnan, na regi\u00e3o sudoeste, recebeu um grande n\u00famero de turistas vietnamitas. Em maio deste ano, o n\u00famero de turistas chineses que visitaram o Vietn\u00e3 contabilizou 357 mil, fazendo com que a China se tornasse novamente a maior fonte de turistas para o pa\u00eds.<\/p>\n<p>No futuro, as duas partes tamb\u00e9m refor\u00e7ar\u00e3o a coordena\u00e7\u00e3o e coopera\u00e7\u00e3o sob mecanismos multilaterais como a Organiza\u00e7\u00e3o das Na\u00e7\u00f5es Unidas e a Associa\u00e7\u00e3o de Na\u00e7\u00f5es do Sudeste Asi\u00e1tico, promover\u00e3o a coopera\u00e7\u00e3o no \u00e2mbito das tr\u00eas principais iniciativas globais propostas pela China e impulsionar\u00e3o a multipolariza\u00e7\u00e3o equitativa e ordenada do mundo e a globaliza\u00e7\u00e3o econ\u00f4mica inclusiva e ben\u00e9fica. Isso certamente ser\u00e1 ben\u00e9fica para a paz e o desenvolvimento regional e global.<\/p>\n","protected":false},"excerpt":{"rendered":"<p>Nas rela\u00e7\u00f5es entre pa\u00edses, quando se fala de \u201ccamarada e irm\u00e3o\u201d muitas pessoas imediatamente pensam na China e no Vietn\u00e3. Historicamente, essas duas na\u00e7\u00f5es socialistas vizinhas t\u00eam se apoiado mutuamente e aprendido uma com a outra. No final do ano&#8230;<\/p>\n","protected":false},"author":2,"featured_media":0,"comment_status":"open","ping_status":"open","sticky":false,"template":"","format":"standard","meta":{"footnotes":""},"categories":[7],"tags":[],"class_list":["post-6037","post","type-post","status-publish","format-standard","hentry","category-visao"],"yoast_head":"<!-- This site is optimized with the Yoast SEO plugin v27.4 - https:\/\/yoast.com\/product\/yoast-seo-wordpress\/ -->\n<title>Coment\u00e1rio: Amizade tradicional China-Vietn\u00e3 ganha nova vitalidade - CRI e Diario de Pernambuco<\/title>\n<meta name=\"robots\" content=\"index, follow, max-snippet:-1, max-image-preview:large, max-video-preview:-1\" \/>\n<link rel=\"canonical\" href=\"https:\/\/diariodepe.com.br\/cri\/2024\/08\/23\/comentario-amizade-tradicional-china-vietna-ganha-nova-vitalidade\/\" \/>\n<meta property=\"og:locale\" content=\"pt_BR\" \/>\n<meta property=\"og:type\" content=\"article\" \/>\n<meta property=\"og:title\" content=\"Coment\u00e1rio: Amizade tradicional China-Vietn\u00e3 ganha nova vitalidade - CRI e Diario de Pernambuco\" \/>\n<meta property=\"og:description\" content=\"Nas rela\u00e7\u00f5es entre pa\u00edses, quando se fala de \u201ccamarada e irm\u00e3o\u201d muitas pessoas imediatamente pensam na China e no Vietn\u00e3. Historicamente, essas duas na\u00e7\u00f5es socialistas vizinhas t\u00eam se apoiado mutuamente e aprendido uma com a outra. No final do ano...\" \/>\n<meta property=\"og:url\" content=\"https:\/\/diariodepe.com.br\/cri\/2024\/08\/23\/comentario-amizade-tradicional-china-vietna-ganha-nova-vitalidade\/\" \/>\n<meta property=\"og:site_name\" content=\"CRI e Diario de Pernambuco\" \/>\n<meta property=\"article:published_time\" content=\"2024-08-23T03:07:42+00:00\" \/>\n<meta name=\"author\" content=\"Ismael Lucas S. Pereira\" \/>\n<meta name=\"twitter:card\" content=\"summary_large_image\" \/>\n<meta name=\"twitter:label1\" content=\"Escrito por\" \/>\n\t<meta name=\"twitter:data1\" content=\"Ismael Lucas S. Pereira\" \/>\n\t<meta name=\"twitter:label2\" content=\"Est. tempo de leitura\" \/>\n\t<meta name=\"twitter:data2\" content=\"4 minutos\" \/>\n<script type=\"application\/ld+json\" class=\"yoast-schema-graph\">{\"@context\":\"https:\\\/\\\/schema.org\",\"@graph\":[{\"@type\":\"Article\",\"@id\":\"https:\\\/\\\/diariodepe.com.br\\\/cri\\\/2024\\\/08\\\/23\\\/comentario-amizade-tradicional-china-vietna-ganha-nova-vitalidade\\\/#article\",\"isPartOf\":{\"@id\":\"https:\\\/\\\/diariodepe.com.br\\\/cri\\\/2024\\\/08\\\/23\\\/comentario-amizade-tradicional-china-vietna-ganha-nova-vitalidade\\\/\"},\"author\":{\"name\":\"Ismael Lucas S. Pereira\",\"@id\":\"https:\\\/\\\/diariodepe.com.br\\\/cri\\\/#\\\/schema\\\/person\\\/121bb28d84f1a5b1205ef4ce9c2e0c6b\"},\"headline\":\"Coment\u00e1rio: Amizade tradicional China-Vietn\u00e3 ganha nova vitalidade\",\"datePublished\":\"2024-08-23T03:07:42+00:00\",\"mainEntityOfPage\":{\"@id\":\"https:\\\/\\\/diariodepe.com.br\\\/cri\\\/2024\\\/08\\\/23\\\/comentario-amizade-tradicional-china-vietna-ganha-nova-vitalidade\\\/\"},\"wordCount\":644,\"commentCount\":0,\"publisher\":{\"@id\":\"https:\\\/\\\/diariodepe.com.br\\\/cri\\\/#organization\"},\"articleSection\":[\"Vis\u00e3o\"],\"inLanguage\":\"pt-BR\",\"potentialAction\":[{\"@type\":\"CommentAction\",\"name\":\"Comment\",\"target\":[\"https:\\\/\\\/diariodepe.com.br\\\/cri\\\/2024\\\/08\\\/23\\\/comentario-amizade-tradicional-china-vietna-ganha-nova-vitalidade\\\/#respond\"]}]},{\"@type\":\"WebPage\",\"@id\":\"https:\\\/\\\/diariodepe.com.br\\\/cri\\\/2024\\\/08\\\/23\\\/comentario-amizade-tradicional-china-vietna-ganha-nova-vitalidade\\\/\",\"url\":\"https:\\\/\\\/diariodepe.com.br\\\/cri\\\/2024\\\/08\\\/23\\\/comentario-amizade-tradicional-china-vietna-ganha-nova-vitalidade\\\/\",\"name\":\"Coment\u00e1rio: Amizade tradicional China-Vietn\u00e3 ganha nova vitalidade - CRI e Diario de Pernambuco\",\"isPartOf\":{\"@id\":\"https:\\\/\\\/diariodepe.com.br\\\/cri\\\/#website\"},\"datePublished\":\"2024-08-23T03:07:42+00:00\",\"breadcrumb\":{\"@id\":\"https:\\\/\\\/diariodepe.com.br\\\/cri\\\/2024\\\/08\\\/23\\\/comentario-amizade-tradicional-china-vietna-ganha-nova-vitalidade\\\/#breadcrumb\"},\"inLanguage\":\"pt-BR\",\"potentialAction\":[{\"@type\":\"ReadAction\",\"target\":[\"https:\\\/\\\/diariodepe.com.br\\\/cri\\\/2024\\\/08\\\/23\\\/comentario-amizade-tradicional-china-vietna-ganha-nova-vitalidade\\\/\"]}]},{\"@type\":\"BreadcrumbList\",\"@id\":\"https:\\\/\\\/diariodepe.com.br\\\/cri\\\/2024\\\/08\\\/23\\\/comentario-amizade-tradicional-china-vietna-ganha-nova-vitalidade\\\/#breadcrumb\",\"itemListElement\":[{\"@type\":\"ListItem\",\"position\":1,\"name\":\"In\u00edcio\",\"item\":\"https:\\\/\\\/diariodepe.com.br\\\/cri\\\/\"},{\"@type\":\"ListItem\",\"position\":2,\"name\":\"Coment\u00e1rio: Amizade tradicional China-Vietn\u00e3 ganha nova vitalidade\"}]},{\"@type\":\"WebSite\",\"@id\":\"https:\\\/\\\/diariodepe.com.br\\\/cri\\\/#website\",\"url\":\"https:\\\/\\\/diariodepe.com.br\\\/cri\\\/\",\"name\":\"CRI e Diario de Pernambuco\",\"description\":\"R\u00e1dio Internacional da China\",\"publisher\":{\"@id\":\"https:\\\/\\\/diariodepe.com.br\\\/cri\\\/#organization\"},\"potentialAction\":[{\"@type\":\"SearchAction\",\"target\":{\"@type\":\"EntryPoint\",\"urlTemplate\":\"https:\\\/\\\/diariodepe.com.br\\\/cri\\\/?s={search_term_string}\"},\"query-input\":{\"@type\":\"PropertyValueSpecification\",\"valueRequired\":true,\"valueName\":\"search_term_string\"}}],\"inLanguage\":\"pt-BR\"},{\"@type\":\"Organization\",\"@id\":\"https:\\\/\\\/diariodepe.com.br\\\/cri\\\/#organization\",\"name\":\"CRI e Diario de Pernambuco\",\"url\":\"https:\\\/\\\/diariodepe.com.br\\\/cri\\\/\",\"logo\":{\"@type\":\"ImageObject\",\"inLanguage\":\"pt-BR\",\"@id\":\"https:\\\/\\\/diariodepe.com.br\\\/cri\\\/#\\\/schema\\\/logo\\\/image\\\/\",\"url\":\"https:\\\/\\\/diariodepe.com.br\\\/cri\\\/wp-content\\\/uploads\\\/sites\\\/2\\\/2022\\\/12\\\/cropped-Logo.jpg\",\"contentUrl\":\"https:\\\/\\\/diariodepe.com.br\\\/cri\\\/wp-content\\\/uploads\\\/sites\\\/2\\\/2022\\\/12\\\/cropped-Logo.jpg\",\"width\":700,\"height\":59,\"caption\":\"CRI e Diario de Pernambuco\"},\"image\":{\"@id\":\"https:\\\/\\\/diariodepe.com.br\\\/cri\\\/#\\\/schema\\\/logo\\\/image\\\/\"}},{\"@type\":\"Person\",\"@id\":\"https:\\\/\\\/diariodepe.com.br\\\/cri\\\/#\\\/schema\\\/person\\\/121bb28d84f1a5b1205ef4ce9c2e0c6b\",\"name\":\"Ismael Lucas S. Pereira\",\"image\":{\"@type\":\"ImageObject\",\"inLanguage\":\"pt-BR\",\"@id\":\"https:\\\/\\\/secure.gravatar.com\\\/avatar\\\/887a0f3b5a7ceea963a48499fb883ffce6b5037362def025c52c2505b15d63e4?s=96&d=mm&r=g\",\"url\":\"https:\\\/\\\/secure.gravatar.com\\\/avatar\\\/887a0f3b5a7ceea963a48499fb883ffce6b5037362def025c52c2505b15d63e4?s=96&d=mm&r=g\",\"contentUrl\":\"https:\\\/\\\/secure.gravatar.com\\\/avatar\\\/887a0f3b5a7ceea963a48499fb883ffce6b5037362def025c52c2505b15d63e4?s=96&d=mm&r=g\",\"caption\":\"Ismael Lucas S. Pereira\"},\"url\":\"https:\\\/\\\/diariodepe.com.br\\\/cri\\\/author\\\/ismael-lucas\\\/\"}]}<\/script>\n<!-- \/ Yoast SEO plugin. -->","yoast_head_json":{"title":"Coment\u00e1rio: Amizade tradicional China-Vietn\u00e3 ganha nova vitalidade - CRI e Diario de Pernambuco","robots":{"index":"index","follow":"follow","max-snippet":"max-snippet:-1","max-image-preview":"max-image-preview:large","max-video-preview":"max-video-preview:-1"},"canonical":"https:\/\/diariodepe.com.br\/cri\/2024\/08\/23\/comentario-amizade-tradicional-china-vietna-ganha-nova-vitalidade\/","og_locale":"pt_BR","og_type":"article","og_title":"Coment\u00e1rio: Amizade tradicional China-Vietn\u00e3 ganha nova vitalidade - CRI e Diario de Pernambuco","og_description":"Nas rela\u00e7\u00f5es entre pa\u00edses, quando se fala de \u201ccamarada e irm\u00e3o\u201d muitas pessoas imediatamente pensam na China e no Vietn\u00e3. Historicamente, essas duas na\u00e7\u00f5es socialistas vizinhas t\u00eam se apoiado mutuamente e aprendido uma com a outra. No final do ano...","og_url":"https:\/\/diariodepe.com.br\/cri\/2024\/08\/23\/comentario-amizade-tradicional-china-vietna-ganha-nova-vitalidade\/","og_site_name":"CRI e Diario de Pernambuco","article_published_time":"2024-08-23T03:07:42+00:00","author":"Ismael Lucas S. Pereira","twitter_card":"summary_large_image","twitter_misc":{"Escrito por":"Ismael Lucas S. Pereira","Est. tempo de leitura":"4 minutos"},"schema":{"@context":"https:\/\/schema.org","@graph":[{"@type":"Article","@id":"https:\/\/diariodepe.com.br\/cri\/2024\/08\/23\/comentario-amizade-tradicional-china-vietna-ganha-nova-vitalidade\/#article","isPartOf":{"@id":"https:\/\/diariodepe.com.br\/cri\/2024\/08\/23\/comentario-amizade-tradicional-china-vietna-ganha-nova-vitalidade\/"},"author":{"name":"Ismael Lucas S. Pereira","@id":"https:\/\/diariodepe.com.br\/cri\/#\/schema\/person\/121bb28d84f1a5b1205ef4ce9c2e0c6b"},"headline":"Coment\u00e1rio: Amizade tradicional China-Vietn\u00e3 ganha nova vitalidade","datePublished":"2024-08-23T03:07:42+00:00","mainEntityOfPage":{"@id":"https:\/\/diariodepe.com.br\/cri\/2024\/08\/23\/comentario-amizade-tradicional-china-vietna-ganha-nova-vitalidade\/"},"wordCount":644,"commentCount":0,"publisher":{"@id":"https:\/\/diariodepe.com.br\/cri\/#organization"},"articleSection":["Vis\u00e3o"],"inLanguage":"pt-BR","potentialAction":[{"@type":"CommentAction","name":"Comment","target":["https:\/\/diariodepe.com.br\/cri\/2024\/08\/23\/comentario-amizade-tradicional-china-vietna-ganha-nova-vitalidade\/#respond"]}]},{"@type":"WebPage","@id":"https:\/\/diariodepe.com.br\/cri\/2024\/08\/23\/comentario-amizade-tradicional-china-vietna-ganha-nova-vitalidade\/","url":"https:\/\/diariodepe.com.br\/cri\/2024\/08\/23\/comentario-amizade-tradicional-china-vietna-ganha-nova-vitalidade\/","name":"Coment\u00e1rio: Amizade tradicional China-Vietn\u00e3 ganha nova vitalidade - CRI e Diario de Pernambuco","isPartOf":{"@id":"https:\/\/diariodepe.com.br\/cri\/#website"},"datePublished":"2024-08-23T03:07:42+00:00","breadcrumb":{"@id":"https:\/\/diariodepe.com.br\/cri\/2024\/08\/23\/comentario-amizade-tradicional-china-vietna-ganha-nova-vitalidade\/#breadcrumb"},"inLanguage":"pt-BR","potentialAction":[{"@type":"ReadAction","target":["https:\/\/diariodepe.com.br\/cri\/2024\/08\/23\/comentario-amizade-tradicional-china-vietna-ganha-nova-vitalidade\/"]}]},{"@type":"BreadcrumbList","@id":"https:\/\/diariodepe.com.br\/cri\/2024\/08\/23\/comentario-amizade-tradicional-china-vietna-ganha-nova-vitalidade\/#breadcrumb","itemListElement":[{"@type":"ListItem","position":1,"name":"In\u00edcio","item":"https:\/\/diariodepe.com.br\/cri\/"},{"@type":"ListItem","position":2,"name":"Coment\u00e1rio: Amizade tradicional China-Vietn\u00e3 ganha nova vitalidade"}]},{"@type":"WebSite","@id":"https:\/\/diariodepe.com.br\/cri\/#website","url":"https:\/\/diariodepe.com.br\/cri\/","name":"CRI e Diario de Pernambuco","description":"R\u00e1dio Internacional da China","publisher":{"@id":"https:\/\/diariodepe.com.br\/cri\/#organization"},"potentialAction":[{"@type":"SearchAction","target":{"@type":"EntryPoint","urlTemplate":"https:\/\/diariodepe.com.br\/cri\/?s={search_term_string}"},"query-input":{"@type":"PropertyValueSpecification","valueRequired":true,"valueName":"search_term_string"}}],"inLanguage":"pt-BR"},{"@type":"Organization","@id":"https:\/\/diariodepe.com.br\/cri\/#organization","name":"CRI e Diario de Pernambuco","url":"https:\/\/diariodepe.com.br\/cri\/","logo":{"@type":"ImageObject","inLanguage":"pt-BR","@id":"https:\/\/diariodepe.com.br\/cri\/#\/schema\/logo\/image\/","url":"https:\/\/diariodepe.com.br\/cri\/wp-content\/uploads\/sites\/2\/2022\/12\/cropped-Logo.jpg","contentUrl":"https:\/\/diariodepe.com.br\/cri\/wp-content\/uploads\/sites\/2\/2022\/12\/cropped-Logo.jpg","width":700,"height":59,"caption":"CRI e Diario de Pernambuco"},"image":{"@id":"https:\/\/diariodepe.com.br\/cri\/#\/schema\/logo\/image\/"}},{"@type":"Person","@id":"https:\/\/diariodepe.com.br\/cri\/#\/schema\/person\/121bb28d84f1a5b1205ef4ce9c2e0c6b","name":"Ismael Lucas S. Pereira","image":{"@type":"ImageObject","inLanguage":"pt-BR","@id":"https:\/\/secure.gravatar.com\/avatar\/887a0f3b5a7ceea963a48499fb883ffce6b5037362def025c52c2505b15d63e4?s=96&d=mm&r=g","url":"https:\/\/secure.gravatar.com\/avatar\/887a0f3b5a7ceea963a48499fb883ffce6b5037362def025c52c2505b15d63e4?s=96&d=mm&r=g","contentUrl":"https:\/\/secure.gravatar.com\/avatar\/887a0f3b5a7ceea963a48499fb883ffce6b5037362def025c52c2505b15d63e4?s=96&d=mm&r=g","caption":"Ismael Lucas S. Pereira"},"url":"https:\/\/diariodepe.com.br\/cri\/author\/ismael-lucas\/"}]}},"cc_featured_image_caption":{"caption_text":false,"source_text":false,"source_url":false},"amp_enabled":true,"_links":{"self":[{"href":"https:\/\/diariodepe.com.br\/cri\/wp-json\/wp\/v2\/posts\/6037","targetHints":{"allow":["GET"]}}],"collection":[{"href":"https:\/\/diariodepe.com.br\/cri\/wp-json\/wp\/v2\/posts"}],"about":[{"href":"https:\/\/diariodepe.com.br\/cri\/wp-json\/wp\/v2\/types\/post"}],"author":[{"embeddable":true,"href":"https:\/\/diariodepe.com.br\/cri\/wp-json\/wp\/v2\/users\/2"}],"replies":[{"embeddable":true,"href":"https:\/\/diariodepe.com.br\/cri\/wp-json\/wp\/v2\/comments?post=6037"}],"version-history":[{"count":1,"href":"https:\/\/diariodepe.com.br\/cri\/wp-json\/wp\/v2\/posts\/6037\/revisions"}],"predecessor-version":[{"id":6038,"href":"https:\/\/diariodepe.com.br\/cri\/wp-json\/wp\/v2\/posts\/6037\/revisions\/6038"}],"wp:attachment":[{"href":"https:\/\/diariodepe.com.br\/cri\/wp-json\/wp\/v2\/media?parent=6037"}],"wp:term":[{"taxonomy":"category","embeddable":true,"href":"https:\/\/diariodepe.com.br\/cri\/wp-json\/wp\/v2\/categories?post=6037"},{"taxonomy":"post_tag","embeddable":true,"href":"https:\/\/diariodepe.com.br\/cri\/wp-json\/wp\/v2\/tags?post=6037"}],"curies":[{"name":"wp","href":"https:\/\/api.w.org\/{rel}","templated":true}]}}