{"id":6028,"date":"2024-08-21T03:34:15","date_gmt":"2024-08-21T06:34:15","guid":{"rendered":"https:\/\/diariodepe.com.br\/cri\/?p=6028"},"modified":"2024-08-21T03:34:15","modified_gmt":"2024-08-21T06:34:15","slug":"peng-liyuan-toma-cha-com-primeira-dama-vietnamita-em-beijing","status":"publish","type":"post","link":"https:\/\/diariodepe.com.br\/cri\/2024\/08\/21\/peng-liyuan-toma-cha-com-primeira-dama-vietnamita-em-beijing\/","title":{"rendered":"Peng Liyuan toma ch\u00e1 com primeira-dama vietnamita em Beijing"},"content":{"rendered":"<p>Na manh\u00e3 de 19 de agosto, na capital chinesa, Peng Liyuan, esposa do presidente chin\u00eas, Xi Jinping, tomou ch\u00e1\u00a0com a primeira-dama\u00a0vietnamita, Ngo Phuong Ly que est\u00e1 acompanhando\u00a0o presidente, To Lam, em uma visita de Estado \u00e0 China.<\/p>\n<p>Peng Liyuan\u00a0afirmou\u00a0que a China e o Vietn\u00e3 s\u00e3o vizinhos amigos\u00a0e com\u00a0culturas\u00a0similares em literatura, artes, culin\u00e1ria e outros campos. Ela disse esperar que os dois pa\u00edses possam fortalecer os interc\u00e2mbios e a coopera\u00e7\u00e3o,\u00a0bem como\u00a0aprofundar o conhecimento\u00a0m\u00fatuo.<\/p>\n<p>Peng Liyuan convidou Ngo Phuong Ly para assistir a apresenta\u00e7\u00f5es de\u00a0\u00f3pera, dan\u00e7a e m\u00fasica\u00a0folcl\u00f3rica chinesas. Ngo Phuong Ly, por sua vez, destacou\u00a0que ambos os lados devem promover ainda mais a intera\u00e7\u00e3o entre mulheres e jovens, aprofundar a compreens\u00e3o m\u00fatua e refor\u00e7ar a amizade entre os dois povos.<\/p>\n<p class=\"photo_img_20190808\"><img decoding=\"async\" src=\"https:\/\/p1crires.cri.cn\/photoworkspace\/cri\/contentimg\/2024\/08\/19\/2024081920140041341.jpg\" alt=\"\" width=\"1000\" \/><\/p>\n","protected":false},"excerpt":{"rendered":"<p>Na manh\u00e3 de 19 de agosto, na capital chinesa, Peng Liyuan, esposa do presidente chin\u00eas, Xi Jinping, tomou ch\u00e1\u00a0com a primeira-dama\u00a0vietnamita, Ngo Phuong Ly que est\u00e1 acompanhando\u00a0o presidente, To Lam, em uma visita de Estado \u00e0 China. Peng Liyuan\u00a0afirmou\u00a0que a&#8230;<\/p>\n","protected":false},"author":2,"featured_media":0,"comment_status":"open","ping_status":"open","sticky":false,"template":"","format":"standard","meta":{"footnotes":""},"categories":[3],"tags":[],"class_list":["post-6028","post","type-post","status-publish","format-standard","hentry","category-china"],"yoast_head":"<!-- This site is optimized with the Yoast SEO plugin v27.4 - https:\/\/yoast.com\/product\/yoast-seo-wordpress\/ -->\n<title>Peng Liyuan toma ch\u00e1 com primeira-dama vietnamita em Beijing - CRI e Diario de Pernambuco<\/title>\n<meta name=\"robots\" content=\"index, follow, max-snippet:-1, max-image-preview:large, max-video-preview:-1\" \/>\n<link rel=\"canonical\" href=\"https:\/\/diariodepe.com.br\/cri\/2024\/08\/21\/peng-liyuan-toma-cha-com-primeira-dama-vietnamita-em-beijing\/\" \/>\n<meta property=\"og:locale\" content=\"pt_BR\" \/>\n<meta property=\"og:type\" content=\"article\" \/>\n<meta property=\"og:title\" content=\"Peng Liyuan toma ch\u00e1 com primeira-dama vietnamita em Beijing - CRI e Diario de Pernambuco\" \/>\n<meta property=\"og:description\" content=\"Na manh\u00e3 de 19 de agosto, na capital chinesa, Peng Liyuan, esposa do presidente chin\u00eas, Xi Jinping, tomou ch\u00e1\u00a0com a primeira-dama\u00a0vietnamita, Ngo Phuong Ly que est\u00e1 acompanhando\u00a0o presidente, To Lam, em uma visita de Estado \u00e0 China. Peng Liyuan\u00a0afirmou\u00a0que a...\" \/>\n<meta property=\"og:url\" content=\"https:\/\/diariodepe.com.br\/cri\/2024\/08\/21\/peng-liyuan-toma-cha-com-primeira-dama-vietnamita-em-beijing\/\" \/>\n<meta property=\"og:site_name\" content=\"CRI e Diario de Pernambuco\" \/>\n<meta property=\"article:published_time\" content=\"2024-08-21T06:34:15+00:00\" \/>\n<meta property=\"og:image\" content=\"https:\/\/p1crires.cri.cn\/photoworkspace\/cri\/contentimg\/2024\/08\/19\/2024081920140041341.jpg\" \/>\n<meta name=\"author\" content=\"Ismael Lucas S. Pereira\" \/>\n<meta name=\"twitter:card\" content=\"summary_large_image\" \/>\n<meta name=\"twitter:label1\" content=\"Escrito por\" \/>\n\t<meta name=\"twitter:data1\" content=\"Ismael Lucas S. Pereira\" \/>\n\t<meta name=\"twitter:label2\" content=\"Est. tempo de leitura\" \/>\n\t<meta name=\"twitter:data2\" content=\"1 minuto\" \/>\n<script type=\"application\/ld+json\" class=\"yoast-schema-graph\">{\"@context\":\"https:\\\/\\\/schema.org\",\"@graph\":[{\"@type\":\"Article\",\"@id\":\"https:\\\/\\\/diariodepe.com.br\\\/cri\\\/2024\\\/08\\\/21\\\/peng-liyuan-toma-cha-com-primeira-dama-vietnamita-em-beijing\\\/#article\",\"isPartOf\":{\"@id\":\"https:\\\/\\\/diariodepe.com.br\\\/cri\\\/2024\\\/08\\\/21\\\/peng-liyuan-toma-cha-com-primeira-dama-vietnamita-em-beijing\\\/\"},\"author\":{\"name\":\"Ismael Lucas S. Pereira\",\"@id\":\"https:\\\/\\\/diariodepe.com.br\\\/cri\\\/#\\\/schema\\\/person\\\/121bb28d84f1a5b1205ef4ce9c2e0c6b\"},\"headline\":\"Peng Liyuan toma ch\u00e1 com primeira-dama vietnamita em Beijing\",\"datePublished\":\"2024-08-21T06:34:15+00:00\",\"mainEntityOfPage\":{\"@id\":\"https:\\\/\\\/diariodepe.com.br\\\/cri\\\/2024\\\/08\\\/21\\\/peng-liyuan-toma-cha-com-primeira-dama-vietnamita-em-beijing\\\/\"},\"wordCount\":155,\"commentCount\":0,\"publisher\":{\"@id\":\"https:\\\/\\\/diariodepe.com.br\\\/cri\\\/#organization\"},\"image\":{\"@id\":\"https:\\\/\\\/diariodepe.com.br\\\/cri\\\/2024\\\/08\\\/21\\\/peng-liyuan-toma-cha-com-primeira-dama-vietnamita-em-beijing\\\/#primaryimage\"},\"thumbnailUrl\":\"https:\\\/\\\/p1crires.cri.cn\\\/photoworkspace\\\/cri\\\/contentimg\\\/2024\\\/08\\\/19\\\/2024081920140041341.jpg\",\"articleSection\":[\"China\"],\"inLanguage\":\"pt-BR\",\"potentialAction\":[{\"@type\":\"CommentAction\",\"name\":\"Comment\",\"target\":[\"https:\\\/\\\/diariodepe.com.br\\\/cri\\\/2024\\\/08\\\/21\\\/peng-liyuan-toma-cha-com-primeira-dama-vietnamita-em-beijing\\\/#respond\"]}]},{\"@type\":\"WebPage\",\"@id\":\"https:\\\/\\\/diariodepe.com.br\\\/cri\\\/2024\\\/08\\\/21\\\/peng-liyuan-toma-cha-com-primeira-dama-vietnamita-em-beijing\\\/\",\"url\":\"https:\\\/\\\/diariodepe.com.br\\\/cri\\\/2024\\\/08\\\/21\\\/peng-liyuan-toma-cha-com-primeira-dama-vietnamita-em-beijing\\\/\",\"name\":\"Peng Liyuan toma ch\u00e1 com primeira-dama vietnamita em Beijing - CRI e Diario de Pernambuco\",\"isPartOf\":{\"@id\":\"https:\\\/\\\/diariodepe.com.br\\\/cri\\\/#website\"},\"primaryImageOfPage\":{\"@id\":\"https:\\\/\\\/diariodepe.com.br\\\/cri\\\/2024\\\/08\\\/21\\\/peng-liyuan-toma-cha-com-primeira-dama-vietnamita-em-beijing\\\/#primaryimage\"},\"image\":{\"@id\":\"https:\\\/\\\/diariodepe.com.br\\\/cri\\\/2024\\\/08\\\/21\\\/peng-liyuan-toma-cha-com-primeira-dama-vietnamita-em-beijing\\\/#primaryimage\"},\"thumbnailUrl\":\"https:\\\/\\\/p1crires.cri.cn\\\/photoworkspace\\\/cri\\\/contentimg\\\/2024\\\/08\\\/19\\\/2024081920140041341.jpg\",\"datePublished\":\"2024-08-21T06:34:15+00:00\",\"breadcrumb\":{\"@id\":\"https:\\\/\\\/diariodepe.com.br\\\/cri\\\/2024\\\/08\\\/21\\\/peng-liyuan-toma-cha-com-primeira-dama-vietnamita-em-beijing\\\/#breadcrumb\"},\"inLanguage\":\"pt-BR\",\"potentialAction\":[{\"@type\":\"ReadAction\",\"target\":[\"https:\\\/\\\/diariodepe.com.br\\\/cri\\\/2024\\\/08\\\/21\\\/peng-liyuan-toma-cha-com-primeira-dama-vietnamita-em-beijing\\\/\"]}]},{\"@type\":\"ImageObject\",\"inLanguage\":\"pt-BR\",\"@id\":\"https:\\\/\\\/diariodepe.com.br\\\/cri\\\/2024\\\/08\\\/21\\\/peng-liyuan-toma-cha-com-primeira-dama-vietnamita-em-beijing\\\/#primaryimage\",\"url\":\"https:\\\/\\\/p1crires.cri.cn\\\/photoworkspace\\\/cri\\\/contentimg\\\/2024\\\/08\\\/19\\\/2024081920140041341.jpg\",\"contentUrl\":\"https:\\\/\\\/p1crires.cri.cn\\\/photoworkspace\\\/cri\\\/contentimg\\\/2024\\\/08\\\/19\\\/2024081920140041341.jpg\"},{\"@type\":\"BreadcrumbList\",\"@id\":\"https:\\\/\\\/diariodepe.com.br\\\/cri\\\/2024\\\/08\\\/21\\\/peng-liyuan-toma-cha-com-primeira-dama-vietnamita-em-beijing\\\/#breadcrumb\",\"itemListElement\":[{\"@type\":\"ListItem\",\"position\":1,\"name\":\"In\u00edcio\",\"item\":\"https:\\\/\\\/diariodepe.com.br\\\/cri\\\/\"},{\"@type\":\"ListItem\",\"position\":2,\"name\":\"Peng Liyuan toma ch\u00e1 com primeira-dama vietnamita em Beijing\"}]},{\"@type\":\"WebSite\",\"@id\":\"https:\\\/\\\/diariodepe.com.br\\\/cri\\\/#website\",\"url\":\"https:\\\/\\\/diariodepe.com.br\\\/cri\\\/\",\"name\":\"CRI e Diario de Pernambuco\",\"description\":\"R\u00e1dio Internacional da China\",\"publisher\":{\"@id\":\"https:\\\/\\\/diariodepe.com.br\\\/cri\\\/#organization\"},\"potentialAction\":[{\"@type\":\"SearchAction\",\"target\":{\"@type\":\"EntryPoint\",\"urlTemplate\":\"https:\\\/\\\/diariodepe.com.br\\\/cri\\\/?s={search_term_string}\"},\"query-input\":{\"@type\":\"PropertyValueSpecification\",\"valueRequired\":true,\"valueName\":\"search_term_string\"}}],\"inLanguage\":\"pt-BR\"},{\"@type\":\"Organization\",\"@id\":\"https:\\\/\\\/diariodepe.com.br\\\/cri\\\/#organization\",\"name\":\"CRI e Diario de Pernambuco\",\"url\":\"https:\\\/\\\/diariodepe.com.br\\\/cri\\\/\",\"logo\":{\"@type\":\"ImageObject\",\"inLanguage\":\"pt-BR\",\"@id\":\"https:\\\/\\\/diariodepe.com.br\\\/cri\\\/#\\\/schema\\\/logo\\\/image\\\/\",\"url\":\"https:\\\/\\\/diariodepe.com.br\\\/cri\\\/wp-content\\\/uploads\\\/sites\\\/2\\\/2022\\\/12\\\/cropped-Logo.jpg\",\"contentUrl\":\"https:\\\/\\\/diariodepe.com.br\\\/cri\\\/wp-content\\\/uploads\\\/sites\\\/2\\\/2022\\\/12\\\/cropped-Logo.jpg\",\"width\":700,\"height\":59,\"caption\":\"CRI e Diario de Pernambuco\"},\"image\":{\"@id\":\"https:\\\/\\\/diariodepe.com.br\\\/cri\\\/#\\\/schema\\\/logo\\\/image\\\/\"}},{\"@type\":\"Person\",\"@id\":\"https:\\\/\\\/diariodepe.com.br\\\/cri\\\/#\\\/schema\\\/person\\\/121bb28d84f1a5b1205ef4ce9c2e0c6b\",\"name\":\"Ismael Lucas S. Pereira\",\"image\":{\"@type\":\"ImageObject\",\"inLanguage\":\"pt-BR\",\"@id\":\"https:\\\/\\\/secure.gravatar.com\\\/avatar\\\/887a0f3b5a7ceea963a48499fb883ffce6b5037362def025c52c2505b15d63e4?s=96&d=mm&r=g\",\"url\":\"https:\\\/\\\/secure.gravatar.com\\\/avatar\\\/887a0f3b5a7ceea963a48499fb883ffce6b5037362def025c52c2505b15d63e4?s=96&d=mm&r=g\",\"contentUrl\":\"https:\\\/\\\/secure.gravatar.com\\\/avatar\\\/887a0f3b5a7ceea963a48499fb883ffce6b5037362def025c52c2505b15d63e4?s=96&d=mm&r=g\",\"caption\":\"Ismael Lucas S. Pereira\"},\"url\":\"https:\\\/\\\/diariodepe.com.br\\\/cri\\\/author\\\/ismael-lucas\\\/\"}]}<\/script>\n<!-- \/ Yoast SEO plugin. -->","yoast_head_json":{"title":"Peng Liyuan toma ch\u00e1 com primeira-dama vietnamita em Beijing - CRI e Diario de Pernambuco","robots":{"index":"index","follow":"follow","max-snippet":"max-snippet:-1","max-image-preview":"max-image-preview:large","max-video-preview":"max-video-preview:-1"},"canonical":"https:\/\/diariodepe.com.br\/cri\/2024\/08\/21\/peng-liyuan-toma-cha-com-primeira-dama-vietnamita-em-beijing\/","og_locale":"pt_BR","og_type":"article","og_title":"Peng Liyuan toma ch\u00e1 com primeira-dama vietnamita em Beijing - CRI e Diario de Pernambuco","og_description":"Na manh\u00e3 de 19 de agosto, na capital chinesa, Peng Liyuan, esposa do presidente chin\u00eas, Xi Jinping, tomou ch\u00e1\u00a0com a primeira-dama\u00a0vietnamita, Ngo Phuong Ly que est\u00e1 acompanhando\u00a0o presidente, To Lam, em uma visita de Estado \u00e0 China. Peng Liyuan\u00a0afirmou\u00a0que a...","og_url":"https:\/\/diariodepe.com.br\/cri\/2024\/08\/21\/peng-liyuan-toma-cha-com-primeira-dama-vietnamita-em-beijing\/","og_site_name":"CRI e Diario de Pernambuco","article_published_time":"2024-08-21T06:34:15+00:00","og_image":[{"url":"https:\/\/p1crires.cri.cn\/photoworkspace\/cri\/contentimg\/2024\/08\/19\/2024081920140041341.jpg","type":"","width":"","height":""}],"author":"Ismael Lucas S. Pereira","twitter_card":"summary_large_image","twitter_misc":{"Escrito por":"Ismael Lucas S. Pereira","Est. tempo de leitura":"1 minuto"},"schema":{"@context":"https:\/\/schema.org","@graph":[{"@type":"Article","@id":"https:\/\/diariodepe.com.br\/cri\/2024\/08\/21\/peng-liyuan-toma-cha-com-primeira-dama-vietnamita-em-beijing\/#article","isPartOf":{"@id":"https:\/\/diariodepe.com.br\/cri\/2024\/08\/21\/peng-liyuan-toma-cha-com-primeira-dama-vietnamita-em-beijing\/"},"author":{"name":"Ismael Lucas S. Pereira","@id":"https:\/\/diariodepe.com.br\/cri\/#\/schema\/person\/121bb28d84f1a5b1205ef4ce9c2e0c6b"},"headline":"Peng Liyuan toma ch\u00e1 com primeira-dama vietnamita em Beijing","datePublished":"2024-08-21T06:34:15+00:00","mainEntityOfPage":{"@id":"https:\/\/diariodepe.com.br\/cri\/2024\/08\/21\/peng-liyuan-toma-cha-com-primeira-dama-vietnamita-em-beijing\/"},"wordCount":155,"commentCount":0,"publisher":{"@id":"https:\/\/diariodepe.com.br\/cri\/#organization"},"image":{"@id":"https:\/\/diariodepe.com.br\/cri\/2024\/08\/21\/peng-liyuan-toma-cha-com-primeira-dama-vietnamita-em-beijing\/#primaryimage"},"thumbnailUrl":"https:\/\/p1crires.cri.cn\/photoworkspace\/cri\/contentimg\/2024\/08\/19\/2024081920140041341.jpg","articleSection":["China"],"inLanguage":"pt-BR","potentialAction":[{"@type":"CommentAction","name":"Comment","target":["https:\/\/diariodepe.com.br\/cri\/2024\/08\/21\/peng-liyuan-toma-cha-com-primeira-dama-vietnamita-em-beijing\/#respond"]}]},{"@type":"WebPage","@id":"https:\/\/diariodepe.com.br\/cri\/2024\/08\/21\/peng-liyuan-toma-cha-com-primeira-dama-vietnamita-em-beijing\/","url":"https:\/\/diariodepe.com.br\/cri\/2024\/08\/21\/peng-liyuan-toma-cha-com-primeira-dama-vietnamita-em-beijing\/","name":"Peng Liyuan toma ch\u00e1 com primeira-dama vietnamita em Beijing - CRI e Diario de Pernambuco","isPartOf":{"@id":"https:\/\/diariodepe.com.br\/cri\/#website"},"primaryImageOfPage":{"@id":"https:\/\/diariodepe.com.br\/cri\/2024\/08\/21\/peng-liyuan-toma-cha-com-primeira-dama-vietnamita-em-beijing\/#primaryimage"},"image":{"@id":"https:\/\/diariodepe.com.br\/cri\/2024\/08\/21\/peng-liyuan-toma-cha-com-primeira-dama-vietnamita-em-beijing\/#primaryimage"},"thumbnailUrl":"https:\/\/p1crires.cri.cn\/photoworkspace\/cri\/contentimg\/2024\/08\/19\/2024081920140041341.jpg","datePublished":"2024-08-21T06:34:15+00:00","breadcrumb":{"@id":"https:\/\/diariodepe.com.br\/cri\/2024\/08\/21\/peng-liyuan-toma-cha-com-primeira-dama-vietnamita-em-beijing\/#breadcrumb"},"inLanguage":"pt-BR","potentialAction":[{"@type":"ReadAction","target":["https:\/\/diariodepe.com.br\/cri\/2024\/08\/21\/peng-liyuan-toma-cha-com-primeira-dama-vietnamita-em-beijing\/"]}]},{"@type":"ImageObject","inLanguage":"pt-BR","@id":"https:\/\/diariodepe.com.br\/cri\/2024\/08\/21\/peng-liyuan-toma-cha-com-primeira-dama-vietnamita-em-beijing\/#primaryimage","url":"https:\/\/p1crires.cri.cn\/photoworkspace\/cri\/contentimg\/2024\/08\/19\/2024081920140041341.jpg","contentUrl":"https:\/\/p1crires.cri.cn\/photoworkspace\/cri\/contentimg\/2024\/08\/19\/2024081920140041341.jpg"},{"@type":"BreadcrumbList","@id":"https:\/\/diariodepe.com.br\/cri\/2024\/08\/21\/peng-liyuan-toma-cha-com-primeira-dama-vietnamita-em-beijing\/#breadcrumb","itemListElement":[{"@type":"ListItem","position":1,"name":"In\u00edcio","item":"https:\/\/diariodepe.com.br\/cri\/"},{"@type":"ListItem","position":2,"name":"Peng Liyuan toma ch\u00e1 com primeira-dama vietnamita em Beijing"}]},{"@type":"WebSite","@id":"https:\/\/diariodepe.com.br\/cri\/#website","url":"https:\/\/diariodepe.com.br\/cri\/","name":"CRI e Diario de Pernambuco","description":"R\u00e1dio Internacional da China","publisher":{"@id":"https:\/\/diariodepe.com.br\/cri\/#organization"},"potentialAction":[{"@type":"SearchAction","target":{"@type":"EntryPoint","urlTemplate":"https:\/\/diariodepe.com.br\/cri\/?s={search_term_string}"},"query-input":{"@type":"PropertyValueSpecification","valueRequired":true,"valueName":"search_term_string"}}],"inLanguage":"pt-BR"},{"@type":"Organization","@id":"https:\/\/diariodepe.com.br\/cri\/#organization","name":"CRI e Diario de Pernambuco","url":"https:\/\/diariodepe.com.br\/cri\/","logo":{"@type":"ImageObject","inLanguage":"pt-BR","@id":"https:\/\/diariodepe.com.br\/cri\/#\/schema\/logo\/image\/","url":"https:\/\/diariodepe.com.br\/cri\/wp-content\/uploads\/sites\/2\/2022\/12\/cropped-Logo.jpg","contentUrl":"https:\/\/diariodepe.com.br\/cri\/wp-content\/uploads\/sites\/2\/2022\/12\/cropped-Logo.jpg","width":700,"height":59,"caption":"CRI e Diario de Pernambuco"},"image":{"@id":"https:\/\/diariodepe.com.br\/cri\/#\/schema\/logo\/image\/"}},{"@type":"Person","@id":"https:\/\/diariodepe.com.br\/cri\/#\/schema\/person\/121bb28d84f1a5b1205ef4ce9c2e0c6b","name":"Ismael Lucas S. Pereira","image":{"@type":"ImageObject","inLanguage":"pt-BR","@id":"https:\/\/secure.gravatar.com\/avatar\/887a0f3b5a7ceea963a48499fb883ffce6b5037362def025c52c2505b15d63e4?s=96&d=mm&r=g","url":"https:\/\/secure.gravatar.com\/avatar\/887a0f3b5a7ceea963a48499fb883ffce6b5037362def025c52c2505b15d63e4?s=96&d=mm&r=g","contentUrl":"https:\/\/secure.gravatar.com\/avatar\/887a0f3b5a7ceea963a48499fb883ffce6b5037362def025c52c2505b15d63e4?s=96&d=mm&r=g","caption":"Ismael Lucas S. Pereira"},"url":"https:\/\/diariodepe.com.br\/cri\/author\/ismael-lucas\/"}]}},"cc_featured_image_caption":{"caption_text":false,"source_text":false,"source_url":false},"amp_enabled":true,"_links":{"self":[{"href":"https:\/\/diariodepe.com.br\/cri\/wp-json\/wp\/v2\/posts\/6028","targetHints":{"allow":["GET"]}}],"collection":[{"href":"https:\/\/diariodepe.com.br\/cri\/wp-json\/wp\/v2\/posts"}],"about":[{"href":"https:\/\/diariodepe.com.br\/cri\/wp-json\/wp\/v2\/types\/post"}],"author":[{"embeddable":true,"href":"https:\/\/diariodepe.com.br\/cri\/wp-json\/wp\/v2\/users\/2"}],"replies":[{"embeddable":true,"href":"https:\/\/diariodepe.com.br\/cri\/wp-json\/wp\/v2\/comments?post=6028"}],"version-history":[{"count":1,"href":"https:\/\/diariodepe.com.br\/cri\/wp-json\/wp\/v2\/posts\/6028\/revisions"}],"predecessor-version":[{"id":6029,"href":"https:\/\/diariodepe.com.br\/cri\/wp-json\/wp\/v2\/posts\/6028\/revisions\/6029"}],"wp:attachment":[{"href":"https:\/\/diariodepe.com.br\/cri\/wp-json\/wp\/v2\/media?parent=6028"}],"wp:term":[{"taxonomy":"category","embeddable":true,"href":"https:\/\/diariodepe.com.br\/cri\/wp-json\/wp\/v2\/categories?post=6028"},{"taxonomy":"post_tag","embeddable":true,"href":"https:\/\/diariodepe.com.br\/cri\/wp-json\/wp\/v2\/tags?post=6028"}],"curies":[{"name":"wp","href":"https:\/\/api.w.org\/{rel}","templated":true}]}}