{"id":6022,"date":"2024-08-21T03:32:37","date_gmt":"2024-08-21T06:32:37","guid":{"rendered":"https:\/\/diariodepe.com.br\/cri\/?p=6022"},"modified":"2024-08-21T03:32:37","modified_gmt":"2024-08-21T06:32:37","slug":"chanceleres-da-china-e-do-brasil-publicam-artigos-sobre-50-anos-de-relacoes-diplomaticas","status":"publish","type":"post","link":"https:\/\/diariodepe.com.br\/cri\/2024\/08\/21\/chanceleres-da-china-e-do-brasil-publicam-artigos-sobre-50-anos-de-relacoes-diplomaticas\/","title":{"rendered":"Chanceleres da China e do Brasil publicam artigos sobre 50 anos de rela\u00e7\u00f5es diplom\u00e1ticas"},"content":{"rendered":"<p>O chanceler chin\u00eas e membro do Bir\u00f4 Pol\u00edtico do Comit\u00ea Central do Partido Comunista da China, Wang Yi, publicou artigo no jornal brasileiro Folha de S. Paulo para comemorar os 50 anos das rela\u00e7\u00f5es diplom\u00e1ticas com o Brasil.<\/p>\n<p>No mesmo dia, em 15 de agosto, o chanceler brasileiro, Mauro Vieira, tamb\u00e9m publicou\u00a0 no jornal chin\u00eas Di\u00e1rio do Povo texto sobre o cinquenten\u00e1rio do estabelecimento das rela\u00e7\u00f5es diplom\u00e1ticas entre os dois pa\u00edses.<\/p>\n<p>Em seu artigo, o chanceler chin\u00eas lembrou que, nos \u00faltimos 50 anos, a China e o Brasil criaram um novo modelo de confian\u00e7a estrat\u00e9gica m\u00fatua entre pa\u00edses em desenvolvimento, obtiveram novos \u00eaxitos nas coopera\u00e7\u00f5es pragm\u00e1ticas que beneficiaram as popula\u00e7\u00f5es e se tornaram um bom exemplo de coopera\u00e7\u00e3o do Sul Global e bons amigos que ultrapassam montanhas e oceanos.<\/p>\n<p>Wang Yi pediu esfor\u00e7os para moldar os pr\u00f3ximos 50 anos dourados das rela\u00e7\u00f5es China-Brasil na consolida\u00e7\u00e3o da confian\u00e7a m\u00fatua estrat\u00e9gica, no aprofundamento das coopera\u00e7\u00f5es em todos os setores e na defesa da paz e do desenvolvimento mundiais.<\/p>\n<p>J\u00e1 o chanceler brasileiro lembrou que, ao longo das cinco d\u00e9cadas, os dois pa\u00edses consolidaram a confian\u00e7a m\u00fatua, refor\u00e7aram a intera\u00e7\u00e3o e estabeleceram interesses comuns nas \u00e1reas de com\u00e9rcio, investimento, finan\u00e7as, agricultura, seguran\u00e7a alimentar, energia, meio ambiente, mudan\u00e7as clim\u00e1ticas, espa\u00e7o sideral, educa\u00e7\u00e3o, cultura, sa\u00fade, ci\u00eancia e inova\u00e7\u00e3o.<\/p>\n<p>Al\u00e9m disso, as duas na\u00e7\u00f5es atuam com responsabilidade nos assuntos internacionais. Como membros das Na\u00e7\u00f5es Unidas (ONU), do G20 e do Brics, o Brasil e a China t\u00eam uma agenda diplom\u00e1tica que vai al\u00e9m do \u00e2mbito bilateral.<\/p>\n<p>O chanceler brasileiro afirmou que, por meio de coopera\u00e7\u00f5es, os dois pa\u00edses refor\u00e7ar\u00e3o ainda mais as rela\u00e7\u00f5es amistosas e o respeito m\u00fatuo e contribuir\u00e3o para um mundo mais justo, pac\u00edfico e pr\u00f3spero.<\/p>\n","protected":false},"excerpt":{"rendered":"<p>O chanceler chin\u00eas e membro do Bir\u00f4 Pol\u00edtico do Comit\u00ea Central do Partido Comunista da China, Wang Yi, publicou artigo no jornal brasileiro Folha de S. Paulo para comemorar os 50 anos das rela\u00e7\u00f5es diplom\u00e1ticas com o Brasil. No mesmo&#8230;<\/p>\n","protected":false},"author":2,"featured_media":0,"comment_status":"open","ping_status":"open","sticky":false,"template":"","format":"standard","meta":{"footnotes":""},"categories":[3],"tags":[],"class_list":["post-6022","post","type-post","status-publish","format-standard","hentry","category-china"],"yoast_head":"<!-- This site is optimized with the Yoast SEO plugin v27.4 - https:\/\/yoast.com\/product\/yoast-seo-wordpress\/ -->\n<title>Chanceleres da China e do Brasil publicam artigos sobre 50 anos de rela\u00e7\u00f5es diplom\u00e1ticas - CRI e Diario de Pernambuco<\/title>\n<meta name=\"robots\" content=\"index, follow, max-snippet:-1, max-image-preview:large, max-video-preview:-1\" \/>\n<link rel=\"canonical\" href=\"https:\/\/diariodepe.com.br\/cri\/2024\/08\/21\/chanceleres-da-china-e-do-brasil-publicam-artigos-sobre-50-anos-de-relacoes-diplomaticas\/\" \/>\n<meta property=\"og:locale\" content=\"pt_BR\" \/>\n<meta property=\"og:type\" content=\"article\" \/>\n<meta property=\"og:title\" content=\"Chanceleres da China e do Brasil publicam artigos sobre 50 anos de rela\u00e7\u00f5es diplom\u00e1ticas - CRI e Diario de Pernambuco\" \/>\n<meta property=\"og:description\" content=\"O chanceler chin\u00eas e membro do Bir\u00f4 Pol\u00edtico do Comit\u00ea Central do Partido Comunista da China, Wang Yi, publicou artigo no jornal brasileiro Folha de S. Paulo para comemorar os 50 anos das rela\u00e7\u00f5es diplom\u00e1ticas com o Brasil. No mesmo...\" \/>\n<meta property=\"og:url\" content=\"https:\/\/diariodepe.com.br\/cri\/2024\/08\/21\/chanceleres-da-china-e-do-brasil-publicam-artigos-sobre-50-anos-de-relacoes-diplomaticas\/\" \/>\n<meta property=\"og:site_name\" content=\"CRI e Diario de Pernambuco\" \/>\n<meta property=\"article:published_time\" content=\"2024-08-21T06:32:37+00:00\" \/>\n<meta name=\"author\" content=\"Ismael Lucas S. Pereira\" \/>\n<meta name=\"twitter:card\" content=\"summary_large_image\" \/>\n<meta name=\"twitter:label1\" content=\"Escrito por\" \/>\n\t<meta name=\"twitter:data1\" content=\"Ismael Lucas S. Pereira\" \/>\n\t<meta name=\"twitter:label2\" content=\"Est. tempo de leitura\" \/>\n\t<meta name=\"twitter:data2\" content=\"2 minutos\" \/>\n<script type=\"application\/ld+json\" class=\"yoast-schema-graph\">{\"@context\":\"https:\\\/\\\/schema.org\",\"@graph\":[{\"@type\":\"Article\",\"@id\":\"https:\\\/\\\/diariodepe.com.br\\\/cri\\\/2024\\\/08\\\/21\\\/chanceleres-da-china-e-do-brasil-publicam-artigos-sobre-50-anos-de-relacoes-diplomaticas\\\/#article\",\"isPartOf\":{\"@id\":\"https:\\\/\\\/diariodepe.com.br\\\/cri\\\/2024\\\/08\\\/21\\\/chanceleres-da-china-e-do-brasil-publicam-artigos-sobre-50-anos-de-relacoes-diplomaticas\\\/\"},\"author\":{\"name\":\"Ismael Lucas S. Pereira\",\"@id\":\"https:\\\/\\\/diariodepe.com.br\\\/cri\\\/#\\\/schema\\\/person\\\/121bb28d84f1a5b1205ef4ce9c2e0c6b\"},\"headline\":\"Chanceleres da China e do Brasil publicam artigos sobre 50 anos de rela\u00e7\u00f5es diplom\u00e1ticas\",\"datePublished\":\"2024-08-21T06:32:37+00:00\",\"mainEntityOfPage\":{\"@id\":\"https:\\\/\\\/diariodepe.com.br\\\/cri\\\/2024\\\/08\\\/21\\\/chanceleres-da-china-e-do-brasil-publicam-artigos-sobre-50-anos-de-relacoes-diplomaticas\\\/\"},\"wordCount\":352,\"commentCount\":0,\"publisher\":{\"@id\":\"https:\\\/\\\/diariodepe.com.br\\\/cri\\\/#organization\"},\"articleSection\":[\"China\"],\"inLanguage\":\"pt-BR\",\"potentialAction\":[{\"@type\":\"CommentAction\",\"name\":\"Comment\",\"target\":[\"https:\\\/\\\/diariodepe.com.br\\\/cri\\\/2024\\\/08\\\/21\\\/chanceleres-da-china-e-do-brasil-publicam-artigos-sobre-50-anos-de-relacoes-diplomaticas\\\/#respond\"]}]},{\"@type\":\"WebPage\",\"@id\":\"https:\\\/\\\/diariodepe.com.br\\\/cri\\\/2024\\\/08\\\/21\\\/chanceleres-da-china-e-do-brasil-publicam-artigos-sobre-50-anos-de-relacoes-diplomaticas\\\/\",\"url\":\"https:\\\/\\\/diariodepe.com.br\\\/cri\\\/2024\\\/08\\\/21\\\/chanceleres-da-china-e-do-brasil-publicam-artigos-sobre-50-anos-de-relacoes-diplomaticas\\\/\",\"name\":\"Chanceleres da China e do Brasil publicam artigos sobre 50 anos de rela\u00e7\u00f5es diplom\u00e1ticas - CRI e Diario de Pernambuco\",\"isPartOf\":{\"@id\":\"https:\\\/\\\/diariodepe.com.br\\\/cri\\\/#website\"},\"datePublished\":\"2024-08-21T06:32:37+00:00\",\"breadcrumb\":{\"@id\":\"https:\\\/\\\/diariodepe.com.br\\\/cri\\\/2024\\\/08\\\/21\\\/chanceleres-da-china-e-do-brasil-publicam-artigos-sobre-50-anos-de-relacoes-diplomaticas\\\/#breadcrumb\"},\"inLanguage\":\"pt-BR\",\"potentialAction\":[{\"@type\":\"ReadAction\",\"target\":[\"https:\\\/\\\/diariodepe.com.br\\\/cri\\\/2024\\\/08\\\/21\\\/chanceleres-da-china-e-do-brasil-publicam-artigos-sobre-50-anos-de-relacoes-diplomaticas\\\/\"]}]},{\"@type\":\"BreadcrumbList\",\"@id\":\"https:\\\/\\\/diariodepe.com.br\\\/cri\\\/2024\\\/08\\\/21\\\/chanceleres-da-china-e-do-brasil-publicam-artigos-sobre-50-anos-de-relacoes-diplomaticas\\\/#breadcrumb\",\"itemListElement\":[{\"@type\":\"ListItem\",\"position\":1,\"name\":\"In\u00edcio\",\"item\":\"https:\\\/\\\/diariodepe.com.br\\\/cri\\\/\"},{\"@type\":\"ListItem\",\"position\":2,\"name\":\"Chanceleres da China e do Brasil publicam artigos sobre 50 anos de rela\u00e7\u00f5es diplom\u00e1ticas\"}]},{\"@type\":\"WebSite\",\"@id\":\"https:\\\/\\\/diariodepe.com.br\\\/cri\\\/#website\",\"url\":\"https:\\\/\\\/diariodepe.com.br\\\/cri\\\/\",\"name\":\"CRI e Diario de Pernambuco\",\"description\":\"R\u00e1dio Internacional da China\",\"publisher\":{\"@id\":\"https:\\\/\\\/diariodepe.com.br\\\/cri\\\/#organization\"},\"potentialAction\":[{\"@type\":\"SearchAction\",\"target\":{\"@type\":\"EntryPoint\",\"urlTemplate\":\"https:\\\/\\\/diariodepe.com.br\\\/cri\\\/?s={search_term_string}\"},\"query-input\":{\"@type\":\"PropertyValueSpecification\",\"valueRequired\":true,\"valueName\":\"search_term_string\"}}],\"inLanguage\":\"pt-BR\"},{\"@type\":\"Organization\",\"@id\":\"https:\\\/\\\/diariodepe.com.br\\\/cri\\\/#organization\",\"name\":\"CRI e Diario de Pernambuco\",\"url\":\"https:\\\/\\\/diariodepe.com.br\\\/cri\\\/\",\"logo\":{\"@type\":\"ImageObject\",\"inLanguage\":\"pt-BR\",\"@id\":\"https:\\\/\\\/diariodepe.com.br\\\/cri\\\/#\\\/schema\\\/logo\\\/image\\\/\",\"url\":\"https:\\\/\\\/diariodepe.com.br\\\/cri\\\/wp-content\\\/uploads\\\/sites\\\/2\\\/2022\\\/12\\\/cropped-Logo.jpg\",\"contentUrl\":\"https:\\\/\\\/diariodepe.com.br\\\/cri\\\/wp-content\\\/uploads\\\/sites\\\/2\\\/2022\\\/12\\\/cropped-Logo.jpg\",\"width\":700,\"height\":59,\"caption\":\"CRI e Diario de Pernambuco\"},\"image\":{\"@id\":\"https:\\\/\\\/diariodepe.com.br\\\/cri\\\/#\\\/schema\\\/logo\\\/image\\\/\"}},{\"@type\":\"Person\",\"@id\":\"https:\\\/\\\/diariodepe.com.br\\\/cri\\\/#\\\/schema\\\/person\\\/121bb28d84f1a5b1205ef4ce9c2e0c6b\",\"name\":\"Ismael Lucas S. Pereira\",\"image\":{\"@type\":\"ImageObject\",\"inLanguage\":\"pt-BR\",\"@id\":\"https:\\\/\\\/secure.gravatar.com\\\/avatar\\\/887a0f3b5a7ceea963a48499fb883ffce6b5037362def025c52c2505b15d63e4?s=96&d=mm&r=g\",\"url\":\"https:\\\/\\\/secure.gravatar.com\\\/avatar\\\/887a0f3b5a7ceea963a48499fb883ffce6b5037362def025c52c2505b15d63e4?s=96&d=mm&r=g\",\"contentUrl\":\"https:\\\/\\\/secure.gravatar.com\\\/avatar\\\/887a0f3b5a7ceea963a48499fb883ffce6b5037362def025c52c2505b15d63e4?s=96&d=mm&r=g\",\"caption\":\"Ismael Lucas S. Pereira\"},\"url\":\"https:\\\/\\\/diariodepe.com.br\\\/cri\\\/author\\\/ismael-lucas\\\/\"}]}<\/script>\n<!-- \/ Yoast SEO plugin. -->","yoast_head_json":{"title":"Chanceleres da China e do Brasil publicam artigos sobre 50 anos de rela\u00e7\u00f5es diplom\u00e1ticas - CRI e Diario de Pernambuco","robots":{"index":"index","follow":"follow","max-snippet":"max-snippet:-1","max-image-preview":"max-image-preview:large","max-video-preview":"max-video-preview:-1"},"canonical":"https:\/\/diariodepe.com.br\/cri\/2024\/08\/21\/chanceleres-da-china-e-do-brasil-publicam-artigos-sobre-50-anos-de-relacoes-diplomaticas\/","og_locale":"pt_BR","og_type":"article","og_title":"Chanceleres da China e do Brasil publicam artigos sobre 50 anos de rela\u00e7\u00f5es diplom\u00e1ticas - CRI e Diario de Pernambuco","og_description":"O chanceler chin\u00eas e membro do Bir\u00f4 Pol\u00edtico do Comit\u00ea Central do Partido Comunista da China, Wang Yi, publicou artigo no jornal brasileiro Folha de S. Paulo para comemorar os 50 anos das rela\u00e7\u00f5es diplom\u00e1ticas com o Brasil. No mesmo...","og_url":"https:\/\/diariodepe.com.br\/cri\/2024\/08\/21\/chanceleres-da-china-e-do-brasil-publicam-artigos-sobre-50-anos-de-relacoes-diplomaticas\/","og_site_name":"CRI e Diario de Pernambuco","article_published_time":"2024-08-21T06:32:37+00:00","author":"Ismael Lucas S. Pereira","twitter_card":"summary_large_image","twitter_misc":{"Escrito por":"Ismael Lucas S. Pereira","Est. tempo de leitura":"2 minutos"},"schema":{"@context":"https:\/\/schema.org","@graph":[{"@type":"Article","@id":"https:\/\/diariodepe.com.br\/cri\/2024\/08\/21\/chanceleres-da-china-e-do-brasil-publicam-artigos-sobre-50-anos-de-relacoes-diplomaticas\/#article","isPartOf":{"@id":"https:\/\/diariodepe.com.br\/cri\/2024\/08\/21\/chanceleres-da-china-e-do-brasil-publicam-artigos-sobre-50-anos-de-relacoes-diplomaticas\/"},"author":{"name":"Ismael Lucas S. Pereira","@id":"https:\/\/diariodepe.com.br\/cri\/#\/schema\/person\/121bb28d84f1a5b1205ef4ce9c2e0c6b"},"headline":"Chanceleres da China e do Brasil publicam artigos sobre 50 anos de rela\u00e7\u00f5es diplom\u00e1ticas","datePublished":"2024-08-21T06:32:37+00:00","mainEntityOfPage":{"@id":"https:\/\/diariodepe.com.br\/cri\/2024\/08\/21\/chanceleres-da-china-e-do-brasil-publicam-artigos-sobre-50-anos-de-relacoes-diplomaticas\/"},"wordCount":352,"commentCount":0,"publisher":{"@id":"https:\/\/diariodepe.com.br\/cri\/#organization"},"articleSection":["China"],"inLanguage":"pt-BR","potentialAction":[{"@type":"CommentAction","name":"Comment","target":["https:\/\/diariodepe.com.br\/cri\/2024\/08\/21\/chanceleres-da-china-e-do-brasil-publicam-artigos-sobre-50-anos-de-relacoes-diplomaticas\/#respond"]}]},{"@type":"WebPage","@id":"https:\/\/diariodepe.com.br\/cri\/2024\/08\/21\/chanceleres-da-china-e-do-brasil-publicam-artigos-sobre-50-anos-de-relacoes-diplomaticas\/","url":"https:\/\/diariodepe.com.br\/cri\/2024\/08\/21\/chanceleres-da-china-e-do-brasil-publicam-artigos-sobre-50-anos-de-relacoes-diplomaticas\/","name":"Chanceleres da China e do Brasil publicam artigos sobre 50 anos de rela\u00e7\u00f5es diplom\u00e1ticas - CRI e Diario de Pernambuco","isPartOf":{"@id":"https:\/\/diariodepe.com.br\/cri\/#website"},"datePublished":"2024-08-21T06:32:37+00:00","breadcrumb":{"@id":"https:\/\/diariodepe.com.br\/cri\/2024\/08\/21\/chanceleres-da-china-e-do-brasil-publicam-artigos-sobre-50-anos-de-relacoes-diplomaticas\/#breadcrumb"},"inLanguage":"pt-BR","potentialAction":[{"@type":"ReadAction","target":["https:\/\/diariodepe.com.br\/cri\/2024\/08\/21\/chanceleres-da-china-e-do-brasil-publicam-artigos-sobre-50-anos-de-relacoes-diplomaticas\/"]}]},{"@type":"BreadcrumbList","@id":"https:\/\/diariodepe.com.br\/cri\/2024\/08\/21\/chanceleres-da-china-e-do-brasil-publicam-artigos-sobre-50-anos-de-relacoes-diplomaticas\/#breadcrumb","itemListElement":[{"@type":"ListItem","position":1,"name":"In\u00edcio","item":"https:\/\/diariodepe.com.br\/cri\/"},{"@type":"ListItem","position":2,"name":"Chanceleres da China e do Brasil publicam artigos sobre 50 anos de rela\u00e7\u00f5es diplom\u00e1ticas"}]},{"@type":"WebSite","@id":"https:\/\/diariodepe.com.br\/cri\/#website","url":"https:\/\/diariodepe.com.br\/cri\/","name":"CRI e Diario de Pernambuco","description":"R\u00e1dio Internacional da China","publisher":{"@id":"https:\/\/diariodepe.com.br\/cri\/#organization"},"potentialAction":[{"@type":"SearchAction","target":{"@type":"EntryPoint","urlTemplate":"https:\/\/diariodepe.com.br\/cri\/?s={search_term_string}"},"query-input":{"@type":"PropertyValueSpecification","valueRequired":true,"valueName":"search_term_string"}}],"inLanguage":"pt-BR"},{"@type":"Organization","@id":"https:\/\/diariodepe.com.br\/cri\/#organization","name":"CRI e Diario de Pernambuco","url":"https:\/\/diariodepe.com.br\/cri\/","logo":{"@type":"ImageObject","inLanguage":"pt-BR","@id":"https:\/\/diariodepe.com.br\/cri\/#\/schema\/logo\/image\/","url":"https:\/\/diariodepe.com.br\/cri\/wp-content\/uploads\/sites\/2\/2022\/12\/cropped-Logo.jpg","contentUrl":"https:\/\/diariodepe.com.br\/cri\/wp-content\/uploads\/sites\/2\/2022\/12\/cropped-Logo.jpg","width":700,"height":59,"caption":"CRI e Diario de Pernambuco"},"image":{"@id":"https:\/\/diariodepe.com.br\/cri\/#\/schema\/logo\/image\/"}},{"@type":"Person","@id":"https:\/\/diariodepe.com.br\/cri\/#\/schema\/person\/121bb28d84f1a5b1205ef4ce9c2e0c6b","name":"Ismael Lucas S. Pereira","image":{"@type":"ImageObject","inLanguage":"pt-BR","@id":"https:\/\/secure.gravatar.com\/avatar\/887a0f3b5a7ceea963a48499fb883ffce6b5037362def025c52c2505b15d63e4?s=96&d=mm&r=g","url":"https:\/\/secure.gravatar.com\/avatar\/887a0f3b5a7ceea963a48499fb883ffce6b5037362def025c52c2505b15d63e4?s=96&d=mm&r=g","contentUrl":"https:\/\/secure.gravatar.com\/avatar\/887a0f3b5a7ceea963a48499fb883ffce6b5037362def025c52c2505b15d63e4?s=96&d=mm&r=g","caption":"Ismael Lucas S. Pereira"},"url":"https:\/\/diariodepe.com.br\/cri\/author\/ismael-lucas\/"}]}},"cc_featured_image_caption":{"caption_text":false,"source_text":false,"source_url":false},"amp_enabled":true,"_links":{"self":[{"href":"https:\/\/diariodepe.com.br\/cri\/wp-json\/wp\/v2\/posts\/6022","targetHints":{"allow":["GET"]}}],"collection":[{"href":"https:\/\/diariodepe.com.br\/cri\/wp-json\/wp\/v2\/posts"}],"about":[{"href":"https:\/\/diariodepe.com.br\/cri\/wp-json\/wp\/v2\/types\/post"}],"author":[{"embeddable":true,"href":"https:\/\/diariodepe.com.br\/cri\/wp-json\/wp\/v2\/users\/2"}],"replies":[{"embeddable":true,"href":"https:\/\/diariodepe.com.br\/cri\/wp-json\/wp\/v2\/comments?post=6022"}],"version-history":[{"count":1,"href":"https:\/\/diariodepe.com.br\/cri\/wp-json\/wp\/v2\/posts\/6022\/revisions"}],"predecessor-version":[{"id":6023,"href":"https:\/\/diariodepe.com.br\/cri\/wp-json\/wp\/v2\/posts\/6022\/revisions\/6023"}],"wp:attachment":[{"href":"https:\/\/diariodepe.com.br\/cri\/wp-json\/wp\/v2\/media?parent=6022"}],"wp:term":[{"taxonomy":"category","embeddable":true,"href":"https:\/\/diariodepe.com.br\/cri\/wp-json\/wp\/v2\/categories?post=6022"},{"taxonomy":"post_tag","embeddable":true,"href":"https:\/\/diariodepe.com.br\/cri\/wp-json\/wp\/v2\/tags?post=6022"}],"curies":[{"name":"wp","href":"https:\/\/api.w.org\/{rel}","templated":true}]}}