{"id":6017,"date":"2024-08-21T03:29:19","date_gmt":"2024-08-21T06:29:19","guid":{"rendered":"https:\/\/diariodepe.com.br\/cri\/?p=6017"},"modified":"2024-08-21T03:29:19","modified_gmt":"2024-08-21T06:29:19","slug":"brasil-realiza-atividades-para-celebrar-os-50-anos-de-relacoes-diplomaticas-com-a-china","status":"publish","type":"post","link":"https:\/\/diariodepe.com.br\/cri\/2024\/08\/21\/brasil-realiza-atividades-para-celebrar-os-50-anos-de-relacoes-diplomaticas-com-a-china\/","title":{"rendered":"Brasil realiza atividades para celebrar os 50 anos de rela\u00e7\u00f5es diplom\u00e1ticas com a China"},"content":{"rendered":"<p data-spm-anchor-id=\"0.0.0.i2\">O Minist\u00e9rio das Rela\u00e7\u00f5es Exteriores do Brasil realizou um semin\u00e1rio em comemora\u00e7\u00e3o aos 50 anos de rela\u00e7\u00f5es diplom\u00e1ticas China-Brasil, na quinta-feira (15). O evento contou com a presen\u00e7a do vice-presidente brasileiro, Geraldo Alckmin; da ministra interina das Rela\u00e7\u00f5es Exteriores, Maria Laura da Rocha; da ministra da Ci\u00eancia, Tecnologia e Inova\u00e7\u00e3o, Luciana Santos; do presidente da Ag\u00eancia Brasileira de Promo\u00e7\u00e3o de Exporta\u00e7\u00f5es e Investimentos (Apex Brasil), Jorge Viana; do embaixador da China no Brasil, Zhu Qingqiao, e do embaixador do Brasil na China, Marcos Galv\u00e3o, assim como outros dignit\u00e1rios e representantes de diversos setores dos dois pa\u00edses, totalizando mais de cem participantes.<\/p>\n<p>Em seu discurso, Alckmin relembrou as grandes transforma\u00e7\u00f5es e os resultados frut\u00edferos nas \u00e1reas pol\u00edtica, econ\u00f4mica, comercial e de interc\u00e2mbios culturais ao longo das cinco d\u00e9cadas de rela\u00e7\u00f5es diplom\u00e1ticas, e elogiou os not\u00e1veis progressos da China nos setores de desenvolvimento econ\u00f4mico e redu\u00e7\u00e3o da pobreza. Ele afirmou que a China tem sido, por 15 anos consecutivos, o maior parceiro comercial do Brasil e seu principal destino de exporta\u00e7\u00f5es, sendo capaz de apoiar a reindustrializa\u00e7\u00e3o do pa\u00eds sul-americano. O vice-presidente brasileiro destacou que as duas na\u00e7\u00f5es devem continuar fortalecendo a coopera\u00e7\u00e3o em \u00e1reas como ind\u00fastrias verdes e novas tecnologias, al\u00e9m de trabalhar juntos para construir uma ordem internacional pac\u00edfica e de desenvolvimento.<\/p>\n<p>O embaixador da China no Brasil, Zhu Qingqiao, disse que mant\u00e9m uma perspectiva positiva sobre o futuro das rela\u00e7\u00f5es entre os dois pa\u00edses, afirmando que a China e o Brasil s\u00e3o membros importantes do \u201cSul Global\u201d. O refor\u00e7o constante da coopera\u00e7\u00e3o mutuamente ben\u00e9fica trar\u00e1 benef\u00edcios concretos aos povos dos dois pa\u00edses.<\/p>\n<p>No mesmo dia, o Congresso Nacional do Brasil realizou uma sess\u00e3o plen\u00e1ria alusiva ao \u201cDia Nacional da Imigra\u00e7\u00e3o Chinesa\u201d e aos 50 anos dos la\u00e7os diplom\u00e1ticos com a China. Testemunhado pela ministra da Ci\u00eancia, Tecnologia e Inova\u00e7\u00e3o, Luciana Santos; pelo embaixador chin\u00eas no Brasil, Zhu Qingqiao, e outros representantes, os dois pa\u00edses lan\u00e7aram conjuntamente os selos e as moedas comemorativos produzidos pela Casa da Moeda do Brasil.<\/p>\n<p>Luciana afirmou que a coopera\u00e7\u00e3o China-Brasil na \u00e1rea cient\u00edfica e tecnol\u00f3gica tem avan\u00e7ado continuamente desde os anos 1980. Por meio do programa Sat\u00e9lite Sino-Brasileiro de Recursos Terrestres (CBERS), os dois pa\u00edses j\u00e1 desenvolveram conjuntamente seis sat\u00e9lites, os quais desempenham um papel crucial na prote\u00e7\u00e3o da floresta amaz\u00f4nica e no monitoramento meteorol\u00f3gico. No futuro, ambos os lados tamb\u00e9m colaborar\u00e3o em 15 \u00e1reas, incluindo intelig\u00eancia artificial, nanotecnologia e tecnologia da informa\u00e7\u00e3o. \u201cA coopera\u00e7\u00e3o cient\u00edfica e tecnol\u00f3gica se tornar\u00e1 um novo s\u00edmbolo das rela\u00e7\u00f5es sino-brasileiras\u201d, acrescentou a ministra.<\/p>\n","protected":false},"excerpt":{"rendered":"<p>O Minist\u00e9rio das Rela\u00e7\u00f5es Exteriores do Brasil realizou um semin\u00e1rio em comemora\u00e7\u00e3o aos 50 anos de rela\u00e7\u00f5es diplom\u00e1ticas China-Brasil, na quinta-feira (15). O evento contou com a presen\u00e7a do vice-presidente brasileiro, Geraldo Alckmin; da ministra interina das Rela\u00e7\u00f5es Exteriores, Maria&#8230;<\/p>\n","protected":false},"author":2,"featured_media":6018,"comment_status":"open","ping_status":"open","sticky":false,"template":"","format":"standard","meta":{"footnotes":""},"categories":[5,8],"tags":[],"class_list":["post-6017","post","type-post","status-publish","format-standard","has-post-thumbnail","hentry","category-destaques-capa","category-internacional"],"yoast_head":"<!-- This site is optimized with the Yoast SEO plugin v27.4 - https:\/\/yoast.com\/product\/yoast-seo-wordpress\/ -->\n<title>Brasil realiza atividades para celebrar os 50 anos de rela\u00e7\u00f5es diplom\u00e1ticas com a China - CRI e Diario de Pernambuco<\/title>\n<meta name=\"robots\" content=\"index, follow, max-snippet:-1, max-image-preview:large, max-video-preview:-1\" \/>\n<link rel=\"canonical\" href=\"https:\/\/diariodepe.com.br\/cri\/2024\/08\/21\/brasil-realiza-atividades-para-celebrar-os-50-anos-de-relacoes-diplomaticas-com-a-china\/\" \/>\n<meta property=\"og:locale\" content=\"pt_BR\" \/>\n<meta property=\"og:type\" content=\"article\" \/>\n<meta property=\"og:title\" content=\"Brasil realiza atividades para celebrar os 50 anos de rela\u00e7\u00f5es diplom\u00e1ticas com a China - CRI e Diario de Pernambuco\" \/>\n<meta property=\"og:description\" content=\"O Minist\u00e9rio das Rela\u00e7\u00f5es Exteriores do Brasil realizou um semin\u00e1rio em comemora\u00e7\u00e3o aos 50 anos de rela\u00e7\u00f5es diplom\u00e1ticas China-Brasil, na quinta-feira (15). O evento contou com a presen\u00e7a do vice-presidente brasileiro, Geraldo Alckmin; da ministra interina das Rela\u00e7\u00f5es Exteriores, Maria...\" \/>\n<meta property=\"og:url\" content=\"https:\/\/diariodepe.com.br\/cri\/2024\/08\/21\/brasil-realiza-atividades-para-celebrar-os-50-anos-de-relacoes-diplomaticas-com-a-china\/\" \/>\n<meta property=\"og:site_name\" content=\"CRI e Diario de Pernambuco\" \/>\n<meta property=\"article:published_time\" content=\"2024-08-21T06:29:19+00:00\" \/>\n<meta property=\"og:image\" content=\"https:\/\/diariodepe.com.br\/cri\/wp-content\/uploads\/sites\/2\/2024\/08\/2024081615342876277.jpg\" \/>\n\t<meta property=\"og:image:width\" content=\"2273\" \/>\n\t<meta property=\"og:image:height\" content=\"1280\" \/>\n\t<meta property=\"og:image:type\" content=\"image\/jpeg\" \/>\n<meta name=\"author\" content=\"Ismael Lucas S. Pereira\" \/>\n<meta name=\"twitter:card\" content=\"summary_large_image\" \/>\n<meta name=\"twitter:label1\" content=\"Escrito por\" \/>\n\t<meta name=\"twitter:data1\" content=\"Ismael Lucas S. Pereira\" \/>\n\t<meta name=\"twitter:label2\" content=\"Est. tempo de leitura\" \/>\n\t<meta name=\"twitter:data2\" content=\"3 minutos\" \/>\n<script type=\"application\/ld+json\" class=\"yoast-schema-graph\">{\"@context\":\"https:\\\/\\\/schema.org\",\"@graph\":[{\"@type\":\"Article\",\"@id\":\"https:\\\/\\\/diariodepe.com.br\\\/cri\\\/2024\\\/08\\\/21\\\/brasil-realiza-atividades-para-celebrar-os-50-anos-de-relacoes-diplomaticas-com-a-china\\\/#article\",\"isPartOf\":{\"@id\":\"https:\\\/\\\/diariodepe.com.br\\\/cri\\\/2024\\\/08\\\/21\\\/brasil-realiza-atividades-para-celebrar-os-50-anos-de-relacoes-diplomaticas-com-a-china\\\/\"},\"author\":{\"name\":\"Ismael Lucas S. Pereira\",\"@id\":\"https:\\\/\\\/diariodepe.com.br\\\/cri\\\/#\\\/schema\\\/person\\\/121bb28d84f1a5b1205ef4ce9c2e0c6b\"},\"headline\":\"Brasil realiza atividades para celebrar os 50 anos de rela\u00e7\u00f5es diplom\u00e1ticas com a China\",\"datePublished\":\"2024-08-21T06:29:19+00:00\",\"mainEntityOfPage\":{\"@id\":\"https:\\\/\\\/diariodepe.com.br\\\/cri\\\/2024\\\/08\\\/21\\\/brasil-realiza-atividades-para-celebrar-os-50-anos-de-relacoes-diplomaticas-com-a-china\\\/\"},\"wordCount\":497,\"commentCount\":0,\"publisher\":{\"@id\":\"https:\\\/\\\/diariodepe.com.br\\\/cri\\\/#organization\"},\"image\":{\"@id\":\"https:\\\/\\\/diariodepe.com.br\\\/cri\\\/2024\\\/08\\\/21\\\/brasil-realiza-atividades-para-celebrar-os-50-anos-de-relacoes-diplomaticas-com-a-china\\\/#primaryimage\"},\"thumbnailUrl\":\"https:\\\/\\\/diariodepe.com.br\\\/cri\\\/wp-content\\\/uploads\\\/sites\\\/2\\\/2024\\\/08\\\/2024081615342876277.jpg\",\"articleSection\":[\"Destaques Capa\",\"Internacional\"],\"inLanguage\":\"pt-BR\",\"potentialAction\":[{\"@type\":\"CommentAction\",\"name\":\"Comment\",\"target\":[\"https:\\\/\\\/diariodepe.com.br\\\/cri\\\/2024\\\/08\\\/21\\\/brasil-realiza-atividades-para-celebrar-os-50-anos-de-relacoes-diplomaticas-com-a-china\\\/#respond\"]}]},{\"@type\":\"WebPage\",\"@id\":\"https:\\\/\\\/diariodepe.com.br\\\/cri\\\/2024\\\/08\\\/21\\\/brasil-realiza-atividades-para-celebrar-os-50-anos-de-relacoes-diplomaticas-com-a-china\\\/\",\"url\":\"https:\\\/\\\/diariodepe.com.br\\\/cri\\\/2024\\\/08\\\/21\\\/brasil-realiza-atividades-para-celebrar-os-50-anos-de-relacoes-diplomaticas-com-a-china\\\/\",\"name\":\"Brasil realiza atividades para celebrar os 50 anos de rela\u00e7\u00f5es diplom\u00e1ticas com a China - CRI e Diario de Pernambuco\",\"isPartOf\":{\"@id\":\"https:\\\/\\\/diariodepe.com.br\\\/cri\\\/#website\"},\"primaryImageOfPage\":{\"@id\":\"https:\\\/\\\/diariodepe.com.br\\\/cri\\\/2024\\\/08\\\/21\\\/brasil-realiza-atividades-para-celebrar-os-50-anos-de-relacoes-diplomaticas-com-a-china\\\/#primaryimage\"},\"image\":{\"@id\":\"https:\\\/\\\/diariodepe.com.br\\\/cri\\\/2024\\\/08\\\/21\\\/brasil-realiza-atividades-para-celebrar-os-50-anos-de-relacoes-diplomaticas-com-a-china\\\/#primaryimage\"},\"thumbnailUrl\":\"https:\\\/\\\/diariodepe.com.br\\\/cri\\\/wp-content\\\/uploads\\\/sites\\\/2\\\/2024\\\/08\\\/2024081615342876277.jpg\",\"datePublished\":\"2024-08-21T06:29:19+00:00\",\"breadcrumb\":{\"@id\":\"https:\\\/\\\/diariodepe.com.br\\\/cri\\\/2024\\\/08\\\/21\\\/brasil-realiza-atividades-para-celebrar-os-50-anos-de-relacoes-diplomaticas-com-a-china\\\/#breadcrumb\"},\"inLanguage\":\"pt-BR\",\"potentialAction\":[{\"@type\":\"ReadAction\",\"target\":[\"https:\\\/\\\/diariodepe.com.br\\\/cri\\\/2024\\\/08\\\/21\\\/brasil-realiza-atividades-para-celebrar-os-50-anos-de-relacoes-diplomaticas-com-a-china\\\/\"]}]},{\"@type\":\"ImageObject\",\"inLanguage\":\"pt-BR\",\"@id\":\"https:\\\/\\\/diariodepe.com.br\\\/cri\\\/2024\\\/08\\\/21\\\/brasil-realiza-atividades-para-celebrar-os-50-anos-de-relacoes-diplomaticas-com-a-china\\\/#primaryimage\",\"url\":\"https:\\\/\\\/diariodepe.com.br\\\/cri\\\/wp-content\\\/uploads\\\/sites\\\/2\\\/2024\\\/08\\\/2024081615342876277.jpg\",\"contentUrl\":\"https:\\\/\\\/diariodepe.com.br\\\/cri\\\/wp-content\\\/uploads\\\/sites\\\/2\\\/2024\\\/08\\\/2024081615342876277.jpg\",\"width\":2273,\"height\":1280},{\"@type\":\"BreadcrumbList\",\"@id\":\"https:\\\/\\\/diariodepe.com.br\\\/cri\\\/2024\\\/08\\\/21\\\/brasil-realiza-atividades-para-celebrar-os-50-anos-de-relacoes-diplomaticas-com-a-china\\\/#breadcrumb\",\"itemListElement\":[{\"@type\":\"ListItem\",\"position\":1,\"name\":\"In\u00edcio\",\"item\":\"https:\\\/\\\/diariodepe.com.br\\\/cri\\\/\"},{\"@type\":\"ListItem\",\"position\":2,\"name\":\"Brasil realiza atividades para celebrar os 50 anos de rela\u00e7\u00f5es diplom\u00e1ticas com a China\"}]},{\"@type\":\"WebSite\",\"@id\":\"https:\\\/\\\/diariodepe.com.br\\\/cri\\\/#website\",\"url\":\"https:\\\/\\\/diariodepe.com.br\\\/cri\\\/\",\"name\":\"CRI e Diario de Pernambuco\",\"description\":\"R\u00e1dio Internacional da China\",\"publisher\":{\"@id\":\"https:\\\/\\\/diariodepe.com.br\\\/cri\\\/#organization\"},\"potentialAction\":[{\"@type\":\"SearchAction\",\"target\":{\"@type\":\"EntryPoint\",\"urlTemplate\":\"https:\\\/\\\/diariodepe.com.br\\\/cri\\\/?s={search_term_string}\"},\"query-input\":{\"@type\":\"PropertyValueSpecification\",\"valueRequired\":true,\"valueName\":\"search_term_string\"}}],\"inLanguage\":\"pt-BR\"},{\"@type\":\"Organization\",\"@id\":\"https:\\\/\\\/diariodepe.com.br\\\/cri\\\/#organization\",\"name\":\"CRI e Diario de Pernambuco\",\"url\":\"https:\\\/\\\/diariodepe.com.br\\\/cri\\\/\",\"logo\":{\"@type\":\"ImageObject\",\"inLanguage\":\"pt-BR\",\"@id\":\"https:\\\/\\\/diariodepe.com.br\\\/cri\\\/#\\\/schema\\\/logo\\\/image\\\/\",\"url\":\"https:\\\/\\\/diariodepe.com.br\\\/cri\\\/wp-content\\\/uploads\\\/sites\\\/2\\\/2022\\\/12\\\/cropped-Logo.jpg\",\"contentUrl\":\"https:\\\/\\\/diariodepe.com.br\\\/cri\\\/wp-content\\\/uploads\\\/sites\\\/2\\\/2022\\\/12\\\/cropped-Logo.jpg\",\"width\":700,\"height\":59,\"caption\":\"CRI e Diario de Pernambuco\"},\"image\":{\"@id\":\"https:\\\/\\\/diariodepe.com.br\\\/cri\\\/#\\\/schema\\\/logo\\\/image\\\/\"}},{\"@type\":\"Person\",\"@id\":\"https:\\\/\\\/diariodepe.com.br\\\/cri\\\/#\\\/schema\\\/person\\\/121bb28d84f1a5b1205ef4ce9c2e0c6b\",\"name\":\"Ismael Lucas S. Pereira\",\"image\":{\"@type\":\"ImageObject\",\"inLanguage\":\"pt-BR\",\"@id\":\"https:\\\/\\\/secure.gravatar.com\\\/avatar\\\/887a0f3b5a7ceea963a48499fb883ffce6b5037362def025c52c2505b15d63e4?s=96&d=mm&r=g\",\"url\":\"https:\\\/\\\/secure.gravatar.com\\\/avatar\\\/887a0f3b5a7ceea963a48499fb883ffce6b5037362def025c52c2505b15d63e4?s=96&d=mm&r=g\",\"contentUrl\":\"https:\\\/\\\/secure.gravatar.com\\\/avatar\\\/887a0f3b5a7ceea963a48499fb883ffce6b5037362def025c52c2505b15d63e4?s=96&d=mm&r=g\",\"caption\":\"Ismael Lucas S. Pereira\"},\"url\":\"https:\\\/\\\/diariodepe.com.br\\\/cri\\\/author\\\/ismael-lucas\\\/\"}]}<\/script>\n<!-- \/ Yoast SEO plugin. -->","yoast_head_json":{"title":"Brasil realiza atividades para celebrar os 50 anos de rela\u00e7\u00f5es diplom\u00e1ticas com a China - CRI e Diario de Pernambuco","robots":{"index":"index","follow":"follow","max-snippet":"max-snippet:-1","max-image-preview":"max-image-preview:large","max-video-preview":"max-video-preview:-1"},"canonical":"https:\/\/diariodepe.com.br\/cri\/2024\/08\/21\/brasil-realiza-atividades-para-celebrar-os-50-anos-de-relacoes-diplomaticas-com-a-china\/","og_locale":"pt_BR","og_type":"article","og_title":"Brasil realiza atividades para celebrar os 50 anos de rela\u00e7\u00f5es diplom\u00e1ticas com a China - CRI e Diario de Pernambuco","og_description":"O Minist\u00e9rio das Rela\u00e7\u00f5es Exteriores do Brasil realizou um semin\u00e1rio em comemora\u00e7\u00e3o aos 50 anos de rela\u00e7\u00f5es diplom\u00e1ticas China-Brasil, na quinta-feira (15). O evento contou com a presen\u00e7a do vice-presidente brasileiro, Geraldo Alckmin; da ministra interina das Rela\u00e7\u00f5es Exteriores, Maria...","og_url":"https:\/\/diariodepe.com.br\/cri\/2024\/08\/21\/brasil-realiza-atividades-para-celebrar-os-50-anos-de-relacoes-diplomaticas-com-a-china\/","og_site_name":"CRI e Diario de Pernambuco","article_published_time":"2024-08-21T06:29:19+00:00","og_image":[{"width":2273,"height":1280,"url":"https:\/\/diariodepe.com.br\/cri\/wp-content\/uploads\/sites\/2\/2024\/08\/2024081615342876277.jpg","type":"image\/jpeg"}],"author":"Ismael Lucas S. Pereira","twitter_card":"summary_large_image","twitter_misc":{"Escrito por":"Ismael Lucas S. Pereira","Est. tempo de leitura":"3 minutos"},"schema":{"@context":"https:\/\/schema.org","@graph":[{"@type":"Article","@id":"https:\/\/diariodepe.com.br\/cri\/2024\/08\/21\/brasil-realiza-atividades-para-celebrar-os-50-anos-de-relacoes-diplomaticas-com-a-china\/#article","isPartOf":{"@id":"https:\/\/diariodepe.com.br\/cri\/2024\/08\/21\/brasil-realiza-atividades-para-celebrar-os-50-anos-de-relacoes-diplomaticas-com-a-china\/"},"author":{"name":"Ismael Lucas S. Pereira","@id":"https:\/\/diariodepe.com.br\/cri\/#\/schema\/person\/121bb28d84f1a5b1205ef4ce9c2e0c6b"},"headline":"Brasil realiza atividades para celebrar os 50 anos de rela\u00e7\u00f5es diplom\u00e1ticas com a China","datePublished":"2024-08-21T06:29:19+00:00","mainEntityOfPage":{"@id":"https:\/\/diariodepe.com.br\/cri\/2024\/08\/21\/brasil-realiza-atividades-para-celebrar-os-50-anos-de-relacoes-diplomaticas-com-a-china\/"},"wordCount":497,"commentCount":0,"publisher":{"@id":"https:\/\/diariodepe.com.br\/cri\/#organization"},"image":{"@id":"https:\/\/diariodepe.com.br\/cri\/2024\/08\/21\/brasil-realiza-atividades-para-celebrar-os-50-anos-de-relacoes-diplomaticas-com-a-china\/#primaryimage"},"thumbnailUrl":"https:\/\/diariodepe.com.br\/cri\/wp-content\/uploads\/sites\/2\/2024\/08\/2024081615342876277.jpg","articleSection":["Destaques Capa","Internacional"],"inLanguage":"pt-BR","potentialAction":[{"@type":"CommentAction","name":"Comment","target":["https:\/\/diariodepe.com.br\/cri\/2024\/08\/21\/brasil-realiza-atividades-para-celebrar-os-50-anos-de-relacoes-diplomaticas-com-a-china\/#respond"]}]},{"@type":"WebPage","@id":"https:\/\/diariodepe.com.br\/cri\/2024\/08\/21\/brasil-realiza-atividades-para-celebrar-os-50-anos-de-relacoes-diplomaticas-com-a-china\/","url":"https:\/\/diariodepe.com.br\/cri\/2024\/08\/21\/brasil-realiza-atividades-para-celebrar-os-50-anos-de-relacoes-diplomaticas-com-a-china\/","name":"Brasil realiza atividades para celebrar os 50 anos de rela\u00e7\u00f5es diplom\u00e1ticas com a China - CRI e Diario de Pernambuco","isPartOf":{"@id":"https:\/\/diariodepe.com.br\/cri\/#website"},"primaryImageOfPage":{"@id":"https:\/\/diariodepe.com.br\/cri\/2024\/08\/21\/brasil-realiza-atividades-para-celebrar-os-50-anos-de-relacoes-diplomaticas-com-a-china\/#primaryimage"},"image":{"@id":"https:\/\/diariodepe.com.br\/cri\/2024\/08\/21\/brasil-realiza-atividades-para-celebrar-os-50-anos-de-relacoes-diplomaticas-com-a-china\/#primaryimage"},"thumbnailUrl":"https:\/\/diariodepe.com.br\/cri\/wp-content\/uploads\/sites\/2\/2024\/08\/2024081615342876277.jpg","datePublished":"2024-08-21T06:29:19+00:00","breadcrumb":{"@id":"https:\/\/diariodepe.com.br\/cri\/2024\/08\/21\/brasil-realiza-atividades-para-celebrar-os-50-anos-de-relacoes-diplomaticas-com-a-china\/#breadcrumb"},"inLanguage":"pt-BR","potentialAction":[{"@type":"ReadAction","target":["https:\/\/diariodepe.com.br\/cri\/2024\/08\/21\/brasil-realiza-atividades-para-celebrar-os-50-anos-de-relacoes-diplomaticas-com-a-china\/"]}]},{"@type":"ImageObject","inLanguage":"pt-BR","@id":"https:\/\/diariodepe.com.br\/cri\/2024\/08\/21\/brasil-realiza-atividades-para-celebrar-os-50-anos-de-relacoes-diplomaticas-com-a-china\/#primaryimage","url":"https:\/\/diariodepe.com.br\/cri\/wp-content\/uploads\/sites\/2\/2024\/08\/2024081615342876277.jpg","contentUrl":"https:\/\/diariodepe.com.br\/cri\/wp-content\/uploads\/sites\/2\/2024\/08\/2024081615342876277.jpg","width":2273,"height":1280},{"@type":"BreadcrumbList","@id":"https:\/\/diariodepe.com.br\/cri\/2024\/08\/21\/brasil-realiza-atividades-para-celebrar-os-50-anos-de-relacoes-diplomaticas-com-a-china\/#breadcrumb","itemListElement":[{"@type":"ListItem","position":1,"name":"In\u00edcio","item":"https:\/\/diariodepe.com.br\/cri\/"},{"@type":"ListItem","position":2,"name":"Brasil realiza atividades para celebrar os 50 anos de rela\u00e7\u00f5es diplom\u00e1ticas com a China"}]},{"@type":"WebSite","@id":"https:\/\/diariodepe.com.br\/cri\/#website","url":"https:\/\/diariodepe.com.br\/cri\/","name":"CRI e Diario de Pernambuco","description":"R\u00e1dio Internacional da China","publisher":{"@id":"https:\/\/diariodepe.com.br\/cri\/#organization"},"potentialAction":[{"@type":"SearchAction","target":{"@type":"EntryPoint","urlTemplate":"https:\/\/diariodepe.com.br\/cri\/?s={search_term_string}"},"query-input":{"@type":"PropertyValueSpecification","valueRequired":true,"valueName":"search_term_string"}}],"inLanguage":"pt-BR"},{"@type":"Organization","@id":"https:\/\/diariodepe.com.br\/cri\/#organization","name":"CRI e Diario de Pernambuco","url":"https:\/\/diariodepe.com.br\/cri\/","logo":{"@type":"ImageObject","inLanguage":"pt-BR","@id":"https:\/\/diariodepe.com.br\/cri\/#\/schema\/logo\/image\/","url":"https:\/\/diariodepe.com.br\/cri\/wp-content\/uploads\/sites\/2\/2022\/12\/cropped-Logo.jpg","contentUrl":"https:\/\/diariodepe.com.br\/cri\/wp-content\/uploads\/sites\/2\/2022\/12\/cropped-Logo.jpg","width":700,"height":59,"caption":"CRI e Diario de Pernambuco"},"image":{"@id":"https:\/\/diariodepe.com.br\/cri\/#\/schema\/logo\/image\/"}},{"@type":"Person","@id":"https:\/\/diariodepe.com.br\/cri\/#\/schema\/person\/121bb28d84f1a5b1205ef4ce9c2e0c6b","name":"Ismael Lucas S. Pereira","image":{"@type":"ImageObject","inLanguage":"pt-BR","@id":"https:\/\/secure.gravatar.com\/avatar\/887a0f3b5a7ceea963a48499fb883ffce6b5037362def025c52c2505b15d63e4?s=96&d=mm&r=g","url":"https:\/\/secure.gravatar.com\/avatar\/887a0f3b5a7ceea963a48499fb883ffce6b5037362def025c52c2505b15d63e4?s=96&d=mm&r=g","contentUrl":"https:\/\/secure.gravatar.com\/avatar\/887a0f3b5a7ceea963a48499fb883ffce6b5037362def025c52c2505b15d63e4?s=96&d=mm&r=g","caption":"Ismael Lucas S. Pereira"},"url":"https:\/\/diariodepe.com.br\/cri\/author\/ismael-lucas\/"}]}},"cc_featured_image_caption":{"caption_text":false,"source_text":false,"source_url":false},"amp_enabled":true,"_links":{"self":[{"href":"https:\/\/diariodepe.com.br\/cri\/wp-json\/wp\/v2\/posts\/6017","targetHints":{"allow":["GET"]}}],"collection":[{"href":"https:\/\/diariodepe.com.br\/cri\/wp-json\/wp\/v2\/posts"}],"about":[{"href":"https:\/\/diariodepe.com.br\/cri\/wp-json\/wp\/v2\/types\/post"}],"author":[{"embeddable":true,"href":"https:\/\/diariodepe.com.br\/cri\/wp-json\/wp\/v2\/users\/2"}],"replies":[{"embeddable":true,"href":"https:\/\/diariodepe.com.br\/cri\/wp-json\/wp\/v2\/comments?post=6017"}],"version-history":[{"count":1,"href":"https:\/\/diariodepe.com.br\/cri\/wp-json\/wp\/v2\/posts\/6017\/revisions"}],"predecessor-version":[{"id":6019,"href":"https:\/\/diariodepe.com.br\/cri\/wp-json\/wp\/v2\/posts\/6017\/revisions\/6019"}],"wp:featuredmedia":[{"embeddable":true,"href":"https:\/\/diariodepe.com.br\/cri\/wp-json\/wp\/v2\/media\/6018"}],"wp:attachment":[{"href":"https:\/\/diariodepe.com.br\/cri\/wp-json\/wp\/v2\/media?parent=6017"}],"wp:term":[{"taxonomy":"category","embeddable":true,"href":"https:\/\/diariodepe.com.br\/cri\/wp-json\/wp\/v2\/categories?post=6017"},{"taxonomy":"post_tag","embeddable":true,"href":"https:\/\/diariodepe.com.br\/cri\/wp-json\/wp\/v2\/tags?post=6017"}],"curies":[{"name":"wp","href":"https:\/\/api.w.org\/{rel}","templated":true}]}}