{"id":6011,"date":"2024-08-21T03:27:09","date_gmt":"2024-08-21T06:27:09","guid":{"rendered":"https:\/\/diariodepe.com.br\/cri\/?p=6011"},"modified":"2024-08-21T03:27:09","modified_gmt":"2024-08-21T06:27:09","slug":"conferencia-mundial-de-robotica-2024-sera-realizada-em-beijing","status":"publish","type":"post","link":"https:\/\/diariodepe.com.br\/cri\/2024\/08\/21\/conferencia-mundial-de-robotica-2024-sera-realizada-em-beijing\/","title":{"rendered":"Confer\u00eancia Mundial de Rob\u00f3tica 2024 ser\u00e1 realizada em Beijing"},"content":{"rendered":"<p class=\"photo_img_20190808\"><img decoding=\"async\" src=\"https:\/\/p4crires.cri.cn\/photoworkspace\/cri\/contentimg\/2024\/08\/13\/2024081319441868456.jpg\" alt=\"\" width=\"1000\" \/><\/p>\n<p>A Confer\u00eancia Mundial de Rob\u00f3tica 2024 (WRC 2024, na sigla em ingl\u00eas) ser\u00e1 realizada em Beijing, do dia 16 a 22 de agosto. O f\u00f3rum principal da confer\u00eancia consiste em tr\u00eas t\u00f3picos, a saber: &#8220;Desenvolvimento industrial&#8221;, &#8220;Inova\u00e7\u00e3o colaborativa&#8221; e &#8220;Inova\u00e7\u00e3o tecnol\u00f3gica&#8221;, que fornecer\u00e3o uma vis\u00e3o aprofundada das tend\u00eancias futuras do setor e da tecnologia rob\u00f3tica.<\/p>\n<p class=\"photo_img_20190808\"><img decoding=\"async\" src=\"https:\/\/p2crires.cri.cn\/photoworkspace\/cri\/contentimg\/2024\/08\/13\/2024081319442717306.jpg\" alt=\"\" width=\"1000\" \/><\/p>\n<p>Mais de 150 empresas de rob\u00f3tica representativas no pa\u00eds e no exterior participar\u00e3o da exposi\u00e7\u00e3o, incluindo fabricantes principais, empresas conhecidas e rec\u00e9m-chegadas ao setor, e mais de 50 produtos novos ser\u00e3o lan\u00e7ados na confer\u00eancia.<\/p>\n<p>Al\u00e9m disso, a exposi\u00e7\u00e3o deste ano ser\u00e1 o palco da estreia de mais de 20 rob\u00f4s human\u00f3ides, o maior n\u00famero de todos os tempos.<\/p>\n<p>O Campeonato Mundial de Rob\u00f3tica de 2024 em Beijing tamb\u00e9m ser\u00e1 realizado ao mesmo tempo que a confer\u00eancia deste ano.<\/p>\n","protected":false},"excerpt":{"rendered":"<p>A Confer\u00eancia Mundial de Rob\u00f3tica 2024 (WRC 2024, na sigla em ingl\u00eas) ser\u00e1 realizada em Beijing, do dia 16 a 22 de agosto. O f\u00f3rum principal da confer\u00eancia consiste em tr\u00eas t\u00f3picos, a saber: &#8220;Desenvolvimento industrial&#8221;, &#8220;Inova\u00e7\u00e3o colaborativa&#8221; e &#8220;Inova\u00e7\u00e3o&#8230;<\/p>\n","protected":false},"author":2,"featured_media":0,"comment_status":"open","ping_status":"open","sticky":false,"template":"","format":"standard","meta":{"footnotes":""},"categories":[3],"tags":[],"class_list":["post-6011","post","type-post","status-publish","format-standard","hentry","category-china"],"yoast_head":"<!-- This site is optimized with the Yoast SEO plugin v27.4 - https:\/\/yoast.com\/product\/yoast-seo-wordpress\/ -->\n<title>Confer\u00eancia Mundial de Rob\u00f3tica 2024 ser\u00e1 realizada em Beijing - CRI e Diario de Pernambuco<\/title>\n<meta name=\"robots\" content=\"index, follow, max-snippet:-1, max-image-preview:large, max-video-preview:-1\" \/>\n<link rel=\"canonical\" href=\"https:\/\/diariodepe.com.br\/cri\/2024\/08\/21\/conferencia-mundial-de-robotica-2024-sera-realizada-em-beijing\/\" \/>\n<meta property=\"og:locale\" content=\"pt_BR\" \/>\n<meta property=\"og:type\" content=\"article\" \/>\n<meta property=\"og:title\" content=\"Confer\u00eancia Mundial de Rob\u00f3tica 2024 ser\u00e1 realizada em Beijing - CRI e Diario de Pernambuco\" \/>\n<meta property=\"og:description\" content=\"A Confer\u00eancia Mundial de Rob\u00f3tica 2024 (WRC 2024, na sigla em ingl\u00eas) ser\u00e1 realizada em Beijing, do dia 16 a 22 de agosto. O f\u00f3rum principal da confer\u00eancia consiste em tr\u00eas t\u00f3picos, a saber: &#8220;Desenvolvimento industrial&#8221;, &#8220;Inova\u00e7\u00e3o colaborativa&#8221; e &#8220;Inova\u00e7\u00e3o...\" \/>\n<meta property=\"og:url\" content=\"https:\/\/diariodepe.com.br\/cri\/2024\/08\/21\/conferencia-mundial-de-robotica-2024-sera-realizada-em-beijing\/\" \/>\n<meta property=\"og:site_name\" content=\"CRI e Diario de Pernambuco\" \/>\n<meta property=\"article:published_time\" content=\"2024-08-21T06:27:09+00:00\" \/>\n<meta property=\"og:image\" content=\"https:\/\/p4crires.cri.cn\/photoworkspace\/cri\/contentimg\/2024\/08\/13\/2024081319441868456.jpg\" \/>\n<meta name=\"author\" content=\"Ismael Lucas S. Pereira\" \/>\n<meta name=\"twitter:card\" content=\"summary_large_image\" \/>\n<meta name=\"twitter:label1\" content=\"Escrito por\" \/>\n\t<meta name=\"twitter:data1\" content=\"Ismael Lucas S. Pereira\" \/>\n\t<meta name=\"twitter:label2\" content=\"Est. tempo de leitura\" \/>\n\t<meta name=\"twitter:data2\" content=\"2 minutos\" \/>\n<script type=\"application\/ld+json\" class=\"yoast-schema-graph\">{\"@context\":\"https:\\\/\\\/schema.org\",\"@graph\":[{\"@type\":\"Article\",\"@id\":\"https:\\\/\\\/diariodepe.com.br\\\/cri\\\/2024\\\/08\\\/21\\\/conferencia-mundial-de-robotica-2024-sera-realizada-em-beijing\\\/#article\",\"isPartOf\":{\"@id\":\"https:\\\/\\\/diariodepe.com.br\\\/cri\\\/2024\\\/08\\\/21\\\/conferencia-mundial-de-robotica-2024-sera-realizada-em-beijing\\\/\"},\"author\":{\"name\":\"Ismael Lucas S. Pereira\",\"@id\":\"https:\\\/\\\/diariodepe.com.br\\\/cri\\\/#\\\/schema\\\/person\\\/121bb28d84f1a5b1205ef4ce9c2e0c6b\"},\"headline\":\"Confer\u00eancia Mundial de Rob\u00f3tica 2024 ser\u00e1 realizada em Beijing\",\"datePublished\":\"2024-08-21T06:27:09+00:00\",\"mainEntityOfPage\":{\"@id\":\"https:\\\/\\\/diariodepe.com.br\\\/cri\\\/2024\\\/08\\\/21\\\/conferencia-mundial-de-robotica-2024-sera-realizada-em-beijing\\\/\"},\"wordCount\":165,\"commentCount\":0,\"publisher\":{\"@id\":\"https:\\\/\\\/diariodepe.com.br\\\/cri\\\/#organization\"},\"image\":{\"@id\":\"https:\\\/\\\/diariodepe.com.br\\\/cri\\\/2024\\\/08\\\/21\\\/conferencia-mundial-de-robotica-2024-sera-realizada-em-beijing\\\/#primaryimage\"},\"thumbnailUrl\":\"https:\\\/\\\/p4crires.cri.cn\\\/photoworkspace\\\/cri\\\/contentimg\\\/2024\\\/08\\\/13\\\/2024081319441868456.jpg\",\"articleSection\":[\"China\"],\"inLanguage\":\"pt-BR\",\"potentialAction\":[{\"@type\":\"CommentAction\",\"name\":\"Comment\",\"target\":[\"https:\\\/\\\/diariodepe.com.br\\\/cri\\\/2024\\\/08\\\/21\\\/conferencia-mundial-de-robotica-2024-sera-realizada-em-beijing\\\/#respond\"]}]},{\"@type\":\"WebPage\",\"@id\":\"https:\\\/\\\/diariodepe.com.br\\\/cri\\\/2024\\\/08\\\/21\\\/conferencia-mundial-de-robotica-2024-sera-realizada-em-beijing\\\/\",\"url\":\"https:\\\/\\\/diariodepe.com.br\\\/cri\\\/2024\\\/08\\\/21\\\/conferencia-mundial-de-robotica-2024-sera-realizada-em-beijing\\\/\",\"name\":\"Confer\u00eancia Mundial de Rob\u00f3tica 2024 ser\u00e1 realizada em Beijing - CRI e Diario de Pernambuco\",\"isPartOf\":{\"@id\":\"https:\\\/\\\/diariodepe.com.br\\\/cri\\\/#website\"},\"primaryImageOfPage\":{\"@id\":\"https:\\\/\\\/diariodepe.com.br\\\/cri\\\/2024\\\/08\\\/21\\\/conferencia-mundial-de-robotica-2024-sera-realizada-em-beijing\\\/#primaryimage\"},\"image\":{\"@id\":\"https:\\\/\\\/diariodepe.com.br\\\/cri\\\/2024\\\/08\\\/21\\\/conferencia-mundial-de-robotica-2024-sera-realizada-em-beijing\\\/#primaryimage\"},\"thumbnailUrl\":\"https:\\\/\\\/p4crires.cri.cn\\\/photoworkspace\\\/cri\\\/contentimg\\\/2024\\\/08\\\/13\\\/2024081319441868456.jpg\",\"datePublished\":\"2024-08-21T06:27:09+00:00\",\"breadcrumb\":{\"@id\":\"https:\\\/\\\/diariodepe.com.br\\\/cri\\\/2024\\\/08\\\/21\\\/conferencia-mundial-de-robotica-2024-sera-realizada-em-beijing\\\/#breadcrumb\"},\"inLanguage\":\"pt-BR\",\"potentialAction\":[{\"@type\":\"ReadAction\",\"target\":[\"https:\\\/\\\/diariodepe.com.br\\\/cri\\\/2024\\\/08\\\/21\\\/conferencia-mundial-de-robotica-2024-sera-realizada-em-beijing\\\/\"]}]},{\"@type\":\"ImageObject\",\"inLanguage\":\"pt-BR\",\"@id\":\"https:\\\/\\\/diariodepe.com.br\\\/cri\\\/2024\\\/08\\\/21\\\/conferencia-mundial-de-robotica-2024-sera-realizada-em-beijing\\\/#primaryimage\",\"url\":\"https:\\\/\\\/p4crires.cri.cn\\\/photoworkspace\\\/cri\\\/contentimg\\\/2024\\\/08\\\/13\\\/2024081319441868456.jpg\",\"contentUrl\":\"https:\\\/\\\/p4crires.cri.cn\\\/photoworkspace\\\/cri\\\/contentimg\\\/2024\\\/08\\\/13\\\/2024081319441868456.jpg\"},{\"@type\":\"BreadcrumbList\",\"@id\":\"https:\\\/\\\/diariodepe.com.br\\\/cri\\\/2024\\\/08\\\/21\\\/conferencia-mundial-de-robotica-2024-sera-realizada-em-beijing\\\/#breadcrumb\",\"itemListElement\":[{\"@type\":\"ListItem\",\"position\":1,\"name\":\"In\u00edcio\",\"item\":\"https:\\\/\\\/diariodepe.com.br\\\/cri\\\/\"},{\"@type\":\"ListItem\",\"position\":2,\"name\":\"Confer\u00eancia Mundial de Rob\u00f3tica 2024 ser\u00e1 realizada em Beijing\"}]},{\"@type\":\"WebSite\",\"@id\":\"https:\\\/\\\/diariodepe.com.br\\\/cri\\\/#website\",\"url\":\"https:\\\/\\\/diariodepe.com.br\\\/cri\\\/\",\"name\":\"CRI e Diario de Pernambuco\",\"description\":\"R\u00e1dio Internacional da China\",\"publisher\":{\"@id\":\"https:\\\/\\\/diariodepe.com.br\\\/cri\\\/#organization\"},\"potentialAction\":[{\"@type\":\"SearchAction\",\"target\":{\"@type\":\"EntryPoint\",\"urlTemplate\":\"https:\\\/\\\/diariodepe.com.br\\\/cri\\\/?s={search_term_string}\"},\"query-input\":{\"@type\":\"PropertyValueSpecification\",\"valueRequired\":true,\"valueName\":\"search_term_string\"}}],\"inLanguage\":\"pt-BR\"},{\"@type\":\"Organization\",\"@id\":\"https:\\\/\\\/diariodepe.com.br\\\/cri\\\/#organization\",\"name\":\"CRI e Diario de Pernambuco\",\"url\":\"https:\\\/\\\/diariodepe.com.br\\\/cri\\\/\",\"logo\":{\"@type\":\"ImageObject\",\"inLanguage\":\"pt-BR\",\"@id\":\"https:\\\/\\\/diariodepe.com.br\\\/cri\\\/#\\\/schema\\\/logo\\\/image\\\/\",\"url\":\"https:\\\/\\\/diariodepe.com.br\\\/cri\\\/wp-content\\\/uploads\\\/sites\\\/2\\\/2022\\\/12\\\/cropped-Logo.jpg\",\"contentUrl\":\"https:\\\/\\\/diariodepe.com.br\\\/cri\\\/wp-content\\\/uploads\\\/sites\\\/2\\\/2022\\\/12\\\/cropped-Logo.jpg\",\"width\":700,\"height\":59,\"caption\":\"CRI e Diario de Pernambuco\"},\"image\":{\"@id\":\"https:\\\/\\\/diariodepe.com.br\\\/cri\\\/#\\\/schema\\\/logo\\\/image\\\/\"}},{\"@type\":\"Person\",\"@id\":\"https:\\\/\\\/diariodepe.com.br\\\/cri\\\/#\\\/schema\\\/person\\\/121bb28d84f1a5b1205ef4ce9c2e0c6b\",\"name\":\"Ismael Lucas S. Pereira\",\"image\":{\"@type\":\"ImageObject\",\"inLanguage\":\"pt-BR\",\"@id\":\"https:\\\/\\\/secure.gravatar.com\\\/avatar\\\/887a0f3b5a7ceea963a48499fb883ffce6b5037362def025c52c2505b15d63e4?s=96&d=mm&r=g\",\"url\":\"https:\\\/\\\/secure.gravatar.com\\\/avatar\\\/887a0f3b5a7ceea963a48499fb883ffce6b5037362def025c52c2505b15d63e4?s=96&d=mm&r=g\",\"contentUrl\":\"https:\\\/\\\/secure.gravatar.com\\\/avatar\\\/887a0f3b5a7ceea963a48499fb883ffce6b5037362def025c52c2505b15d63e4?s=96&d=mm&r=g\",\"caption\":\"Ismael Lucas S. Pereira\"},\"url\":\"https:\\\/\\\/diariodepe.com.br\\\/cri\\\/author\\\/ismael-lucas\\\/\"}]}<\/script>\n<!-- \/ Yoast SEO plugin. -->","yoast_head_json":{"title":"Confer\u00eancia Mundial de Rob\u00f3tica 2024 ser\u00e1 realizada em Beijing - CRI e Diario de Pernambuco","robots":{"index":"index","follow":"follow","max-snippet":"max-snippet:-1","max-image-preview":"max-image-preview:large","max-video-preview":"max-video-preview:-1"},"canonical":"https:\/\/diariodepe.com.br\/cri\/2024\/08\/21\/conferencia-mundial-de-robotica-2024-sera-realizada-em-beijing\/","og_locale":"pt_BR","og_type":"article","og_title":"Confer\u00eancia Mundial de Rob\u00f3tica 2024 ser\u00e1 realizada em Beijing - CRI e Diario de Pernambuco","og_description":"A Confer\u00eancia Mundial de Rob\u00f3tica 2024 (WRC 2024, na sigla em ingl\u00eas) ser\u00e1 realizada em Beijing, do dia 16 a 22 de agosto. O f\u00f3rum principal da confer\u00eancia consiste em tr\u00eas t\u00f3picos, a saber: &#8220;Desenvolvimento industrial&#8221;, &#8220;Inova\u00e7\u00e3o colaborativa&#8221; e &#8220;Inova\u00e7\u00e3o...","og_url":"https:\/\/diariodepe.com.br\/cri\/2024\/08\/21\/conferencia-mundial-de-robotica-2024-sera-realizada-em-beijing\/","og_site_name":"CRI e Diario de Pernambuco","article_published_time":"2024-08-21T06:27:09+00:00","og_image":[{"url":"https:\/\/p4crires.cri.cn\/photoworkspace\/cri\/contentimg\/2024\/08\/13\/2024081319441868456.jpg","type":"","width":"","height":""}],"author":"Ismael Lucas S. Pereira","twitter_card":"summary_large_image","twitter_misc":{"Escrito por":"Ismael Lucas S. Pereira","Est. tempo de leitura":"2 minutos"},"schema":{"@context":"https:\/\/schema.org","@graph":[{"@type":"Article","@id":"https:\/\/diariodepe.com.br\/cri\/2024\/08\/21\/conferencia-mundial-de-robotica-2024-sera-realizada-em-beijing\/#article","isPartOf":{"@id":"https:\/\/diariodepe.com.br\/cri\/2024\/08\/21\/conferencia-mundial-de-robotica-2024-sera-realizada-em-beijing\/"},"author":{"name":"Ismael Lucas S. Pereira","@id":"https:\/\/diariodepe.com.br\/cri\/#\/schema\/person\/121bb28d84f1a5b1205ef4ce9c2e0c6b"},"headline":"Confer\u00eancia Mundial de Rob\u00f3tica 2024 ser\u00e1 realizada em Beijing","datePublished":"2024-08-21T06:27:09+00:00","mainEntityOfPage":{"@id":"https:\/\/diariodepe.com.br\/cri\/2024\/08\/21\/conferencia-mundial-de-robotica-2024-sera-realizada-em-beijing\/"},"wordCount":165,"commentCount":0,"publisher":{"@id":"https:\/\/diariodepe.com.br\/cri\/#organization"},"image":{"@id":"https:\/\/diariodepe.com.br\/cri\/2024\/08\/21\/conferencia-mundial-de-robotica-2024-sera-realizada-em-beijing\/#primaryimage"},"thumbnailUrl":"https:\/\/p4crires.cri.cn\/photoworkspace\/cri\/contentimg\/2024\/08\/13\/2024081319441868456.jpg","articleSection":["China"],"inLanguage":"pt-BR","potentialAction":[{"@type":"CommentAction","name":"Comment","target":["https:\/\/diariodepe.com.br\/cri\/2024\/08\/21\/conferencia-mundial-de-robotica-2024-sera-realizada-em-beijing\/#respond"]}]},{"@type":"WebPage","@id":"https:\/\/diariodepe.com.br\/cri\/2024\/08\/21\/conferencia-mundial-de-robotica-2024-sera-realizada-em-beijing\/","url":"https:\/\/diariodepe.com.br\/cri\/2024\/08\/21\/conferencia-mundial-de-robotica-2024-sera-realizada-em-beijing\/","name":"Confer\u00eancia Mundial de Rob\u00f3tica 2024 ser\u00e1 realizada em Beijing - CRI e Diario de Pernambuco","isPartOf":{"@id":"https:\/\/diariodepe.com.br\/cri\/#website"},"primaryImageOfPage":{"@id":"https:\/\/diariodepe.com.br\/cri\/2024\/08\/21\/conferencia-mundial-de-robotica-2024-sera-realizada-em-beijing\/#primaryimage"},"image":{"@id":"https:\/\/diariodepe.com.br\/cri\/2024\/08\/21\/conferencia-mundial-de-robotica-2024-sera-realizada-em-beijing\/#primaryimage"},"thumbnailUrl":"https:\/\/p4crires.cri.cn\/photoworkspace\/cri\/contentimg\/2024\/08\/13\/2024081319441868456.jpg","datePublished":"2024-08-21T06:27:09+00:00","breadcrumb":{"@id":"https:\/\/diariodepe.com.br\/cri\/2024\/08\/21\/conferencia-mundial-de-robotica-2024-sera-realizada-em-beijing\/#breadcrumb"},"inLanguage":"pt-BR","potentialAction":[{"@type":"ReadAction","target":["https:\/\/diariodepe.com.br\/cri\/2024\/08\/21\/conferencia-mundial-de-robotica-2024-sera-realizada-em-beijing\/"]}]},{"@type":"ImageObject","inLanguage":"pt-BR","@id":"https:\/\/diariodepe.com.br\/cri\/2024\/08\/21\/conferencia-mundial-de-robotica-2024-sera-realizada-em-beijing\/#primaryimage","url":"https:\/\/p4crires.cri.cn\/photoworkspace\/cri\/contentimg\/2024\/08\/13\/2024081319441868456.jpg","contentUrl":"https:\/\/p4crires.cri.cn\/photoworkspace\/cri\/contentimg\/2024\/08\/13\/2024081319441868456.jpg"},{"@type":"BreadcrumbList","@id":"https:\/\/diariodepe.com.br\/cri\/2024\/08\/21\/conferencia-mundial-de-robotica-2024-sera-realizada-em-beijing\/#breadcrumb","itemListElement":[{"@type":"ListItem","position":1,"name":"In\u00edcio","item":"https:\/\/diariodepe.com.br\/cri\/"},{"@type":"ListItem","position":2,"name":"Confer\u00eancia Mundial de Rob\u00f3tica 2024 ser\u00e1 realizada em Beijing"}]},{"@type":"WebSite","@id":"https:\/\/diariodepe.com.br\/cri\/#website","url":"https:\/\/diariodepe.com.br\/cri\/","name":"CRI e Diario de Pernambuco","description":"R\u00e1dio Internacional da China","publisher":{"@id":"https:\/\/diariodepe.com.br\/cri\/#organization"},"potentialAction":[{"@type":"SearchAction","target":{"@type":"EntryPoint","urlTemplate":"https:\/\/diariodepe.com.br\/cri\/?s={search_term_string}"},"query-input":{"@type":"PropertyValueSpecification","valueRequired":true,"valueName":"search_term_string"}}],"inLanguage":"pt-BR"},{"@type":"Organization","@id":"https:\/\/diariodepe.com.br\/cri\/#organization","name":"CRI e Diario de Pernambuco","url":"https:\/\/diariodepe.com.br\/cri\/","logo":{"@type":"ImageObject","inLanguage":"pt-BR","@id":"https:\/\/diariodepe.com.br\/cri\/#\/schema\/logo\/image\/","url":"https:\/\/diariodepe.com.br\/cri\/wp-content\/uploads\/sites\/2\/2022\/12\/cropped-Logo.jpg","contentUrl":"https:\/\/diariodepe.com.br\/cri\/wp-content\/uploads\/sites\/2\/2022\/12\/cropped-Logo.jpg","width":700,"height":59,"caption":"CRI e Diario de Pernambuco"},"image":{"@id":"https:\/\/diariodepe.com.br\/cri\/#\/schema\/logo\/image\/"}},{"@type":"Person","@id":"https:\/\/diariodepe.com.br\/cri\/#\/schema\/person\/121bb28d84f1a5b1205ef4ce9c2e0c6b","name":"Ismael Lucas S. Pereira","image":{"@type":"ImageObject","inLanguage":"pt-BR","@id":"https:\/\/secure.gravatar.com\/avatar\/887a0f3b5a7ceea963a48499fb883ffce6b5037362def025c52c2505b15d63e4?s=96&d=mm&r=g","url":"https:\/\/secure.gravatar.com\/avatar\/887a0f3b5a7ceea963a48499fb883ffce6b5037362def025c52c2505b15d63e4?s=96&d=mm&r=g","contentUrl":"https:\/\/secure.gravatar.com\/avatar\/887a0f3b5a7ceea963a48499fb883ffce6b5037362def025c52c2505b15d63e4?s=96&d=mm&r=g","caption":"Ismael Lucas S. Pereira"},"url":"https:\/\/diariodepe.com.br\/cri\/author\/ismael-lucas\/"}]}},"cc_featured_image_caption":{"caption_text":false,"source_text":false,"source_url":false},"amp_enabled":true,"_links":{"self":[{"href":"https:\/\/diariodepe.com.br\/cri\/wp-json\/wp\/v2\/posts\/6011","targetHints":{"allow":["GET"]}}],"collection":[{"href":"https:\/\/diariodepe.com.br\/cri\/wp-json\/wp\/v2\/posts"}],"about":[{"href":"https:\/\/diariodepe.com.br\/cri\/wp-json\/wp\/v2\/types\/post"}],"author":[{"embeddable":true,"href":"https:\/\/diariodepe.com.br\/cri\/wp-json\/wp\/v2\/users\/2"}],"replies":[{"embeddable":true,"href":"https:\/\/diariodepe.com.br\/cri\/wp-json\/wp\/v2\/comments?post=6011"}],"version-history":[{"count":1,"href":"https:\/\/diariodepe.com.br\/cri\/wp-json\/wp\/v2\/posts\/6011\/revisions"}],"predecessor-version":[{"id":6012,"href":"https:\/\/diariodepe.com.br\/cri\/wp-json\/wp\/v2\/posts\/6011\/revisions\/6012"}],"wp:attachment":[{"href":"https:\/\/diariodepe.com.br\/cri\/wp-json\/wp\/v2\/media?parent=6011"}],"wp:term":[{"taxonomy":"category","embeddable":true,"href":"https:\/\/diariodepe.com.br\/cri\/wp-json\/wp\/v2\/categories?post=6011"},{"taxonomy":"post_tag","embeddable":true,"href":"https:\/\/diariodepe.com.br\/cri\/wp-json\/wp\/v2\/tags?post=6011"}],"curies":[{"name":"wp","href":"https:\/\/api.w.org\/{rel}","templated":true}]}}