{"id":6009,"date":"2024-08-21T03:26:28","date_gmt":"2024-08-21T06:26:28","guid":{"rendered":"https:\/\/diariodepe.com.br\/cri\/?p=6009"},"modified":"2024-08-21T03:26:28","modified_gmt":"2024-08-21T06:26:28","slug":"ex-membro-da-unidade-japonesa-731-volta-a-china-para-expor-crimes-de-guerra-e-pedir-desculpas","status":"publish","type":"post","link":"https:\/\/diariodepe.com.br\/cri\/2024\/08\/21\/ex-membro-da-unidade-japonesa-731-volta-a-china-para-expor-crimes-de-guerra-e-pedir-desculpas\/","title":{"rendered":"Ex-membro da unidade japonesa 731 volta \u00e0 China para expor crimes de guerra e pedir desculpas"},"content":{"rendered":"<p class=\"photo_img_20190808\"><img decoding=\"async\" src=\"https:\/\/p2crires.cri.cn\/photoworkspace\/cri\/contentimg\/2024\/08\/13\/2024081311435341624.jpg\" alt=\"\" width=\"1000\" \/><\/p>\n<p>Na manh\u00e3 de hoje (13), Hideo Shimizu, ex-integrante da Unidade 731, que foi o not\u00f3rio destacamento japon\u00eas de guerra bacteriol\u00f3gica durante a Segunda Guerra Mundial, visitou o Sal\u00e3o de Exposi\u00e7\u00f5es de Evid\u00eancias de Crimes Cometidos pela Unidade 731 do Ex\u00e9rcito Imperial Japon\u00eas, localizado no distrito de Pingfang, na cidade de Harbin, capital da prov\u00edncia de Heilongjiang, no nordeste da China. Sua visita tem o objetivo de identificar e expor os crimes cometidos pelo grupo militar durante a invas\u00e3o japonesa \u00e0 China.<\/p>\n<p>Shimizu visitou sucessivamente o antigo posto de guarda, o pr\u00e9dio da sede da Unidade, o local do laborat\u00f3rio de bact\u00e9rias, a pris\u00e3o especial e o antigo laborat\u00f3rio de experimentos de congelamento, entre outros locais. \u00c0s 10h30 da manh\u00e3, ele chegou ao Monumento da Apologia e da Paz sem Guerra para expressar seu arrependimento e pedir desculpas.<\/p>\n<p class=\"photo_img_20190808\"><img decoding=\"async\" src=\"https:\/\/p4crires.cri.cn\/photoworkspace\/cri\/contentimg\/2024\/08\/13\/2024081311441218412.jpg\" alt=\"\" width=\"1000\" \/><\/p>\n<p>Shimizu, atualmente com 94 anos, foi recrutado como soldado juvenil em mar\u00e7o de 1945, aos 14 anos de idade, e foi enviado \u00e0 sede da Unidade 731 do Ex\u00e9rcito Imperial Japon\u00eas, em Harbin. Ele fugiu da China com as for\u00e7as japonesas em retirada no dia 14 de agosto de 1945.<\/p>\n<p>Anteriormente, Shimizu havia publicado um texto afirmando que \u201cos fatos hist\u00f3ricos n\u00e3o podem ser ocultados. Decidi, enquanto ainda estou vivo, retornar ao local da Unidade 731 dos invasores japoneses na China, para expressar as minhas mais profundas desculpas ao povo chin\u00eas que foi ferido. Espero tamb\u00e9m despertar a reflex\u00e3o e o alerta de mais pessoas, para que valorizem a paz conquistada com dificuldade e evitem a repeti\u00e7\u00e3o de trag\u00e9dias de guerra.\u201d<\/p>\n","protected":false},"excerpt":{"rendered":"<p>Na manh\u00e3 de hoje (13), Hideo Shimizu, ex-integrante da Unidade 731, que foi o not\u00f3rio destacamento japon\u00eas de guerra bacteriol\u00f3gica durante a Segunda Guerra Mundial, visitou o Sal\u00e3o de Exposi\u00e7\u00f5es de Evid\u00eancias de Crimes Cometidos pela Unidade 731 do Ex\u00e9rcito&#8230;<\/p>\n","protected":false},"author":2,"featured_media":0,"comment_status":"open","ping_status":"open","sticky":false,"template":"","format":"standard","meta":{"footnotes":""},"categories":[3],"tags":[],"class_list":["post-6009","post","type-post","status-publish","format-standard","hentry","category-china"],"yoast_head":"<!-- This site is optimized with the Yoast SEO plugin v27.4 - https:\/\/yoast.com\/product\/yoast-seo-wordpress\/ -->\n<title>Ex-membro da unidade japonesa 731 volta \u00e0 China para expor crimes de guerra e pedir desculpas - CRI e Diario de Pernambuco<\/title>\n<meta name=\"robots\" content=\"index, follow, max-snippet:-1, max-image-preview:large, max-video-preview:-1\" \/>\n<link rel=\"canonical\" href=\"https:\/\/diariodepe.com.br\/cri\/2024\/08\/21\/ex-membro-da-unidade-japonesa-731-volta-a-china-para-expor-crimes-de-guerra-e-pedir-desculpas\/\" \/>\n<meta property=\"og:locale\" content=\"pt_BR\" \/>\n<meta property=\"og:type\" content=\"article\" \/>\n<meta property=\"og:title\" content=\"Ex-membro da unidade japonesa 731 volta \u00e0 China para expor crimes de guerra e pedir desculpas - CRI e Diario de Pernambuco\" \/>\n<meta property=\"og:description\" content=\"Na manh\u00e3 de hoje (13), Hideo Shimizu, ex-integrante da Unidade 731, que foi o not\u00f3rio destacamento japon\u00eas de guerra bacteriol\u00f3gica durante a Segunda Guerra Mundial, visitou o Sal\u00e3o de Exposi\u00e7\u00f5es de Evid\u00eancias de Crimes Cometidos pela Unidade 731 do Ex\u00e9rcito...\" \/>\n<meta property=\"og:url\" content=\"https:\/\/diariodepe.com.br\/cri\/2024\/08\/21\/ex-membro-da-unidade-japonesa-731-volta-a-china-para-expor-crimes-de-guerra-e-pedir-desculpas\/\" \/>\n<meta property=\"og:site_name\" content=\"CRI e Diario de Pernambuco\" \/>\n<meta property=\"article:published_time\" content=\"2024-08-21T06:26:28+00:00\" \/>\n<meta property=\"og:image\" content=\"https:\/\/p2crires.cri.cn\/photoworkspace\/cri\/contentimg\/2024\/08\/13\/2024081311435341624.jpg\" \/>\n<meta name=\"author\" content=\"Ismael Lucas S. Pereira\" \/>\n<meta name=\"twitter:card\" content=\"summary_large_image\" \/>\n<meta name=\"twitter:label1\" content=\"Escrito por\" \/>\n\t<meta name=\"twitter:data1\" content=\"Ismael Lucas S. Pereira\" \/>\n<script type=\"application\/ld+json\" class=\"yoast-schema-graph\">{\"@context\":\"https:\\\/\\\/schema.org\",\"@graph\":[{\"@type\":\"Article\",\"@id\":\"https:\\\/\\\/diariodepe.com.br\\\/cri\\\/2024\\\/08\\\/21\\\/ex-membro-da-unidade-japonesa-731-volta-a-china-para-expor-crimes-de-guerra-e-pedir-desculpas\\\/#article\",\"isPartOf\":{\"@id\":\"https:\\\/\\\/diariodepe.com.br\\\/cri\\\/2024\\\/08\\\/21\\\/ex-membro-da-unidade-japonesa-731-volta-a-china-para-expor-crimes-de-guerra-e-pedir-desculpas\\\/\"},\"author\":{\"name\":\"Ismael Lucas S. Pereira\",\"@id\":\"https:\\\/\\\/diariodepe.com.br\\\/cri\\\/#\\\/schema\\\/person\\\/121bb28d84f1a5b1205ef4ce9c2e0c6b\"},\"headline\":\"Ex-membro da unidade japonesa 731 volta \u00e0 China para expor crimes de guerra e pedir desculpas\",\"datePublished\":\"2024-08-21T06:26:28+00:00\",\"mainEntityOfPage\":{\"@id\":\"https:\\\/\\\/diariodepe.com.br\\\/cri\\\/2024\\\/08\\\/21\\\/ex-membro-da-unidade-japonesa-731-volta-a-china-para-expor-crimes-de-guerra-e-pedir-desculpas\\\/\"},\"wordCount\":286,\"commentCount\":0,\"publisher\":{\"@id\":\"https:\\\/\\\/diariodepe.com.br\\\/cri\\\/#organization\"},\"image\":{\"@id\":\"https:\\\/\\\/diariodepe.com.br\\\/cri\\\/2024\\\/08\\\/21\\\/ex-membro-da-unidade-japonesa-731-volta-a-china-para-expor-crimes-de-guerra-e-pedir-desculpas\\\/#primaryimage\"},\"thumbnailUrl\":\"https:\\\/\\\/p2crires.cri.cn\\\/photoworkspace\\\/cri\\\/contentimg\\\/2024\\\/08\\\/13\\\/2024081311435341624.jpg\",\"articleSection\":[\"China\"],\"inLanguage\":\"pt-BR\",\"potentialAction\":[{\"@type\":\"CommentAction\",\"name\":\"Comment\",\"target\":[\"https:\\\/\\\/diariodepe.com.br\\\/cri\\\/2024\\\/08\\\/21\\\/ex-membro-da-unidade-japonesa-731-volta-a-china-para-expor-crimes-de-guerra-e-pedir-desculpas\\\/#respond\"]}]},{\"@type\":\"WebPage\",\"@id\":\"https:\\\/\\\/diariodepe.com.br\\\/cri\\\/2024\\\/08\\\/21\\\/ex-membro-da-unidade-japonesa-731-volta-a-china-para-expor-crimes-de-guerra-e-pedir-desculpas\\\/\",\"url\":\"https:\\\/\\\/diariodepe.com.br\\\/cri\\\/2024\\\/08\\\/21\\\/ex-membro-da-unidade-japonesa-731-volta-a-china-para-expor-crimes-de-guerra-e-pedir-desculpas\\\/\",\"name\":\"Ex-membro da unidade japonesa 731 volta \u00e0 China para expor crimes de guerra e pedir desculpas - CRI e Diario de Pernambuco\",\"isPartOf\":{\"@id\":\"https:\\\/\\\/diariodepe.com.br\\\/cri\\\/#website\"},\"primaryImageOfPage\":{\"@id\":\"https:\\\/\\\/diariodepe.com.br\\\/cri\\\/2024\\\/08\\\/21\\\/ex-membro-da-unidade-japonesa-731-volta-a-china-para-expor-crimes-de-guerra-e-pedir-desculpas\\\/#primaryimage\"},\"image\":{\"@id\":\"https:\\\/\\\/diariodepe.com.br\\\/cri\\\/2024\\\/08\\\/21\\\/ex-membro-da-unidade-japonesa-731-volta-a-china-para-expor-crimes-de-guerra-e-pedir-desculpas\\\/#primaryimage\"},\"thumbnailUrl\":\"https:\\\/\\\/p2crires.cri.cn\\\/photoworkspace\\\/cri\\\/contentimg\\\/2024\\\/08\\\/13\\\/2024081311435341624.jpg\",\"datePublished\":\"2024-08-21T06:26:28+00:00\",\"breadcrumb\":{\"@id\":\"https:\\\/\\\/diariodepe.com.br\\\/cri\\\/2024\\\/08\\\/21\\\/ex-membro-da-unidade-japonesa-731-volta-a-china-para-expor-crimes-de-guerra-e-pedir-desculpas\\\/#breadcrumb\"},\"inLanguage\":\"pt-BR\",\"potentialAction\":[{\"@type\":\"ReadAction\",\"target\":[\"https:\\\/\\\/diariodepe.com.br\\\/cri\\\/2024\\\/08\\\/21\\\/ex-membro-da-unidade-japonesa-731-volta-a-china-para-expor-crimes-de-guerra-e-pedir-desculpas\\\/\"]}]},{\"@type\":\"ImageObject\",\"inLanguage\":\"pt-BR\",\"@id\":\"https:\\\/\\\/diariodepe.com.br\\\/cri\\\/2024\\\/08\\\/21\\\/ex-membro-da-unidade-japonesa-731-volta-a-china-para-expor-crimes-de-guerra-e-pedir-desculpas\\\/#primaryimage\",\"url\":\"https:\\\/\\\/p2crires.cri.cn\\\/photoworkspace\\\/cri\\\/contentimg\\\/2024\\\/08\\\/13\\\/2024081311435341624.jpg\",\"contentUrl\":\"https:\\\/\\\/p2crires.cri.cn\\\/photoworkspace\\\/cri\\\/contentimg\\\/2024\\\/08\\\/13\\\/2024081311435341624.jpg\"},{\"@type\":\"BreadcrumbList\",\"@id\":\"https:\\\/\\\/diariodepe.com.br\\\/cri\\\/2024\\\/08\\\/21\\\/ex-membro-da-unidade-japonesa-731-volta-a-china-para-expor-crimes-de-guerra-e-pedir-desculpas\\\/#breadcrumb\",\"itemListElement\":[{\"@type\":\"ListItem\",\"position\":1,\"name\":\"In\u00edcio\",\"item\":\"https:\\\/\\\/diariodepe.com.br\\\/cri\\\/\"},{\"@type\":\"ListItem\",\"position\":2,\"name\":\"Ex-membro da unidade japonesa 731 volta \u00e0 China para expor crimes de guerra e pedir desculpas\"}]},{\"@type\":\"WebSite\",\"@id\":\"https:\\\/\\\/diariodepe.com.br\\\/cri\\\/#website\",\"url\":\"https:\\\/\\\/diariodepe.com.br\\\/cri\\\/\",\"name\":\"CRI e Diario de Pernambuco\",\"description\":\"R\u00e1dio Internacional da China\",\"publisher\":{\"@id\":\"https:\\\/\\\/diariodepe.com.br\\\/cri\\\/#organization\"},\"potentialAction\":[{\"@type\":\"SearchAction\",\"target\":{\"@type\":\"EntryPoint\",\"urlTemplate\":\"https:\\\/\\\/diariodepe.com.br\\\/cri\\\/?s={search_term_string}\"},\"query-input\":{\"@type\":\"PropertyValueSpecification\",\"valueRequired\":true,\"valueName\":\"search_term_string\"}}],\"inLanguage\":\"pt-BR\"},{\"@type\":\"Organization\",\"@id\":\"https:\\\/\\\/diariodepe.com.br\\\/cri\\\/#organization\",\"name\":\"CRI e Diario de Pernambuco\",\"url\":\"https:\\\/\\\/diariodepe.com.br\\\/cri\\\/\",\"logo\":{\"@type\":\"ImageObject\",\"inLanguage\":\"pt-BR\",\"@id\":\"https:\\\/\\\/diariodepe.com.br\\\/cri\\\/#\\\/schema\\\/logo\\\/image\\\/\",\"url\":\"https:\\\/\\\/diariodepe.com.br\\\/cri\\\/wp-content\\\/uploads\\\/sites\\\/2\\\/2022\\\/12\\\/cropped-Logo.jpg\",\"contentUrl\":\"https:\\\/\\\/diariodepe.com.br\\\/cri\\\/wp-content\\\/uploads\\\/sites\\\/2\\\/2022\\\/12\\\/cropped-Logo.jpg\",\"width\":700,\"height\":59,\"caption\":\"CRI e Diario de Pernambuco\"},\"image\":{\"@id\":\"https:\\\/\\\/diariodepe.com.br\\\/cri\\\/#\\\/schema\\\/logo\\\/image\\\/\"}},{\"@type\":\"Person\",\"@id\":\"https:\\\/\\\/diariodepe.com.br\\\/cri\\\/#\\\/schema\\\/person\\\/121bb28d84f1a5b1205ef4ce9c2e0c6b\",\"name\":\"Ismael Lucas S. Pereira\",\"image\":{\"@type\":\"ImageObject\",\"inLanguage\":\"pt-BR\",\"@id\":\"https:\\\/\\\/secure.gravatar.com\\\/avatar\\\/887a0f3b5a7ceea963a48499fb883ffce6b5037362def025c52c2505b15d63e4?s=96&d=mm&r=g\",\"url\":\"https:\\\/\\\/secure.gravatar.com\\\/avatar\\\/887a0f3b5a7ceea963a48499fb883ffce6b5037362def025c52c2505b15d63e4?s=96&d=mm&r=g\",\"contentUrl\":\"https:\\\/\\\/secure.gravatar.com\\\/avatar\\\/887a0f3b5a7ceea963a48499fb883ffce6b5037362def025c52c2505b15d63e4?s=96&d=mm&r=g\",\"caption\":\"Ismael Lucas S. Pereira\"},\"url\":\"https:\\\/\\\/diariodepe.com.br\\\/cri\\\/author\\\/ismael-lucas\\\/\"}]}<\/script>\n<!-- \/ Yoast SEO plugin. -->","yoast_head_json":{"title":"Ex-membro da unidade japonesa 731 volta \u00e0 China para expor crimes de guerra e pedir desculpas - CRI e Diario de Pernambuco","robots":{"index":"index","follow":"follow","max-snippet":"max-snippet:-1","max-image-preview":"max-image-preview:large","max-video-preview":"max-video-preview:-1"},"canonical":"https:\/\/diariodepe.com.br\/cri\/2024\/08\/21\/ex-membro-da-unidade-japonesa-731-volta-a-china-para-expor-crimes-de-guerra-e-pedir-desculpas\/","og_locale":"pt_BR","og_type":"article","og_title":"Ex-membro da unidade japonesa 731 volta \u00e0 China para expor crimes de guerra e pedir desculpas - CRI e Diario de Pernambuco","og_description":"Na manh\u00e3 de hoje (13), Hideo Shimizu, ex-integrante da Unidade 731, que foi o not\u00f3rio destacamento japon\u00eas de guerra bacteriol\u00f3gica durante a Segunda Guerra Mundial, visitou o Sal\u00e3o de Exposi\u00e7\u00f5es de Evid\u00eancias de Crimes Cometidos pela Unidade 731 do Ex\u00e9rcito...","og_url":"https:\/\/diariodepe.com.br\/cri\/2024\/08\/21\/ex-membro-da-unidade-japonesa-731-volta-a-china-para-expor-crimes-de-guerra-e-pedir-desculpas\/","og_site_name":"CRI e Diario de Pernambuco","article_published_time":"2024-08-21T06:26:28+00:00","og_image":[{"url":"https:\/\/p2crires.cri.cn\/photoworkspace\/cri\/contentimg\/2024\/08\/13\/2024081311435341624.jpg","type":"","width":"","height":""}],"author":"Ismael Lucas S. Pereira","twitter_card":"summary_large_image","twitter_misc":{"Escrito por":"Ismael Lucas S. Pereira"},"schema":{"@context":"https:\/\/schema.org","@graph":[{"@type":"Article","@id":"https:\/\/diariodepe.com.br\/cri\/2024\/08\/21\/ex-membro-da-unidade-japonesa-731-volta-a-china-para-expor-crimes-de-guerra-e-pedir-desculpas\/#article","isPartOf":{"@id":"https:\/\/diariodepe.com.br\/cri\/2024\/08\/21\/ex-membro-da-unidade-japonesa-731-volta-a-china-para-expor-crimes-de-guerra-e-pedir-desculpas\/"},"author":{"name":"Ismael Lucas S. Pereira","@id":"https:\/\/diariodepe.com.br\/cri\/#\/schema\/person\/121bb28d84f1a5b1205ef4ce9c2e0c6b"},"headline":"Ex-membro da unidade japonesa 731 volta \u00e0 China para expor crimes de guerra e pedir desculpas","datePublished":"2024-08-21T06:26:28+00:00","mainEntityOfPage":{"@id":"https:\/\/diariodepe.com.br\/cri\/2024\/08\/21\/ex-membro-da-unidade-japonesa-731-volta-a-china-para-expor-crimes-de-guerra-e-pedir-desculpas\/"},"wordCount":286,"commentCount":0,"publisher":{"@id":"https:\/\/diariodepe.com.br\/cri\/#organization"},"image":{"@id":"https:\/\/diariodepe.com.br\/cri\/2024\/08\/21\/ex-membro-da-unidade-japonesa-731-volta-a-china-para-expor-crimes-de-guerra-e-pedir-desculpas\/#primaryimage"},"thumbnailUrl":"https:\/\/p2crires.cri.cn\/photoworkspace\/cri\/contentimg\/2024\/08\/13\/2024081311435341624.jpg","articleSection":["China"],"inLanguage":"pt-BR","potentialAction":[{"@type":"CommentAction","name":"Comment","target":["https:\/\/diariodepe.com.br\/cri\/2024\/08\/21\/ex-membro-da-unidade-japonesa-731-volta-a-china-para-expor-crimes-de-guerra-e-pedir-desculpas\/#respond"]}]},{"@type":"WebPage","@id":"https:\/\/diariodepe.com.br\/cri\/2024\/08\/21\/ex-membro-da-unidade-japonesa-731-volta-a-china-para-expor-crimes-de-guerra-e-pedir-desculpas\/","url":"https:\/\/diariodepe.com.br\/cri\/2024\/08\/21\/ex-membro-da-unidade-japonesa-731-volta-a-china-para-expor-crimes-de-guerra-e-pedir-desculpas\/","name":"Ex-membro da unidade japonesa 731 volta \u00e0 China para expor crimes de guerra e pedir desculpas - CRI e Diario de Pernambuco","isPartOf":{"@id":"https:\/\/diariodepe.com.br\/cri\/#website"},"primaryImageOfPage":{"@id":"https:\/\/diariodepe.com.br\/cri\/2024\/08\/21\/ex-membro-da-unidade-japonesa-731-volta-a-china-para-expor-crimes-de-guerra-e-pedir-desculpas\/#primaryimage"},"image":{"@id":"https:\/\/diariodepe.com.br\/cri\/2024\/08\/21\/ex-membro-da-unidade-japonesa-731-volta-a-china-para-expor-crimes-de-guerra-e-pedir-desculpas\/#primaryimage"},"thumbnailUrl":"https:\/\/p2crires.cri.cn\/photoworkspace\/cri\/contentimg\/2024\/08\/13\/2024081311435341624.jpg","datePublished":"2024-08-21T06:26:28+00:00","breadcrumb":{"@id":"https:\/\/diariodepe.com.br\/cri\/2024\/08\/21\/ex-membro-da-unidade-japonesa-731-volta-a-china-para-expor-crimes-de-guerra-e-pedir-desculpas\/#breadcrumb"},"inLanguage":"pt-BR","potentialAction":[{"@type":"ReadAction","target":["https:\/\/diariodepe.com.br\/cri\/2024\/08\/21\/ex-membro-da-unidade-japonesa-731-volta-a-china-para-expor-crimes-de-guerra-e-pedir-desculpas\/"]}]},{"@type":"ImageObject","inLanguage":"pt-BR","@id":"https:\/\/diariodepe.com.br\/cri\/2024\/08\/21\/ex-membro-da-unidade-japonesa-731-volta-a-china-para-expor-crimes-de-guerra-e-pedir-desculpas\/#primaryimage","url":"https:\/\/p2crires.cri.cn\/photoworkspace\/cri\/contentimg\/2024\/08\/13\/2024081311435341624.jpg","contentUrl":"https:\/\/p2crires.cri.cn\/photoworkspace\/cri\/contentimg\/2024\/08\/13\/2024081311435341624.jpg"},{"@type":"BreadcrumbList","@id":"https:\/\/diariodepe.com.br\/cri\/2024\/08\/21\/ex-membro-da-unidade-japonesa-731-volta-a-china-para-expor-crimes-de-guerra-e-pedir-desculpas\/#breadcrumb","itemListElement":[{"@type":"ListItem","position":1,"name":"In\u00edcio","item":"https:\/\/diariodepe.com.br\/cri\/"},{"@type":"ListItem","position":2,"name":"Ex-membro da unidade japonesa 731 volta \u00e0 China para expor crimes de guerra e pedir desculpas"}]},{"@type":"WebSite","@id":"https:\/\/diariodepe.com.br\/cri\/#website","url":"https:\/\/diariodepe.com.br\/cri\/","name":"CRI e Diario de Pernambuco","description":"R\u00e1dio Internacional da China","publisher":{"@id":"https:\/\/diariodepe.com.br\/cri\/#organization"},"potentialAction":[{"@type":"SearchAction","target":{"@type":"EntryPoint","urlTemplate":"https:\/\/diariodepe.com.br\/cri\/?s={search_term_string}"},"query-input":{"@type":"PropertyValueSpecification","valueRequired":true,"valueName":"search_term_string"}}],"inLanguage":"pt-BR"},{"@type":"Organization","@id":"https:\/\/diariodepe.com.br\/cri\/#organization","name":"CRI e Diario de Pernambuco","url":"https:\/\/diariodepe.com.br\/cri\/","logo":{"@type":"ImageObject","inLanguage":"pt-BR","@id":"https:\/\/diariodepe.com.br\/cri\/#\/schema\/logo\/image\/","url":"https:\/\/diariodepe.com.br\/cri\/wp-content\/uploads\/sites\/2\/2022\/12\/cropped-Logo.jpg","contentUrl":"https:\/\/diariodepe.com.br\/cri\/wp-content\/uploads\/sites\/2\/2022\/12\/cropped-Logo.jpg","width":700,"height":59,"caption":"CRI e Diario de Pernambuco"},"image":{"@id":"https:\/\/diariodepe.com.br\/cri\/#\/schema\/logo\/image\/"}},{"@type":"Person","@id":"https:\/\/diariodepe.com.br\/cri\/#\/schema\/person\/121bb28d84f1a5b1205ef4ce9c2e0c6b","name":"Ismael Lucas S. Pereira","image":{"@type":"ImageObject","inLanguage":"pt-BR","@id":"https:\/\/secure.gravatar.com\/avatar\/887a0f3b5a7ceea963a48499fb883ffce6b5037362def025c52c2505b15d63e4?s=96&d=mm&r=g","url":"https:\/\/secure.gravatar.com\/avatar\/887a0f3b5a7ceea963a48499fb883ffce6b5037362def025c52c2505b15d63e4?s=96&d=mm&r=g","contentUrl":"https:\/\/secure.gravatar.com\/avatar\/887a0f3b5a7ceea963a48499fb883ffce6b5037362def025c52c2505b15d63e4?s=96&d=mm&r=g","caption":"Ismael Lucas S. Pereira"},"url":"https:\/\/diariodepe.com.br\/cri\/author\/ismael-lucas\/"}]}},"cc_featured_image_caption":{"caption_text":false,"source_text":false,"source_url":false},"amp_enabled":true,"_links":{"self":[{"href":"https:\/\/diariodepe.com.br\/cri\/wp-json\/wp\/v2\/posts\/6009","targetHints":{"allow":["GET"]}}],"collection":[{"href":"https:\/\/diariodepe.com.br\/cri\/wp-json\/wp\/v2\/posts"}],"about":[{"href":"https:\/\/diariodepe.com.br\/cri\/wp-json\/wp\/v2\/types\/post"}],"author":[{"embeddable":true,"href":"https:\/\/diariodepe.com.br\/cri\/wp-json\/wp\/v2\/users\/2"}],"replies":[{"embeddable":true,"href":"https:\/\/diariodepe.com.br\/cri\/wp-json\/wp\/v2\/comments?post=6009"}],"version-history":[{"count":1,"href":"https:\/\/diariodepe.com.br\/cri\/wp-json\/wp\/v2\/posts\/6009\/revisions"}],"predecessor-version":[{"id":6010,"href":"https:\/\/diariodepe.com.br\/cri\/wp-json\/wp\/v2\/posts\/6009\/revisions\/6010"}],"wp:attachment":[{"href":"https:\/\/diariodepe.com.br\/cri\/wp-json\/wp\/v2\/media?parent=6009"}],"wp:term":[{"taxonomy":"category","embeddable":true,"href":"https:\/\/diariodepe.com.br\/cri\/wp-json\/wp\/v2\/categories?post=6009"},{"taxonomy":"post_tag","embeddable":true,"href":"https:\/\/diariodepe.com.br\/cri\/wp-json\/wp\/v2\/tags?post=6009"}],"curies":[{"name":"wp","href":"https:\/\/api.w.org\/{rel}","templated":true}]}}