{"id":6005,"date":"2024-08-21T03:25:09","date_gmt":"2024-08-21T06:25:09","guid":{"rendered":"https:\/\/diariodepe.com.br\/cri\/?p=6005"},"modified":"2024-08-21T03:25:09","modified_gmt":"2024-08-21T06:25:09","slug":"entrevista-exclusiva-com-o-ganhador-do-premio-nobel-de-economia-eric-maskin","status":"publish","type":"post","link":"https:\/\/diariodepe.com.br\/cri\/2024\/08\/21\/entrevista-exclusiva-com-o-ganhador-do-premio-nobel-de-economia-eric-maskin\/","title":{"rendered":"Entrevista exclusiva com o ganhador do Pr\u00eamio Nobel de Economia, Eric Maskin"},"content":{"rendered":"<p class=\"photo_img_20190808\"><img decoding=\"async\" src=\"https:\/\/p2crires.cri.cn\/photoworkspace\/cri\/contentimg\/2024\/08\/10\/2024081020093712366.jpeg\" alt=\"\" width=\"1000\" \/><\/p>\n<p>Em 14 de julho, a Confer\u00eancia Internacional de Ci\u00eancias B\u00e1sicas de 2024 foi inaugurada na Universidade de Tsinghua. O evento atraiu a participa\u00e7\u00e3o de mais de 800 acad\u00eamicos nacionais e estrangeiros, e entre\u00a0eles, Eric Maskin, o vencedor do Pr\u00eamio Nobel de Economia.<\/p>\n<p>Rep\u00f3rter: O professor disse uma vez que o mundo pode aprender com a China. A China provou com muito sucesso como um pa\u00eds pode crescer a um ritmo extraordin\u00e1rio ano ap\u00f3s ano por meio da\u00a0reforma. Na sua opini\u00e3o, quais maneiras ou medidas chinesas podem servir de refer\u00eancia para outros pa\u00edses?<\/p>\n<p>Maskin: A China fez progressos surpreendentes nas \u00faltimas quatro d\u00e9cadas. Existem v\u00e1rios segredos para o sucesso da China. Primeiro, a China promove uma economia de mercado. A for\u00e7a de mercado desempenha um papel importante no desenvolvimento econ\u00f4mico chin\u00eas. Al\u00e9m da economia de mercado, a abertura da China ao mundo \u00e9 tamb\u00e9m um passo importante na dire\u00e7\u00e3o correta. Abrir-se ao mundo exterior e fazer bom uso do mercado internacional s\u00e3o as experi\u00eancias mais importantes. Al\u00e9m disso, na minha opini\u00e3o, a estrutura organizacional do governo chin\u00eas tamb\u00e9m \u00e9 particularmente bem-sucedida. A China tem um governo central e governos provinciais e locais. As economias de diferentes prov\u00edncias t\u00eam caracter\u00edsticas pr\u00f3prias e a concorr\u00eancia entre elas melhora a efici\u00eancia econ\u00f4mica. Sob esta estrutura, a China tamb\u00e9m pode realizar projetos-piloto em alguns lugares. Penso que este \u00e9 outro segredo do sucesso da China. Este \u00e9 um bom pensamento econ\u00f4mico.<\/p>\n<p>Rep\u00f3rter: Acho que o professor j\u00e1 notou que h\u00e1 uma frase\u00a0muito falada na economia da China, que \u00e9 \u201cnovas for\u00e7as produtivas de qualidade\u201d. Este conceito foi proposto pelo presidente Xi Jinping, e enfatiza a import\u00e2ncia da alta tecnologia, alta efici\u00eancia e alta qualidade no novo conceito de desenvolvimento. Como o professor entende a import\u00e2ncia desse conceito?<\/p>\n<p>Maskin: Acho que faz sentido. As tecnologias dominantes do s\u00e9culo XX est\u00e3o a ser substitu\u00eddas pelas do s\u00e9culo XXI. Faz todo o sentido que a China esteja na vanguarda e invista dinheiro e recursos em novas tecnologias. Por exemplo, a China tornou-se l\u00edder na produ\u00e7\u00e3o de ve\u00edculos el\u00e9tricos. Eu acho que isso \u00e9 razo\u00e1vel. Investir nesta \u00e1rea \u00e9 s\u00e1bio porque o mundo precisa de ve\u00edculos el\u00e9tricos.<\/p>\n<p>Em 2007, Eric Maskin e dois outros economistas ganharam conjuntamente o Pr\u00eamio Nobel de Economia por lan\u00e7arem as bases da \u201cteoria do design do mecanismo\u201d. Ao longo dos anos, esta teoria mostrou ricas extens\u00f5es e conota\u00e7\u00f5es. Da coopera\u00e7\u00e3o internacional \u00e0 comunica\u00e7\u00e3o interpessoal, a teoria pode fornecer uma refer\u00eancia para a tomada de decis\u00f5es.<\/p>\n<p data-spm-anchor-id=\"0.0.0.i3\">Maskin: Estou muito interessado em design de mecanismos, e o design de mecanismos inclui a cria\u00e7\u00e3o de novos mercados. Para enfrentar as altera\u00e7\u00f5es clim\u00e1ticas, por exemplo, precisamos de criar um mercado eficiente para as emiss\u00f5es de carbono. Esse mercado n\u00e3o aparecer\u00e1 automaticamente, a menos que o criemos ativamente. Neste caso, apenas o governo pode participar da cria\u00e7\u00e3o de novos mercados. Os problemas sociais mais interessantes e mais severos que enfrentamos atualmente s\u00e3o todos problemas de design de mecanismos. Devemos criar novos mecanismos que nunca existiram, por exemplo, nas \u00e1reas de combate \u00e0s altera\u00e7\u00f5es clim\u00e1ticas, prote\u00e7\u00e3o da biodiversidade, resolu\u00e7\u00e3o da crise energ\u00e9tica e obten\u00e7\u00e3o de fontes de \u00e1gua limpa. Esses problemas exigem que apresentemos novas ideias, especialmente ideias sobre design de mecanismos.<\/p>\n","protected":false},"excerpt":{"rendered":"<p>Em 14 de julho, a Confer\u00eancia Internacional de Ci\u00eancias B\u00e1sicas de 2024 foi inaugurada na Universidade de Tsinghua. O evento atraiu a participa\u00e7\u00e3o de mais de 800 acad\u00eamicos nacionais e estrangeiros, e entre\u00a0eles, Eric Maskin, o vencedor do Pr\u00eamio Nobel&#8230;<\/p>\n","protected":false},"author":2,"featured_media":0,"comment_status":"open","ping_status":"open","sticky":false,"template":"","format":"standard","meta":{"footnotes":""},"categories":[3],"tags":[],"class_list":["post-6005","post","type-post","status-publish","format-standard","hentry","category-china"],"yoast_head":"<!-- This site is optimized with the Yoast SEO plugin v27.4 - https:\/\/yoast.com\/product\/yoast-seo-wordpress\/ -->\n<title>Entrevista exclusiva com o ganhador do Pr\u00eamio Nobel de Economia, Eric Maskin - CRI e Diario de Pernambuco<\/title>\n<meta name=\"robots\" content=\"index, follow, max-snippet:-1, max-image-preview:large, max-video-preview:-1\" \/>\n<link rel=\"canonical\" href=\"https:\/\/diariodepe.com.br\/cri\/2024\/08\/21\/entrevista-exclusiva-com-o-ganhador-do-premio-nobel-de-economia-eric-maskin\/\" \/>\n<meta property=\"og:locale\" content=\"pt_BR\" \/>\n<meta property=\"og:type\" content=\"article\" \/>\n<meta property=\"og:title\" content=\"Entrevista exclusiva com o ganhador do Pr\u00eamio Nobel de Economia, Eric Maskin - CRI e Diario de Pernambuco\" \/>\n<meta property=\"og:description\" content=\"Em 14 de julho, a Confer\u00eancia Internacional de Ci\u00eancias B\u00e1sicas de 2024 foi inaugurada na Universidade de Tsinghua. O evento atraiu a participa\u00e7\u00e3o de mais de 800 acad\u00eamicos nacionais e estrangeiros, e entre\u00a0eles, Eric Maskin, o vencedor do Pr\u00eamio Nobel...\" \/>\n<meta property=\"og:url\" content=\"https:\/\/diariodepe.com.br\/cri\/2024\/08\/21\/entrevista-exclusiva-com-o-ganhador-do-premio-nobel-de-economia-eric-maskin\/\" \/>\n<meta property=\"og:site_name\" content=\"CRI e Diario de Pernambuco\" \/>\n<meta property=\"article:published_time\" content=\"2024-08-21T06:25:09+00:00\" \/>\n<meta property=\"og:image\" content=\"https:\/\/p2crires.cri.cn\/photoworkspace\/cri\/contentimg\/2024\/08\/10\/2024081020093712366.jpeg\" \/>\n<meta name=\"author\" content=\"Ismael Lucas S. Pereira\" \/>\n<meta name=\"twitter:card\" content=\"summary_large_image\" \/>\n<meta name=\"twitter:label1\" content=\"Escrito por\" \/>\n\t<meta name=\"twitter:data1\" content=\"Ismael Lucas S. Pereira\" \/>\n<script type=\"application\/ld+json\" class=\"yoast-schema-graph\">{\"@context\":\"https:\\\/\\\/schema.org\",\"@graph\":[{\"@type\":\"Article\",\"@id\":\"https:\\\/\\\/diariodepe.com.br\\\/cri\\\/2024\\\/08\\\/21\\\/entrevista-exclusiva-com-o-ganhador-do-premio-nobel-de-economia-eric-maskin\\\/#article\",\"isPartOf\":{\"@id\":\"https:\\\/\\\/diariodepe.com.br\\\/cri\\\/2024\\\/08\\\/21\\\/entrevista-exclusiva-com-o-ganhador-do-premio-nobel-de-economia-eric-maskin\\\/\"},\"author\":{\"name\":\"Ismael Lucas S. Pereira\",\"@id\":\"https:\\\/\\\/diariodepe.com.br\\\/cri\\\/#\\\/schema\\\/person\\\/121bb28d84f1a5b1205ef4ce9c2e0c6b\"},\"headline\":\"Entrevista exclusiva com o ganhador do Pr\u00eamio Nobel de Economia, Eric Maskin\",\"datePublished\":\"2024-08-21T06:25:09+00:00\",\"mainEntityOfPage\":{\"@id\":\"https:\\\/\\\/diariodepe.com.br\\\/cri\\\/2024\\\/08\\\/21\\\/entrevista-exclusiva-com-o-ganhador-do-premio-nobel-de-economia-eric-maskin\\\/\"},\"wordCount\":610,\"commentCount\":0,\"publisher\":{\"@id\":\"https:\\\/\\\/diariodepe.com.br\\\/cri\\\/#organization\"},\"image\":{\"@id\":\"https:\\\/\\\/diariodepe.com.br\\\/cri\\\/2024\\\/08\\\/21\\\/entrevista-exclusiva-com-o-ganhador-do-premio-nobel-de-economia-eric-maskin\\\/#primaryimage\"},\"thumbnailUrl\":\"https:\\\/\\\/p2crires.cri.cn\\\/photoworkspace\\\/cri\\\/contentimg\\\/2024\\\/08\\\/10\\\/2024081020093712366.jpeg\",\"articleSection\":[\"China\"],\"inLanguage\":\"pt-BR\",\"potentialAction\":[{\"@type\":\"CommentAction\",\"name\":\"Comment\",\"target\":[\"https:\\\/\\\/diariodepe.com.br\\\/cri\\\/2024\\\/08\\\/21\\\/entrevista-exclusiva-com-o-ganhador-do-premio-nobel-de-economia-eric-maskin\\\/#respond\"]}]},{\"@type\":\"WebPage\",\"@id\":\"https:\\\/\\\/diariodepe.com.br\\\/cri\\\/2024\\\/08\\\/21\\\/entrevista-exclusiva-com-o-ganhador-do-premio-nobel-de-economia-eric-maskin\\\/\",\"url\":\"https:\\\/\\\/diariodepe.com.br\\\/cri\\\/2024\\\/08\\\/21\\\/entrevista-exclusiva-com-o-ganhador-do-premio-nobel-de-economia-eric-maskin\\\/\",\"name\":\"Entrevista exclusiva com o ganhador do Pr\u00eamio Nobel de Economia, Eric Maskin - CRI e Diario de Pernambuco\",\"isPartOf\":{\"@id\":\"https:\\\/\\\/diariodepe.com.br\\\/cri\\\/#website\"},\"primaryImageOfPage\":{\"@id\":\"https:\\\/\\\/diariodepe.com.br\\\/cri\\\/2024\\\/08\\\/21\\\/entrevista-exclusiva-com-o-ganhador-do-premio-nobel-de-economia-eric-maskin\\\/#primaryimage\"},\"image\":{\"@id\":\"https:\\\/\\\/diariodepe.com.br\\\/cri\\\/2024\\\/08\\\/21\\\/entrevista-exclusiva-com-o-ganhador-do-premio-nobel-de-economia-eric-maskin\\\/#primaryimage\"},\"thumbnailUrl\":\"https:\\\/\\\/p2crires.cri.cn\\\/photoworkspace\\\/cri\\\/contentimg\\\/2024\\\/08\\\/10\\\/2024081020093712366.jpeg\",\"datePublished\":\"2024-08-21T06:25:09+00:00\",\"breadcrumb\":{\"@id\":\"https:\\\/\\\/diariodepe.com.br\\\/cri\\\/2024\\\/08\\\/21\\\/entrevista-exclusiva-com-o-ganhador-do-premio-nobel-de-economia-eric-maskin\\\/#breadcrumb\"},\"inLanguage\":\"pt-BR\",\"potentialAction\":[{\"@type\":\"ReadAction\",\"target\":[\"https:\\\/\\\/diariodepe.com.br\\\/cri\\\/2024\\\/08\\\/21\\\/entrevista-exclusiva-com-o-ganhador-do-premio-nobel-de-economia-eric-maskin\\\/\"]}]},{\"@type\":\"ImageObject\",\"inLanguage\":\"pt-BR\",\"@id\":\"https:\\\/\\\/diariodepe.com.br\\\/cri\\\/2024\\\/08\\\/21\\\/entrevista-exclusiva-com-o-ganhador-do-premio-nobel-de-economia-eric-maskin\\\/#primaryimage\",\"url\":\"https:\\\/\\\/p2crires.cri.cn\\\/photoworkspace\\\/cri\\\/contentimg\\\/2024\\\/08\\\/10\\\/2024081020093712366.jpeg\",\"contentUrl\":\"https:\\\/\\\/p2crires.cri.cn\\\/photoworkspace\\\/cri\\\/contentimg\\\/2024\\\/08\\\/10\\\/2024081020093712366.jpeg\"},{\"@type\":\"BreadcrumbList\",\"@id\":\"https:\\\/\\\/diariodepe.com.br\\\/cri\\\/2024\\\/08\\\/21\\\/entrevista-exclusiva-com-o-ganhador-do-premio-nobel-de-economia-eric-maskin\\\/#breadcrumb\",\"itemListElement\":[{\"@type\":\"ListItem\",\"position\":1,\"name\":\"In\u00edcio\",\"item\":\"https:\\\/\\\/diariodepe.com.br\\\/cri\\\/\"},{\"@type\":\"ListItem\",\"position\":2,\"name\":\"Entrevista exclusiva com o ganhador do Pr\u00eamio Nobel de Economia, Eric Maskin\"}]},{\"@type\":\"WebSite\",\"@id\":\"https:\\\/\\\/diariodepe.com.br\\\/cri\\\/#website\",\"url\":\"https:\\\/\\\/diariodepe.com.br\\\/cri\\\/\",\"name\":\"CRI e Diario de Pernambuco\",\"description\":\"R\u00e1dio Internacional da China\",\"publisher\":{\"@id\":\"https:\\\/\\\/diariodepe.com.br\\\/cri\\\/#organization\"},\"potentialAction\":[{\"@type\":\"SearchAction\",\"target\":{\"@type\":\"EntryPoint\",\"urlTemplate\":\"https:\\\/\\\/diariodepe.com.br\\\/cri\\\/?s={search_term_string}\"},\"query-input\":{\"@type\":\"PropertyValueSpecification\",\"valueRequired\":true,\"valueName\":\"search_term_string\"}}],\"inLanguage\":\"pt-BR\"},{\"@type\":\"Organization\",\"@id\":\"https:\\\/\\\/diariodepe.com.br\\\/cri\\\/#organization\",\"name\":\"CRI e Diario de Pernambuco\",\"url\":\"https:\\\/\\\/diariodepe.com.br\\\/cri\\\/\",\"logo\":{\"@type\":\"ImageObject\",\"inLanguage\":\"pt-BR\",\"@id\":\"https:\\\/\\\/diariodepe.com.br\\\/cri\\\/#\\\/schema\\\/logo\\\/image\\\/\",\"url\":\"https:\\\/\\\/diariodepe.com.br\\\/cri\\\/wp-content\\\/uploads\\\/sites\\\/2\\\/2022\\\/12\\\/cropped-Logo.jpg\",\"contentUrl\":\"https:\\\/\\\/diariodepe.com.br\\\/cri\\\/wp-content\\\/uploads\\\/sites\\\/2\\\/2022\\\/12\\\/cropped-Logo.jpg\",\"width\":700,\"height\":59,\"caption\":\"CRI e Diario de Pernambuco\"},\"image\":{\"@id\":\"https:\\\/\\\/diariodepe.com.br\\\/cri\\\/#\\\/schema\\\/logo\\\/image\\\/\"}},{\"@type\":\"Person\",\"@id\":\"https:\\\/\\\/diariodepe.com.br\\\/cri\\\/#\\\/schema\\\/person\\\/121bb28d84f1a5b1205ef4ce9c2e0c6b\",\"name\":\"Ismael Lucas S. Pereira\",\"image\":{\"@type\":\"ImageObject\",\"inLanguage\":\"pt-BR\",\"@id\":\"https:\\\/\\\/secure.gravatar.com\\\/avatar\\\/887a0f3b5a7ceea963a48499fb883ffce6b5037362def025c52c2505b15d63e4?s=96&d=mm&r=g\",\"url\":\"https:\\\/\\\/secure.gravatar.com\\\/avatar\\\/887a0f3b5a7ceea963a48499fb883ffce6b5037362def025c52c2505b15d63e4?s=96&d=mm&r=g\",\"contentUrl\":\"https:\\\/\\\/secure.gravatar.com\\\/avatar\\\/887a0f3b5a7ceea963a48499fb883ffce6b5037362def025c52c2505b15d63e4?s=96&d=mm&r=g\",\"caption\":\"Ismael Lucas S. Pereira\"},\"url\":\"https:\\\/\\\/diariodepe.com.br\\\/cri\\\/author\\\/ismael-lucas\\\/\"}]}<\/script>\n<!-- \/ Yoast SEO plugin. -->","yoast_head_json":{"title":"Entrevista exclusiva com o ganhador do Pr\u00eamio Nobel de Economia, Eric Maskin - CRI e Diario de Pernambuco","robots":{"index":"index","follow":"follow","max-snippet":"max-snippet:-1","max-image-preview":"max-image-preview:large","max-video-preview":"max-video-preview:-1"},"canonical":"https:\/\/diariodepe.com.br\/cri\/2024\/08\/21\/entrevista-exclusiva-com-o-ganhador-do-premio-nobel-de-economia-eric-maskin\/","og_locale":"pt_BR","og_type":"article","og_title":"Entrevista exclusiva com o ganhador do Pr\u00eamio Nobel de Economia, Eric Maskin - CRI e Diario de Pernambuco","og_description":"Em 14 de julho, a Confer\u00eancia Internacional de Ci\u00eancias B\u00e1sicas de 2024 foi inaugurada na Universidade de Tsinghua. O evento atraiu a participa\u00e7\u00e3o de mais de 800 acad\u00eamicos nacionais e estrangeiros, e entre\u00a0eles, Eric Maskin, o vencedor do Pr\u00eamio Nobel...","og_url":"https:\/\/diariodepe.com.br\/cri\/2024\/08\/21\/entrevista-exclusiva-com-o-ganhador-do-premio-nobel-de-economia-eric-maskin\/","og_site_name":"CRI e Diario de Pernambuco","article_published_time":"2024-08-21T06:25:09+00:00","og_image":[{"url":"https:\/\/p2crires.cri.cn\/photoworkspace\/cri\/contentimg\/2024\/08\/10\/2024081020093712366.jpeg","type":"","width":"","height":""}],"author":"Ismael Lucas S. Pereira","twitter_card":"summary_large_image","twitter_misc":{"Escrito por":"Ismael Lucas S. Pereira"},"schema":{"@context":"https:\/\/schema.org","@graph":[{"@type":"Article","@id":"https:\/\/diariodepe.com.br\/cri\/2024\/08\/21\/entrevista-exclusiva-com-o-ganhador-do-premio-nobel-de-economia-eric-maskin\/#article","isPartOf":{"@id":"https:\/\/diariodepe.com.br\/cri\/2024\/08\/21\/entrevista-exclusiva-com-o-ganhador-do-premio-nobel-de-economia-eric-maskin\/"},"author":{"name":"Ismael Lucas S. Pereira","@id":"https:\/\/diariodepe.com.br\/cri\/#\/schema\/person\/121bb28d84f1a5b1205ef4ce9c2e0c6b"},"headline":"Entrevista exclusiva com o ganhador do Pr\u00eamio Nobel de Economia, Eric Maskin","datePublished":"2024-08-21T06:25:09+00:00","mainEntityOfPage":{"@id":"https:\/\/diariodepe.com.br\/cri\/2024\/08\/21\/entrevista-exclusiva-com-o-ganhador-do-premio-nobel-de-economia-eric-maskin\/"},"wordCount":610,"commentCount":0,"publisher":{"@id":"https:\/\/diariodepe.com.br\/cri\/#organization"},"image":{"@id":"https:\/\/diariodepe.com.br\/cri\/2024\/08\/21\/entrevista-exclusiva-com-o-ganhador-do-premio-nobel-de-economia-eric-maskin\/#primaryimage"},"thumbnailUrl":"https:\/\/p2crires.cri.cn\/photoworkspace\/cri\/contentimg\/2024\/08\/10\/2024081020093712366.jpeg","articleSection":["China"],"inLanguage":"pt-BR","potentialAction":[{"@type":"CommentAction","name":"Comment","target":["https:\/\/diariodepe.com.br\/cri\/2024\/08\/21\/entrevista-exclusiva-com-o-ganhador-do-premio-nobel-de-economia-eric-maskin\/#respond"]}]},{"@type":"WebPage","@id":"https:\/\/diariodepe.com.br\/cri\/2024\/08\/21\/entrevista-exclusiva-com-o-ganhador-do-premio-nobel-de-economia-eric-maskin\/","url":"https:\/\/diariodepe.com.br\/cri\/2024\/08\/21\/entrevista-exclusiva-com-o-ganhador-do-premio-nobel-de-economia-eric-maskin\/","name":"Entrevista exclusiva com o ganhador do Pr\u00eamio Nobel de Economia, Eric Maskin - CRI e Diario de Pernambuco","isPartOf":{"@id":"https:\/\/diariodepe.com.br\/cri\/#website"},"primaryImageOfPage":{"@id":"https:\/\/diariodepe.com.br\/cri\/2024\/08\/21\/entrevista-exclusiva-com-o-ganhador-do-premio-nobel-de-economia-eric-maskin\/#primaryimage"},"image":{"@id":"https:\/\/diariodepe.com.br\/cri\/2024\/08\/21\/entrevista-exclusiva-com-o-ganhador-do-premio-nobel-de-economia-eric-maskin\/#primaryimage"},"thumbnailUrl":"https:\/\/p2crires.cri.cn\/photoworkspace\/cri\/contentimg\/2024\/08\/10\/2024081020093712366.jpeg","datePublished":"2024-08-21T06:25:09+00:00","breadcrumb":{"@id":"https:\/\/diariodepe.com.br\/cri\/2024\/08\/21\/entrevista-exclusiva-com-o-ganhador-do-premio-nobel-de-economia-eric-maskin\/#breadcrumb"},"inLanguage":"pt-BR","potentialAction":[{"@type":"ReadAction","target":["https:\/\/diariodepe.com.br\/cri\/2024\/08\/21\/entrevista-exclusiva-com-o-ganhador-do-premio-nobel-de-economia-eric-maskin\/"]}]},{"@type":"ImageObject","inLanguage":"pt-BR","@id":"https:\/\/diariodepe.com.br\/cri\/2024\/08\/21\/entrevista-exclusiva-com-o-ganhador-do-premio-nobel-de-economia-eric-maskin\/#primaryimage","url":"https:\/\/p2crires.cri.cn\/photoworkspace\/cri\/contentimg\/2024\/08\/10\/2024081020093712366.jpeg","contentUrl":"https:\/\/p2crires.cri.cn\/photoworkspace\/cri\/contentimg\/2024\/08\/10\/2024081020093712366.jpeg"},{"@type":"BreadcrumbList","@id":"https:\/\/diariodepe.com.br\/cri\/2024\/08\/21\/entrevista-exclusiva-com-o-ganhador-do-premio-nobel-de-economia-eric-maskin\/#breadcrumb","itemListElement":[{"@type":"ListItem","position":1,"name":"In\u00edcio","item":"https:\/\/diariodepe.com.br\/cri\/"},{"@type":"ListItem","position":2,"name":"Entrevista exclusiva com o ganhador do Pr\u00eamio Nobel de Economia, Eric Maskin"}]},{"@type":"WebSite","@id":"https:\/\/diariodepe.com.br\/cri\/#website","url":"https:\/\/diariodepe.com.br\/cri\/","name":"CRI e Diario de Pernambuco","description":"R\u00e1dio Internacional da China","publisher":{"@id":"https:\/\/diariodepe.com.br\/cri\/#organization"},"potentialAction":[{"@type":"SearchAction","target":{"@type":"EntryPoint","urlTemplate":"https:\/\/diariodepe.com.br\/cri\/?s={search_term_string}"},"query-input":{"@type":"PropertyValueSpecification","valueRequired":true,"valueName":"search_term_string"}}],"inLanguage":"pt-BR"},{"@type":"Organization","@id":"https:\/\/diariodepe.com.br\/cri\/#organization","name":"CRI e Diario de Pernambuco","url":"https:\/\/diariodepe.com.br\/cri\/","logo":{"@type":"ImageObject","inLanguage":"pt-BR","@id":"https:\/\/diariodepe.com.br\/cri\/#\/schema\/logo\/image\/","url":"https:\/\/diariodepe.com.br\/cri\/wp-content\/uploads\/sites\/2\/2022\/12\/cropped-Logo.jpg","contentUrl":"https:\/\/diariodepe.com.br\/cri\/wp-content\/uploads\/sites\/2\/2022\/12\/cropped-Logo.jpg","width":700,"height":59,"caption":"CRI e Diario de Pernambuco"},"image":{"@id":"https:\/\/diariodepe.com.br\/cri\/#\/schema\/logo\/image\/"}},{"@type":"Person","@id":"https:\/\/diariodepe.com.br\/cri\/#\/schema\/person\/121bb28d84f1a5b1205ef4ce9c2e0c6b","name":"Ismael Lucas S. Pereira","image":{"@type":"ImageObject","inLanguage":"pt-BR","@id":"https:\/\/secure.gravatar.com\/avatar\/887a0f3b5a7ceea963a48499fb883ffce6b5037362def025c52c2505b15d63e4?s=96&d=mm&r=g","url":"https:\/\/secure.gravatar.com\/avatar\/887a0f3b5a7ceea963a48499fb883ffce6b5037362def025c52c2505b15d63e4?s=96&d=mm&r=g","contentUrl":"https:\/\/secure.gravatar.com\/avatar\/887a0f3b5a7ceea963a48499fb883ffce6b5037362def025c52c2505b15d63e4?s=96&d=mm&r=g","caption":"Ismael Lucas S. Pereira"},"url":"https:\/\/diariodepe.com.br\/cri\/author\/ismael-lucas\/"}]}},"cc_featured_image_caption":{"caption_text":false,"source_text":false,"source_url":false},"amp_enabled":true,"_links":{"self":[{"href":"https:\/\/diariodepe.com.br\/cri\/wp-json\/wp\/v2\/posts\/6005","targetHints":{"allow":["GET"]}}],"collection":[{"href":"https:\/\/diariodepe.com.br\/cri\/wp-json\/wp\/v2\/posts"}],"about":[{"href":"https:\/\/diariodepe.com.br\/cri\/wp-json\/wp\/v2\/types\/post"}],"author":[{"embeddable":true,"href":"https:\/\/diariodepe.com.br\/cri\/wp-json\/wp\/v2\/users\/2"}],"replies":[{"embeddable":true,"href":"https:\/\/diariodepe.com.br\/cri\/wp-json\/wp\/v2\/comments?post=6005"}],"version-history":[{"count":1,"href":"https:\/\/diariodepe.com.br\/cri\/wp-json\/wp\/v2\/posts\/6005\/revisions"}],"predecessor-version":[{"id":6006,"href":"https:\/\/diariodepe.com.br\/cri\/wp-json\/wp\/v2\/posts\/6005\/revisions\/6006"}],"wp:attachment":[{"href":"https:\/\/diariodepe.com.br\/cri\/wp-json\/wp\/v2\/media?parent=6005"}],"wp:term":[{"taxonomy":"category","embeddable":true,"href":"https:\/\/diariodepe.com.br\/cri\/wp-json\/wp\/v2\/categories?post=6005"},{"taxonomy":"post_tag","embeddable":true,"href":"https:\/\/diariodepe.com.br\/cri\/wp-json\/wp\/v2\/tags?post=6005"}],"curies":[{"name":"wp","href":"https:\/\/api.w.org\/{rel}","templated":true}]}}