{"id":597,"date":"2023-02-14T04:06:07","date_gmt":"2023-02-14T07:06:07","guid":{"rendered":"https:\/\/diariodepe.com.br\/cri\/?p=597"},"modified":"2023-02-14T04:06:08","modified_gmt":"2023-02-14T07:06:08","slug":"reporter-do-cmg-visita-um-assentamento-temporario-apos-terremoto-na-turquia","status":"publish","type":"post","link":"https:\/\/diariodepe.com.br\/cri\/2023\/02\/14\/reporter-do-cmg-visita-um-assentamento-temporario-apos-terremoto-na-turquia\/","title":{"rendered":"Rep\u00f3rter do CMG visita um assentamento tempor\u00e1rio ap\u00f3s terremoto na Turquia"},"content":{"rendered":"\n<p>A rep\u00f3rter do Grupo de M\u00eddia da China (CMG) Chen Huihui visitou Ant\u00e1rquia, capital provincial de Hatay na Turquia, na fronteira com a S\u00edria, no domingo (12).&nbsp;<\/p>\n\n\n\n<p>O munic\u00edpio, uma cidade antiga com uma longa hist\u00f3ria, foi muito afetado pelo terremoto, com muitos edif\u00edcios desmoronados e um grande n\u00famero de moradores evacuados.\u00a0<\/p>\n\n\n\n<p>Segundo a rep\u00f3rter, nesse assentamento tempor\u00e1rio, os moradores montaram temporariamente pain\u00e9is solares para atender suas necessidades b\u00e1sicas de eletricidade. No entanto, eles ainda enfrentam uma s\u00e9rie de problemas urgentes como aquecimento e acesso \u00e0 \u00e1gua pot\u00e1vel.<br><\/p>\n","protected":false},"excerpt":{"rendered":"<p>A rep\u00f3rter do Grupo de M\u00eddia da China (CMG) Chen Huihui visitou Ant\u00e1rquia, capital provincial de Hatay na Turquia, na fronteira com a S\u00edria, no domingo (12).&nbsp; O munic\u00edpio, uma cidade antiga com uma longa hist\u00f3ria, foi muito afetado pelo&#8230;<\/p>\n","protected":false},"author":2,"featured_media":598,"comment_status":"open","ping_status":"open","sticky":false,"template":"","format":"standard","meta":{"footnotes":""},"categories":[5],"tags":[],"class_list":["post-597","post","type-post","status-publish","format-standard","has-post-thumbnail","hentry","category-destaques-capa"],"yoast_head":"<!-- This site is optimized with the Yoast SEO plugin v27.4 - https:\/\/yoast.com\/product\/yoast-seo-wordpress\/ -->\n<title>Rep\u00f3rter do CMG visita um assentamento tempor\u00e1rio ap\u00f3s terremoto na Turquia - CRI e Diario de Pernambuco<\/title>\n<meta name=\"robots\" content=\"index, follow, max-snippet:-1, max-image-preview:large, max-video-preview:-1\" \/>\n<link rel=\"canonical\" href=\"https:\/\/diariodepe.com.br\/cri\/2023\/02\/14\/reporter-do-cmg-visita-um-assentamento-temporario-apos-terremoto-na-turquia\/\" \/>\n<meta property=\"og:locale\" content=\"pt_BR\" \/>\n<meta property=\"og:type\" content=\"article\" \/>\n<meta property=\"og:title\" content=\"Rep\u00f3rter do CMG visita um assentamento tempor\u00e1rio ap\u00f3s terremoto na Turquia - CRI e Diario de Pernambuco\" \/>\n<meta property=\"og:description\" content=\"A rep\u00f3rter do Grupo de M\u00eddia da China (CMG) Chen Huihui visitou Ant\u00e1rquia, capital provincial de Hatay na Turquia, na fronteira com a S\u00edria, no domingo (12).&nbsp; O munic\u00edpio, uma cidade antiga com uma longa hist\u00f3ria, foi muito afetado pelo...\" \/>\n<meta property=\"og:url\" content=\"https:\/\/diariodepe.com.br\/cri\/2023\/02\/14\/reporter-do-cmg-visita-um-assentamento-temporario-apos-terremoto-na-turquia\/\" \/>\n<meta property=\"og:site_name\" content=\"CRI e Diario de Pernambuco\" \/>\n<meta property=\"article:published_time\" content=\"2023-02-14T07:06:07+00:00\" \/>\n<meta property=\"article:modified_time\" content=\"2023-02-14T07:06:08+00:00\" \/>\n<meta property=\"og:image\" content=\"https:\/\/diariodepe.com.br\/cri\/wp-content\/uploads\/sites\/2\/2023\/02\/2023021315132795734.png\" \/>\n\t<meta property=\"og:image:width\" content=\"640\" \/>\n\t<meta property=\"og:image:height\" content=\"360\" \/>\n\t<meta property=\"og:image:type\" content=\"image\/png\" \/>\n<meta name=\"author\" content=\"Ismael Lucas S. Pereira\" \/>\n<meta name=\"twitter:card\" content=\"summary_large_image\" \/>\n<meta name=\"twitter:label1\" content=\"Escrito por\" \/>\n\t<meta name=\"twitter:data1\" content=\"Ismael Lucas S. Pereira\" \/>\n\t<meta name=\"twitter:label2\" content=\"Est. tempo de leitura\" \/>\n\t<meta name=\"twitter:data2\" content=\"1 minuto\" \/>\n<script type=\"application\/ld+json\" class=\"yoast-schema-graph\">{\"@context\":\"https:\\\/\\\/schema.org\",\"@graph\":[{\"@type\":\"Article\",\"@id\":\"https:\\\/\\\/diariodepe.com.br\\\/cri\\\/2023\\\/02\\\/14\\\/reporter-do-cmg-visita-um-assentamento-temporario-apos-terremoto-na-turquia\\\/#article\",\"isPartOf\":{\"@id\":\"https:\\\/\\\/diariodepe.com.br\\\/cri\\\/2023\\\/02\\\/14\\\/reporter-do-cmg-visita-um-assentamento-temporario-apos-terremoto-na-turquia\\\/\"},\"author\":{\"name\":\"Ismael Lucas S. Pereira\",\"@id\":\"https:\\\/\\\/diariodepe.com.br\\\/cri\\\/#\\\/schema\\\/person\\\/121bb28d84f1a5b1205ef4ce9c2e0c6b\"},\"headline\":\"Rep\u00f3rter do CMG visita um assentamento tempor\u00e1rio ap\u00f3s terremoto na Turquia\",\"datePublished\":\"2023-02-14T07:06:07+00:00\",\"dateModified\":\"2023-02-14T07:06:08+00:00\",\"mainEntityOfPage\":{\"@id\":\"https:\\\/\\\/diariodepe.com.br\\\/cri\\\/2023\\\/02\\\/14\\\/reporter-do-cmg-visita-um-assentamento-temporario-apos-terremoto-na-turquia\\\/\"},\"wordCount\":115,\"commentCount\":0,\"publisher\":{\"@id\":\"https:\\\/\\\/diariodepe.com.br\\\/cri\\\/#organization\"},\"image\":{\"@id\":\"https:\\\/\\\/diariodepe.com.br\\\/cri\\\/2023\\\/02\\\/14\\\/reporter-do-cmg-visita-um-assentamento-temporario-apos-terremoto-na-turquia\\\/#primaryimage\"},\"thumbnailUrl\":\"https:\\\/\\\/diariodepe.com.br\\\/cri\\\/wp-content\\\/uploads\\\/sites\\\/2\\\/2023\\\/02\\\/2023021315132795734.png\",\"articleSection\":[\"Destaques Capa\"],\"inLanguage\":\"pt-BR\",\"potentialAction\":[{\"@type\":\"CommentAction\",\"name\":\"Comment\",\"target\":[\"https:\\\/\\\/diariodepe.com.br\\\/cri\\\/2023\\\/02\\\/14\\\/reporter-do-cmg-visita-um-assentamento-temporario-apos-terremoto-na-turquia\\\/#respond\"]}]},{\"@type\":\"WebPage\",\"@id\":\"https:\\\/\\\/diariodepe.com.br\\\/cri\\\/2023\\\/02\\\/14\\\/reporter-do-cmg-visita-um-assentamento-temporario-apos-terremoto-na-turquia\\\/\",\"url\":\"https:\\\/\\\/diariodepe.com.br\\\/cri\\\/2023\\\/02\\\/14\\\/reporter-do-cmg-visita-um-assentamento-temporario-apos-terremoto-na-turquia\\\/\",\"name\":\"Rep\u00f3rter do CMG visita um assentamento tempor\u00e1rio ap\u00f3s terremoto na Turquia - CRI e Diario de Pernambuco\",\"isPartOf\":{\"@id\":\"https:\\\/\\\/diariodepe.com.br\\\/cri\\\/#website\"},\"primaryImageOfPage\":{\"@id\":\"https:\\\/\\\/diariodepe.com.br\\\/cri\\\/2023\\\/02\\\/14\\\/reporter-do-cmg-visita-um-assentamento-temporario-apos-terremoto-na-turquia\\\/#primaryimage\"},\"image\":{\"@id\":\"https:\\\/\\\/diariodepe.com.br\\\/cri\\\/2023\\\/02\\\/14\\\/reporter-do-cmg-visita-um-assentamento-temporario-apos-terremoto-na-turquia\\\/#primaryimage\"},\"thumbnailUrl\":\"https:\\\/\\\/diariodepe.com.br\\\/cri\\\/wp-content\\\/uploads\\\/sites\\\/2\\\/2023\\\/02\\\/2023021315132795734.png\",\"datePublished\":\"2023-02-14T07:06:07+00:00\",\"dateModified\":\"2023-02-14T07:06:08+00:00\",\"breadcrumb\":{\"@id\":\"https:\\\/\\\/diariodepe.com.br\\\/cri\\\/2023\\\/02\\\/14\\\/reporter-do-cmg-visita-um-assentamento-temporario-apos-terremoto-na-turquia\\\/#breadcrumb\"},\"inLanguage\":\"pt-BR\",\"potentialAction\":[{\"@type\":\"ReadAction\",\"target\":[\"https:\\\/\\\/diariodepe.com.br\\\/cri\\\/2023\\\/02\\\/14\\\/reporter-do-cmg-visita-um-assentamento-temporario-apos-terremoto-na-turquia\\\/\"]}]},{\"@type\":\"ImageObject\",\"inLanguage\":\"pt-BR\",\"@id\":\"https:\\\/\\\/diariodepe.com.br\\\/cri\\\/2023\\\/02\\\/14\\\/reporter-do-cmg-visita-um-assentamento-temporario-apos-terremoto-na-turquia\\\/#primaryimage\",\"url\":\"https:\\\/\\\/diariodepe.com.br\\\/cri\\\/wp-content\\\/uploads\\\/sites\\\/2\\\/2023\\\/02\\\/2023021315132795734.png\",\"contentUrl\":\"https:\\\/\\\/diariodepe.com.br\\\/cri\\\/wp-content\\\/uploads\\\/sites\\\/2\\\/2023\\\/02\\\/2023021315132795734.png\",\"width\":640,\"height\":360},{\"@type\":\"BreadcrumbList\",\"@id\":\"https:\\\/\\\/diariodepe.com.br\\\/cri\\\/2023\\\/02\\\/14\\\/reporter-do-cmg-visita-um-assentamento-temporario-apos-terremoto-na-turquia\\\/#breadcrumb\",\"itemListElement\":[{\"@type\":\"ListItem\",\"position\":1,\"name\":\"In\u00edcio\",\"item\":\"https:\\\/\\\/diariodepe.com.br\\\/cri\\\/\"},{\"@type\":\"ListItem\",\"position\":2,\"name\":\"Rep\u00f3rter do CMG visita um assentamento tempor\u00e1rio ap\u00f3s terremoto na Turquia\"}]},{\"@type\":\"WebSite\",\"@id\":\"https:\\\/\\\/diariodepe.com.br\\\/cri\\\/#website\",\"url\":\"https:\\\/\\\/diariodepe.com.br\\\/cri\\\/\",\"name\":\"CRI e Diario de Pernambuco\",\"description\":\"R\u00e1dio Internacional da China\",\"publisher\":{\"@id\":\"https:\\\/\\\/diariodepe.com.br\\\/cri\\\/#organization\"},\"potentialAction\":[{\"@type\":\"SearchAction\",\"target\":{\"@type\":\"EntryPoint\",\"urlTemplate\":\"https:\\\/\\\/diariodepe.com.br\\\/cri\\\/?s={search_term_string}\"},\"query-input\":{\"@type\":\"PropertyValueSpecification\",\"valueRequired\":true,\"valueName\":\"search_term_string\"}}],\"inLanguage\":\"pt-BR\"},{\"@type\":\"Organization\",\"@id\":\"https:\\\/\\\/diariodepe.com.br\\\/cri\\\/#organization\",\"name\":\"CRI e Diario de Pernambuco\",\"url\":\"https:\\\/\\\/diariodepe.com.br\\\/cri\\\/\",\"logo\":{\"@type\":\"ImageObject\",\"inLanguage\":\"pt-BR\",\"@id\":\"https:\\\/\\\/diariodepe.com.br\\\/cri\\\/#\\\/schema\\\/logo\\\/image\\\/\",\"url\":\"https:\\\/\\\/diariodepe.com.br\\\/cri\\\/wp-content\\\/uploads\\\/sites\\\/2\\\/2022\\\/12\\\/cropped-Logo.jpg\",\"contentUrl\":\"https:\\\/\\\/diariodepe.com.br\\\/cri\\\/wp-content\\\/uploads\\\/sites\\\/2\\\/2022\\\/12\\\/cropped-Logo.jpg\",\"width\":700,\"height\":59,\"caption\":\"CRI e Diario de Pernambuco\"},\"image\":{\"@id\":\"https:\\\/\\\/diariodepe.com.br\\\/cri\\\/#\\\/schema\\\/logo\\\/image\\\/\"}},{\"@type\":\"Person\",\"@id\":\"https:\\\/\\\/diariodepe.com.br\\\/cri\\\/#\\\/schema\\\/person\\\/121bb28d84f1a5b1205ef4ce9c2e0c6b\",\"name\":\"Ismael Lucas S. Pereira\",\"image\":{\"@type\":\"ImageObject\",\"inLanguage\":\"pt-BR\",\"@id\":\"https:\\\/\\\/secure.gravatar.com\\\/avatar\\\/887a0f3b5a7ceea963a48499fb883ffce6b5037362def025c52c2505b15d63e4?s=96&d=mm&r=g\",\"url\":\"https:\\\/\\\/secure.gravatar.com\\\/avatar\\\/887a0f3b5a7ceea963a48499fb883ffce6b5037362def025c52c2505b15d63e4?s=96&d=mm&r=g\",\"contentUrl\":\"https:\\\/\\\/secure.gravatar.com\\\/avatar\\\/887a0f3b5a7ceea963a48499fb883ffce6b5037362def025c52c2505b15d63e4?s=96&d=mm&r=g\",\"caption\":\"Ismael Lucas S. Pereira\"},\"url\":\"https:\\\/\\\/diariodepe.com.br\\\/cri\\\/author\\\/ismael-lucas\\\/\"}]}<\/script>\n<!-- \/ Yoast SEO plugin. -->","yoast_head_json":{"title":"Rep\u00f3rter do CMG visita um assentamento tempor\u00e1rio ap\u00f3s terremoto na Turquia - CRI e Diario de Pernambuco","robots":{"index":"index","follow":"follow","max-snippet":"max-snippet:-1","max-image-preview":"max-image-preview:large","max-video-preview":"max-video-preview:-1"},"canonical":"https:\/\/diariodepe.com.br\/cri\/2023\/02\/14\/reporter-do-cmg-visita-um-assentamento-temporario-apos-terremoto-na-turquia\/","og_locale":"pt_BR","og_type":"article","og_title":"Rep\u00f3rter do CMG visita um assentamento tempor\u00e1rio ap\u00f3s terremoto na Turquia - CRI e Diario de Pernambuco","og_description":"A rep\u00f3rter do Grupo de M\u00eddia da China (CMG) Chen Huihui visitou Ant\u00e1rquia, capital provincial de Hatay na Turquia, na fronteira com a S\u00edria, no domingo (12).&nbsp; O munic\u00edpio, uma cidade antiga com uma longa hist\u00f3ria, foi muito afetado pelo...","og_url":"https:\/\/diariodepe.com.br\/cri\/2023\/02\/14\/reporter-do-cmg-visita-um-assentamento-temporario-apos-terremoto-na-turquia\/","og_site_name":"CRI e Diario de Pernambuco","article_published_time":"2023-02-14T07:06:07+00:00","article_modified_time":"2023-02-14T07:06:08+00:00","og_image":[{"width":640,"height":360,"url":"https:\/\/diariodepe.com.br\/cri\/wp-content\/uploads\/sites\/2\/2023\/02\/2023021315132795734.png","type":"image\/png"}],"author":"Ismael Lucas S. Pereira","twitter_card":"summary_large_image","twitter_misc":{"Escrito por":"Ismael Lucas S. Pereira","Est. tempo de leitura":"1 minuto"},"schema":{"@context":"https:\/\/schema.org","@graph":[{"@type":"Article","@id":"https:\/\/diariodepe.com.br\/cri\/2023\/02\/14\/reporter-do-cmg-visita-um-assentamento-temporario-apos-terremoto-na-turquia\/#article","isPartOf":{"@id":"https:\/\/diariodepe.com.br\/cri\/2023\/02\/14\/reporter-do-cmg-visita-um-assentamento-temporario-apos-terremoto-na-turquia\/"},"author":{"name":"Ismael Lucas S. Pereira","@id":"https:\/\/diariodepe.com.br\/cri\/#\/schema\/person\/121bb28d84f1a5b1205ef4ce9c2e0c6b"},"headline":"Rep\u00f3rter do CMG visita um assentamento tempor\u00e1rio ap\u00f3s terremoto na Turquia","datePublished":"2023-02-14T07:06:07+00:00","dateModified":"2023-02-14T07:06:08+00:00","mainEntityOfPage":{"@id":"https:\/\/diariodepe.com.br\/cri\/2023\/02\/14\/reporter-do-cmg-visita-um-assentamento-temporario-apos-terremoto-na-turquia\/"},"wordCount":115,"commentCount":0,"publisher":{"@id":"https:\/\/diariodepe.com.br\/cri\/#organization"},"image":{"@id":"https:\/\/diariodepe.com.br\/cri\/2023\/02\/14\/reporter-do-cmg-visita-um-assentamento-temporario-apos-terremoto-na-turquia\/#primaryimage"},"thumbnailUrl":"https:\/\/diariodepe.com.br\/cri\/wp-content\/uploads\/sites\/2\/2023\/02\/2023021315132795734.png","articleSection":["Destaques Capa"],"inLanguage":"pt-BR","potentialAction":[{"@type":"CommentAction","name":"Comment","target":["https:\/\/diariodepe.com.br\/cri\/2023\/02\/14\/reporter-do-cmg-visita-um-assentamento-temporario-apos-terremoto-na-turquia\/#respond"]}]},{"@type":"WebPage","@id":"https:\/\/diariodepe.com.br\/cri\/2023\/02\/14\/reporter-do-cmg-visita-um-assentamento-temporario-apos-terremoto-na-turquia\/","url":"https:\/\/diariodepe.com.br\/cri\/2023\/02\/14\/reporter-do-cmg-visita-um-assentamento-temporario-apos-terremoto-na-turquia\/","name":"Rep\u00f3rter do CMG visita um assentamento tempor\u00e1rio ap\u00f3s terremoto na Turquia - CRI e Diario de Pernambuco","isPartOf":{"@id":"https:\/\/diariodepe.com.br\/cri\/#website"},"primaryImageOfPage":{"@id":"https:\/\/diariodepe.com.br\/cri\/2023\/02\/14\/reporter-do-cmg-visita-um-assentamento-temporario-apos-terremoto-na-turquia\/#primaryimage"},"image":{"@id":"https:\/\/diariodepe.com.br\/cri\/2023\/02\/14\/reporter-do-cmg-visita-um-assentamento-temporario-apos-terremoto-na-turquia\/#primaryimage"},"thumbnailUrl":"https:\/\/diariodepe.com.br\/cri\/wp-content\/uploads\/sites\/2\/2023\/02\/2023021315132795734.png","datePublished":"2023-02-14T07:06:07+00:00","dateModified":"2023-02-14T07:06:08+00:00","breadcrumb":{"@id":"https:\/\/diariodepe.com.br\/cri\/2023\/02\/14\/reporter-do-cmg-visita-um-assentamento-temporario-apos-terremoto-na-turquia\/#breadcrumb"},"inLanguage":"pt-BR","potentialAction":[{"@type":"ReadAction","target":["https:\/\/diariodepe.com.br\/cri\/2023\/02\/14\/reporter-do-cmg-visita-um-assentamento-temporario-apos-terremoto-na-turquia\/"]}]},{"@type":"ImageObject","inLanguage":"pt-BR","@id":"https:\/\/diariodepe.com.br\/cri\/2023\/02\/14\/reporter-do-cmg-visita-um-assentamento-temporario-apos-terremoto-na-turquia\/#primaryimage","url":"https:\/\/diariodepe.com.br\/cri\/wp-content\/uploads\/sites\/2\/2023\/02\/2023021315132795734.png","contentUrl":"https:\/\/diariodepe.com.br\/cri\/wp-content\/uploads\/sites\/2\/2023\/02\/2023021315132795734.png","width":640,"height":360},{"@type":"BreadcrumbList","@id":"https:\/\/diariodepe.com.br\/cri\/2023\/02\/14\/reporter-do-cmg-visita-um-assentamento-temporario-apos-terremoto-na-turquia\/#breadcrumb","itemListElement":[{"@type":"ListItem","position":1,"name":"In\u00edcio","item":"https:\/\/diariodepe.com.br\/cri\/"},{"@type":"ListItem","position":2,"name":"Rep\u00f3rter do CMG visita um assentamento tempor\u00e1rio ap\u00f3s terremoto na Turquia"}]},{"@type":"WebSite","@id":"https:\/\/diariodepe.com.br\/cri\/#website","url":"https:\/\/diariodepe.com.br\/cri\/","name":"CRI e Diario de Pernambuco","description":"R\u00e1dio Internacional da China","publisher":{"@id":"https:\/\/diariodepe.com.br\/cri\/#organization"},"potentialAction":[{"@type":"SearchAction","target":{"@type":"EntryPoint","urlTemplate":"https:\/\/diariodepe.com.br\/cri\/?s={search_term_string}"},"query-input":{"@type":"PropertyValueSpecification","valueRequired":true,"valueName":"search_term_string"}}],"inLanguage":"pt-BR"},{"@type":"Organization","@id":"https:\/\/diariodepe.com.br\/cri\/#organization","name":"CRI e Diario de Pernambuco","url":"https:\/\/diariodepe.com.br\/cri\/","logo":{"@type":"ImageObject","inLanguage":"pt-BR","@id":"https:\/\/diariodepe.com.br\/cri\/#\/schema\/logo\/image\/","url":"https:\/\/diariodepe.com.br\/cri\/wp-content\/uploads\/sites\/2\/2022\/12\/cropped-Logo.jpg","contentUrl":"https:\/\/diariodepe.com.br\/cri\/wp-content\/uploads\/sites\/2\/2022\/12\/cropped-Logo.jpg","width":700,"height":59,"caption":"CRI e Diario de Pernambuco"},"image":{"@id":"https:\/\/diariodepe.com.br\/cri\/#\/schema\/logo\/image\/"}},{"@type":"Person","@id":"https:\/\/diariodepe.com.br\/cri\/#\/schema\/person\/121bb28d84f1a5b1205ef4ce9c2e0c6b","name":"Ismael Lucas S. Pereira","image":{"@type":"ImageObject","inLanguage":"pt-BR","@id":"https:\/\/secure.gravatar.com\/avatar\/887a0f3b5a7ceea963a48499fb883ffce6b5037362def025c52c2505b15d63e4?s=96&d=mm&r=g","url":"https:\/\/secure.gravatar.com\/avatar\/887a0f3b5a7ceea963a48499fb883ffce6b5037362def025c52c2505b15d63e4?s=96&d=mm&r=g","contentUrl":"https:\/\/secure.gravatar.com\/avatar\/887a0f3b5a7ceea963a48499fb883ffce6b5037362def025c52c2505b15d63e4?s=96&d=mm&r=g","caption":"Ismael Lucas S. Pereira"},"url":"https:\/\/diariodepe.com.br\/cri\/author\/ismael-lucas\/"}]}},"cc_featured_image_caption":{"caption_text":"","source_text":"","source_url":""},"amp_enabled":true,"_links":{"self":[{"href":"https:\/\/diariodepe.com.br\/cri\/wp-json\/wp\/v2\/posts\/597","targetHints":{"allow":["GET"]}}],"collection":[{"href":"https:\/\/diariodepe.com.br\/cri\/wp-json\/wp\/v2\/posts"}],"about":[{"href":"https:\/\/diariodepe.com.br\/cri\/wp-json\/wp\/v2\/types\/post"}],"author":[{"embeddable":true,"href":"https:\/\/diariodepe.com.br\/cri\/wp-json\/wp\/v2\/users\/2"}],"replies":[{"embeddable":true,"href":"https:\/\/diariodepe.com.br\/cri\/wp-json\/wp\/v2\/comments?post=597"}],"version-history":[{"count":1,"href":"https:\/\/diariodepe.com.br\/cri\/wp-json\/wp\/v2\/posts\/597\/revisions"}],"predecessor-version":[{"id":599,"href":"https:\/\/diariodepe.com.br\/cri\/wp-json\/wp\/v2\/posts\/597\/revisions\/599"}],"wp:featuredmedia":[{"embeddable":true,"href":"https:\/\/diariodepe.com.br\/cri\/wp-json\/wp\/v2\/media\/598"}],"wp:attachment":[{"href":"https:\/\/diariodepe.com.br\/cri\/wp-json\/wp\/v2\/media?parent=597"}],"wp:term":[{"taxonomy":"category","embeddable":true,"href":"https:\/\/diariodepe.com.br\/cri\/wp-json\/wp\/v2\/categories?post=597"},{"taxonomy":"post_tag","embeddable":true,"href":"https:\/\/diariodepe.com.br\/cri\/wp-json\/wp\/v2\/tags?post=597"}],"curies":[{"name":"wp","href":"https:\/\/api.w.org\/{rel}","templated":true}]}}