{"id":5967,"date":"2024-08-20T06:00:05","date_gmt":"2024-08-20T09:00:05","guid":{"rendered":"https:\/\/diariodepe.com.br\/cri\/?p=5967"},"modified":"2024-08-20T06:00:05","modified_gmt":"2024-08-20T09:00:05","slug":"xi-jinping-reune-se-com-primeira-ministra-italiana","status":"publish","type":"post","link":"https:\/\/diariodepe.com.br\/cri\/2024\/08\/20\/xi-jinping-reune-se-com-primeira-ministra-italiana\/","title":{"rendered":"Xi Jinping reune-se com primeira-ministra italiana"},"content":{"rendered":"<p data-spm-anchor-id=\"0.0.0.i1\">O presidente chin\u00eas, Xi Jinping, reuniu-se hoje (29) em Beijing com a primeira-ministra italiana, Giorgia Meloni, que est\u00e1 em visita de Estado \u00e0 China.<\/p>\n<p>Xi Jinping apontou que a China e a It\u00e1lia est\u00e3o localizadas nas duas extremidades da antiga Rota da Seda e que os interc\u00e2mbios amistosos de longa data entre os dois pa\u00edses deram contribui\u00e7\u00f5es importantes para os interc\u00e2mbios e a aprendizagem m\u00fatua entre as civiliza\u00e7\u00f5es oriental e ocidental e para o progresso da sociedade humana. O esp\u00edrito da Rota da Seda, baseado na coopera\u00e7\u00e3o pac\u00edfica, abertura, inclus\u00e3o, aprendizagem e benef\u00edcios m\u00fatuos constitui uma riqueza comum da China e da It\u00e1lia. Ele espera que os dois pa\u00edses difundam esse esp\u00edrito e tratem as rela\u00e7\u00f5es bilaterais com perspectiva hist\u00f3rica, estrat\u00e9gica e de longo prazo, para promover seu desenvolvimento est\u00e1vel e de longo per\u00edodo.<\/p>\n<p class=\"photo_img_20190808\"><img decoding=\"async\" src=\"https:\/\/p3crires.cri.cn\/photoworkspace\/cri\/contentimg\/2024\/07\/29\/2024072921430678377.jpg\" alt=\"\" \/><\/p>\n<p>Xi Jinping lembrou que a 3\u00aa sess\u00e3o plen\u00e1ria do 20\u00ba Comit\u00ea Central do Partido Comunista da China acabou de se encerrar. A China continuar\u00e1 promovendo a abertura de alto n\u00edveo e injetando um forte motor \u00e0 moderniza\u00e7\u00e3o chinesa, o que trar\u00e1 novas oportunidades para ampliar coopera\u00e7\u00f5es com todos os pa\u00edses, incluindo a It\u00e1lia.<\/p>\n<p>O l\u00edder chin\u00eas disse querer trabalhar junto com a It\u00e1lia para impulsionar a atualiza\u00e7\u00e3o das coopera\u00e7\u00f5es tradicionais em \u00e1reas como com\u00e9rcio, investimento, manufatura, inova\u00e7\u00e3o cient\u00edfica e tecnol\u00f3gica e mercado de terceiros, al\u00e9m de procurar colabora\u00e7\u00e3o em \u00e1reas emergentes como carros el\u00e9tricos e intelig\u00eancia artificial.<\/p>\n<p>Segundo Xi Jinping, a China d\u00e1 boas vindas ao investimento das empresas italianas e quer importar mais produtos italianos de boa qualidade. Ele espera que a It\u00e1lia forne\u00e7a um ambiente de neg\u00f3cios justo, transparente, seguro e sem discrimina\u00e7\u00e3o para empresas chinesas.<\/p>\n<p>Giorgia Meloni afirmou que a It\u00e1lia d\u00e1 grande import\u00e2ncia \u00e0 posi\u00e7\u00e3o e papel da China no mundo e quer dar continuidade ao esp\u00edrito da Rota da Seda para desenvolver uma parceria mais estreita e de mais alto n\u00edvel com a China, abrindo uma nova p\u00e1gina para a parceria estrat\u00e9gica abrangente entre os dois pa\u00edses e dando novas contribui\u00e7\u00f5es para a paz e progresso mundial. Ela evidenciou que a It\u00e1lia defende firmemente a pol\u00edtica de Uma S\u00f3 China.<\/p>\n","protected":false},"excerpt":{"rendered":"<p>O presidente chin\u00eas, Xi Jinping, reuniu-se hoje (29) em Beijing com a primeira-ministra italiana, Giorgia Meloni, que est\u00e1 em visita de Estado \u00e0 China. Xi Jinping apontou que a China e a It\u00e1lia est\u00e3o localizadas nas duas extremidades da antiga&#8230;<\/p>\n","protected":false},"author":2,"featured_media":0,"comment_status":"open","ping_status":"open","sticky":false,"template":"","format":"standard","meta":{"footnotes":""},"categories":[3],"tags":[],"class_list":["post-5967","post","type-post","status-publish","format-standard","hentry","category-china"],"yoast_head":"<!-- This site is optimized with the Yoast SEO plugin v27.4 - https:\/\/yoast.com\/product\/yoast-seo-wordpress\/ -->\n<title>Xi Jinping reune-se com primeira-ministra italiana - CRI e Diario de Pernambuco<\/title>\n<meta name=\"robots\" content=\"index, follow, max-snippet:-1, max-image-preview:large, max-video-preview:-1\" \/>\n<link rel=\"canonical\" href=\"https:\/\/diariodepe.com.br\/cri\/2024\/08\/20\/xi-jinping-reune-se-com-primeira-ministra-italiana\/\" \/>\n<meta property=\"og:locale\" content=\"pt_BR\" \/>\n<meta property=\"og:type\" content=\"article\" \/>\n<meta property=\"og:title\" content=\"Xi Jinping reune-se com primeira-ministra italiana - CRI e Diario de Pernambuco\" \/>\n<meta property=\"og:description\" content=\"O presidente chin\u00eas, Xi Jinping, reuniu-se hoje (29) em Beijing com a primeira-ministra italiana, Giorgia Meloni, que est\u00e1 em visita de Estado \u00e0 China. Xi Jinping apontou que a China e a It\u00e1lia est\u00e3o localizadas nas duas extremidades da antiga...\" \/>\n<meta property=\"og:url\" content=\"https:\/\/diariodepe.com.br\/cri\/2024\/08\/20\/xi-jinping-reune-se-com-primeira-ministra-italiana\/\" \/>\n<meta property=\"og:site_name\" content=\"CRI e Diario de Pernambuco\" \/>\n<meta property=\"article:published_time\" content=\"2024-08-20T09:00:05+00:00\" \/>\n<meta property=\"og:image\" content=\"https:\/\/p3crires.cri.cn\/photoworkspace\/cri\/contentimg\/2024\/07\/29\/2024072921430678377.jpg\" \/>\n<meta name=\"author\" content=\"Ismael Lucas S. Pereira\" \/>\n<meta name=\"twitter:card\" content=\"summary_large_image\" \/>\n<meta name=\"twitter:label1\" content=\"Escrito por\" \/>\n\t<meta name=\"twitter:data1\" content=\"Ismael Lucas S. Pereira\" \/>\n\t<meta name=\"twitter:label2\" content=\"Est. tempo de leitura\" \/>\n\t<meta name=\"twitter:data2\" content=\"3 minutos\" \/>\n<script type=\"application\/ld+json\" class=\"yoast-schema-graph\">{\"@context\":\"https:\\\/\\\/schema.org\",\"@graph\":[{\"@type\":\"Article\",\"@id\":\"https:\\\/\\\/diariodepe.com.br\\\/cri\\\/2024\\\/08\\\/20\\\/xi-jinping-reune-se-com-primeira-ministra-italiana\\\/#article\",\"isPartOf\":{\"@id\":\"https:\\\/\\\/diariodepe.com.br\\\/cri\\\/2024\\\/08\\\/20\\\/xi-jinping-reune-se-com-primeira-ministra-italiana\\\/\"},\"author\":{\"name\":\"Ismael Lucas S. Pereira\",\"@id\":\"https:\\\/\\\/diariodepe.com.br\\\/cri\\\/#\\\/schema\\\/person\\\/121bb28d84f1a5b1205ef4ce9c2e0c6b\"},\"headline\":\"Xi Jinping reune-se com primeira-ministra italiana\",\"datePublished\":\"2024-08-20T09:00:05+00:00\",\"mainEntityOfPage\":{\"@id\":\"https:\\\/\\\/diariodepe.com.br\\\/cri\\\/2024\\\/08\\\/20\\\/xi-jinping-reune-se-com-primeira-ministra-italiana\\\/\"},\"wordCount\":407,\"commentCount\":0,\"publisher\":{\"@id\":\"https:\\\/\\\/diariodepe.com.br\\\/cri\\\/#organization\"},\"image\":{\"@id\":\"https:\\\/\\\/diariodepe.com.br\\\/cri\\\/2024\\\/08\\\/20\\\/xi-jinping-reune-se-com-primeira-ministra-italiana\\\/#primaryimage\"},\"thumbnailUrl\":\"https:\\\/\\\/p3crires.cri.cn\\\/photoworkspace\\\/cri\\\/contentimg\\\/2024\\\/07\\\/29\\\/2024072921430678377.jpg\",\"articleSection\":[\"China\"],\"inLanguage\":\"pt-BR\",\"potentialAction\":[{\"@type\":\"CommentAction\",\"name\":\"Comment\",\"target\":[\"https:\\\/\\\/diariodepe.com.br\\\/cri\\\/2024\\\/08\\\/20\\\/xi-jinping-reune-se-com-primeira-ministra-italiana\\\/#respond\"]}]},{\"@type\":\"WebPage\",\"@id\":\"https:\\\/\\\/diariodepe.com.br\\\/cri\\\/2024\\\/08\\\/20\\\/xi-jinping-reune-se-com-primeira-ministra-italiana\\\/\",\"url\":\"https:\\\/\\\/diariodepe.com.br\\\/cri\\\/2024\\\/08\\\/20\\\/xi-jinping-reune-se-com-primeira-ministra-italiana\\\/\",\"name\":\"Xi Jinping reune-se com primeira-ministra italiana - CRI e Diario de Pernambuco\",\"isPartOf\":{\"@id\":\"https:\\\/\\\/diariodepe.com.br\\\/cri\\\/#website\"},\"primaryImageOfPage\":{\"@id\":\"https:\\\/\\\/diariodepe.com.br\\\/cri\\\/2024\\\/08\\\/20\\\/xi-jinping-reune-se-com-primeira-ministra-italiana\\\/#primaryimage\"},\"image\":{\"@id\":\"https:\\\/\\\/diariodepe.com.br\\\/cri\\\/2024\\\/08\\\/20\\\/xi-jinping-reune-se-com-primeira-ministra-italiana\\\/#primaryimage\"},\"thumbnailUrl\":\"https:\\\/\\\/p3crires.cri.cn\\\/photoworkspace\\\/cri\\\/contentimg\\\/2024\\\/07\\\/29\\\/2024072921430678377.jpg\",\"datePublished\":\"2024-08-20T09:00:05+00:00\",\"breadcrumb\":{\"@id\":\"https:\\\/\\\/diariodepe.com.br\\\/cri\\\/2024\\\/08\\\/20\\\/xi-jinping-reune-se-com-primeira-ministra-italiana\\\/#breadcrumb\"},\"inLanguage\":\"pt-BR\",\"potentialAction\":[{\"@type\":\"ReadAction\",\"target\":[\"https:\\\/\\\/diariodepe.com.br\\\/cri\\\/2024\\\/08\\\/20\\\/xi-jinping-reune-se-com-primeira-ministra-italiana\\\/\"]}]},{\"@type\":\"ImageObject\",\"inLanguage\":\"pt-BR\",\"@id\":\"https:\\\/\\\/diariodepe.com.br\\\/cri\\\/2024\\\/08\\\/20\\\/xi-jinping-reune-se-com-primeira-ministra-italiana\\\/#primaryimage\",\"url\":\"https:\\\/\\\/p3crires.cri.cn\\\/photoworkspace\\\/cri\\\/contentimg\\\/2024\\\/07\\\/29\\\/2024072921430678377.jpg\",\"contentUrl\":\"https:\\\/\\\/p3crires.cri.cn\\\/photoworkspace\\\/cri\\\/contentimg\\\/2024\\\/07\\\/29\\\/2024072921430678377.jpg\"},{\"@type\":\"BreadcrumbList\",\"@id\":\"https:\\\/\\\/diariodepe.com.br\\\/cri\\\/2024\\\/08\\\/20\\\/xi-jinping-reune-se-com-primeira-ministra-italiana\\\/#breadcrumb\",\"itemListElement\":[{\"@type\":\"ListItem\",\"position\":1,\"name\":\"In\u00edcio\",\"item\":\"https:\\\/\\\/diariodepe.com.br\\\/cri\\\/\"},{\"@type\":\"ListItem\",\"position\":2,\"name\":\"Xi Jinping reune-se com primeira-ministra italiana\"}]},{\"@type\":\"WebSite\",\"@id\":\"https:\\\/\\\/diariodepe.com.br\\\/cri\\\/#website\",\"url\":\"https:\\\/\\\/diariodepe.com.br\\\/cri\\\/\",\"name\":\"CRI e Diario de Pernambuco\",\"description\":\"R\u00e1dio Internacional da China\",\"publisher\":{\"@id\":\"https:\\\/\\\/diariodepe.com.br\\\/cri\\\/#organization\"},\"potentialAction\":[{\"@type\":\"SearchAction\",\"target\":{\"@type\":\"EntryPoint\",\"urlTemplate\":\"https:\\\/\\\/diariodepe.com.br\\\/cri\\\/?s={search_term_string}\"},\"query-input\":{\"@type\":\"PropertyValueSpecification\",\"valueRequired\":true,\"valueName\":\"search_term_string\"}}],\"inLanguage\":\"pt-BR\"},{\"@type\":\"Organization\",\"@id\":\"https:\\\/\\\/diariodepe.com.br\\\/cri\\\/#organization\",\"name\":\"CRI e Diario de Pernambuco\",\"url\":\"https:\\\/\\\/diariodepe.com.br\\\/cri\\\/\",\"logo\":{\"@type\":\"ImageObject\",\"inLanguage\":\"pt-BR\",\"@id\":\"https:\\\/\\\/diariodepe.com.br\\\/cri\\\/#\\\/schema\\\/logo\\\/image\\\/\",\"url\":\"https:\\\/\\\/diariodepe.com.br\\\/cri\\\/wp-content\\\/uploads\\\/sites\\\/2\\\/2022\\\/12\\\/cropped-Logo.jpg\",\"contentUrl\":\"https:\\\/\\\/diariodepe.com.br\\\/cri\\\/wp-content\\\/uploads\\\/sites\\\/2\\\/2022\\\/12\\\/cropped-Logo.jpg\",\"width\":700,\"height\":59,\"caption\":\"CRI e Diario de Pernambuco\"},\"image\":{\"@id\":\"https:\\\/\\\/diariodepe.com.br\\\/cri\\\/#\\\/schema\\\/logo\\\/image\\\/\"}},{\"@type\":\"Person\",\"@id\":\"https:\\\/\\\/diariodepe.com.br\\\/cri\\\/#\\\/schema\\\/person\\\/121bb28d84f1a5b1205ef4ce9c2e0c6b\",\"name\":\"Ismael Lucas S. Pereira\",\"image\":{\"@type\":\"ImageObject\",\"inLanguage\":\"pt-BR\",\"@id\":\"https:\\\/\\\/secure.gravatar.com\\\/avatar\\\/887a0f3b5a7ceea963a48499fb883ffce6b5037362def025c52c2505b15d63e4?s=96&d=mm&r=g\",\"url\":\"https:\\\/\\\/secure.gravatar.com\\\/avatar\\\/887a0f3b5a7ceea963a48499fb883ffce6b5037362def025c52c2505b15d63e4?s=96&d=mm&r=g\",\"contentUrl\":\"https:\\\/\\\/secure.gravatar.com\\\/avatar\\\/887a0f3b5a7ceea963a48499fb883ffce6b5037362def025c52c2505b15d63e4?s=96&d=mm&r=g\",\"caption\":\"Ismael Lucas S. Pereira\"},\"url\":\"https:\\\/\\\/diariodepe.com.br\\\/cri\\\/author\\\/ismael-lucas\\\/\"}]}<\/script>\n<!-- \/ Yoast SEO plugin. -->","yoast_head_json":{"title":"Xi Jinping reune-se com primeira-ministra italiana - CRI e Diario de Pernambuco","robots":{"index":"index","follow":"follow","max-snippet":"max-snippet:-1","max-image-preview":"max-image-preview:large","max-video-preview":"max-video-preview:-1"},"canonical":"https:\/\/diariodepe.com.br\/cri\/2024\/08\/20\/xi-jinping-reune-se-com-primeira-ministra-italiana\/","og_locale":"pt_BR","og_type":"article","og_title":"Xi Jinping reune-se com primeira-ministra italiana - CRI e Diario de Pernambuco","og_description":"O presidente chin\u00eas, Xi Jinping, reuniu-se hoje (29) em Beijing com a primeira-ministra italiana, Giorgia Meloni, que est\u00e1 em visita de Estado \u00e0 China. Xi Jinping apontou que a China e a It\u00e1lia est\u00e3o localizadas nas duas extremidades da antiga...","og_url":"https:\/\/diariodepe.com.br\/cri\/2024\/08\/20\/xi-jinping-reune-se-com-primeira-ministra-italiana\/","og_site_name":"CRI e Diario de Pernambuco","article_published_time":"2024-08-20T09:00:05+00:00","og_image":[{"url":"https:\/\/p3crires.cri.cn\/photoworkspace\/cri\/contentimg\/2024\/07\/29\/2024072921430678377.jpg","type":"","width":"","height":""}],"author":"Ismael Lucas S. Pereira","twitter_card":"summary_large_image","twitter_misc":{"Escrito por":"Ismael Lucas S. Pereira","Est. tempo de leitura":"3 minutos"},"schema":{"@context":"https:\/\/schema.org","@graph":[{"@type":"Article","@id":"https:\/\/diariodepe.com.br\/cri\/2024\/08\/20\/xi-jinping-reune-se-com-primeira-ministra-italiana\/#article","isPartOf":{"@id":"https:\/\/diariodepe.com.br\/cri\/2024\/08\/20\/xi-jinping-reune-se-com-primeira-ministra-italiana\/"},"author":{"name":"Ismael Lucas S. Pereira","@id":"https:\/\/diariodepe.com.br\/cri\/#\/schema\/person\/121bb28d84f1a5b1205ef4ce9c2e0c6b"},"headline":"Xi Jinping reune-se com primeira-ministra italiana","datePublished":"2024-08-20T09:00:05+00:00","mainEntityOfPage":{"@id":"https:\/\/diariodepe.com.br\/cri\/2024\/08\/20\/xi-jinping-reune-se-com-primeira-ministra-italiana\/"},"wordCount":407,"commentCount":0,"publisher":{"@id":"https:\/\/diariodepe.com.br\/cri\/#organization"},"image":{"@id":"https:\/\/diariodepe.com.br\/cri\/2024\/08\/20\/xi-jinping-reune-se-com-primeira-ministra-italiana\/#primaryimage"},"thumbnailUrl":"https:\/\/p3crires.cri.cn\/photoworkspace\/cri\/contentimg\/2024\/07\/29\/2024072921430678377.jpg","articleSection":["China"],"inLanguage":"pt-BR","potentialAction":[{"@type":"CommentAction","name":"Comment","target":["https:\/\/diariodepe.com.br\/cri\/2024\/08\/20\/xi-jinping-reune-se-com-primeira-ministra-italiana\/#respond"]}]},{"@type":"WebPage","@id":"https:\/\/diariodepe.com.br\/cri\/2024\/08\/20\/xi-jinping-reune-se-com-primeira-ministra-italiana\/","url":"https:\/\/diariodepe.com.br\/cri\/2024\/08\/20\/xi-jinping-reune-se-com-primeira-ministra-italiana\/","name":"Xi Jinping reune-se com primeira-ministra italiana - CRI e Diario de Pernambuco","isPartOf":{"@id":"https:\/\/diariodepe.com.br\/cri\/#website"},"primaryImageOfPage":{"@id":"https:\/\/diariodepe.com.br\/cri\/2024\/08\/20\/xi-jinping-reune-se-com-primeira-ministra-italiana\/#primaryimage"},"image":{"@id":"https:\/\/diariodepe.com.br\/cri\/2024\/08\/20\/xi-jinping-reune-se-com-primeira-ministra-italiana\/#primaryimage"},"thumbnailUrl":"https:\/\/p3crires.cri.cn\/photoworkspace\/cri\/contentimg\/2024\/07\/29\/2024072921430678377.jpg","datePublished":"2024-08-20T09:00:05+00:00","breadcrumb":{"@id":"https:\/\/diariodepe.com.br\/cri\/2024\/08\/20\/xi-jinping-reune-se-com-primeira-ministra-italiana\/#breadcrumb"},"inLanguage":"pt-BR","potentialAction":[{"@type":"ReadAction","target":["https:\/\/diariodepe.com.br\/cri\/2024\/08\/20\/xi-jinping-reune-se-com-primeira-ministra-italiana\/"]}]},{"@type":"ImageObject","inLanguage":"pt-BR","@id":"https:\/\/diariodepe.com.br\/cri\/2024\/08\/20\/xi-jinping-reune-se-com-primeira-ministra-italiana\/#primaryimage","url":"https:\/\/p3crires.cri.cn\/photoworkspace\/cri\/contentimg\/2024\/07\/29\/2024072921430678377.jpg","contentUrl":"https:\/\/p3crires.cri.cn\/photoworkspace\/cri\/contentimg\/2024\/07\/29\/2024072921430678377.jpg"},{"@type":"BreadcrumbList","@id":"https:\/\/diariodepe.com.br\/cri\/2024\/08\/20\/xi-jinping-reune-se-com-primeira-ministra-italiana\/#breadcrumb","itemListElement":[{"@type":"ListItem","position":1,"name":"In\u00edcio","item":"https:\/\/diariodepe.com.br\/cri\/"},{"@type":"ListItem","position":2,"name":"Xi Jinping reune-se com primeira-ministra italiana"}]},{"@type":"WebSite","@id":"https:\/\/diariodepe.com.br\/cri\/#website","url":"https:\/\/diariodepe.com.br\/cri\/","name":"CRI e Diario de Pernambuco","description":"R\u00e1dio Internacional da China","publisher":{"@id":"https:\/\/diariodepe.com.br\/cri\/#organization"},"potentialAction":[{"@type":"SearchAction","target":{"@type":"EntryPoint","urlTemplate":"https:\/\/diariodepe.com.br\/cri\/?s={search_term_string}"},"query-input":{"@type":"PropertyValueSpecification","valueRequired":true,"valueName":"search_term_string"}}],"inLanguage":"pt-BR"},{"@type":"Organization","@id":"https:\/\/diariodepe.com.br\/cri\/#organization","name":"CRI e Diario de Pernambuco","url":"https:\/\/diariodepe.com.br\/cri\/","logo":{"@type":"ImageObject","inLanguage":"pt-BR","@id":"https:\/\/diariodepe.com.br\/cri\/#\/schema\/logo\/image\/","url":"https:\/\/diariodepe.com.br\/cri\/wp-content\/uploads\/sites\/2\/2022\/12\/cropped-Logo.jpg","contentUrl":"https:\/\/diariodepe.com.br\/cri\/wp-content\/uploads\/sites\/2\/2022\/12\/cropped-Logo.jpg","width":700,"height":59,"caption":"CRI e Diario de Pernambuco"},"image":{"@id":"https:\/\/diariodepe.com.br\/cri\/#\/schema\/logo\/image\/"}},{"@type":"Person","@id":"https:\/\/diariodepe.com.br\/cri\/#\/schema\/person\/121bb28d84f1a5b1205ef4ce9c2e0c6b","name":"Ismael Lucas S. Pereira","image":{"@type":"ImageObject","inLanguage":"pt-BR","@id":"https:\/\/secure.gravatar.com\/avatar\/887a0f3b5a7ceea963a48499fb883ffce6b5037362def025c52c2505b15d63e4?s=96&d=mm&r=g","url":"https:\/\/secure.gravatar.com\/avatar\/887a0f3b5a7ceea963a48499fb883ffce6b5037362def025c52c2505b15d63e4?s=96&d=mm&r=g","contentUrl":"https:\/\/secure.gravatar.com\/avatar\/887a0f3b5a7ceea963a48499fb883ffce6b5037362def025c52c2505b15d63e4?s=96&d=mm&r=g","caption":"Ismael Lucas S. Pereira"},"url":"https:\/\/diariodepe.com.br\/cri\/author\/ismael-lucas\/"}]}},"cc_featured_image_caption":{"caption_text":false,"source_text":false,"source_url":false},"amp_enabled":true,"_links":{"self":[{"href":"https:\/\/diariodepe.com.br\/cri\/wp-json\/wp\/v2\/posts\/5967","targetHints":{"allow":["GET"]}}],"collection":[{"href":"https:\/\/diariodepe.com.br\/cri\/wp-json\/wp\/v2\/posts"}],"about":[{"href":"https:\/\/diariodepe.com.br\/cri\/wp-json\/wp\/v2\/types\/post"}],"author":[{"embeddable":true,"href":"https:\/\/diariodepe.com.br\/cri\/wp-json\/wp\/v2\/users\/2"}],"replies":[{"embeddable":true,"href":"https:\/\/diariodepe.com.br\/cri\/wp-json\/wp\/v2\/comments?post=5967"}],"version-history":[{"count":1,"href":"https:\/\/diariodepe.com.br\/cri\/wp-json\/wp\/v2\/posts\/5967\/revisions"}],"predecessor-version":[{"id":5968,"href":"https:\/\/diariodepe.com.br\/cri\/wp-json\/wp\/v2\/posts\/5967\/revisions\/5968"}],"wp:attachment":[{"href":"https:\/\/diariodepe.com.br\/cri\/wp-json\/wp\/v2\/media?parent=5967"}],"wp:term":[{"taxonomy":"category","embeddable":true,"href":"https:\/\/diariodepe.com.br\/cri\/wp-json\/wp\/v2\/categories?post=5967"},{"taxonomy":"post_tag","embeddable":true,"href":"https:\/\/diariodepe.com.br\/cri\/wp-json\/wp\/v2\/tags?post=5967"}],"curies":[{"name":"wp","href":"https:\/\/api.w.org\/{rel}","templated":true}]}}