{"id":5961,"date":"2024-08-20T05:57:45","date_gmt":"2024-08-20T08:57:45","guid":{"rendered":"https:\/\/diariodepe.com.br\/cri\/?p=5961"},"modified":"2024-08-20T05:57:45","modified_gmt":"2024-08-20T08:57:45","slug":"wang-yi-reune-se-com-secretario-de-estado-dos-eua","status":"publish","type":"post","link":"https:\/\/diariodepe.com.br\/cri\/2024\/08\/20\/wang-yi-reune-se-com-secretario-de-estado-dos-eua\/","title":{"rendered":"Wang Yi re\u00fane-se com secret\u00e1rio de Estado dos EUA"},"content":{"rendered":"<p>O chanceler chin\u00eas, Wang Yi, reuniu-se neste s\u00e1bado durante a 57\u00aa\u00a0Reuni\u00e3o dos Ministros das Rela\u00e7\u00f5es Exteriores da ASEAN, com o secret\u00e1rio de Estado dos EUA, Antony Blinken.<\/p>\n<p>Wang Yi disse que nos \u00faltimos tr\u00eas meses\u00a0as equipes diplom\u00e1ticas, financeiras, de aplica\u00e7\u00e3o da lei, de mudan\u00e7a clim\u00e1tica,\u00a0as for\u00e7as armadas dos dois pa\u00edses mantiveram\u00a0contato\u00a0e os interc\u00e2mbios das comunidades civis tamb\u00e9m aumentaram. No entanto,\u00a0\u00e9 preciso salientar que\u00a0os Estados Unidos n\u00e3o pararam as suas tentativas de conter e reprimir a China, e at\u00e9 intensificaram suas a\u00e7\u00f5es, o que aumentaram os riscos e os desafios para as rela\u00e7\u00f5es\u00a0bilaterais.<\/p>\n<p>Segundo o chanceler, os EUA\u00a0insistem numa compreens\u00e3o errada\u00a0sobre a\u00a0China e sempre\u00a0tratam\u00a0a\u00a0China com a sua pr\u00f3pria l\u00f3gica hegem\u00f4nica. A China n\u00e3o \u00e9 os\u00a0EUA\u00a0e\u00a0nem\u00a0quer se tornar\u00a0os EUA. A China n\u00e3o procura hegemonia ou poder\u00a0\u00e0 for\u00e7a, sendo\u00a0um\u00a0grande\u00a0pa\u00eds com o melhor\u00a0registro\u00a0em quest\u00e3o\u00a0de paz e seguran\u00e7a\u00a0do mundo.<\/p>\n<p>Em rela\u00e7\u00e3o \u00e0 quest\u00e3o de\u00a0Ren\u2019ai\u00a0Jiao,\u00a0Wang Yi\u00a0disse que\u00a0a China chegou a um acordo\u00a0de arranjo\u00a0tempor\u00e1rio com as Filipinas para controlar a situa\u00e7\u00e3o. As Filipinas devem\u00a0observar seus compromissos\u00a0e deixar de transportar materiais de constru\u00e7\u00e3o, enquanto os\u00a0EUA devem parar de fazer\u00a0provoca\u00e7\u00f5es e prejudicar\u00a0a estabilidade no mar.<\/p>\n<p>Na quest\u00e3o da crise\u00a0ucraniana,\u00a0Wang Yi disse que\u00a0a\u00a0China\u00a0sempre\u00a0tem\u00a0uma atitude sincera\u00a0e honesta\u00a0na\u00a0promo\u00e7\u00e3o das negocia\u00e7\u00f5es pac\u00edficas.\u00a0Os\u00a0EUA\u00a0devem parar de impor san\u00e7\u00f5es unilaterais e\u00a0de\u00a0jurisdi\u00e7\u00e3o de longo alcance. A China\u00a0se\u00a0op\u00f5e\u00a0\u00e0 difama\u00e7\u00e3o,\u00a0n\u00e3o aceita press\u00e3o\u00a0e\u00a0tomar\u00e1 medidas resolutas e eficazes para salvaguardar os seus interesses e direitos leg\u00edtimos.<\/p>\n<p>Antony Blinken, por seu lado, disse que\u00a0os\u00a0EUA\u00a0est\u00e3o ativamente empenhados em estabilizar as rela\u00e7\u00f5es\u00a0com a\u00a0China. Ele reiterou a posi\u00e7\u00e3o estudunidense de\u00a0aderir\u00a0\u00e0 pol\u00edtica de Uma S\u00f3 China, e\u00a0disse\u00a0esperar\u00a0manter\u00a0contato\u00a0frequente\u00a0com a China, al\u00e9m de desenvolver\u00a0uma\u00a0coopera\u00e7\u00e3o no controle\u00a0de drogas, e na\u00a0intelig\u00eancia artificial,\u00a0entre os outras \u00e1reas.<\/p>\n<p>&nbsp;<\/p>\n<p>As duas partes tamb\u00e9m trocaram opini\u00f5es sobre a situa\u00e7\u00e3o em Gaza,\u00a0da Pen\u00ednsula Coreana e a quest\u00e3o de Mianmar.<\/p>\n","protected":false},"excerpt":{"rendered":"<p>O chanceler chin\u00eas, Wang Yi, reuniu-se neste s\u00e1bado durante a 57\u00aa\u00a0Reuni\u00e3o dos Ministros das Rela\u00e7\u00f5es Exteriores da ASEAN, com o secret\u00e1rio de Estado dos EUA, Antony Blinken. Wang Yi disse que nos \u00faltimos tr\u00eas meses\u00a0as equipes diplom\u00e1ticas, financeiras, de aplica\u00e7\u00e3o&#8230;<\/p>\n","protected":false},"author":2,"featured_media":0,"comment_status":"open","ping_status":"open","sticky":false,"template":"","format":"standard","meta":{"footnotes":""},"categories":[3],"tags":[],"class_list":["post-5961","post","type-post","status-publish","format-standard","hentry","category-china"],"yoast_head":"<!-- This site is optimized with the Yoast SEO plugin v27.4 - https:\/\/yoast.com\/product\/yoast-seo-wordpress\/ -->\n<title>Wang Yi re\u00fane-se com secret\u00e1rio de Estado dos EUA - CRI e Diario de Pernambuco<\/title>\n<meta name=\"robots\" content=\"index, follow, max-snippet:-1, max-image-preview:large, max-video-preview:-1\" \/>\n<link rel=\"canonical\" href=\"https:\/\/diariodepe.com.br\/cri\/2024\/08\/20\/wang-yi-reune-se-com-secretario-de-estado-dos-eua\/\" \/>\n<meta property=\"og:locale\" content=\"pt_BR\" \/>\n<meta property=\"og:type\" content=\"article\" \/>\n<meta property=\"og:title\" content=\"Wang Yi re\u00fane-se com secret\u00e1rio de Estado dos EUA - CRI e Diario de Pernambuco\" \/>\n<meta property=\"og:description\" content=\"O chanceler chin\u00eas, Wang Yi, reuniu-se neste s\u00e1bado durante a 57\u00aa\u00a0Reuni\u00e3o dos Ministros das Rela\u00e7\u00f5es Exteriores da ASEAN, com o secret\u00e1rio de Estado dos EUA, Antony Blinken. Wang Yi disse que nos \u00faltimos tr\u00eas meses\u00a0as equipes diplom\u00e1ticas, financeiras, de aplica\u00e7\u00e3o...\" \/>\n<meta property=\"og:url\" content=\"https:\/\/diariodepe.com.br\/cri\/2024\/08\/20\/wang-yi-reune-se-com-secretario-de-estado-dos-eua\/\" \/>\n<meta property=\"og:site_name\" content=\"CRI e Diario de Pernambuco\" \/>\n<meta property=\"article:published_time\" content=\"2024-08-20T08:57:45+00:00\" \/>\n<meta name=\"author\" content=\"Ismael Lucas S. Pereira\" \/>\n<meta name=\"twitter:card\" content=\"summary_large_image\" \/>\n<meta name=\"twitter:label1\" content=\"Escrito por\" \/>\n\t<meta name=\"twitter:data1\" content=\"Ismael Lucas S. Pereira\" \/>\n\t<meta name=\"twitter:label2\" content=\"Est. tempo de leitura\" \/>\n\t<meta name=\"twitter:data2\" content=\"2 minutos\" \/>\n<script type=\"application\/ld+json\" class=\"yoast-schema-graph\">{\"@context\":\"https:\\\/\\\/schema.org\",\"@graph\":[{\"@type\":\"Article\",\"@id\":\"https:\\\/\\\/diariodepe.com.br\\\/cri\\\/2024\\\/08\\\/20\\\/wang-yi-reune-se-com-secretario-de-estado-dos-eua\\\/#article\",\"isPartOf\":{\"@id\":\"https:\\\/\\\/diariodepe.com.br\\\/cri\\\/2024\\\/08\\\/20\\\/wang-yi-reune-se-com-secretario-de-estado-dos-eua\\\/\"},\"author\":{\"name\":\"Ismael Lucas S. Pereira\",\"@id\":\"https:\\\/\\\/diariodepe.com.br\\\/cri\\\/#\\\/schema\\\/person\\\/121bb28d84f1a5b1205ef4ce9c2e0c6b\"},\"headline\":\"Wang Yi re\u00fane-se com secret\u00e1rio de Estado dos EUA\",\"datePublished\":\"2024-08-20T08:57:45+00:00\",\"mainEntityOfPage\":{\"@id\":\"https:\\\/\\\/diariodepe.com.br\\\/cri\\\/2024\\\/08\\\/20\\\/wang-yi-reune-se-com-secretario-de-estado-dos-eua\\\/\"},\"wordCount\":414,\"commentCount\":0,\"publisher\":{\"@id\":\"https:\\\/\\\/diariodepe.com.br\\\/cri\\\/#organization\"},\"articleSection\":[\"China\"],\"inLanguage\":\"pt-BR\",\"potentialAction\":[{\"@type\":\"CommentAction\",\"name\":\"Comment\",\"target\":[\"https:\\\/\\\/diariodepe.com.br\\\/cri\\\/2024\\\/08\\\/20\\\/wang-yi-reune-se-com-secretario-de-estado-dos-eua\\\/#respond\"]}]},{\"@type\":\"WebPage\",\"@id\":\"https:\\\/\\\/diariodepe.com.br\\\/cri\\\/2024\\\/08\\\/20\\\/wang-yi-reune-se-com-secretario-de-estado-dos-eua\\\/\",\"url\":\"https:\\\/\\\/diariodepe.com.br\\\/cri\\\/2024\\\/08\\\/20\\\/wang-yi-reune-se-com-secretario-de-estado-dos-eua\\\/\",\"name\":\"Wang Yi re\u00fane-se com secret\u00e1rio de Estado dos EUA - CRI e Diario de Pernambuco\",\"isPartOf\":{\"@id\":\"https:\\\/\\\/diariodepe.com.br\\\/cri\\\/#website\"},\"datePublished\":\"2024-08-20T08:57:45+00:00\",\"breadcrumb\":{\"@id\":\"https:\\\/\\\/diariodepe.com.br\\\/cri\\\/2024\\\/08\\\/20\\\/wang-yi-reune-se-com-secretario-de-estado-dos-eua\\\/#breadcrumb\"},\"inLanguage\":\"pt-BR\",\"potentialAction\":[{\"@type\":\"ReadAction\",\"target\":[\"https:\\\/\\\/diariodepe.com.br\\\/cri\\\/2024\\\/08\\\/20\\\/wang-yi-reune-se-com-secretario-de-estado-dos-eua\\\/\"]}]},{\"@type\":\"BreadcrumbList\",\"@id\":\"https:\\\/\\\/diariodepe.com.br\\\/cri\\\/2024\\\/08\\\/20\\\/wang-yi-reune-se-com-secretario-de-estado-dos-eua\\\/#breadcrumb\",\"itemListElement\":[{\"@type\":\"ListItem\",\"position\":1,\"name\":\"In\u00edcio\",\"item\":\"https:\\\/\\\/diariodepe.com.br\\\/cri\\\/\"},{\"@type\":\"ListItem\",\"position\":2,\"name\":\"Wang Yi re\u00fane-se com secret\u00e1rio de Estado dos EUA\"}]},{\"@type\":\"WebSite\",\"@id\":\"https:\\\/\\\/diariodepe.com.br\\\/cri\\\/#website\",\"url\":\"https:\\\/\\\/diariodepe.com.br\\\/cri\\\/\",\"name\":\"CRI e Diario de Pernambuco\",\"description\":\"R\u00e1dio Internacional da China\",\"publisher\":{\"@id\":\"https:\\\/\\\/diariodepe.com.br\\\/cri\\\/#organization\"},\"potentialAction\":[{\"@type\":\"SearchAction\",\"target\":{\"@type\":\"EntryPoint\",\"urlTemplate\":\"https:\\\/\\\/diariodepe.com.br\\\/cri\\\/?s={search_term_string}\"},\"query-input\":{\"@type\":\"PropertyValueSpecification\",\"valueRequired\":true,\"valueName\":\"search_term_string\"}}],\"inLanguage\":\"pt-BR\"},{\"@type\":\"Organization\",\"@id\":\"https:\\\/\\\/diariodepe.com.br\\\/cri\\\/#organization\",\"name\":\"CRI e Diario de Pernambuco\",\"url\":\"https:\\\/\\\/diariodepe.com.br\\\/cri\\\/\",\"logo\":{\"@type\":\"ImageObject\",\"inLanguage\":\"pt-BR\",\"@id\":\"https:\\\/\\\/diariodepe.com.br\\\/cri\\\/#\\\/schema\\\/logo\\\/image\\\/\",\"url\":\"https:\\\/\\\/diariodepe.com.br\\\/cri\\\/wp-content\\\/uploads\\\/sites\\\/2\\\/2022\\\/12\\\/cropped-Logo.jpg\",\"contentUrl\":\"https:\\\/\\\/diariodepe.com.br\\\/cri\\\/wp-content\\\/uploads\\\/sites\\\/2\\\/2022\\\/12\\\/cropped-Logo.jpg\",\"width\":700,\"height\":59,\"caption\":\"CRI e Diario de Pernambuco\"},\"image\":{\"@id\":\"https:\\\/\\\/diariodepe.com.br\\\/cri\\\/#\\\/schema\\\/logo\\\/image\\\/\"}},{\"@type\":\"Person\",\"@id\":\"https:\\\/\\\/diariodepe.com.br\\\/cri\\\/#\\\/schema\\\/person\\\/121bb28d84f1a5b1205ef4ce9c2e0c6b\",\"name\":\"Ismael Lucas S. Pereira\",\"image\":{\"@type\":\"ImageObject\",\"inLanguage\":\"pt-BR\",\"@id\":\"https:\\\/\\\/secure.gravatar.com\\\/avatar\\\/887a0f3b5a7ceea963a48499fb883ffce6b5037362def025c52c2505b15d63e4?s=96&d=mm&r=g\",\"url\":\"https:\\\/\\\/secure.gravatar.com\\\/avatar\\\/887a0f3b5a7ceea963a48499fb883ffce6b5037362def025c52c2505b15d63e4?s=96&d=mm&r=g\",\"contentUrl\":\"https:\\\/\\\/secure.gravatar.com\\\/avatar\\\/887a0f3b5a7ceea963a48499fb883ffce6b5037362def025c52c2505b15d63e4?s=96&d=mm&r=g\",\"caption\":\"Ismael Lucas S. Pereira\"},\"url\":\"https:\\\/\\\/diariodepe.com.br\\\/cri\\\/author\\\/ismael-lucas\\\/\"}]}<\/script>\n<!-- \/ Yoast SEO plugin. -->","yoast_head_json":{"title":"Wang Yi re\u00fane-se com secret\u00e1rio de Estado dos EUA - CRI e Diario de Pernambuco","robots":{"index":"index","follow":"follow","max-snippet":"max-snippet:-1","max-image-preview":"max-image-preview:large","max-video-preview":"max-video-preview:-1"},"canonical":"https:\/\/diariodepe.com.br\/cri\/2024\/08\/20\/wang-yi-reune-se-com-secretario-de-estado-dos-eua\/","og_locale":"pt_BR","og_type":"article","og_title":"Wang Yi re\u00fane-se com secret\u00e1rio de Estado dos EUA - CRI e Diario de Pernambuco","og_description":"O chanceler chin\u00eas, Wang Yi, reuniu-se neste s\u00e1bado durante a 57\u00aa\u00a0Reuni\u00e3o dos Ministros das Rela\u00e7\u00f5es Exteriores da ASEAN, com o secret\u00e1rio de Estado dos EUA, Antony Blinken. Wang Yi disse que nos \u00faltimos tr\u00eas meses\u00a0as equipes diplom\u00e1ticas, financeiras, de aplica\u00e7\u00e3o...","og_url":"https:\/\/diariodepe.com.br\/cri\/2024\/08\/20\/wang-yi-reune-se-com-secretario-de-estado-dos-eua\/","og_site_name":"CRI e Diario de Pernambuco","article_published_time":"2024-08-20T08:57:45+00:00","author":"Ismael Lucas S. Pereira","twitter_card":"summary_large_image","twitter_misc":{"Escrito por":"Ismael Lucas S. Pereira","Est. tempo de leitura":"2 minutos"},"schema":{"@context":"https:\/\/schema.org","@graph":[{"@type":"Article","@id":"https:\/\/diariodepe.com.br\/cri\/2024\/08\/20\/wang-yi-reune-se-com-secretario-de-estado-dos-eua\/#article","isPartOf":{"@id":"https:\/\/diariodepe.com.br\/cri\/2024\/08\/20\/wang-yi-reune-se-com-secretario-de-estado-dos-eua\/"},"author":{"name":"Ismael Lucas S. Pereira","@id":"https:\/\/diariodepe.com.br\/cri\/#\/schema\/person\/121bb28d84f1a5b1205ef4ce9c2e0c6b"},"headline":"Wang Yi re\u00fane-se com secret\u00e1rio de Estado dos EUA","datePublished":"2024-08-20T08:57:45+00:00","mainEntityOfPage":{"@id":"https:\/\/diariodepe.com.br\/cri\/2024\/08\/20\/wang-yi-reune-se-com-secretario-de-estado-dos-eua\/"},"wordCount":414,"commentCount":0,"publisher":{"@id":"https:\/\/diariodepe.com.br\/cri\/#organization"},"articleSection":["China"],"inLanguage":"pt-BR","potentialAction":[{"@type":"CommentAction","name":"Comment","target":["https:\/\/diariodepe.com.br\/cri\/2024\/08\/20\/wang-yi-reune-se-com-secretario-de-estado-dos-eua\/#respond"]}]},{"@type":"WebPage","@id":"https:\/\/diariodepe.com.br\/cri\/2024\/08\/20\/wang-yi-reune-se-com-secretario-de-estado-dos-eua\/","url":"https:\/\/diariodepe.com.br\/cri\/2024\/08\/20\/wang-yi-reune-se-com-secretario-de-estado-dos-eua\/","name":"Wang Yi re\u00fane-se com secret\u00e1rio de Estado dos EUA - CRI e Diario de Pernambuco","isPartOf":{"@id":"https:\/\/diariodepe.com.br\/cri\/#website"},"datePublished":"2024-08-20T08:57:45+00:00","breadcrumb":{"@id":"https:\/\/diariodepe.com.br\/cri\/2024\/08\/20\/wang-yi-reune-se-com-secretario-de-estado-dos-eua\/#breadcrumb"},"inLanguage":"pt-BR","potentialAction":[{"@type":"ReadAction","target":["https:\/\/diariodepe.com.br\/cri\/2024\/08\/20\/wang-yi-reune-se-com-secretario-de-estado-dos-eua\/"]}]},{"@type":"BreadcrumbList","@id":"https:\/\/diariodepe.com.br\/cri\/2024\/08\/20\/wang-yi-reune-se-com-secretario-de-estado-dos-eua\/#breadcrumb","itemListElement":[{"@type":"ListItem","position":1,"name":"In\u00edcio","item":"https:\/\/diariodepe.com.br\/cri\/"},{"@type":"ListItem","position":2,"name":"Wang Yi re\u00fane-se com secret\u00e1rio de Estado dos EUA"}]},{"@type":"WebSite","@id":"https:\/\/diariodepe.com.br\/cri\/#website","url":"https:\/\/diariodepe.com.br\/cri\/","name":"CRI e Diario de Pernambuco","description":"R\u00e1dio Internacional da China","publisher":{"@id":"https:\/\/diariodepe.com.br\/cri\/#organization"},"potentialAction":[{"@type":"SearchAction","target":{"@type":"EntryPoint","urlTemplate":"https:\/\/diariodepe.com.br\/cri\/?s={search_term_string}"},"query-input":{"@type":"PropertyValueSpecification","valueRequired":true,"valueName":"search_term_string"}}],"inLanguage":"pt-BR"},{"@type":"Organization","@id":"https:\/\/diariodepe.com.br\/cri\/#organization","name":"CRI e Diario de Pernambuco","url":"https:\/\/diariodepe.com.br\/cri\/","logo":{"@type":"ImageObject","inLanguage":"pt-BR","@id":"https:\/\/diariodepe.com.br\/cri\/#\/schema\/logo\/image\/","url":"https:\/\/diariodepe.com.br\/cri\/wp-content\/uploads\/sites\/2\/2022\/12\/cropped-Logo.jpg","contentUrl":"https:\/\/diariodepe.com.br\/cri\/wp-content\/uploads\/sites\/2\/2022\/12\/cropped-Logo.jpg","width":700,"height":59,"caption":"CRI e Diario de Pernambuco"},"image":{"@id":"https:\/\/diariodepe.com.br\/cri\/#\/schema\/logo\/image\/"}},{"@type":"Person","@id":"https:\/\/diariodepe.com.br\/cri\/#\/schema\/person\/121bb28d84f1a5b1205ef4ce9c2e0c6b","name":"Ismael Lucas S. Pereira","image":{"@type":"ImageObject","inLanguage":"pt-BR","@id":"https:\/\/secure.gravatar.com\/avatar\/887a0f3b5a7ceea963a48499fb883ffce6b5037362def025c52c2505b15d63e4?s=96&d=mm&r=g","url":"https:\/\/secure.gravatar.com\/avatar\/887a0f3b5a7ceea963a48499fb883ffce6b5037362def025c52c2505b15d63e4?s=96&d=mm&r=g","contentUrl":"https:\/\/secure.gravatar.com\/avatar\/887a0f3b5a7ceea963a48499fb883ffce6b5037362def025c52c2505b15d63e4?s=96&d=mm&r=g","caption":"Ismael Lucas S. Pereira"},"url":"https:\/\/diariodepe.com.br\/cri\/author\/ismael-lucas\/"}]}},"cc_featured_image_caption":{"caption_text":false,"source_text":false,"source_url":false},"amp_enabled":true,"_links":{"self":[{"href":"https:\/\/diariodepe.com.br\/cri\/wp-json\/wp\/v2\/posts\/5961","targetHints":{"allow":["GET"]}}],"collection":[{"href":"https:\/\/diariodepe.com.br\/cri\/wp-json\/wp\/v2\/posts"}],"about":[{"href":"https:\/\/diariodepe.com.br\/cri\/wp-json\/wp\/v2\/types\/post"}],"author":[{"embeddable":true,"href":"https:\/\/diariodepe.com.br\/cri\/wp-json\/wp\/v2\/users\/2"}],"replies":[{"embeddable":true,"href":"https:\/\/diariodepe.com.br\/cri\/wp-json\/wp\/v2\/comments?post=5961"}],"version-history":[{"count":1,"href":"https:\/\/diariodepe.com.br\/cri\/wp-json\/wp\/v2\/posts\/5961\/revisions"}],"predecessor-version":[{"id":5962,"href":"https:\/\/diariodepe.com.br\/cri\/wp-json\/wp\/v2\/posts\/5961\/revisions\/5962"}],"wp:attachment":[{"href":"https:\/\/diariodepe.com.br\/cri\/wp-json\/wp\/v2\/media?parent=5961"}],"wp:term":[{"taxonomy":"category","embeddable":true,"href":"https:\/\/diariodepe.com.br\/cri\/wp-json\/wp\/v2\/categories?post=5961"},{"taxonomy":"post_tag","embeddable":true,"href":"https:\/\/diariodepe.com.br\/cri\/wp-json\/wp\/v2\/tags?post=5961"}],"curies":[{"name":"wp","href":"https:\/\/api.w.org\/{rel}","templated":true}]}}