{"id":5959,"date":"2024-08-20T05:57:02","date_gmt":"2024-08-20T08:57:02","guid":{"rendered":"https:\/\/diariodepe.com.br\/cri\/?p=5959"},"modified":"2024-08-20T05:57:02","modified_gmt":"2024-08-20T08:57:02","slug":"entrevista-exclusiva-com-o-primeiro-ministro-de-vanuatu","status":"publish","type":"post","link":"https:\/\/diariodepe.com.br\/cri\/2024\/08\/20\/entrevista-exclusiva-com-o-primeiro-ministro-de-vanuatu\/","title":{"rendered":"Entrevista exclusiva com o primeiro-ministro de Vanuatu"},"content":{"rendered":"<p data-spm-anchor-id=\"0.0.0.i2\">No sudoeste do Pac\u00edfico, existe um pa\u00eds que, apesar de estar distante geograficamente, tem uma amizade profunda com a China.\u00a0\u00c9 \u00a0Vanuatu. O nosso convidado de hoje \u00e9 o primeiro-ministro do pa\u00eds, Charlot Salwai.<\/p>\n<p>Rep\u00f3rter: Em 2020, Vanuatu foi retirado da lista dos pa\u00edses menos desenvolvidos do mundo. Para o Sr. primeiro-ministro, quais s\u00e3o as suas prioridades na promo\u00e7\u00e3o do crescimento econ\u00f4mico do pa\u00eds?<\/p>\n<p>Charlot Salwai: Transformar Vanuatu de um pa\u00eds menos desenvolvido para um pa\u00eds em desenvolvimento \u00e9 um grande desafio para n\u00f3s. No in\u00edcio, n\u00e3o chegamos a um consenso, porque temos ainda alguns problemas a ser resolvidos. O\u00a0primeiro\u00a0\u00e9 a \u00e1rea social, incluindo os n\u00edveis educacional e m\u00e9dico. Precisamos\u00a0garantir que a nossa popula\u00e7\u00e3o tenha acesso \u00e0 educa\u00e7\u00e3o e ao cuidado m\u00e9dico de qualidade, e n\u00e3o apenas\u00a0a\u00a0padr\u00f5es m\u00ednimos. O mesmo ocorreu tamb\u00e9m nos servi\u00e7os p\u00fablicos e infra-estruturas, como estradas, electricidade, comunica\u00e7\u00f5es e \u00e1gua. Agradecemos muito a China. A China n\u00e3o s\u00f3 nos ajudou a construir docas e estradas, mas tamb\u00e9m nos apoiou quando havia desastres e prestou assist\u00eancia m\u00e9dica \u00e0s nossas escolas e comunidades locais. Vanuatu e a China s\u00e3o parceiros de coopera\u00e7\u00e3o e de desenvolvimento, e retribuiremos quando a China precisar.<\/p>\n<p>&nbsp;<\/p>\n<p>Rep\u00f3rter: O presidente Xi Jinping disse que as rela\u00e7\u00f5es China-Vanuatu se tornaram um modelo de respeito m\u00fatuo, unidade e coopera\u00e7\u00e3o entre os pa\u00edses em desenvolvimento. Para o Sr. primeiro-ministro, como refor\u00e7ar ainda mais as rela\u00e7\u00f5es entre a China e Vanuatu?<\/p>\n<p>Charlot Salwai: Hoje, as rela\u00e7\u00f5es Vanuatu-China atingiram um n\u00edvel mais elevado. Estamos muito felizes com isso e agradecemos \u00e0 China por considerar Vanuatu como amigo e irm\u00e3o. Ao mesmo tempo, respeitamos a independ\u00eancia um do outro, e n\u00e3o interferimos nos assuntos internos da outra parte. A China \u00e9 um grande pa\u00eds, que\u00a0pode tratar Vanuatu, um pequeno pa\u00eds insular em desenvolvimento, como um amigo ou mesmo um irm\u00e3o. A China apoia a independ\u00eancia de Vanuatu nas Na\u00e7\u00f5es Unidas, e estamos muito gratos por isso! Por ter sido colonizado pelo Reino Unido e pela Fran\u00e7a, somos membro tanto da Organiza\u00e7\u00e3o Internacional da Francofonia como da Comunidade das Na\u00e7\u00f5es. O nosso ent\u00e3o primeiro-ministro e ministro das Rela\u00e7\u00f5es Exteriores, Barak Sop\u00e9, viajou por todo o mundo em busca de ajuda para construir o nosso parlamento. Mas os pa\u00edses com os quais temos la\u00e7os culturais n\u00e3o nos apoiaram. Foi a China que nos ajudou a construir o atual edif\u00edcio do parlamento. Esta \u00e9 a nossa primeira coopera\u00e7\u00e3o com a China e \u00e9 tamb\u00e9m uma grande coopera\u00e7\u00e3o.<\/p>\n<p>&nbsp;<\/p>\n<p>Rep\u00f3rter: Alguns pa\u00edses expressaram \u201cpreocupa\u00e7\u00f5es\u201d sobre as estreitas rela\u00e7\u00f5es entre a China e os pa\u00edses insulares do Pac\u00edfico. Como o Sr. responderia a essas chamadas \u201cpreocupa\u00e7\u00f5es\u201d e \u201cd\u00favidas\u201d?<\/p>\n<p>Charlot Salwai: Penso que h\u00e1 muitos desafios que os pa\u00edses insulares do Pac\u00edfico enfrentam, um dos quais s\u00e3o as altera\u00e7\u00f5es clim\u00e1ticas. Todos sabem sobre o impacto que o aumento do n\u00edvel do mar e o aquecimento global provocam para as na\u00e7\u00f5es insulares do Pac\u00edfico. Somos v\u00edtimas e todos os pa\u00edses da regi\u00e3o est\u00e3o preocupados todos os dias por como proteger o oceano azul, como garantir o abastecimento alimentar e como conservar\u00a0os recursos econ\u00f4micos nacionais. Trabalhando com a China, podemos resolver esses problemas. Queremos trabalhar com pa\u00edses que querem nos ouvir. A China est\u00e1 nos ouvindo, por isso venho aqui para me comunicar com a China.<\/p>\n","protected":false},"excerpt":{"rendered":"<p>No sudoeste do Pac\u00edfico, existe um pa\u00eds que, apesar de estar distante geograficamente, tem uma amizade profunda com a China.\u00a0\u00c9 \u00a0Vanuatu. O nosso convidado de hoje \u00e9 o primeiro-ministro do pa\u00eds, Charlot Salwai. Rep\u00f3rter: Em 2020, Vanuatu foi retirado da&#8230;<\/p>\n","protected":false},"author":2,"featured_media":0,"comment_status":"open","ping_status":"open","sticky":false,"template":"","format":"standard","meta":{"footnotes":""},"categories":[3],"tags":[],"class_list":["post-5959","post","type-post","status-publish","format-standard","hentry","category-china"],"yoast_head":"<!-- This site is optimized with the Yoast SEO plugin v27.4 - https:\/\/yoast.com\/product\/yoast-seo-wordpress\/ -->\n<title>Entrevista exclusiva com o primeiro-ministro de Vanuatu - CRI e Diario de Pernambuco<\/title>\n<meta name=\"robots\" content=\"index, follow, max-snippet:-1, max-image-preview:large, max-video-preview:-1\" \/>\n<link rel=\"canonical\" href=\"https:\/\/diariodepe.com.br\/cri\/2024\/08\/20\/entrevista-exclusiva-com-o-primeiro-ministro-de-vanuatu\/\" \/>\n<meta property=\"og:locale\" content=\"pt_BR\" \/>\n<meta property=\"og:type\" content=\"article\" \/>\n<meta property=\"og:title\" content=\"Entrevista exclusiva com o primeiro-ministro de Vanuatu - CRI e Diario de Pernambuco\" \/>\n<meta property=\"og:description\" content=\"No sudoeste do Pac\u00edfico, existe um pa\u00eds que, apesar de estar distante geograficamente, tem uma amizade profunda com a China.\u00a0\u00c9 \u00a0Vanuatu. O nosso convidado de hoje \u00e9 o primeiro-ministro do pa\u00eds, Charlot Salwai. Rep\u00f3rter: Em 2020, Vanuatu foi retirado da...\" \/>\n<meta property=\"og:url\" content=\"https:\/\/diariodepe.com.br\/cri\/2024\/08\/20\/entrevista-exclusiva-com-o-primeiro-ministro-de-vanuatu\/\" \/>\n<meta property=\"og:site_name\" content=\"CRI e Diario de Pernambuco\" \/>\n<meta property=\"article:published_time\" content=\"2024-08-20T08:57:02+00:00\" \/>\n<meta name=\"author\" content=\"Ismael Lucas S. Pereira\" \/>\n<meta name=\"twitter:card\" content=\"summary_large_image\" \/>\n<meta name=\"twitter:label1\" content=\"Escrito por\" \/>\n\t<meta name=\"twitter:data1\" content=\"Ismael Lucas S. Pereira\" \/>\n\t<meta name=\"twitter:label2\" content=\"Est. tempo de leitura\" \/>\n\t<meta name=\"twitter:data2\" content=\"3 minutos\" \/>\n<script type=\"application\/ld+json\" class=\"yoast-schema-graph\">{\"@context\":\"https:\\\/\\\/schema.org\",\"@graph\":[{\"@type\":\"Article\",\"@id\":\"https:\\\/\\\/diariodepe.com.br\\\/cri\\\/2024\\\/08\\\/20\\\/entrevista-exclusiva-com-o-primeiro-ministro-de-vanuatu\\\/#article\",\"isPartOf\":{\"@id\":\"https:\\\/\\\/diariodepe.com.br\\\/cri\\\/2024\\\/08\\\/20\\\/entrevista-exclusiva-com-o-primeiro-ministro-de-vanuatu\\\/\"},\"author\":{\"name\":\"Ismael Lucas S. Pereira\",\"@id\":\"https:\\\/\\\/diariodepe.com.br\\\/cri\\\/#\\\/schema\\\/person\\\/121bb28d84f1a5b1205ef4ce9c2e0c6b\"},\"headline\":\"Entrevista exclusiva com o primeiro-ministro de Vanuatu\",\"datePublished\":\"2024-08-20T08:57:02+00:00\",\"mainEntityOfPage\":{\"@id\":\"https:\\\/\\\/diariodepe.com.br\\\/cri\\\/2024\\\/08\\\/20\\\/entrevista-exclusiva-com-o-primeiro-ministro-de-vanuatu\\\/\"},\"wordCount\":625,\"commentCount\":0,\"publisher\":{\"@id\":\"https:\\\/\\\/diariodepe.com.br\\\/cri\\\/#organization\"},\"articleSection\":[\"China\"],\"inLanguage\":\"pt-BR\",\"potentialAction\":[{\"@type\":\"CommentAction\",\"name\":\"Comment\",\"target\":[\"https:\\\/\\\/diariodepe.com.br\\\/cri\\\/2024\\\/08\\\/20\\\/entrevista-exclusiva-com-o-primeiro-ministro-de-vanuatu\\\/#respond\"]}]},{\"@type\":\"WebPage\",\"@id\":\"https:\\\/\\\/diariodepe.com.br\\\/cri\\\/2024\\\/08\\\/20\\\/entrevista-exclusiva-com-o-primeiro-ministro-de-vanuatu\\\/\",\"url\":\"https:\\\/\\\/diariodepe.com.br\\\/cri\\\/2024\\\/08\\\/20\\\/entrevista-exclusiva-com-o-primeiro-ministro-de-vanuatu\\\/\",\"name\":\"Entrevista exclusiva com o primeiro-ministro de Vanuatu - CRI e Diario de Pernambuco\",\"isPartOf\":{\"@id\":\"https:\\\/\\\/diariodepe.com.br\\\/cri\\\/#website\"},\"datePublished\":\"2024-08-20T08:57:02+00:00\",\"breadcrumb\":{\"@id\":\"https:\\\/\\\/diariodepe.com.br\\\/cri\\\/2024\\\/08\\\/20\\\/entrevista-exclusiva-com-o-primeiro-ministro-de-vanuatu\\\/#breadcrumb\"},\"inLanguage\":\"pt-BR\",\"potentialAction\":[{\"@type\":\"ReadAction\",\"target\":[\"https:\\\/\\\/diariodepe.com.br\\\/cri\\\/2024\\\/08\\\/20\\\/entrevista-exclusiva-com-o-primeiro-ministro-de-vanuatu\\\/\"]}]},{\"@type\":\"BreadcrumbList\",\"@id\":\"https:\\\/\\\/diariodepe.com.br\\\/cri\\\/2024\\\/08\\\/20\\\/entrevista-exclusiva-com-o-primeiro-ministro-de-vanuatu\\\/#breadcrumb\",\"itemListElement\":[{\"@type\":\"ListItem\",\"position\":1,\"name\":\"In\u00edcio\",\"item\":\"https:\\\/\\\/diariodepe.com.br\\\/cri\\\/\"},{\"@type\":\"ListItem\",\"position\":2,\"name\":\"Entrevista exclusiva com o primeiro-ministro de Vanuatu\"}]},{\"@type\":\"WebSite\",\"@id\":\"https:\\\/\\\/diariodepe.com.br\\\/cri\\\/#website\",\"url\":\"https:\\\/\\\/diariodepe.com.br\\\/cri\\\/\",\"name\":\"CRI e Diario de Pernambuco\",\"description\":\"R\u00e1dio Internacional da China\",\"publisher\":{\"@id\":\"https:\\\/\\\/diariodepe.com.br\\\/cri\\\/#organization\"},\"potentialAction\":[{\"@type\":\"SearchAction\",\"target\":{\"@type\":\"EntryPoint\",\"urlTemplate\":\"https:\\\/\\\/diariodepe.com.br\\\/cri\\\/?s={search_term_string}\"},\"query-input\":{\"@type\":\"PropertyValueSpecification\",\"valueRequired\":true,\"valueName\":\"search_term_string\"}}],\"inLanguage\":\"pt-BR\"},{\"@type\":\"Organization\",\"@id\":\"https:\\\/\\\/diariodepe.com.br\\\/cri\\\/#organization\",\"name\":\"CRI e Diario de Pernambuco\",\"url\":\"https:\\\/\\\/diariodepe.com.br\\\/cri\\\/\",\"logo\":{\"@type\":\"ImageObject\",\"inLanguage\":\"pt-BR\",\"@id\":\"https:\\\/\\\/diariodepe.com.br\\\/cri\\\/#\\\/schema\\\/logo\\\/image\\\/\",\"url\":\"https:\\\/\\\/diariodepe.com.br\\\/cri\\\/wp-content\\\/uploads\\\/sites\\\/2\\\/2022\\\/12\\\/cropped-Logo.jpg\",\"contentUrl\":\"https:\\\/\\\/diariodepe.com.br\\\/cri\\\/wp-content\\\/uploads\\\/sites\\\/2\\\/2022\\\/12\\\/cropped-Logo.jpg\",\"width\":700,\"height\":59,\"caption\":\"CRI e Diario de Pernambuco\"},\"image\":{\"@id\":\"https:\\\/\\\/diariodepe.com.br\\\/cri\\\/#\\\/schema\\\/logo\\\/image\\\/\"}},{\"@type\":\"Person\",\"@id\":\"https:\\\/\\\/diariodepe.com.br\\\/cri\\\/#\\\/schema\\\/person\\\/121bb28d84f1a5b1205ef4ce9c2e0c6b\",\"name\":\"Ismael Lucas S. Pereira\",\"image\":{\"@type\":\"ImageObject\",\"inLanguage\":\"pt-BR\",\"@id\":\"https:\\\/\\\/secure.gravatar.com\\\/avatar\\\/887a0f3b5a7ceea963a48499fb883ffce6b5037362def025c52c2505b15d63e4?s=96&d=mm&r=g\",\"url\":\"https:\\\/\\\/secure.gravatar.com\\\/avatar\\\/887a0f3b5a7ceea963a48499fb883ffce6b5037362def025c52c2505b15d63e4?s=96&d=mm&r=g\",\"contentUrl\":\"https:\\\/\\\/secure.gravatar.com\\\/avatar\\\/887a0f3b5a7ceea963a48499fb883ffce6b5037362def025c52c2505b15d63e4?s=96&d=mm&r=g\",\"caption\":\"Ismael Lucas S. Pereira\"},\"url\":\"https:\\\/\\\/diariodepe.com.br\\\/cri\\\/author\\\/ismael-lucas\\\/\"}]}<\/script>\n<!-- \/ Yoast SEO plugin. -->","yoast_head_json":{"title":"Entrevista exclusiva com o primeiro-ministro de Vanuatu - CRI e Diario de Pernambuco","robots":{"index":"index","follow":"follow","max-snippet":"max-snippet:-1","max-image-preview":"max-image-preview:large","max-video-preview":"max-video-preview:-1"},"canonical":"https:\/\/diariodepe.com.br\/cri\/2024\/08\/20\/entrevista-exclusiva-com-o-primeiro-ministro-de-vanuatu\/","og_locale":"pt_BR","og_type":"article","og_title":"Entrevista exclusiva com o primeiro-ministro de Vanuatu - CRI e Diario de Pernambuco","og_description":"No sudoeste do Pac\u00edfico, existe um pa\u00eds que, apesar de estar distante geograficamente, tem uma amizade profunda com a China.\u00a0\u00c9 \u00a0Vanuatu. O nosso convidado de hoje \u00e9 o primeiro-ministro do pa\u00eds, Charlot Salwai. Rep\u00f3rter: Em 2020, Vanuatu foi retirado da...","og_url":"https:\/\/diariodepe.com.br\/cri\/2024\/08\/20\/entrevista-exclusiva-com-o-primeiro-ministro-de-vanuatu\/","og_site_name":"CRI e Diario de Pernambuco","article_published_time":"2024-08-20T08:57:02+00:00","author":"Ismael Lucas S. Pereira","twitter_card":"summary_large_image","twitter_misc":{"Escrito por":"Ismael Lucas S. Pereira","Est. tempo de leitura":"3 minutos"},"schema":{"@context":"https:\/\/schema.org","@graph":[{"@type":"Article","@id":"https:\/\/diariodepe.com.br\/cri\/2024\/08\/20\/entrevista-exclusiva-com-o-primeiro-ministro-de-vanuatu\/#article","isPartOf":{"@id":"https:\/\/diariodepe.com.br\/cri\/2024\/08\/20\/entrevista-exclusiva-com-o-primeiro-ministro-de-vanuatu\/"},"author":{"name":"Ismael Lucas S. Pereira","@id":"https:\/\/diariodepe.com.br\/cri\/#\/schema\/person\/121bb28d84f1a5b1205ef4ce9c2e0c6b"},"headline":"Entrevista exclusiva com o primeiro-ministro de Vanuatu","datePublished":"2024-08-20T08:57:02+00:00","mainEntityOfPage":{"@id":"https:\/\/diariodepe.com.br\/cri\/2024\/08\/20\/entrevista-exclusiva-com-o-primeiro-ministro-de-vanuatu\/"},"wordCount":625,"commentCount":0,"publisher":{"@id":"https:\/\/diariodepe.com.br\/cri\/#organization"},"articleSection":["China"],"inLanguage":"pt-BR","potentialAction":[{"@type":"CommentAction","name":"Comment","target":["https:\/\/diariodepe.com.br\/cri\/2024\/08\/20\/entrevista-exclusiva-com-o-primeiro-ministro-de-vanuatu\/#respond"]}]},{"@type":"WebPage","@id":"https:\/\/diariodepe.com.br\/cri\/2024\/08\/20\/entrevista-exclusiva-com-o-primeiro-ministro-de-vanuatu\/","url":"https:\/\/diariodepe.com.br\/cri\/2024\/08\/20\/entrevista-exclusiva-com-o-primeiro-ministro-de-vanuatu\/","name":"Entrevista exclusiva com o primeiro-ministro de Vanuatu - CRI e Diario de Pernambuco","isPartOf":{"@id":"https:\/\/diariodepe.com.br\/cri\/#website"},"datePublished":"2024-08-20T08:57:02+00:00","breadcrumb":{"@id":"https:\/\/diariodepe.com.br\/cri\/2024\/08\/20\/entrevista-exclusiva-com-o-primeiro-ministro-de-vanuatu\/#breadcrumb"},"inLanguage":"pt-BR","potentialAction":[{"@type":"ReadAction","target":["https:\/\/diariodepe.com.br\/cri\/2024\/08\/20\/entrevista-exclusiva-com-o-primeiro-ministro-de-vanuatu\/"]}]},{"@type":"BreadcrumbList","@id":"https:\/\/diariodepe.com.br\/cri\/2024\/08\/20\/entrevista-exclusiva-com-o-primeiro-ministro-de-vanuatu\/#breadcrumb","itemListElement":[{"@type":"ListItem","position":1,"name":"In\u00edcio","item":"https:\/\/diariodepe.com.br\/cri\/"},{"@type":"ListItem","position":2,"name":"Entrevista exclusiva com o primeiro-ministro de Vanuatu"}]},{"@type":"WebSite","@id":"https:\/\/diariodepe.com.br\/cri\/#website","url":"https:\/\/diariodepe.com.br\/cri\/","name":"CRI e Diario de Pernambuco","description":"R\u00e1dio Internacional da China","publisher":{"@id":"https:\/\/diariodepe.com.br\/cri\/#organization"},"potentialAction":[{"@type":"SearchAction","target":{"@type":"EntryPoint","urlTemplate":"https:\/\/diariodepe.com.br\/cri\/?s={search_term_string}"},"query-input":{"@type":"PropertyValueSpecification","valueRequired":true,"valueName":"search_term_string"}}],"inLanguage":"pt-BR"},{"@type":"Organization","@id":"https:\/\/diariodepe.com.br\/cri\/#organization","name":"CRI e Diario de Pernambuco","url":"https:\/\/diariodepe.com.br\/cri\/","logo":{"@type":"ImageObject","inLanguage":"pt-BR","@id":"https:\/\/diariodepe.com.br\/cri\/#\/schema\/logo\/image\/","url":"https:\/\/diariodepe.com.br\/cri\/wp-content\/uploads\/sites\/2\/2022\/12\/cropped-Logo.jpg","contentUrl":"https:\/\/diariodepe.com.br\/cri\/wp-content\/uploads\/sites\/2\/2022\/12\/cropped-Logo.jpg","width":700,"height":59,"caption":"CRI e Diario de Pernambuco"},"image":{"@id":"https:\/\/diariodepe.com.br\/cri\/#\/schema\/logo\/image\/"}},{"@type":"Person","@id":"https:\/\/diariodepe.com.br\/cri\/#\/schema\/person\/121bb28d84f1a5b1205ef4ce9c2e0c6b","name":"Ismael Lucas S. Pereira","image":{"@type":"ImageObject","inLanguage":"pt-BR","@id":"https:\/\/secure.gravatar.com\/avatar\/887a0f3b5a7ceea963a48499fb883ffce6b5037362def025c52c2505b15d63e4?s=96&d=mm&r=g","url":"https:\/\/secure.gravatar.com\/avatar\/887a0f3b5a7ceea963a48499fb883ffce6b5037362def025c52c2505b15d63e4?s=96&d=mm&r=g","contentUrl":"https:\/\/secure.gravatar.com\/avatar\/887a0f3b5a7ceea963a48499fb883ffce6b5037362def025c52c2505b15d63e4?s=96&d=mm&r=g","caption":"Ismael Lucas S. Pereira"},"url":"https:\/\/diariodepe.com.br\/cri\/author\/ismael-lucas\/"}]}},"cc_featured_image_caption":{"caption_text":false,"source_text":false,"source_url":false},"amp_enabled":true,"_links":{"self":[{"href":"https:\/\/diariodepe.com.br\/cri\/wp-json\/wp\/v2\/posts\/5959","targetHints":{"allow":["GET"]}}],"collection":[{"href":"https:\/\/diariodepe.com.br\/cri\/wp-json\/wp\/v2\/posts"}],"about":[{"href":"https:\/\/diariodepe.com.br\/cri\/wp-json\/wp\/v2\/types\/post"}],"author":[{"embeddable":true,"href":"https:\/\/diariodepe.com.br\/cri\/wp-json\/wp\/v2\/users\/2"}],"replies":[{"embeddable":true,"href":"https:\/\/diariodepe.com.br\/cri\/wp-json\/wp\/v2\/comments?post=5959"}],"version-history":[{"count":1,"href":"https:\/\/diariodepe.com.br\/cri\/wp-json\/wp\/v2\/posts\/5959\/revisions"}],"predecessor-version":[{"id":5960,"href":"https:\/\/diariodepe.com.br\/cri\/wp-json\/wp\/v2\/posts\/5959\/revisions\/5960"}],"wp:attachment":[{"href":"https:\/\/diariodepe.com.br\/cri\/wp-json\/wp\/v2\/media?parent=5959"}],"wp:term":[{"taxonomy":"category","embeddable":true,"href":"https:\/\/diariodepe.com.br\/cri\/wp-json\/wp\/v2\/categories?post=5959"},{"taxonomy":"post_tag","embeddable":true,"href":"https:\/\/diariodepe.com.br\/cri\/wp-json\/wp\/v2\/tags?post=5959"}],"curies":[{"name":"wp","href":"https:\/\/api.w.org\/{rel}","templated":true}]}}