{"id":5945,"date":"2024-08-20T05:48:52","date_gmt":"2024-08-20T08:48:52","guid":{"rendered":"https:\/\/diariodepe.com.br\/cri\/?p=5945"},"modified":"2024-08-20T05:48:52","modified_gmt":"2024-08-20T08:48:52","slug":"xi-jinping-responde-a-funcionarios-da-xiamen-airlines","status":"publish","type":"post","link":"https:\/\/diariodepe.com.br\/cri\/2024\/08\/20\/xi-jinping-responde-a-funcionarios-da-xiamen-airlines\/","title":{"rendered":"Xi Jinping responde a funcion\u00e1rios da Xiamen Airlines"},"content":{"rendered":"<p data-spm-anchor-id=\"0.0.0.i1\">Por ocasi\u00e3o do 40\u00baanivers\u00e1rio da funda\u00e7\u00e3o da\u00a0companhia a\u00e9rea\u00a0Xiamen Airlines, o presidente chin\u00eas,\u00a0Xi Jinping,\u00a0respondeu recentemente por carta a\u00a0uma correspond\u00eancia enviada\u00a0por\u00a0todos os\u00a0seus\u00a0funcion\u00e1rios\u00a0ao l\u00edder chin\u00eas, dando conta dos avan\u00e7os da empresa\u00a0desde sua funda\u00e7\u00e3o.<\/p>\n<p>Na carta, ele disse que,\u00a0quando trabalhava em Xiamen,\u00a0participou\u00a0da funda\u00e7\u00e3o da Xiamen Airlines\u00a0e, desde ent\u00e3o,\u00a0sempre\u00a0acompanhou\u00a0o crescimento da empresa\u00a0ao longo dos 40 anos. Al\u00e9m disso, salientou estar\u00a0muito satisfeito\u00a0ao testemunhar o grande desenvolvimento\u00a0da empresa.<\/p>\n<p>Xi Jinping\u00a0afirmou\u00a0esperar que\u00a0a\u00a0companhia a\u00e9rea\u00a0leve adiante boas tradi\u00e7\u00f5es,\u00a0adira\u00a0\u00e0 Reforma e \u00e0 inova\u00e7\u00e3o e desempenhe um papel positivo no desenvolvimento socioecon\u00f4mico e na promo\u00e7\u00e3o de interc\u00e2mbios e coopera\u00e7\u00e3o atrav\u00e9s do Estreito de Taiwan.<\/p>\n<p>Fundada em julho de 1984, a Xiamen Airlines\u00a0\u00e9\u00a0a primeira\u00a0do pa\u00eds a\u00a0operar sob um\u00a0sistema empresarial moderno.<\/p>\n","protected":false},"excerpt":{"rendered":"<p>Por ocasi\u00e3o do 40\u00baanivers\u00e1rio da funda\u00e7\u00e3o da\u00a0companhia a\u00e9rea\u00a0Xiamen Airlines, o presidente chin\u00eas,\u00a0Xi Jinping,\u00a0respondeu recentemente por carta a\u00a0uma correspond\u00eancia enviada\u00a0por\u00a0todos os\u00a0seus\u00a0funcion\u00e1rios\u00a0ao l\u00edder chin\u00eas, dando conta dos avan\u00e7os da empresa\u00a0desde sua funda\u00e7\u00e3o. Na carta, ele disse que,\u00a0quando trabalhava em Xiamen,\u00a0participou\u00a0da funda\u00e7\u00e3o da&#8230;<\/p>\n","protected":false},"author":2,"featured_media":0,"comment_status":"open","ping_status":"open","sticky":false,"template":"","format":"standard","meta":{"footnotes":""},"categories":[3],"tags":[],"class_list":["post-5945","post","type-post","status-publish","format-standard","hentry","category-china"],"yoast_head":"<!-- This site is optimized with the Yoast SEO plugin v27.4 - https:\/\/yoast.com\/product\/yoast-seo-wordpress\/ -->\n<title>Xi Jinping responde a funcion\u00e1rios da Xiamen Airlines - CRI e Diario de Pernambuco<\/title>\n<meta name=\"robots\" content=\"index, follow, max-snippet:-1, max-image-preview:large, max-video-preview:-1\" \/>\n<link rel=\"canonical\" href=\"https:\/\/diariodepe.com.br\/cri\/2024\/08\/20\/xi-jinping-responde-a-funcionarios-da-xiamen-airlines\/\" \/>\n<meta property=\"og:locale\" content=\"pt_BR\" \/>\n<meta property=\"og:type\" content=\"article\" \/>\n<meta property=\"og:title\" content=\"Xi Jinping responde a funcion\u00e1rios da Xiamen Airlines - CRI e Diario de Pernambuco\" \/>\n<meta property=\"og:description\" content=\"Por ocasi\u00e3o do 40\u00baanivers\u00e1rio da funda\u00e7\u00e3o da\u00a0companhia a\u00e9rea\u00a0Xiamen Airlines, o presidente chin\u00eas,\u00a0Xi Jinping,\u00a0respondeu recentemente por carta a\u00a0uma correspond\u00eancia enviada\u00a0por\u00a0todos os\u00a0seus\u00a0funcion\u00e1rios\u00a0ao l\u00edder chin\u00eas, dando conta dos avan\u00e7os da empresa\u00a0desde sua funda\u00e7\u00e3o. Na carta, ele disse que,\u00a0quando trabalhava em Xiamen,\u00a0participou\u00a0da funda\u00e7\u00e3o da...\" \/>\n<meta property=\"og:url\" content=\"https:\/\/diariodepe.com.br\/cri\/2024\/08\/20\/xi-jinping-responde-a-funcionarios-da-xiamen-airlines\/\" \/>\n<meta property=\"og:site_name\" content=\"CRI e Diario de Pernambuco\" \/>\n<meta property=\"article:published_time\" content=\"2024-08-20T08:48:52+00:00\" \/>\n<meta name=\"author\" content=\"Ismael Lucas S. Pereira\" \/>\n<meta name=\"twitter:card\" content=\"summary_large_image\" \/>\n<meta name=\"twitter:label1\" content=\"Escrito por\" \/>\n\t<meta name=\"twitter:data1\" content=\"Ismael Lucas S. Pereira\" \/>\n\t<meta name=\"twitter:label2\" content=\"Est. tempo de leitura\" \/>\n\t<meta name=\"twitter:data2\" content=\"1 minuto\" \/>\n<script type=\"application\/ld+json\" class=\"yoast-schema-graph\">{\"@context\":\"https:\\\/\\\/schema.org\",\"@graph\":[{\"@type\":\"Article\",\"@id\":\"https:\\\/\\\/diariodepe.com.br\\\/cri\\\/2024\\\/08\\\/20\\\/xi-jinping-responde-a-funcionarios-da-xiamen-airlines\\\/#article\",\"isPartOf\":{\"@id\":\"https:\\\/\\\/diariodepe.com.br\\\/cri\\\/2024\\\/08\\\/20\\\/xi-jinping-responde-a-funcionarios-da-xiamen-airlines\\\/\"},\"author\":{\"name\":\"Ismael Lucas S. Pereira\",\"@id\":\"https:\\\/\\\/diariodepe.com.br\\\/cri\\\/#\\\/schema\\\/person\\\/121bb28d84f1a5b1205ef4ce9c2e0c6b\"},\"headline\":\"Xi Jinping responde a funcion\u00e1rios da Xiamen Airlines\",\"datePublished\":\"2024-08-20T08:48:52+00:00\",\"mainEntityOfPage\":{\"@id\":\"https:\\\/\\\/diariodepe.com.br\\\/cri\\\/2024\\\/08\\\/20\\\/xi-jinping-responde-a-funcionarios-da-xiamen-airlines\\\/\"},\"wordCount\":168,\"commentCount\":0,\"publisher\":{\"@id\":\"https:\\\/\\\/diariodepe.com.br\\\/cri\\\/#organization\"},\"articleSection\":[\"China\"],\"inLanguage\":\"pt-BR\",\"potentialAction\":[{\"@type\":\"CommentAction\",\"name\":\"Comment\",\"target\":[\"https:\\\/\\\/diariodepe.com.br\\\/cri\\\/2024\\\/08\\\/20\\\/xi-jinping-responde-a-funcionarios-da-xiamen-airlines\\\/#respond\"]}]},{\"@type\":\"WebPage\",\"@id\":\"https:\\\/\\\/diariodepe.com.br\\\/cri\\\/2024\\\/08\\\/20\\\/xi-jinping-responde-a-funcionarios-da-xiamen-airlines\\\/\",\"url\":\"https:\\\/\\\/diariodepe.com.br\\\/cri\\\/2024\\\/08\\\/20\\\/xi-jinping-responde-a-funcionarios-da-xiamen-airlines\\\/\",\"name\":\"Xi Jinping responde a funcion\u00e1rios da Xiamen Airlines - CRI e Diario de Pernambuco\",\"isPartOf\":{\"@id\":\"https:\\\/\\\/diariodepe.com.br\\\/cri\\\/#website\"},\"datePublished\":\"2024-08-20T08:48:52+00:00\",\"breadcrumb\":{\"@id\":\"https:\\\/\\\/diariodepe.com.br\\\/cri\\\/2024\\\/08\\\/20\\\/xi-jinping-responde-a-funcionarios-da-xiamen-airlines\\\/#breadcrumb\"},\"inLanguage\":\"pt-BR\",\"potentialAction\":[{\"@type\":\"ReadAction\",\"target\":[\"https:\\\/\\\/diariodepe.com.br\\\/cri\\\/2024\\\/08\\\/20\\\/xi-jinping-responde-a-funcionarios-da-xiamen-airlines\\\/\"]}]},{\"@type\":\"BreadcrumbList\",\"@id\":\"https:\\\/\\\/diariodepe.com.br\\\/cri\\\/2024\\\/08\\\/20\\\/xi-jinping-responde-a-funcionarios-da-xiamen-airlines\\\/#breadcrumb\",\"itemListElement\":[{\"@type\":\"ListItem\",\"position\":1,\"name\":\"In\u00edcio\",\"item\":\"https:\\\/\\\/diariodepe.com.br\\\/cri\\\/\"},{\"@type\":\"ListItem\",\"position\":2,\"name\":\"Xi Jinping responde a funcion\u00e1rios da Xiamen Airlines\"}]},{\"@type\":\"WebSite\",\"@id\":\"https:\\\/\\\/diariodepe.com.br\\\/cri\\\/#website\",\"url\":\"https:\\\/\\\/diariodepe.com.br\\\/cri\\\/\",\"name\":\"CRI e Diario de Pernambuco\",\"description\":\"R\u00e1dio Internacional da China\",\"publisher\":{\"@id\":\"https:\\\/\\\/diariodepe.com.br\\\/cri\\\/#organization\"},\"potentialAction\":[{\"@type\":\"SearchAction\",\"target\":{\"@type\":\"EntryPoint\",\"urlTemplate\":\"https:\\\/\\\/diariodepe.com.br\\\/cri\\\/?s={search_term_string}\"},\"query-input\":{\"@type\":\"PropertyValueSpecification\",\"valueRequired\":true,\"valueName\":\"search_term_string\"}}],\"inLanguage\":\"pt-BR\"},{\"@type\":\"Organization\",\"@id\":\"https:\\\/\\\/diariodepe.com.br\\\/cri\\\/#organization\",\"name\":\"CRI e Diario de Pernambuco\",\"url\":\"https:\\\/\\\/diariodepe.com.br\\\/cri\\\/\",\"logo\":{\"@type\":\"ImageObject\",\"inLanguage\":\"pt-BR\",\"@id\":\"https:\\\/\\\/diariodepe.com.br\\\/cri\\\/#\\\/schema\\\/logo\\\/image\\\/\",\"url\":\"https:\\\/\\\/diariodepe.com.br\\\/cri\\\/wp-content\\\/uploads\\\/sites\\\/2\\\/2022\\\/12\\\/cropped-Logo.jpg\",\"contentUrl\":\"https:\\\/\\\/diariodepe.com.br\\\/cri\\\/wp-content\\\/uploads\\\/sites\\\/2\\\/2022\\\/12\\\/cropped-Logo.jpg\",\"width\":700,\"height\":59,\"caption\":\"CRI e Diario de Pernambuco\"},\"image\":{\"@id\":\"https:\\\/\\\/diariodepe.com.br\\\/cri\\\/#\\\/schema\\\/logo\\\/image\\\/\"}},{\"@type\":\"Person\",\"@id\":\"https:\\\/\\\/diariodepe.com.br\\\/cri\\\/#\\\/schema\\\/person\\\/121bb28d84f1a5b1205ef4ce9c2e0c6b\",\"name\":\"Ismael Lucas S. Pereira\",\"image\":{\"@type\":\"ImageObject\",\"inLanguage\":\"pt-BR\",\"@id\":\"https:\\\/\\\/secure.gravatar.com\\\/avatar\\\/887a0f3b5a7ceea963a48499fb883ffce6b5037362def025c52c2505b15d63e4?s=96&d=mm&r=g\",\"url\":\"https:\\\/\\\/secure.gravatar.com\\\/avatar\\\/887a0f3b5a7ceea963a48499fb883ffce6b5037362def025c52c2505b15d63e4?s=96&d=mm&r=g\",\"contentUrl\":\"https:\\\/\\\/secure.gravatar.com\\\/avatar\\\/887a0f3b5a7ceea963a48499fb883ffce6b5037362def025c52c2505b15d63e4?s=96&d=mm&r=g\",\"caption\":\"Ismael Lucas S. Pereira\"},\"url\":\"https:\\\/\\\/diariodepe.com.br\\\/cri\\\/author\\\/ismael-lucas\\\/\"}]}<\/script>\n<!-- \/ Yoast SEO plugin. -->","yoast_head_json":{"title":"Xi Jinping responde a funcion\u00e1rios da Xiamen Airlines - CRI e Diario de Pernambuco","robots":{"index":"index","follow":"follow","max-snippet":"max-snippet:-1","max-image-preview":"max-image-preview:large","max-video-preview":"max-video-preview:-1"},"canonical":"https:\/\/diariodepe.com.br\/cri\/2024\/08\/20\/xi-jinping-responde-a-funcionarios-da-xiamen-airlines\/","og_locale":"pt_BR","og_type":"article","og_title":"Xi Jinping responde a funcion\u00e1rios da Xiamen Airlines - CRI e Diario de Pernambuco","og_description":"Por ocasi\u00e3o do 40\u00baanivers\u00e1rio da funda\u00e7\u00e3o da\u00a0companhia a\u00e9rea\u00a0Xiamen Airlines, o presidente chin\u00eas,\u00a0Xi Jinping,\u00a0respondeu recentemente por carta a\u00a0uma correspond\u00eancia enviada\u00a0por\u00a0todos os\u00a0seus\u00a0funcion\u00e1rios\u00a0ao l\u00edder chin\u00eas, dando conta dos avan\u00e7os da empresa\u00a0desde sua funda\u00e7\u00e3o. Na carta, ele disse que,\u00a0quando trabalhava em Xiamen,\u00a0participou\u00a0da funda\u00e7\u00e3o da...","og_url":"https:\/\/diariodepe.com.br\/cri\/2024\/08\/20\/xi-jinping-responde-a-funcionarios-da-xiamen-airlines\/","og_site_name":"CRI e Diario de Pernambuco","article_published_time":"2024-08-20T08:48:52+00:00","author":"Ismael Lucas S. Pereira","twitter_card":"summary_large_image","twitter_misc":{"Escrito por":"Ismael Lucas S. Pereira","Est. tempo de leitura":"1 minuto"},"schema":{"@context":"https:\/\/schema.org","@graph":[{"@type":"Article","@id":"https:\/\/diariodepe.com.br\/cri\/2024\/08\/20\/xi-jinping-responde-a-funcionarios-da-xiamen-airlines\/#article","isPartOf":{"@id":"https:\/\/diariodepe.com.br\/cri\/2024\/08\/20\/xi-jinping-responde-a-funcionarios-da-xiamen-airlines\/"},"author":{"name":"Ismael Lucas S. Pereira","@id":"https:\/\/diariodepe.com.br\/cri\/#\/schema\/person\/121bb28d84f1a5b1205ef4ce9c2e0c6b"},"headline":"Xi Jinping responde a funcion\u00e1rios da Xiamen Airlines","datePublished":"2024-08-20T08:48:52+00:00","mainEntityOfPage":{"@id":"https:\/\/diariodepe.com.br\/cri\/2024\/08\/20\/xi-jinping-responde-a-funcionarios-da-xiamen-airlines\/"},"wordCount":168,"commentCount":0,"publisher":{"@id":"https:\/\/diariodepe.com.br\/cri\/#organization"},"articleSection":["China"],"inLanguage":"pt-BR","potentialAction":[{"@type":"CommentAction","name":"Comment","target":["https:\/\/diariodepe.com.br\/cri\/2024\/08\/20\/xi-jinping-responde-a-funcionarios-da-xiamen-airlines\/#respond"]}]},{"@type":"WebPage","@id":"https:\/\/diariodepe.com.br\/cri\/2024\/08\/20\/xi-jinping-responde-a-funcionarios-da-xiamen-airlines\/","url":"https:\/\/diariodepe.com.br\/cri\/2024\/08\/20\/xi-jinping-responde-a-funcionarios-da-xiamen-airlines\/","name":"Xi Jinping responde a funcion\u00e1rios da Xiamen Airlines - CRI e Diario de Pernambuco","isPartOf":{"@id":"https:\/\/diariodepe.com.br\/cri\/#website"},"datePublished":"2024-08-20T08:48:52+00:00","breadcrumb":{"@id":"https:\/\/diariodepe.com.br\/cri\/2024\/08\/20\/xi-jinping-responde-a-funcionarios-da-xiamen-airlines\/#breadcrumb"},"inLanguage":"pt-BR","potentialAction":[{"@type":"ReadAction","target":["https:\/\/diariodepe.com.br\/cri\/2024\/08\/20\/xi-jinping-responde-a-funcionarios-da-xiamen-airlines\/"]}]},{"@type":"BreadcrumbList","@id":"https:\/\/diariodepe.com.br\/cri\/2024\/08\/20\/xi-jinping-responde-a-funcionarios-da-xiamen-airlines\/#breadcrumb","itemListElement":[{"@type":"ListItem","position":1,"name":"In\u00edcio","item":"https:\/\/diariodepe.com.br\/cri\/"},{"@type":"ListItem","position":2,"name":"Xi Jinping responde a funcion\u00e1rios da Xiamen Airlines"}]},{"@type":"WebSite","@id":"https:\/\/diariodepe.com.br\/cri\/#website","url":"https:\/\/diariodepe.com.br\/cri\/","name":"CRI e Diario de Pernambuco","description":"R\u00e1dio Internacional da China","publisher":{"@id":"https:\/\/diariodepe.com.br\/cri\/#organization"},"potentialAction":[{"@type":"SearchAction","target":{"@type":"EntryPoint","urlTemplate":"https:\/\/diariodepe.com.br\/cri\/?s={search_term_string}"},"query-input":{"@type":"PropertyValueSpecification","valueRequired":true,"valueName":"search_term_string"}}],"inLanguage":"pt-BR"},{"@type":"Organization","@id":"https:\/\/diariodepe.com.br\/cri\/#organization","name":"CRI e Diario de Pernambuco","url":"https:\/\/diariodepe.com.br\/cri\/","logo":{"@type":"ImageObject","inLanguage":"pt-BR","@id":"https:\/\/diariodepe.com.br\/cri\/#\/schema\/logo\/image\/","url":"https:\/\/diariodepe.com.br\/cri\/wp-content\/uploads\/sites\/2\/2022\/12\/cropped-Logo.jpg","contentUrl":"https:\/\/diariodepe.com.br\/cri\/wp-content\/uploads\/sites\/2\/2022\/12\/cropped-Logo.jpg","width":700,"height":59,"caption":"CRI e Diario de Pernambuco"},"image":{"@id":"https:\/\/diariodepe.com.br\/cri\/#\/schema\/logo\/image\/"}},{"@type":"Person","@id":"https:\/\/diariodepe.com.br\/cri\/#\/schema\/person\/121bb28d84f1a5b1205ef4ce9c2e0c6b","name":"Ismael Lucas S. Pereira","image":{"@type":"ImageObject","inLanguage":"pt-BR","@id":"https:\/\/secure.gravatar.com\/avatar\/887a0f3b5a7ceea963a48499fb883ffce6b5037362def025c52c2505b15d63e4?s=96&d=mm&r=g","url":"https:\/\/secure.gravatar.com\/avatar\/887a0f3b5a7ceea963a48499fb883ffce6b5037362def025c52c2505b15d63e4?s=96&d=mm&r=g","contentUrl":"https:\/\/secure.gravatar.com\/avatar\/887a0f3b5a7ceea963a48499fb883ffce6b5037362def025c52c2505b15d63e4?s=96&d=mm&r=g","caption":"Ismael Lucas S. Pereira"},"url":"https:\/\/diariodepe.com.br\/cri\/author\/ismael-lucas\/"}]}},"cc_featured_image_caption":{"caption_text":false,"source_text":false,"source_url":false},"amp_enabled":true,"_links":{"self":[{"href":"https:\/\/diariodepe.com.br\/cri\/wp-json\/wp\/v2\/posts\/5945","targetHints":{"allow":["GET"]}}],"collection":[{"href":"https:\/\/diariodepe.com.br\/cri\/wp-json\/wp\/v2\/posts"}],"about":[{"href":"https:\/\/diariodepe.com.br\/cri\/wp-json\/wp\/v2\/types\/post"}],"author":[{"embeddable":true,"href":"https:\/\/diariodepe.com.br\/cri\/wp-json\/wp\/v2\/users\/2"}],"replies":[{"embeddable":true,"href":"https:\/\/diariodepe.com.br\/cri\/wp-json\/wp\/v2\/comments?post=5945"}],"version-history":[{"count":1,"href":"https:\/\/diariodepe.com.br\/cri\/wp-json\/wp\/v2\/posts\/5945\/revisions"}],"predecessor-version":[{"id":5946,"href":"https:\/\/diariodepe.com.br\/cri\/wp-json\/wp\/v2\/posts\/5945\/revisions\/5946"}],"wp:attachment":[{"href":"https:\/\/diariodepe.com.br\/cri\/wp-json\/wp\/v2\/media?parent=5945"}],"wp:term":[{"taxonomy":"category","embeddable":true,"href":"https:\/\/diariodepe.com.br\/cri\/wp-json\/wp\/v2\/categories?post=5945"},{"taxonomy":"post_tag","embeddable":true,"href":"https:\/\/diariodepe.com.br\/cri\/wp-json\/wp\/v2\/tags?post=5945"}],"curies":[{"name":"wp","href":"https:\/\/api.w.org\/{rel}","templated":true}]}}