{"id":5914,"date":"2024-08-20T04:19:37","date_gmt":"2024-08-20T07:19:37","guid":{"rendered":"https:\/\/diariodepe.com.br\/cri\/?p=5914"},"modified":"2024-08-20T04:19:37","modified_gmt":"2024-08-20T07:19:37","slug":"poetas-de-paises-do-brics-se-reunem-na-china-2","status":"publish","type":"post","link":"https:\/\/diariodepe.com.br\/cri\/2024\/08\/20\/poetas-de-paises-do-brics-se-reunem-na-china-2\/","title":{"rendered":"Poetas de pa\u00edses do BRICS se re\u00fanem na China"},"content":{"rendered":"<p data-spm-anchor-id=\"0.0.0.i2\">Mais de 70 poetas dos pa\u00edses do BRICS se reuniram em Hangzhou, prov\u00edncia de Zhejiang, leste da China, para participar de um evento de poesia.<\/p>\n<p>Durante o evento, eles expressar\u00e3o seus pensamentos por meio da poesia, destacando as amizades entre diferentes pa\u00edses, etnias e culturas.<\/p>\n<p class=\"photo_img_20190808\"><img decoding=\"async\" src=\"https:\/\/p5crires.cri.cn\/photoworkspace\/cri\/contentimg\/2024\/07\/20\/2024072017222452867.jpg\" alt=\"\" \/><\/p>\n<p class=\"photo_img_20190808\"><img decoding=\"async\" src=\"https:\/\/p4crires.cri.cn\/photoworkspace\/cri\/contentimg\/2024\/07\/20\/2024072017223584889.jpg\" alt=\"\" \/><\/p>\n<p>Espera-se que os participantes visitem Hangzhou e Beijing, participando de uma s\u00e9rie de atividades liter\u00e1rias, como di\u00e1logos acad\u00eamicos, semin\u00e1rios e sess\u00f5es de compartilhamento de poesia.<\/p>\n<p>Zhang Hongsen, vice-presidente da Associa\u00e7\u00e3o de Escritores da China, expressou a esperan\u00e7a de que os poetas usem a poesia para construir uma ponte de comunica\u00e7\u00e3o entre as mentes e trabalhem juntos para criar um belo lar para a humanidade.<\/p>\n<p class=\"photo_img_20190808\"><img decoding=\"async\" src=\"https:\/\/p2crires.cri.cn\/photoworkspace\/cri\/contentimg\/2024\/07\/20\/2024072017224955010.jpg\" alt=\"\" \/><\/p>\n<p>Realizado pela primeira vez em 1980 por uma revista de poesia que a associa\u00e7\u00e3o publica, este evento \u00e9 considerado o encontro liter\u00e1rio mais influente e mais antigo da China.<\/p>\n","protected":false},"excerpt":{"rendered":"<p>Mais de 70 poetas dos pa\u00edses do BRICS se reuniram em Hangzhou, prov\u00edncia de Zhejiang, leste da China, para participar de um evento de poesia. Durante o evento, eles expressar\u00e3o seus pensamentos por meio da poesia, destacando as amizades entre&#8230;<\/p>\n","protected":false},"author":2,"featured_media":5915,"comment_status":"open","ping_status":"open","sticky":false,"template":"","format":"standard","meta":{"footnotes":""},"categories":[3,5],"tags":[],"class_list":["post-5914","post","type-post","status-publish","format-standard","has-post-thumbnail","hentry","category-china","category-destaques-capa"],"yoast_head":"<!-- This site is optimized with the Yoast SEO plugin v27.4 - https:\/\/yoast.com\/product\/yoast-seo-wordpress\/ -->\n<title>Poetas de pa\u00edses do BRICS se re\u00fanem na China - CRI e Diario de Pernambuco<\/title>\n<meta name=\"robots\" content=\"index, follow, max-snippet:-1, max-image-preview:large, max-video-preview:-1\" \/>\n<link rel=\"canonical\" href=\"https:\/\/diariodepe.com.br\/cri\/2024\/08\/20\/poetas-de-paises-do-brics-se-reunem-na-china-2\/\" \/>\n<meta property=\"og:locale\" content=\"pt_BR\" \/>\n<meta property=\"og:type\" content=\"article\" \/>\n<meta property=\"og:title\" content=\"Poetas de pa\u00edses do BRICS se re\u00fanem na China - CRI e Diario de Pernambuco\" \/>\n<meta property=\"og:description\" content=\"Mais de 70 poetas dos pa\u00edses do BRICS se reuniram em Hangzhou, prov\u00edncia de Zhejiang, leste da China, para participar de um evento de poesia. Durante o evento, eles expressar\u00e3o seus pensamentos por meio da poesia, destacando as amizades entre...\" \/>\n<meta property=\"og:url\" content=\"https:\/\/diariodepe.com.br\/cri\/2024\/08\/20\/poetas-de-paises-do-brics-se-reunem-na-china-2\/\" \/>\n<meta property=\"og:site_name\" content=\"CRI e Diario de Pernambuco\" \/>\n<meta property=\"article:published_time\" content=\"2024-08-20T07:19:37+00:00\" \/>\n<meta property=\"og:image\" content=\"https:\/\/diariodepe.com.br\/cri\/wp-content\/uploads\/sites\/2\/2024\/08\/2024072017213777022.jpg\" \/>\n\t<meta property=\"og:image:width\" content=\"1000\" \/>\n\t<meta property=\"og:image:height\" content=\"667\" \/>\n\t<meta property=\"og:image:type\" content=\"image\/jpeg\" \/>\n<meta name=\"author\" content=\"Ismael Lucas S. Pereira\" \/>\n<meta name=\"twitter:card\" content=\"summary_large_image\" \/>\n<meta name=\"twitter:label1\" content=\"Escrito por\" \/>\n\t<meta name=\"twitter:data1\" content=\"Ismael Lucas S. Pereira\" \/>\n\t<meta name=\"twitter:label2\" content=\"Est. tempo de leitura\" \/>\n\t<meta name=\"twitter:data2\" content=\"2 minutos\" \/>\n<script type=\"application\/ld+json\" class=\"yoast-schema-graph\">{\"@context\":\"https:\\\/\\\/schema.org\",\"@graph\":[{\"@type\":\"Article\",\"@id\":\"https:\\\/\\\/diariodepe.com.br\\\/cri\\\/2024\\\/08\\\/20\\\/poetas-de-paises-do-brics-se-reunem-na-china-2\\\/#article\",\"isPartOf\":{\"@id\":\"https:\\\/\\\/diariodepe.com.br\\\/cri\\\/2024\\\/08\\\/20\\\/poetas-de-paises-do-brics-se-reunem-na-china-2\\\/\"},\"author\":{\"name\":\"Ismael Lucas S. Pereira\",\"@id\":\"https:\\\/\\\/diariodepe.com.br\\\/cri\\\/#\\\/schema\\\/person\\\/121bb28d84f1a5b1205ef4ce9c2e0c6b\"},\"headline\":\"Poetas de pa\u00edses do BRICS se re\u00fanem na China\",\"datePublished\":\"2024-08-20T07:19:37+00:00\",\"mainEntityOfPage\":{\"@id\":\"https:\\\/\\\/diariodepe.com.br\\\/cri\\\/2024\\\/08\\\/20\\\/poetas-de-paises-do-brics-se-reunem-na-china-2\\\/\"},\"wordCount\":161,\"commentCount\":0,\"publisher\":{\"@id\":\"https:\\\/\\\/diariodepe.com.br\\\/cri\\\/#organization\"},\"image\":{\"@id\":\"https:\\\/\\\/diariodepe.com.br\\\/cri\\\/2024\\\/08\\\/20\\\/poetas-de-paises-do-brics-se-reunem-na-china-2\\\/#primaryimage\"},\"thumbnailUrl\":\"https:\\\/\\\/diariodepe.com.br\\\/cri\\\/wp-content\\\/uploads\\\/sites\\\/2\\\/2024\\\/08\\\/2024072017213777022.jpg\",\"articleSection\":[\"China\",\"Destaques Capa\"],\"inLanguage\":\"pt-BR\",\"potentialAction\":[{\"@type\":\"CommentAction\",\"name\":\"Comment\",\"target\":[\"https:\\\/\\\/diariodepe.com.br\\\/cri\\\/2024\\\/08\\\/20\\\/poetas-de-paises-do-brics-se-reunem-na-china-2\\\/#respond\"]}]},{\"@type\":\"WebPage\",\"@id\":\"https:\\\/\\\/diariodepe.com.br\\\/cri\\\/2024\\\/08\\\/20\\\/poetas-de-paises-do-brics-se-reunem-na-china-2\\\/\",\"url\":\"https:\\\/\\\/diariodepe.com.br\\\/cri\\\/2024\\\/08\\\/20\\\/poetas-de-paises-do-brics-se-reunem-na-china-2\\\/\",\"name\":\"Poetas de pa\u00edses do BRICS se re\u00fanem na China - CRI e Diario de Pernambuco\",\"isPartOf\":{\"@id\":\"https:\\\/\\\/diariodepe.com.br\\\/cri\\\/#website\"},\"primaryImageOfPage\":{\"@id\":\"https:\\\/\\\/diariodepe.com.br\\\/cri\\\/2024\\\/08\\\/20\\\/poetas-de-paises-do-brics-se-reunem-na-china-2\\\/#primaryimage\"},\"image\":{\"@id\":\"https:\\\/\\\/diariodepe.com.br\\\/cri\\\/2024\\\/08\\\/20\\\/poetas-de-paises-do-brics-se-reunem-na-china-2\\\/#primaryimage\"},\"thumbnailUrl\":\"https:\\\/\\\/diariodepe.com.br\\\/cri\\\/wp-content\\\/uploads\\\/sites\\\/2\\\/2024\\\/08\\\/2024072017213777022.jpg\",\"datePublished\":\"2024-08-20T07:19:37+00:00\",\"breadcrumb\":{\"@id\":\"https:\\\/\\\/diariodepe.com.br\\\/cri\\\/2024\\\/08\\\/20\\\/poetas-de-paises-do-brics-se-reunem-na-china-2\\\/#breadcrumb\"},\"inLanguage\":\"pt-BR\",\"potentialAction\":[{\"@type\":\"ReadAction\",\"target\":[\"https:\\\/\\\/diariodepe.com.br\\\/cri\\\/2024\\\/08\\\/20\\\/poetas-de-paises-do-brics-se-reunem-na-china-2\\\/\"]}]},{\"@type\":\"ImageObject\",\"inLanguage\":\"pt-BR\",\"@id\":\"https:\\\/\\\/diariodepe.com.br\\\/cri\\\/2024\\\/08\\\/20\\\/poetas-de-paises-do-brics-se-reunem-na-china-2\\\/#primaryimage\",\"url\":\"https:\\\/\\\/diariodepe.com.br\\\/cri\\\/wp-content\\\/uploads\\\/sites\\\/2\\\/2024\\\/08\\\/2024072017213777022.jpg\",\"contentUrl\":\"https:\\\/\\\/diariodepe.com.br\\\/cri\\\/wp-content\\\/uploads\\\/sites\\\/2\\\/2024\\\/08\\\/2024072017213777022.jpg\",\"width\":1000,\"height\":667},{\"@type\":\"BreadcrumbList\",\"@id\":\"https:\\\/\\\/diariodepe.com.br\\\/cri\\\/2024\\\/08\\\/20\\\/poetas-de-paises-do-brics-se-reunem-na-china-2\\\/#breadcrumb\",\"itemListElement\":[{\"@type\":\"ListItem\",\"position\":1,\"name\":\"In\u00edcio\",\"item\":\"https:\\\/\\\/diariodepe.com.br\\\/cri\\\/\"},{\"@type\":\"ListItem\",\"position\":2,\"name\":\"Poetas de pa\u00edses do BRICS se re\u00fanem na China\"}]},{\"@type\":\"WebSite\",\"@id\":\"https:\\\/\\\/diariodepe.com.br\\\/cri\\\/#website\",\"url\":\"https:\\\/\\\/diariodepe.com.br\\\/cri\\\/\",\"name\":\"CRI e Diario de Pernambuco\",\"description\":\"R\u00e1dio Internacional da China\",\"publisher\":{\"@id\":\"https:\\\/\\\/diariodepe.com.br\\\/cri\\\/#organization\"},\"potentialAction\":[{\"@type\":\"SearchAction\",\"target\":{\"@type\":\"EntryPoint\",\"urlTemplate\":\"https:\\\/\\\/diariodepe.com.br\\\/cri\\\/?s={search_term_string}\"},\"query-input\":{\"@type\":\"PropertyValueSpecification\",\"valueRequired\":true,\"valueName\":\"search_term_string\"}}],\"inLanguage\":\"pt-BR\"},{\"@type\":\"Organization\",\"@id\":\"https:\\\/\\\/diariodepe.com.br\\\/cri\\\/#organization\",\"name\":\"CRI e Diario de Pernambuco\",\"url\":\"https:\\\/\\\/diariodepe.com.br\\\/cri\\\/\",\"logo\":{\"@type\":\"ImageObject\",\"inLanguage\":\"pt-BR\",\"@id\":\"https:\\\/\\\/diariodepe.com.br\\\/cri\\\/#\\\/schema\\\/logo\\\/image\\\/\",\"url\":\"https:\\\/\\\/diariodepe.com.br\\\/cri\\\/wp-content\\\/uploads\\\/sites\\\/2\\\/2022\\\/12\\\/cropped-Logo.jpg\",\"contentUrl\":\"https:\\\/\\\/diariodepe.com.br\\\/cri\\\/wp-content\\\/uploads\\\/sites\\\/2\\\/2022\\\/12\\\/cropped-Logo.jpg\",\"width\":700,\"height\":59,\"caption\":\"CRI e Diario de Pernambuco\"},\"image\":{\"@id\":\"https:\\\/\\\/diariodepe.com.br\\\/cri\\\/#\\\/schema\\\/logo\\\/image\\\/\"}},{\"@type\":\"Person\",\"@id\":\"https:\\\/\\\/diariodepe.com.br\\\/cri\\\/#\\\/schema\\\/person\\\/121bb28d84f1a5b1205ef4ce9c2e0c6b\",\"name\":\"Ismael Lucas S. Pereira\",\"image\":{\"@type\":\"ImageObject\",\"inLanguage\":\"pt-BR\",\"@id\":\"https:\\\/\\\/secure.gravatar.com\\\/avatar\\\/887a0f3b5a7ceea963a48499fb883ffce6b5037362def025c52c2505b15d63e4?s=96&d=mm&r=g\",\"url\":\"https:\\\/\\\/secure.gravatar.com\\\/avatar\\\/887a0f3b5a7ceea963a48499fb883ffce6b5037362def025c52c2505b15d63e4?s=96&d=mm&r=g\",\"contentUrl\":\"https:\\\/\\\/secure.gravatar.com\\\/avatar\\\/887a0f3b5a7ceea963a48499fb883ffce6b5037362def025c52c2505b15d63e4?s=96&d=mm&r=g\",\"caption\":\"Ismael Lucas S. Pereira\"},\"url\":\"https:\\\/\\\/diariodepe.com.br\\\/cri\\\/author\\\/ismael-lucas\\\/\"}]}<\/script>\n<!-- \/ Yoast SEO plugin. -->","yoast_head_json":{"title":"Poetas de pa\u00edses do BRICS se re\u00fanem na China - CRI e Diario de Pernambuco","robots":{"index":"index","follow":"follow","max-snippet":"max-snippet:-1","max-image-preview":"max-image-preview:large","max-video-preview":"max-video-preview:-1"},"canonical":"https:\/\/diariodepe.com.br\/cri\/2024\/08\/20\/poetas-de-paises-do-brics-se-reunem-na-china-2\/","og_locale":"pt_BR","og_type":"article","og_title":"Poetas de pa\u00edses do BRICS se re\u00fanem na China - CRI e Diario de Pernambuco","og_description":"Mais de 70 poetas dos pa\u00edses do BRICS se reuniram em Hangzhou, prov\u00edncia de Zhejiang, leste da China, para participar de um evento de poesia. Durante o evento, eles expressar\u00e3o seus pensamentos por meio da poesia, destacando as amizades entre...","og_url":"https:\/\/diariodepe.com.br\/cri\/2024\/08\/20\/poetas-de-paises-do-brics-se-reunem-na-china-2\/","og_site_name":"CRI e Diario de Pernambuco","article_published_time":"2024-08-20T07:19:37+00:00","og_image":[{"width":1000,"height":667,"url":"https:\/\/diariodepe.com.br\/cri\/wp-content\/uploads\/sites\/2\/2024\/08\/2024072017213777022.jpg","type":"image\/jpeg"}],"author":"Ismael Lucas S. Pereira","twitter_card":"summary_large_image","twitter_misc":{"Escrito por":"Ismael Lucas S. Pereira","Est. tempo de leitura":"2 minutos"},"schema":{"@context":"https:\/\/schema.org","@graph":[{"@type":"Article","@id":"https:\/\/diariodepe.com.br\/cri\/2024\/08\/20\/poetas-de-paises-do-brics-se-reunem-na-china-2\/#article","isPartOf":{"@id":"https:\/\/diariodepe.com.br\/cri\/2024\/08\/20\/poetas-de-paises-do-brics-se-reunem-na-china-2\/"},"author":{"name":"Ismael Lucas S. Pereira","@id":"https:\/\/diariodepe.com.br\/cri\/#\/schema\/person\/121bb28d84f1a5b1205ef4ce9c2e0c6b"},"headline":"Poetas de pa\u00edses do BRICS se re\u00fanem na China","datePublished":"2024-08-20T07:19:37+00:00","mainEntityOfPage":{"@id":"https:\/\/diariodepe.com.br\/cri\/2024\/08\/20\/poetas-de-paises-do-brics-se-reunem-na-china-2\/"},"wordCount":161,"commentCount":0,"publisher":{"@id":"https:\/\/diariodepe.com.br\/cri\/#organization"},"image":{"@id":"https:\/\/diariodepe.com.br\/cri\/2024\/08\/20\/poetas-de-paises-do-brics-se-reunem-na-china-2\/#primaryimage"},"thumbnailUrl":"https:\/\/diariodepe.com.br\/cri\/wp-content\/uploads\/sites\/2\/2024\/08\/2024072017213777022.jpg","articleSection":["China","Destaques Capa"],"inLanguage":"pt-BR","potentialAction":[{"@type":"CommentAction","name":"Comment","target":["https:\/\/diariodepe.com.br\/cri\/2024\/08\/20\/poetas-de-paises-do-brics-se-reunem-na-china-2\/#respond"]}]},{"@type":"WebPage","@id":"https:\/\/diariodepe.com.br\/cri\/2024\/08\/20\/poetas-de-paises-do-brics-se-reunem-na-china-2\/","url":"https:\/\/diariodepe.com.br\/cri\/2024\/08\/20\/poetas-de-paises-do-brics-se-reunem-na-china-2\/","name":"Poetas de pa\u00edses do BRICS se re\u00fanem na China - CRI e Diario de Pernambuco","isPartOf":{"@id":"https:\/\/diariodepe.com.br\/cri\/#website"},"primaryImageOfPage":{"@id":"https:\/\/diariodepe.com.br\/cri\/2024\/08\/20\/poetas-de-paises-do-brics-se-reunem-na-china-2\/#primaryimage"},"image":{"@id":"https:\/\/diariodepe.com.br\/cri\/2024\/08\/20\/poetas-de-paises-do-brics-se-reunem-na-china-2\/#primaryimage"},"thumbnailUrl":"https:\/\/diariodepe.com.br\/cri\/wp-content\/uploads\/sites\/2\/2024\/08\/2024072017213777022.jpg","datePublished":"2024-08-20T07:19:37+00:00","breadcrumb":{"@id":"https:\/\/diariodepe.com.br\/cri\/2024\/08\/20\/poetas-de-paises-do-brics-se-reunem-na-china-2\/#breadcrumb"},"inLanguage":"pt-BR","potentialAction":[{"@type":"ReadAction","target":["https:\/\/diariodepe.com.br\/cri\/2024\/08\/20\/poetas-de-paises-do-brics-se-reunem-na-china-2\/"]}]},{"@type":"ImageObject","inLanguage":"pt-BR","@id":"https:\/\/diariodepe.com.br\/cri\/2024\/08\/20\/poetas-de-paises-do-brics-se-reunem-na-china-2\/#primaryimage","url":"https:\/\/diariodepe.com.br\/cri\/wp-content\/uploads\/sites\/2\/2024\/08\/2024072017213777022.jpg","contentUrl":"https:\/\/diariodepe.com.br\/cri\/wp-content\/uploads\/sites\/2\/2024\/08\/2024072017213777022.jpg","width":1000,"height":667},{"@type":"BreadcrumbList","@id":"https:\/\/diariodepe.com.br\/cri\/2024\/08\/20\/poetas-de-paises-do-brics-se-reunem-na-china-2\/#breadcrumb","itemListElement":[{"@type":"ListItem","position":1,"name":"In\u00edcio","item":"https:\/\/diariodepe.com.br\/cri\/"},{"@type":"ListItem","position":2,"name":"Poetas de pa\u00edses do BRICS se re\u00fanem na China"}]},{"@type":"WebSite","@id":"https:\/\/diariodepe.com.br\/cri\/#website","url":"https:\/\/diariodepe.com.br\/cri\/","name":"CRI e Diario de Pernambuco","description":"R\u00e1dio Internacional da China","publisher":{"@id":"https:\/\/diariodepe.com.br\/cri\/#organization"},"potentialAction":[{"@type":"SearchAction","target":{"@type":"EntryPoint","urlTemplate":"https:\/\/diariodepe.com.br\/cri\/?s={search_term_string}"},"query-input":{"@type":"PropertyValueSpecification","valueRequired":true,"valueName":"search_term_string"}}],"inLanguage":"pt-BR"},{"@type":"Organization","@id":"https:\/\/diariodepe.com.br\/cri\/#organization","name":"CRI e Diario de Pernambuco","url":"https:\/\/diariodepe.com.br\/cri\/","logo":{"@type":"ImageObject","inLanguage":"pt-BR","@id":"https:\/\/diariodepe.com.br\/cri\/#\/schema\/logo\/image\/","url":"https:\/\/diariodepe.com.br\/cri\/wp-content\/uploads\/sites\/2\/2022\/12\/cropped-Logo.jpg","contentUrl":"https:\/\/diariodepe.com.br\/cri\/wp-content\/uploads\/sites\/2\/2022\/12\/cropped-Logo.jpg","width":700,"height":59,"caption":"CRI e Diario de Pernambuco"},"image":{"@id":"https:\/\/diariodepe.com.br\/cri\/#\/schema\/logo\/image\/"}},{"@type":"Person","@id":"https:\/\/diariodepe.com.br\/cri\/#\/schema\/person\/121bb28d84f1a5b1205ef4ce9c2e0c6b","name":"Ismael Lucas S. Pereira","image":{"@type":"ImageObject","inLanguage":"pt-BR","@id":"https:\/\/secure.gravatar.com\/avatar\/887a0f3b5a7ceea963a48499fb883ffce6b5037362def025c52c2505b15d63e4?s=96&d=mm&r=g","url":"https:\/\/secure.gravatar.com\/avatar\/887a0f3b5a7ceea963a48499fb883ffce6b5037362def025c52c2505b15d63e4?s=96&d=mm&r=g","contentUrl":"https:\/\/secure.gravatar.com\/avatar\/887a0f3b5a7ceea963a48499fb883ffce6b5037362def025c52c2505b15d63e4?s=96&d=mm&r=g","caption":"Ismael Lucas S. Pereira"},"url":"https:\/\/diariodepe.com.br\/cri\/author\/ismael-lucas\/"}]}},"cc_featured_image_caption":{"caption_text":false,"source_text":false,"source_url":false},"amp_enabled":true,"_links":{"self":[{"href":"https:\/\/diariodepe.com.br\/cri\/wp-json\/wp\/v2\/posts\/5914","targetHints":{"allow":["GET"]}}],"collection":[{"href":"https:\/\/diariodepe.com.br\/cri\/wp-json\/wp\/v2\/posts"}],"about":[{"href":"https:\/\/diariodepe.com.br\/cri\/wp-json\/wp\/v2\/types\/post"}],"author":[{"embeddable":true,"href":"https:\/\/diariodepe.com.br\/cri\/wp-json\/wp\/v2\/users\/2"}],"replies":[{"embeddable":true,"href":"https:\/\/diariodepe.com.br\/cri\/wp-json\/wp\/v2\/comments?post=5914"}],"version-history":[{"count":1,"href":"https:\/\/diariodepe.com.br\/cri\/wp-json\/wp\/v2\/posts\/5914\/revisions"}],"predecessor-version":[{"id":5916,"href":"https:\/\/diariodepe.com.br\/cri\/wp-json\/wp\/v2\/posts\/5914\/revisions\/5916"}],"wp:featuredmedia":[{"embeddable":true,"href":"https:\/\/diariodepe.com.br\/cri\/wp-json\/wp\/v2\/media\/5915"}],"wp:attachment":[{"href":"https:\/\/diariodepe.com.br\/cri\/wp-json\/wp\/v2\/media?parent=5914"}],"wp:term":[{"taxonomy":"category","embeddable":true,"href":"https:\/\/diariodepe.com.br\/cri\/wp-json\/wp\/v2\/categories?post=5914"},{"taxonomy":"post_tag","embeddable":true,"href":"https:\/\/diariodepe.com.br\/cri\/wp-json\/wp\/v2\/tags?post=5914"}],"curies":[{"name":"wp","href":"https:\/\/api.w.org\/{rel}","templated":true}]}}