{"id":5880,"date":"2024-08-09T06:50:34","date_gmt":"2024-08-09T09:50:34","guid":{"rendered":"https:\/\/diariodepe.com.br\/cri\/?p=5880"},"modified":"2024-08-09T06:50:34","modified_gmt":"2024-08-09T09:50:34","slug":"deputado-brasileiro-e-possivel-o-brasil-ser-uma-china-da-america-latina","status":"publish","type":"post","link":"https:\/\/diariodepe.com.br\/cri\/2024\/08\/09\/deputado-brasileiro-e-possivel-o-brasil-ser-uma-china-da-america-latina\/","title":{"rendered":"Deputado brasileiro: &#8220;\u00c9 poss\u00edvel o Brasil ser uma China da Am\u00e9rica Latina&#8221;"},"content":{"rendered":"<p>Em seu gabinete em Bras\u00edlia, o deputado federal Fausto Pinato concedeu uma entrevista exclusiva ao Grupo de M\u00eddia da China (CMG), como parte das comemora\u00e7\u00f5es dos 50 anos do estabelecimento das rela\u00e7\u00f5es diplom\u00e1ticas entre os dois pa\u00edses. Pinato, que tamb\u00e9m \u00e9 presidente da Frente Parlamentar Brasil-China e da Frente Parlamentar dos Brics no Congresso Nacional, disse que v\u00ea o pa\u00eds asi\u00e1tico como um bom exemplo de desenvolvimento, e deseja que o Brasil seja uma China da Am\u00e9rica Latina.<\/p>\n<p><iframe title=\"Deputado brasileiro: &quot;\u00c9 poss\u00edvel o Brasil ser uma China da Am\u00e9rica Latina&quot;\" width=\"640\" height=\"360\" src=\"https:\/\/www.youtube.com\/embed\/FmZHK6LH60Y?feature=oembed\" frameborder=\"0\" allow=\"accelerometer; autoplay; clipboard-write; encrypted-media; gyroscope; picture-in-picture; web-share\" referrerpolicy=\"strict-origin-when-cross-origin\" allowfullscreen><\/iframe><\/p>\n","protected":false},"excerpt":{"rendered":"<p>Em seu gabinete em Bras\u00edlia, o deputado federal Fausto Pinato concedeu uma entrevista exclusiva ao Grupo de M\u00eddia da China (CMG), como parte das comemora\u00e7\u00f5es dos 50 anos do estabelecimento das rela\u00e7\u00f5es diplom\u00e1ticas entre os dois pa\u00edses. Pinato, que tamb\u00e9m&#8230;<\/p>\n","protected":false},"author":2,"featured_media":0,"comment_status":"open","ping_status":"open","sticky":false,"template":"","format":"standard","meta":{"footnotes":""},"categories":[9],"tags":[],"class_list":["post-5880","post","type-post","status-publish","format-standard","hentry","category-dptv-e-cri"],"yoast_head":"<!-- This site is optimized with the Yoast SEO plugin v27.4 - https:\/\/yoast.com\/product\/yoast-seo-wordpress\/ -->\n<title>Deputado brasileiro: &quot;\u00c9 poss\u00edvel o Brasil ser uma China da Am\u00e9rica Latina&quot; - CRI e Diario de Pernambuco<\/title>\n<meta name=\"robots\" content=\"index, follow, max-snippet:-1, max-image-preview:large, max-video-preview:-1\" \/>\n<link rel=\"canonical\" href=\"https:\/\/diariodepe.com.br\/cri\/2024\/08\/09\/deputado-brasileiro-e-possivel-o-brasil-ser-uma-china-da-america-latina\/\" \/>\n<meta property=\"og:locale\" content=\"pt_BR\" \/>\n<meta property=\"og:type\" content=\"article\" \/>\n<meta property=\"og:title\" content=\"Deputado brasileiro: &quot;\u00c9 poss\u00edvel o Brasil ser uma China da Am\u00e9rica Latina&quot; - CRI e Diario de Pernambuco\" \/>\n<meta property=\"og:description\" content=\"Em seu gabinete em Bras\u00edlia, o deputado federal Fausto Pinato concedeu uma entrevista exclusiva ao Grupo de M\u00eddia da China (CMG), como parte das comemora\u00e7\u00f5es dos 50 anos do estabelecimento das rela\u00e7\u00f5es diplom\u00e1ticas entre os dois pa\u00edses. Pinato, que tamb\u00e9m...\" \/>\n<meta property=\"og:url\" content=\"https:\/\/diariodepe.com.br\/cri\/2024\/08\/09\/deputado-brasileiro-e-possivel-o-brasil-ser-uma-china-da-america-latina\/\" \/>\n<meta property=\"og:site_name\" content=\"CRI e Diario de Pernambuco\" \/>\n<meta property=\"article:published_time\" content=\"2024-08-09T09:50:34+00:00\" \/>\n<meta name=\"author\" content=\"Ismael Lucas S. Pereira\" \/>\n<meta name=\"twitter:card\" content=\"summary_large_image\" \/>\n<meta name=\"twitter:label1\" content=\"Escrito por\" \/>\n\t<meta name=\"twitter:data1\" content=\"Ismael Lucas S. Pereira\" \/>\n\t<meta name=\"twitter:label2\" content=\"Est. tempo de leitura\" \/>\n\t<meta name=\"twitter:data2\" content=\"1 minuto\" \/>\n<script type=\"application\/ld+json\" class=\"yoast-schema-graph\">{\"@context\":\"https:\\\/\\\/schema.org\",\"@graph\":[{\"@type\":\"Article\",\"@id\":\"https:\\\/\\\/diariodepe.com.br\\\/cri\\\/2024\\\/08\\\/09\\\/deputado-brasileiro-e-possivel-o-brasil-ser-uma-china-da-america-latina\\\/#article\",\"isPartOf\":{\"@id\":\"https:\\\/\\\/diariodepe.com.br\\\/cri\\\/2024\\\/08\\\/09\\\/deputado-brasileiro-e-possivel-o-brasil-ser-uma-china-da-america-latina\\\/\"},\"author\":{\"name\":\"Ismael Lucas S. Pereira\",\"@id\":\"https:\\\/\\\/diariodepe.com.br\\\/cri\\\/#\\\/schema\\\/person\\\/121bb28d84f1a5b1205ef4ce9c2e0c6b\"},\"headline\":\"Deputado brasileiro: &#8220;\u00c9 poss\u00edvel o Brasil ser uma China da Am\u00e9rica Latina&#8221;\",\"datePublished\":\"2024-08-09T09:50:34+00:00\",\"mainEntityOfPage\":{\"@id\":\"https:\\\/\\\/diariodepe.com.br\\\/cri\\\/2024\\\/08\\\/09\\\/deputado-brasileiro-e-possivel-o-brasil-ser-uma-china-da-america-latina\\\/\"},\"wordCount\":110,\"commentCount\":0,\"publisher\":{\"@id\":\"https:\\\/\\\/diariodepe.com.br\\\/cri\\\/#organization\"},\"articleSection\":[\"DPTV e CRI\"],\"inLanguage\":\"pt-BR\",\"potentialAction\":[{\"@type\":\"CommentAction\",\"name\":\"Comment\",\"target\":[\"https:\\\/\\\/diariodepe.com.br\\\/cri\\\/2024\\\/08\\\/09\\\/deputado-brasileiro-e-possivel-o-brasil-ser-uma-china-da-america-latina\\\/#respond\"]}]},{\"@type\":\"WebPage\",\"@id\":\"https:\\\/\\\/diariodepe.com.br\\\/cri\\\/2024\\\/08\\\/09\\\/deputado-brasileiro-e-possivel-o-brasil-ser-uma-china-da-america-latina\\\/\",\"url\":\"https:\\\/\\\/diariodepe.com.br\\\/cri\\\/2024\\\/08\\\/09\\\/deputado-brasileiro-e-possivel-o-brasil-ser-uma-china-da-america-latina\\\/\",\"name\":\"Deputado brasileiro: \\\"\u00c9 poss\u00edvel o Brasil ser uma China da Am\u00e9rica Latina\\\" - CRI e Diario de Pernambuco\",\"isPartOf\":{\"@id\":\"https:\\\/\\\/diariodepe.com.br\\\/cri\\\/#website\"},\"datePublished\":\"2024-08-09T09:50:34+00:00\",\"breadcrumb\":{\"@id\":\"https:\\\/\\\/diariodepe.com.br\\\/cri\\\/2024\\\/08\\\/09\\\/deputado-brasileiro-e-possivel-o-brasil-ser-uma-china-da-america-latina\\\/#breadcrumb\"},\"inLanguage\":\"pt-BR\",\"potentialAction\":[{\"@type\":\"ReadAction\",\"target\":[\"https:\\\/\\\/diariodepe.com.br\\\/cri\\\/2024\\\/08\\\/09\\\/deputado-brasileiro-e-possivel-o-brasil-ser-uma-china-da-america-latina\\\/\"]}]},{\"@type\":\"BreadcrumbList\",\"@id\":\"https:\\\/\\\/diariodepe.com.br\\\/cri\\\/2024\\\/08\\\/09\\\/deputado-brasileiro-e-possivel-o-brasil-ser-uma-china-da-america-latina\\\/#breadcrumb\",\"itemListElement\":[{\"@type\":\"ListItem\",\"position\":1,\"name\":\"In\u00edcio\",\"item\":\"https:\\\/\\\/diariodepe.com.br\\\/cri\\\/\"},{\"@type\":\"ListItem\",\"position\":2,\"name\":\"Deputado brasileiro: &#8220;\u00c9 poss\u00edvel o Brasil ser uma China da Am\u00e9rica Latina&#8221;\"}]},{\"@type\":\"WebSite\",\"@id\":\"https:\\\/\\\/diariodepe.com.br\\\/cri\\\/#website\",\"url\":\"https:\\\/\\\/diariodepe.com.br\\\/cri\\\/\",\"name\":\"CRI e Diario de Pernambuco\",\"description\":\"R\u00e1dio Internacional da China\",\"publisher\":{\"@id\":\"https:\\\/\\\/diariodepe.com.br\\\/cri\\\/#organization\"},\"potentialAction\":[{\"@type\":\"SearchAction\",\"target\":{\"@type\":\"EntryPoint\",\"urlTemplate\":\"https:\\\/\\\/diariodepe.com.br\\\/cri\\\/?s={search_term_string}\"},\"query-input\":{\"@type\":\"PropertyValueSpecification\",\"valueRequired\":true,\"valueName\":\"search_term_string\"}}],\"inLanguage\":\"pt-BR\"},{\"@type\":\"Organization\",\"@id\":\"https:\\\/\\\/diariodepe.com.br\\\/cri\\\/#organization\",\"name\":\"CRI e Diario de Pernambuco\",\"url\":\"https:\\\/\\\/diariodepe.com.br\\\/cri\\\/\",\"logo\":{\"@type\":\"ImageObject\",\"inLanguage\":\"pt-BR\",\"@id\":\"https:\\\/\\\/diariodepe.com.br\\\/cri\\\/#\\\/schema\\\/logo\\\/image\\\/\",\"url\":\"https:\\\/\\\/diariodepe.com.br\\\/cri\\\/wp-content\\\/uploads\\\/sites\\\/2\\\/2022\\\/12\\\/cropped-Logo.jpg\",\"contentUrl\":\"https:\\\/\\\/diariodepe.com.br\\\/cri\\\/wp-content\\\/uploads\\\/sites\\\/2\\\/2022\\\/12\\\/cropped-Logo.jpg\",\"width\":700,\"height\":59,\"caption\":\"CRI e Diario de Pernambuco\"},\"image\":{\"@id\":\"https:\\\/\\\/diariodepe.com.br\\\/cri\\\/#\\\/schema\\\/logo\\\/image\\\/\"}},{\"@type\":\"Person\",\"@id\":\"https:\\\/\\\/diariodepe.com.br\\\/cri\\\/#\\\/schema\\\/person\\\/121bb28d84f1a5b1205ef4ce9c2e0c6b\",\"name\":\"Ismael Lucas S. Pereira\",\"image\":{\"@type\":\"ImageObject\",\"inLanguage\":\"pt-BR\",\"@id\":\"https:\\\/\\\/secure.gravatar.com\\\/avatar\\\/887a0f3b5a7ceea963a48499fb883ffce6b5037362def025c52c2505b15d63e4?s=96&d=mm&r=g\",\"url\":\"https:\\\/\\\/secure.gravatar.com\\\/avatar\\\/887a0f3b5a7ceea963a48499fb883ffce6b5037362def025c52c2505b15d63e4?s=96&d=mm&r=g\",\"contentUrl\":\"https:\\\/\\\/secure.gravatar.com\\\/avatar\\\/887a0f3b5a7ceea963a48499fb883ffce6b5037362def025c52c2505b15d63e4?s=96&d=mm&r=g\",\"caption\":\"Ismael Lucas S. Pereira\"},\"url\":\"https:\\\/\\\/diariodepe.com.br\\\/cri\\\/author\\\/ismael-lucas\\\/\"}]}<\/script>\n<!-- \/ Yoast SEO plugin. -->","yoast_head_json":{"title":"Deputado brasileiro: \"\u00c9 poss\u00edvel o Brasil ser uma China da Am\u00e9rica Latina\" - CRI e Diario de Pernambuco","robots":{"index":"index","follow":"follow","max-snippet":"max-snippet:-1","max-image-preview":"max-image-preview:large","max-video-preview":"max-video-preview:-1"},"canonical":"https:\/\/diariodepe.com.br\/cri\/2024\/08\/09\/deputado-brasileiro-e-possivel-o-brasil-ser-uma-china-da-america-latina\/","og_locale":"pt_BR","og_type":"article","og_title":"Deputado brasileiro: \"\u00c9 poss\u00edvel o Brasil ser uma China da Am\u00e9rica Latina\" - CRI e Diario de Pernambuco","og_description":"Em seu gabinete em Bras\u00edlia, o deputado federal Fausto Pinato concedeu uma entrevista exclusiva ao Grupo de M\u00eddia da China (CMG), como parte das comemora\u00e7\u00f5es dos 50 anos do estabelecimento das rela\u00e7\u00f5es diplom\u00e1ticas entre os dois pa\u00edses. Pinato, que tamb\u00e9m...","og_url":"https:\/\/diariodepe.com.br\/cri\/2024\/08\/09\/deputado-brasileiro-e-possivel-o-brasil-ser-uma-china-da-america-latina\/","og_site_name":"CRI e Diario de Pernambuco","article_published_time":"2024-08-09T09:50:34+00:00","author":"Ismael Lucas S. Pereira","twitter_card":"summary_large_image","twitter_misc":{"Escrito por":"Ismael Lucas S. Pereira","Est. tempo de leitura":"1 minuto"},"schema":{"@context":"https:\/\/schema.org","@graph":[{"@type":"Article","@id":"https:\/\/diariodepe.com.br\/cri\/2024\/08\/09\/deputado-brasileiro-e-possivel-o-brasil-ser-uma-china-da-america-latina\/#article","isPartOf":{"@id":"https:\/\/diariodepe.com.br\/cri\/2024\/08\/09\/deputado-brasileiro-e-possivel-o-brasil-ser-uma-china-da-america-latina\/"},"author":{"name":"Ismael Lucas S. Pereira","@id":"https:\/\/diariodepe.com.br\/cri\/#\/schema\/person\/121bb28d84f1a5b1205ef4ce9c2e0c6b"},"headline":"Deputado brasileiro: &#8220;\u00c9 poss\u00edvel o Brasil ser uma China da Am\u00e9rica Latina&#8221;","datePublished":"2024-08-09T09:50:34+00:00","mainEntityOfPage":{"@id":"https:\/\/diariodepe.com.br\/cri\/2024\/08\/09\/deputado-brasileiro-e-possivel-o-brasil-ser-uma-china-da-america-latina\/"},"wordCount":110,"commentCount":0,"publisher":{"@id":"https:\/\/diariodepe.com.br\/cri\/#organization"},"articleSection":["DPTV e CRI"],"inLanguage":"pt-BR","potentialAction":[{"@type":"CommentAction","name":"Comment","target":["https:\/\/diariodepe.com.br\/cri\/2024\/08\/09\/deputado-brasileiro-e-possivel-o-brasil-ser-uma-china-da-america-latina\/#respond"]}]},{"@type":"WebPage","@id":"https:\/\/diariodepe.com.br\/cri\/2024\/08\/09\/deputado-brasileiro-e-possivel-o-brasil-ser-uma-china-da-america-latina\/","url":"https:\/\/diariodepe.com.br\/cri\/2024\/08\/09\/deputado-brasileiro-e-possivel-o-brasil-ser-uma-china-da-america-latina\/","name":"Deputado brasileiro: \"\u00c9 poss\u00edvel o Brasil ser uma China da Am\u00e9rica Latina\" - CRI e Diario de Pernambuco","isPartOf":{"@id":"https:\/\/diariodepe.com.br\/cri\/#website"},"datePublished":"2024-08-09T09:50:34+00:00","breadcrumb":{"@id":"https:\/\/diariodepe.com.br\/cri\/2024\/08\/09\/deputado-brasileiro-e-possivel-o-brasil-ser-uma-china-da-america-latina\/#breadcrumb"},"inLanguage":"pt-BR","potentialAction":[{"@type":"ReadAction","target":["https:\/\/diariodepe.com.br\/cri\/2024\/08\/09\/deputado-brasileiro-e-possivel-o-brasil-ser-uma-china-da-america-latina\/"]}]},{"@type":"BreadcrumbList","@id":"https:\/\/diariodepe.com.br\/cri\/2024\/08\/09\/deputado-brasileiro-e-possivel-o-brasil-ser-uma-china-da-america-latina\/#breadcrumb","itemListElement":[{"@type":"ListItem","position":1,"name":"In\u00edcio","item":"https:\/\/diariodepe.com.br\/cri\/"},{"@type":"ListItem","position":2,"name":"Deputado brasileiro: &#8220;\u00c9 poss\u00edvel o Brasil ser uma China da Am\u00e9rica Latina&#8221;"}]},{"@type":"WebSite","@id":"https:\/\/diariodepe.com.br\/cri\/#website","url":"https:\/\/diariodepe.com.br\/cri\/","name":"CRI e Diario de Pernambuco","description":"R\u00e1dio Internacional da China","publisher":{"@id":"https:\/\/diariodepe.com.br\/cri\/#organization"},"potentialAction":[{"@type":"SearchAction","target":{"@type":"EntryPoint","urlTemplate":"https:\/\/diariodepe.com.br\/cri\/?s={search_term_string}"},"query-input":{"@type":"PropertyValueSpecification","valueRequired":true,"valueName":"search_term_string"}}],"inLanguage":"pt-BR"},{"@type":"Organization","@id":"https:\/\/diariodepe.com.br\/cri\/#organization","name":"CRI e Diario de Pernambuco","url":"https:\/\/diariodepe.com.br\/cri\/","logo":{"@type":"ImageObject","inLanguage":"pt-BR","@id":"https:\/\/diariodepe.com.br\/cri\/#\/schema\/logo\/image\/","url":"https:\/\/diariodepe.com.br\/cri\/wp-content\/uploads\/sites\/2\/2022\/12\/cropped-Logo.jpg","contentUrl":"https:\/\/diariodepe.com.br\/cri\/wp-content\/uploads\/sites\/2\/2022\/12\/cropped-Logo.jpg","width":700,"height":59,"caption":"CRI e Diario de Pernambuco"},"image":{"@id":"https:\/\/diariodepe.com.br\/cri\/#\/schema\/logo\/image\/"}},{"@type":"Person","@id":"https:\/\/diariodepe.com.br\/cri\/#\/schema\/person\/121bb28d84f1a5b1205ef4ce9c2e0c6b","name":"Ismael Lucas S. Pereira","image":{"@type":"ImageObject","inLanguage":"pt-BR","@id":"https:\/\/secure.gravatar.com\/avatar\/887a0f3b5a7ceea963a48499fb883ffce6b5037362def025c52c2505b15d63e4?s=96&d=mm&r=g","url":"https:\/\/secure.gravatar.com\/avatar\/887a0f3b5a7ceea963a48499fb883ffce6b5037362def025c52c2505b15d63e4?s=96&d=mm&r=g","contentUrl":"https:\/\/secure.gravatar.com\/avatar\/887a0f3b5a7ceea963a48499fb883ffce6b5037362def025c52c2505b15d63e4?s=96&d=mm&r=g","caption":"Ismael Lucas S. Pereira"},"url":"https:\/\/diariodepe.com.br\/cri\/author\/ismael-lucas\/"}]}},"cc_featured_image_caption":{"caption_text":false,"source_text":false,"source_url":false},"amp_enabled":true,"_links":{"self":[{"href":"https:\/\/diariodepe.com.br\/cri\/wp-json\/wp\/v2\/posts\/5880","targetHints":{"allow":["GET"]}}],"collection":[{"href":"https:\/\/diariodepe.com.br\/cri\/wp-json\/wp\/v2\/posts"}],"about":[{"href":"https:\/\/diariodepe.com.br\/cri\/wp-json\/wp\/v2\/types\/post"}],"author":[{"embeddable":true,"href":"https:\/\/diariodepe.com.br\/cri\/wp-json\/wp\/v2\/users\/2"}],"replies":[{"embeddable":true,"href":"https:\/\/diariodepe.com.br\/cri\/wp-json\/wp\/v2\/comments?post=5880"}],"version-history":[{"count":1,"href":"https:\/\/diariodepe.com.br\/cri\/wp-json\/wp\/v2\/posts\/5880\/revisions"}],"predecessor-version":[{"id":5881,"href":"https:\/\/diariodepe.com.br\/cri\/wp-json\/wp\/v2\/posts\/5880\/revisions\/5881"}],"wp:attachment":[{"href":"https:\/\/diariodepe.com.br\/cri\/wp-json\/wp\/v2\/media?parent=5880"}],"wp:term":[{"taxonomy":"category","embeddable":true,"href":"https:\/\/diariodepe.com.br\/cri\/wp-json\/wp\/v2\/categories?post=5880"},{"taxonomy":"post_tag","embeddable":true,"href":"https:\/\/diariodepe.com.br\/cri\/wp-json\/wp\/v2\/tags?post=5880"}],"curies":[{"name":"wp","href":"https:\/\/api.w.org\/{rel}","templated":true}]}}